{"id":21935,"date":"2022-11-24T18:00:00","date_gmt":"2022-11-25T00:00:00","guid":{"rendered":"https:\/\/cuernavaca.gob.mx\/?p=21935"},"modified":"2025-05-06T12:23:20","modified_gmt":"2025-05-06T18:23:20","slug":"b394-24-11-22-interviene-la-secretaria-de-obras-publicas-de-cuernavaca-con-pavimento-hidraulico-la-privada-meneses-en-la-colonia-de-lazaro-cardenas-del-rio","status":"publish","type":"post","link":"https:\/\/cuernavaca.gob.mx\/?p=21935","title":{"rendered":"B533 24\/11\/22 OTRA OBRA CONCLUIDA ENTREGA EL AYUNTAMIENTO DE CUERNAVACA, AHORA EN BENEFICIO DE VECINOS DE LA PRIVADA MENESES EN LA DELEGACI\u00d3N L\u00c1ZARO C\u00c1RDENAS DEL RIO"},"content":{"rendered":"\n<p><strong>\u2022 Esta vialidad se hizo en tiempo record de mes y medio y beneficia a 150 habitantes directos y 300 indirectos<\/strong><\/p>\n\n\n\n<p><strong>\u2022 Convoca el alcalde Jos\u00e9 Luis Uri\u00f3stegui a los vecinos a ser los vigilantes de que los dineros p\u00fablicos se apliquen de manera correcta y no se desv\u00eden para otros fines<\/strong><\/p>\n\n\n\n<p><br>Los vecinos beneficiados de las colonias donde se han comenzado a entregar obras realizadas por el Ayuntamiento de Cuernavaca, son los primeros vigilantes de que los dineros p\u00fablicos que se anuncian para estos trabajos sean ejercidos de manera transparente y sin ninguna sospecha de que se desv\u00edan para otros fines, se\u00f1al\u00f3 el presidente municipal, Jos\u00e9 Luis Uri\u00f3stegui Salgado, en encabezar la inauguraci\u00f3n de la Privada Meneses en la Colonia L\u00e1zaro C\u00e1rdenas, que en tiempo record de mes y medio concluy\u00f3.<\/p>\n\n\n\n<p>La ma\u00f1ana de este jueves ante los residentes de esta colonia, Jos\u00e9 Luis Uri\u00f3stegui sostuvo que la caracter\u00edstica de esta administraci\u00f3n es la de rendir cuentas de los recursos que son autorizados por el Cabildo, y que las obras que se lleven a cabo sean de calidad y durables, de no ser as\u00ed, las empresas que se contratan deben responder con las garant\u00edas correspondientes.<\/p>\n\n\n\n<p>La obra en la Privada Meneses se realiz\u00f3 con recursos del Fondo de Aportaciones para la Infraestructura Social Municipal y de las Demarcaciones (FAIS) por 2 millones 189 mil 399. 74 pesos, explic\u00f3 Alejandro Rosas L\u00f3pez, secretario de Desarrollo Urbano y Obras P\u00fablicas del Ayuntamiento de Cuernavaca, y consisti\u00f3 en la construcci\u00f3n de la vialidad con pavimento hidr\u00e1ulico; renivelaci\u00f3n de Pozos de Visita y Registros de agua potable; banquetas, guarniciones y la aplicaci\u00f3n de pintura para tr\u00e1fico.<\/p>\n\n\n\n<p>Esto trabajos son en beneficio de 150 habitantes directos y 300 indirectos, quienes, en voz de Juan Jos\u00e9 Meneses, vecino de la privada, reconoci\u00f3 el trabajo profesional que se implement\u00f3 para esta vialidad que por 20 a\u00f1os represent\u00f3 un riesgo a los vecinos para transitarla, particularmente en tiempo de lluvias, lo que ya no ocurrir\u00e1 dada la obra que este d\u00eda se entrega.<\/p>\n\n\n\n<p>En presencia del titular de la Delegaci\u00f3n L\u00e1zaro C\u00e1rdenas del Rio, Mario Meneses Pozos y del director del Instituto Municipal de Planeaci\u00f3n (IMPLAN) Carlos Hern\u00e1ndez Ad\u00e1n, las regidoras Wendi Salinas Ru\u00edz y Mirna Mireya Delgado Romero, a nombre del Cabildo resaltaron la importancia de que durante esta administraci\u00f3n 2022-2024 se generen pol\u00edticas p\u00fablicas que se ven reflejadas en la autorizaci\u00f3n de obras p\u00fablicas que en diferentes regiones del municipio y desde hace muchos a\u00f1os ha solicitado la poblaci\u00f3n.<\/p>\n\n\n\n<figure class=\"wp-container-2 wp-block-gallery-1 wp-block-gallery has-nested-images columns-default is-cropped\">\n<figure class=\"wp-block-image size-large\"><img loading=\"lazy\" width=\"1024\" height=\"682\" data-id=\"21936\"  src=\"https:\/\/cuernavaca.gob.mx\/wp-content\/uploads\/2022\/11\/obras-cuernavaca-1-1024x682.jpeg\" alt=\"\" class=\"wp-image-21936\" srcset=\"https:\/\/cuernavaca.gob.mx\/wp-content\/uploads\/2022\/11\/obras-cuernavaca-1-1024x682.jpeg 1024w, https:\/\/cuernavaca.gob.mx\/wp-content\/uploads\/2022\/11\/obras-cuernavaca-1-300x200.jpeg 300w, https:\/\/cuernavaca.gob.mx\/wp-content\/uploads\/2022\/11\/obras-cuernavaca-1-768x512.jpeg 768w, https:\/\/cuernavaca.gob.mx\/wp-content\/uploads\/2022\/11\/obras-cuernavaca-1-600x400.jpeg 600w, https:\/\/cuernavaca.gob.mx\/wp-content\/uploads\/2022\/11\/obras-cuernavaca-1-560x373.jpeg 560w, https:\/\/cuernavaca.gob.mx\/wp-content\/uploads\/2022\/11\/obras-cuernavaca-1.jpeg 1280w\" sizes=\"(max-width: 1024px) 100vw, 1024px\" \/><\/figure>\n\n\n\n<figure class=\"wp-block-image size-large\"><img loading=\"lazy\" width=\"1024\" height=\"682\" data-id=\"21938\"  src=\"https:\/\/cuernavaca.gob.mx\/wp-content\/uploads\/2022\/11\/obras-cuernavaca-2-1024x682.jpeg\" alt=\"\" class=\"wp-image-21938\" srcset=\"https:\/\/cuernavaca.gob.mx\/wp-content\/uploads\/2022\/11\/obras-cuernavaca-2-1024x682.jpeg 1024w, https:\/\/cuernavaca.gob.mx\/wp-content\/uploads\/2022\/11\/obras-cuernavaca-2-300x200.jpeg 300w, https:\/\/cuernavaca.gob.mx\/wp-content\/uploads\/2022\/11\/obras-cuernavaca-2-768x512.jpeg 768w, https:\/\/cuernavaca.gob.mx\/wp-content\/uploads\/2022\/11\/obras-cuernavaca-2-600x400.jpeg 600w, https:\/\/cuernavaca.gob.mx\/wp-content\/uploads\/2022\/11\/obras-cuernavaca-2-560x373.jpeg 560w, https:\/\/cuernavaca.gob.mx\/wp-content\/uploads\/2022\/11\/obras-cuernavaca-2.jpeg 1280w\" sizes=\"(max-width: 1024px) 100vw, 1024px\" \/><\/figure>\n\n\n\n<figure class=\"wp-block-image size-large\"><img loading=\"lazy\" width=\"1024\" height=\"682\" data-id=\"21937\"  src=\"https:\/\/cuernavaca.gob.mx\/wp-content\/uploads\/2022\/11\/obras-cuernavaca-3-1024x682.jpeg\" alt=\"\" class=\"wp-image-21937\" srcset=\"https:\/\/cuernavaca.gob.mx\/wp-content\/uploads\/2022\/11\/obras-cuernavaca-3-1024x682.jpeg 1024w, https:\/\/cuernavaca.gob.mx\/wp-content\/uploads\/2022\/11\/obras-cuernavaca-3-300x200.jpeg 300w, https:\/\/cuernavaca.gob.mx\/wp-content\/uploads\/2022\/11\/obras-cuernavaca-3-768x512.jpeg 768w, https:\/\/cuernavaca.gob.mx\/wp-content\/uploads\/2022\/11\/obras-cuernavaca-3-600x400.jpeg 600w, https:\/\/cuernavaca.gob.mx\/wp-content\/uploads\/2022\/11\/obras-cuernavaca-3-560x373.jpeg 560w, https:\/\/cuernavaca.gob.mx\/wp-content\/uploads\/2022\/11\/obras-cuernavaca-3.jpeg 1280w\" sizes=\"(max-width: 1024px) 100vw, 1024px\" \/><\/figure>\n\n\n\n<figure class=\"wp-block-image size-large\"><img loading=\"lazy\" width=\"1024\" height=\"682\" data-id=\"21945\"  src=\"https:\/\/cuernavaca.gob.mx\/wp-content\/uploads\/2022\/11\/obras-cuernavaca-4-1024x682.jpeg\" alt=\"\" class=\"wp-image-21945\" srcset=\"https:\/\/cuernavaca.gob.mx\/wp-content\/uploads\/2022\/11\/obras-cuernavaca-4-1024x682.jpeg 1024w, https:\/\/cuernavaca.gob.mx\/wp-content\/uploads\/2022\/11\/obras-cuernavaca-4-300x200.jpeg 300w, https:\/\/cuernavaca.gob.mx\/wp-content\/uploads\/2022\/11\/obras-cuernavaca-4-768x512.jpeg 768w, https:\/\/cuernavaca.gob.mx\/wp-content\/uploads\/2022\/11\/obras-cuernavaca-4-600x400.jpeg 600w, https:\/\/cuernavaca.gob.mx\/wp-content\/uploads\/2022\/11\/obras-cuernavaca-4-560x373.jpeg 560w, https:\/\/cuernavaca.gob.mx\/wp-content\/uploads\/2022\/11\/obras-cuernavaca-4.jpeg 1280w\" sizes=\"(max-width: 1024px) 100vw, 1024px\" \/><\/figure>\n\n\n\n<figure class=\"wp-block-image size-large\"><img loading=\"lazy\" width=\"1024\" height=\"682\" data-id=\"21946\"  src=\"https:\/\/cuernavaca.gob.mx\/wp-content\/uploads\/2022\/11\/obras-cuernavaca-5-1024x682.jpeg\" alt=\"\" class=\"wp-image-21946\" srcset=\"https:\/\/cuernavaca.gob.mx\/wp-content\/uploads\/2022\/11\/obras-cuernavaca-5-1024x682.jpeg 1024w, https:\/\/cuernavaca.gob.mx\/wp-content\/uploads\/2022\/11\/obras-cuernavaca-5-300x200.jpeg 300w, https:\/\/cuernavaca.gob.mx\/wp-content\/uploads\/2022\/11\/obras-cuernavaca-5-768x512.jpeg 768w, https:\/\/cuernavaca.gob.mx\/wp-content\/uploads\/2022\/11\/obras-cuernavaca-5-600x400.jpeg 600w, https:\/\/cuernavaca.gob.mx\/wp-content\/uploads\/2022\/11\/obras-cuernavaca-5-560x373.jpeg 560w, https:\/\/cuernavaca.gob.mx\/wp-content\/uploads\/2022\/11\/obras-cuernavaca-5.jpeg 1280w\" sizes=\"(max-width: 1024px) 100vw, 1024px\" \/><\/figure>\n\n\n\n<figure class=\"wp-block-image size-large\"><img loading=\"lazy\" width=\"1024\" height=\"682\" data-id=\"21942\"  src=\"https:\/\/cuernavaca.gob.mx\/wp-content\/uploads\/2022\/11\/obras-cuernavaca-6-1024x682.jpeg\" alt=\"\" class=\"wp-image-21942\" srcset=\"https:\/\/cuernavaca.gob.mx\/wp-content\/uploads\/2022\/11\/obras-cuernavaca-6-1024x682.jpeg 1024w, https:\/\/cuernavaca.gob.mx\/wp-content\/uploads\/2022\/11\/obras-cuernavaca-6-300x200.jpeg 300w, https:\/\/cuernavaca.gob.mx\/wp-content\/uploads\/2022\/11\/obras-cuernavaca-6-768x512.jpeg 768w, https:\/\/cuernavaca.gob.mx\/wp-content\/uploads\/2022\/11\/obras-cuernavaca-6-600x400.jpeg 600w, https:\/\/cuernavaca.gob.mx\/wp-content\/uploads\/2022\/11\/obras-cuernavaca-6-560x373.jpeg 560w, https:\/\/cuernavaca.gob.mx\/wp-content\/uploads\/2022\/11\/obras-cuernavaca-6.jpeg 1280w\" sizes=\"(max-width: 1024px) 100vw, 1024px\" \/><\/figure>\n\n\n\n<figure class=\"wp-block-image size-large\"><img loading=\"lazy\" width=\"1024\" height=\"682\" data-id=\"21943\"  src=\"https:\/\/cuernavaca.gob.mx\/wp-content\/uploads\/2022\/11\/obras-cuernavaca-7-1024x682.jpeg\" alt=\"\" class=\"wp-image-21943\" srcset=\"https:\/\/cuernavaca.gob.mx\/wp-content\/uploads\/2022\/11\/obras-cuernavaca-7-1024x682.jpeg 1024w, https:\/\/cuernavaca.gob.mx\/wp-content\/uploads\/2022\/11\/obras-cuernavaca-7-300x200.jpeg 300w, https:\/\/cuernavaca.gob.mx\/wp-content\/uploads\/2022\/11\/obras-cuernavaca-7-768x512.jpeg 768w, https:\/\/cuernavaca.gob.mx\/wp-content\/uploads\/2022\/11\/obras-cuernavaca-7-600x400.jpeg 600w, https:\/\/cuernavaca.gob.mx\/wp-content\/uploads\/2022\/11\/obras-cuernavaca-7-560x373.jpeg 560w, https:\/\/cuernavaca.gob.mx\/wp-content\/uploads\/2022\/11\/obras-cuernavaca-7.jpeg 1280w\" sizes=\"(max-width: 1024px) 100vw, 1024px\" \/><\/figure>\n\n\n\n<figure class=\"wp-block-image size-large\"><img loading=\"lazy\" width=\"1024\" height=\"682\" data-id=\"21940\"  src=\"https:\/\/cuernavaca.gob.mx\/wp-content\/uploads\/2022\/11\/obras-cuernavaca-8-1024x682.jpeg\" alt=\"\" class=\"wp-image-21940\" srcset=\"https:\/\/cuernavaca.gob.mx\/wp-content\/uploads\/2022\/11\/obras-cuernavaca-8-1024x682.jpeg 1024w, https:\/\/cuernavaca.gob.mx\/wp-content\/uploads\/2022\/11\/obras-cuernavaca-8-300x200.jpeg 300w, https:\/\/cuernavaca.gob.mx\/wp-content\/uploads\/2022\/11\/obras-cuernavaca-8-768x512.jpeg 768w, https:\/\/cuernavaca.gob.mx\/wp-content\/uploads\/2022\/11\/obras-cuernavaca-8-600x400.jpeg 600w, https:\/\/cuernavaca.gob.mx\/wp-content\/uploads\/2022\/11\/obras-cuernavaca-8-560x373.jpeg 560w, https:\/\/cuernavaca.gob.mx\/wp-content\/uploads\/2022\/11\/obras-cuernavaca-8.jpeg 1280w\" sizes=\"(max-width: 1024px) 100vw, 1024px\" \/><\/figure>\n\n\n\n<figure class=\"wp-block-image size-large\"><img loading=\"lazy\" width=\"1024\" height=\"682\" data-id=\"21941\"  src=\"https:\/\/cuernavaca.gob.mx\/wp-content\/uploads\/2022\/11\/obras-cuernavaca-9-1024x682.jpeg\" alt=\"\" class=\"wp-image-21941\" srcset=\"https:\/\/cuernavaca.gob.mx\/wp-content\/uploads\/2022\/11\/obras-cuernavaca-9-1024x682.jpeg 1024w, https:\/\/cuernavaca.gob.mx\/wp-content\/uploads\/2022\/11\/obras-cuernavaca-9-300x200.jpeg 300w, https:\/\/cuernavaca.gob.mx\/wp-content\/uploads\/2022\/11\/obras-cuernavaca-9-768x512.jpeg 768w, https:\/\/cuernavaca.gob.mx\/wp-content\/uploads\/2022\/11\/obras-cuernavaca-9-600x400.jpeg 600w, https:\/\/cuernavaca.gob.mx\/wp-content\/uploads\/2022\/11\/obras-cuernavaca-9-560x373.jpeg 560w, https:\/\/cuernavaca.gob.mx\/wp-content\/uploads\/2022\/11\/obras-cuernavaca-9.jpeg 1280w\" sizes=\"(max-width: 1024px) 100vw, 1024px\" \/><\/figure>\n\n\n\n<figure class=\"wp-block-image size-large\"><img loading=\"lazy\" width=\"1024\" height=\"682\" data-id=\"21944\"  src=\"https:\/\/cuernavaca.gob.mx\/wp-content\/uploads\/2022\/11\/obras-cuernavaca-10-1024x682.jpeg\" alt=\"\" class=\"wp-image-21944\" srcset=\"https:\/\/cuernavaca.gob.mx\/wp-content\/uploads\/2022\/11\/obras-cuernavaca-10-1024x682.jpeg 1024w, https:\/\/cuernavaca.gob.mx\/wp-content\/uploads\/2022\/11\/obras-cuernavaca-10-300x200.jpeg 300w, https:\/\/cuernavaca.gob.mx\/wp-content\/uploads\/2022\/11\/obras-cuernavaca-10-768x512.jpeg 768w, https:\/\/cuernavaca.gob.mx\/wp-content\/uploads\/2022\/11\/obras-cuernavaca-10-600x400.jpeg 600w, https:\/\/cuernavaca.gob.mx\/wp-content\/uploads\/2022\/11\/obras-cuernavaca-10-560x373.jpeg 560w, https:\/\/cuernavaca.gob.mx\/wp-content\/uploads\/2022\/11\/obras-cuernavaca-10.jpeg 1280w\" sizes=\"(max-width: 1024px) 100vw, 1024px\" \/><\/figure>\n\n\n\n<figure class=\"wp-block-image size-large\"><img loading=\"lazy\" width=\"1024\" height=\"682\" data-id=\"21939\"  src=\"https:\/\/cuernavaca.gob.mx\/wp-content\/uploads\/2022\/11\/obras-cuernavaca-11-1024x682.jpeg\" alt=\"\" class=\"wp-image-21939\" srcset=\"https:\/\/cuernavaca.gob.mx\/wp-content\/uploads\/2022\/11\/obras-cuernavaca-11-1024x682.jpeg 1024w, https:\/\/cuernavaca.gob.mx\/wp-content\/uploads\/2022\/11\/obras-cuernavaca-11-300x200.jpeg 300w, https:\/\/cuernavaca.gob.mx\/wp-content\/uploads\/2022\/11\/obras-cuernavaca-11-768x512.jpeg 768w, https:\/\/cuernavaca.gob.mx\/wp-content\/uploads\/2022\/11\/obras-cuernavaca-11-600x400.jpeg 600w, https:\/\/cuernavaca.gob.mx\/wp-content\/uploads\/2022\/11\/obras-cuernavaca-11-560x373.jpeg 560w, https:\/\/cuernavaca.gob.mx\/wp-content\/uploads\/2022\/11\/obras-cuernavaca-11.jpeg 1280w\" sizes=\"(max-width: 1024px) 100vw, 1024px\" \/><\/figure>\n<\/figure>\n","protected":false},"excerpt":{"rendered":"<p>\u2022 Esta vialidad se hizo en tiempo record de mes y medio y beneficia a 150 habitantes directos y 300 indirectos \u2022 Convoca el alcalde Jos\u00e9 Luis Uri\u00f3stegui a los vecinos a ser los vigilantes de que los dineros p\u00fablicos se apliquen de manera correcta y no se desv\u00eden para otros fines Los vecinos beneficiados [&hellip;]<\/p>\n","protected":false},"author":1,"featured_media":21939,"comment_status":"closed","ping_status":"open","sticky":false,"template":"","format":"standard","meta":[],"categories":[18],"tags":[357,1261,836,1855,120,206,356,232,358],"aioseo_notices":[],"_links":{"self":[{"href":"https:\/\/cuernavaca.gob.mx\/index.php?rest_route=\/wp\/v2\/posts\/21935"}],"collection":[{"href":"https:\/\/cuernavaca.gob.mx\/index.php?rest_route=\/wp\/v2\/posts"}],"about":[{"href":"https:\/\/cuernavaca.gob.mx\/index.php?rest_route=\/wp\/v2\/types\/post"}],"author":[{"embeddable":true,"href":"https:\/\/cuernavaca.gob.mx\/index.php?rest_route=\/wp\/v2\/users\/1"}],"replies":[{"embeddable":true,"href":"https:\/\/cuernavaca.gob.mx\/index.php?rest_route=%2Fwp%2Fv2%2Fcomments&post=21935"}],"version-history":[{"count":2,"href":"https:\/\/cuernavaca.gob.mx\/index.php?rest_route=\/wp\/v2\/posts\/21935\/revisions"}],"predecessor-version":[{"id":21968,"href":"https:\/\/cuernavaca.gob.mx\/index.php?rest_route=\/wp\/v2\/posts\/21935\/revisions\/21968"}],"wp:featuredmedia":[{"embeddable":true,"href":"https:\/\/cuernavaca.gob.mx\/index.php?rest_route=\/wp\/v2\/media\/21939"}],"wp:attachment":[{"href":"https:\/\/cuernavaca.gob.mx\/index.php?rest_route=%2Fwp%2Fv2%2Fmedia&parent=21935"}],"wp:term":[{"taxonomy":"category","embeddable":true,"href":"https:\/\/cuernavaca.gob.mx\/index.php?rest_route=%2Fwp%2Fv2%2Fcategories&post=21935"},{"taxonomy":"post_tag","embeddable":true,"href":"https:\/\/cuernavaca.gob.mx\/index.php?rest_route=%2Fwp%2Fv2%2Ftags&post=21935"}],"curies":[{"name":"wp","href":"https:\/\/api.w.org\/{rel}","templated":true}]}}