{"id":21948,"date":"2022-11-24T18:15:00","date_gmt":"2022-11-25T00:15:00","guid":{"rendered":"https:\/\/cuernavaca.gob.mx\/?p=21948"},"modified":"2025-05-06T12:23:20","modified_gmt":"2025-05-06T18:23:20","slug":"b534-24-11-22-emprendera-ayuntamiento-de-cuernavaca-acciones-para-apoyar-a-victimas-del-delito-de-trata","status":"publish","type":"post","link":"https:\/\/cuernavaca.gob.mx\/?p=21948","title":{"rendered":"B534 24\/11\/22 EMPRENDER\u00c1 AYUNTAMIENTO DE CUERNAVACA ACCIONES PARA APOYAR A V\u00cdCTIMAS DEL DELITO DE TRATA"},"content":{"rendered":"\n<p><strong>\u2022 Se llev\u00f3 a cabo la Conferencia \u201cTrata de personas, urgente mirar y atender. Cuernavaca comprometido\u201d, en el marco del 25 de noviembre D\u00eda Internacional para Eliminar la Violencia contra la Mujer<\/strong><\/p>\n\n\n\n<p><strong>\u2022 Karla de la Cuesta, presidenta de la Fundaci\u00f3n Alas Abiertas, A.C. y Karla Jacinto de la Fundaci\u00f3n Reintegra, v\u00edctimas del delito de Trata, compartieron sus testimonios<\/strong><\/p>\n\n\n\n<p>En el marco de la Conferencia \u201cTrata de personas, urgente mirar y atender. Cuernavaca comprometido\u201d, realizada a prop\u00f3sito del 25 de noviembre D\u00eda Internacional para Eliminar la Violencia contra la Mujer, convocada por el Instituto de la Mujer y la Sindicatura del Ayuntamiento, el presidente municipal Jos\u00e9 Luis Uri\u00f3stegui Salgado, asumi\u00f3 el compromiso de que, en conjunto con asociaciones civiles y sobrevivientes de la explotaci\u00f3n sexual, se erradique la pr\u00e1ctica de la prostituci\u00f3n obligada en la ciudad.<\/p>\n\n\n\n<p>Al reconocer el valor y entereza de Karla de la Cuesta Soria, presidenta de la Fundaci\u00f3n Alas Abiertas, A.C. y de Karla Jacinto de la Fundaci\u00f3n Reintegra, ambas v\u00edctimas del delito de Trata y quienes compartieron sus testimonios y acciones ahora como activistas para apoyar a mujeres que sufren de este delito, Jos\u00e9 Luis Uri\u00f3stegui se\u00f1al\u00f3 que el Ayuntamiento de Cuernavaca a trav\u00e9s del Instituto de la Mujer y la Secretar\u00eda de Protecci\u00f3n y Auxilio Ciudadano (SEPRAC), se impulsar\u00e1n acciones coordinadas con estas fundaciones para establecer una estrategia para apoyar a las mujeres que contra su voluntad son explotadas.<\/p>\n\n\n\n<p>El tema de Trata debe visibilizarse para atenderlo de la manera adecuada, se\u00f1al\u00f3 Lorena Castillo Castillo, directora del Instituto de la Mujer de Cuernavaca, quien, ante diputados y juristas invitados a esta conferencia, refiri\u00f3 que, ante uno de delitos de mayor afectaci\u00f3n entre la sociedad, es necesario abordarlo en diferentes foros para encontrar alianzas que hagan frente a esta realidad<\/p>\n\n\n\n<p>Se\u00f1al\u00f3 que en Cuernavaca del 2015 a la fecha ha registrado solo 20 denuncias por delito de Trata, pero es claro que hay una cifra negra que pudiera exponenciar el n\u00famero de casos, por lo que vio necesario impulsar leyes y reglamentaciones que protejan a las mujeres.<\/p>\n\n\n\n<p>Por su parte, Ver\u00f3nica Atenco P\u00e9rez, sindica municipal, se\u00f1al\u00f3 que desde el Ayuntamiento de Cuernavaca adem\u00e1s de foros como el realizado este jueves para visibilizar el delito de Trata, se fomentar\u00e1 la denuncia an\u00f3nima de este delito, a fin de construir redes de apoyo y darle confianza a quienes incluso desde sus hogares son v\u00edctimas de las diferentes modalidades de Trata, propiciada en muchos casos por sus propios familiares.<\/p>\n\n\n\n<figure class=\"wp-container-2 wp-block-gallery-1 wp-block-gallery has-nested-images columns-default is-cropped\">\n<figure class=\"wp-block-image size-large\"><img loading=\"lazy\" width=\"1024\" height=\"682\" data-id=\"21949\"  src=\"https:\/\/cuernavaca.gob.mx\/wp-content\/uploads\/2022\/11\/prevencion-delito-cuernavaca-1-1024x682.jpeg\" alt=\"\" class=\"wp-image-21949\" srcset=\"https:\/\/cuernavaca.gob.mx\/wp-content\/uploads\/2022\/11\/prevencion-delito-cuernavaca-1-1024x682.jpeg 1024w, https:\/\/cuernavaca.gob.mx\/wp-content\/uploads\/2022\/11\/prevencion-delito-cuernavaca-1-300x200.jpeg 300w, https:\/\/cuernavaca.gob.mx\/wp-content\/uploads\/2022\/11\/prevencion-delito-cuernavaca-1-768x512.jpeg 768w, https:\/\/cuernavaca.gob.mx\/wp-content\/uploads\/2022\/11\/prevencion-delito-cuernavaca-1-600x400.jpeg 600w, https:\/\/cuernavaca.gob.mx\/wp-content\/uploads\/2022\/11\/prevencion-delito-cuernavaca-1-560x373.jpeg 560w, https:\/\/cuernavaca.gob.mx\/wp-content\/uploads\/2022\/11\/prevencion-delito-cuernavaca-1.jpeg 1280w\" sizes=\"(max-width: 1024px) 100vw, 1024px\" \/><\/figure>\n\n\n\n<figure class=\"wp-block-image size-large\"><img loading=\"lazy\" width=\"1024\" height=\"575\" data-id=\"21950\"  src=\"https:\/\/cuernavaca.gob.mx\/wp-content\/uploads\/2022\/11\/prevencion-delito-cuernavaca-2-1024x575.jpeg\" alt=\"\" class=\"wp-image-21950\" srcset=\"https:\/\/cuernavaca.gob.mx\/wp-content\/uploads\/2022\/11\/prevencion-delito-cuernavaca-2-1024x575.jpeg 1024w, https:\/\/cuernavaca.gob.mx\/wp-content\/uploads\/2022\/11\/prevencion-delito-cuernavaca-2-300x169.jpeg 300w, https:\/\/cuernavaca.gob.mx\/wp-content\/uploads\/2022\/11\/prevencion-delito-cuernavaca-2-768x431.jpeg 768w, https:\/\/cuernavaca.gob.mx\/wp-content\/uploads\/2022\/11\/prevencion-delito-cuernavaca-2-600x337.jpeg 600w, https:\/\/cuernavaca.gob.mx\/wp-content\/uploads\/2022\/11\/prevencion-delito-cuernavaca-2-560x315.jpeg 560w, https:\/\/cuernavaca.gob.mx\/wp-content\/uploads\/2022\/11\/prevencion-delito-cuernavaca-2.jpeg 1280w\" sizes=\"(max-width: 1024px) 100vw, 1024px\" \/><\/figure>\n\n\n\n<figure class=\"wp-block-image size-large\"><img loading=\"lazy\" width=\"1024\" height=\"682\" data-id=\"21953\"  src=\"https:\/\/cuernavaca.gob.mx\/wp-content\/uploads\/2022\/11\/prevencion-delito-cuernavaca-3-1024x682.jpeg\" alt=\"\" class=\"wp-image-21953\" srcset=\"https:\/\/cuernavaca.gob.mx\/wp-content\/uploads\/2022\/11\/prevencion-delito-cuernavaca-3-1024x682.jpeg 1024w, https:\/\/cuernavaca.gob.mx\/wp-content\/uploads\/2022\/11\/prevencion-delito-cuernavaca-3-300x200.jpeg 300w, https:\/\/cuernavaca.gob.mx\/wp-content\/uploads\/2022\/11\/prevencion-delito-cuernavaca-3-768x512.jpeg 768w, https:\/\/cuernavaca.gob.mx\/wp-content\/uploads\/2022\/11\/prevencion-delito-cuernavaca-3-600x400.jpeg 600w, https:\/\/cuernavaca.gob.mx\/wp-content\/uploads\/2022\/11\/prevencion-delito-cuernavaca-3-560x373.jpeg 560w, https:\/\/cuernavaca.gob.mx\/wp-content\/uploads\/2022\/11\/prevencion-delito-cuernavaca-3.jpeg 1280w\" sizes=\"(max-width: 1024px) 100vw, 1024px\" \/><\/figure>\n\n\n\n<figure class=\"wp-block-image size-large\"><img loading=\"lazy\" width=\"1024\" height=\"682\" data-id=\"21952\"  src=\"https:\/\/cuernavaca.gob.mx\/wp-content\/uploads\/2022\/11\/prevencion-delito-cuernavaca-4-1024x682.jpeg\" alt=\"\" class=\"wp-image-21952\" srcset=\"https:\/\/cuernavaca.gob.mx\/wp-content\/uploads\/2022\/11\/prevencion-delito-cuernavaca-4-1024x682.jpeg 1024w, https:\/\/cuernavaca.gob.mx\/wp-content\/uploads\/2022\/11\/prevencion-delito-cuernavaca-4-300x200.jpeg 300w, https:\/\/cuernavaca.gob.mx\/wp-content\/uploads\/2022\/11\/prevencion-delito-cuernavaca-4-768x512.jpeg 768w, https:\/\/cuernavaca.gob.mx\/wp-content\/uploads\/2022\/11\/prevencion-delito-cuernavaca-4-600x400.jpeg 600w, https:\/\/cuernavaca.gob.mx\/wp-content\/uploads\/2022\/11\/prevencion-delito-cuernavaca-4-560x373.jpeg 560w, https:\/\/cuernavaca.gob.mx\/wp-content\/uploads\/2022\/11\/prevencion-delito-cuernavaca-4.jpeg 1280w\" sizes=\"(max-width: 1024px) 100vw, 1024px\" \/><\/figure>\n\n\n\n<figure class=\"wp-block-image size-large\"><img loading=\"lazy\" width=\"1024\" height=\"682\" data-id=\"21956\"  src=\"https:\/\/cuernavaca.gob.mx\/wp-content\/uploads\/2022\/11\/prevencion-delito-cuernavaca-5-1024x682.jpeg\" alt=\"\" class=\"wp-image-21956\" srcset=\"https:\/\/cuernavaca.gob.mx\/wp-content\/uploads\/2022\/11\/prevencion-delito-cuernavaca-5-1024x682.jpeg 1024w, https:\/\/cuernavaca.gob.mx\/wp-content\/uploads\/2022\/11\/prevencion-delito-cuernavaca-5-300x200.jpeg 300w, https:\/\/cuernavaca.gob.mx\/wp-content\/uploads\/2022\/11\/prevencion-delito-cuernavaca-5-768x512.jpeg 768w, https:\/\/cuernavaca.gob.mx\/wp-content\/uploads\/2022\/11\/prevencion-delito-cuernavaca-5-600x400.jpeg 600w, https:\/\/cuernavaca.gob.mx\/wp-content\/uploads\/2022\/11\/prevencion-delito-cuernavaca-5-560x373.jpeg 560w, https:\/\/cuernavaca.gob.mx\/wp-content\/uploads\/2022\/11\/prevencion-delito-cuernavaca-5.jpeg 1280w\" sizes=\"(max-width: 1024px) 100vw, 1024px\" \/><\/figure>\n\n\n\n<figure class=\"wp-block-image size-large\"><img loading=\"lazy\" width=\"1024\" height=\"682\" data-id=\"21960\"  src=\"https:\/\/cuernavaca.gob.mx\/wp-content\/uploads\/2022\/11\/prevencion-delito-cuernavaca-6-1024x682.jpeg\" alt=\"\" class=\"wp-image-21960\" srcset=\"https:\/\/cuernavaca.gob.mx\/wp-content\/uploads\/2022\/11\/prevencion-delito-cuernavaca-6-1024x682.jpeg 1024w, https:\/\/cuernavaca.gob.mx\/wp-content\/uploads\/2022\/11\/prevencion-delito-cuernavaca-6-300x200.jpeg 300w, https:\/\/cuernavaca.gob.mx\/wp-content\/uploads\/2022\/11\/prevencion-delito-cuernavaca-6-768x512.jpeg 768w, https:\/\/cuernavaca.gob.mx\/wp-content\/uploads\/2022\/11\/prevencion-delito-cuernavaca-6-600x400.jpeg 600w, https:\/\/cuernavaca.gob.mx\/wp-content\/uploads\/2022\/11\/prevencion-delito-cuernavaca-6-560x373.jpeg 560w, https:\/\/cuernavaca.gob.mx\/wp-content\/uploads\/2022\/11\/prevencion-delito-cuernavaca-6.jpeg 1280w\" sizes=\"(max-width: 1024px) 100vw, 1024px\" \/><\/figure>\n\n\n\n<figure class=\"wp-block-image size-large\"><img loading=\"lazy\" width=\"1024\" height=\"682\" data-id=\"21951\"  src=\"https:\/\/cuernavaca.gob.mx\/wp-content\/uploads\/2022\/11\/prevencion-delito-cuernavaca-7-1024x682.jpeg\" alt=\"\" class=\"wp-image-21951\" srcset=\"https:\/\/cuernavaca.gob.mx\/wp-content\/uploads\/2022\/11\/prevencion-delito-cuernavaca-7-1024x682.jpeg 1024w, https:\/\/cuernavaca.gob.mx\/wp-content\/uploads\/2022\/11\/prevencion-delito-cuernavaca-7-300x200.jpeg 300w, https:\/\/cuernavaca.gob.mx\/wp-content\/uploads\/2022\/11\/prevencion-delito-cuernavaca-7-768x512.jpeg 768w, https:\/\/cuernavaca.gob.mx\/wp-content\/uploads\/2022\/11\/prevencion-delito-cuernavaca-7-600x400.jpeg 600w, https:\/\/cuernavaca.gob.mx\/wp-content\/uploads\/2022\/11\/prevencion-delito-cuernavaca-7-560x373.jpeg 560w, https:\/\/cuernavaca.gob.mx\/wp-content\/uploads\/2022\/11\/prevencion-delito-cuernavaca-7.jpeg 1280w\" sizes=\"(max-width: 1024px) 100vw, 1024px\" \/><\/figure>\n\n\n\n<figure class=\"wp-block-image size-large\"><img loading=\"lazy\" width=\"1024\" height=\"682\" data-id=\"21957\"  src=\"https:\/\/cuernavaca.gob.mx\/wp-content\/uploads\/2022\/11\/prevencion-delito-cuernavaca-8-1024x682.jpeg\" alt=\"\" class=\"wp-image-21957\" srcset=\"https:\/\/cuernavaca.gob.mx\/wp-content\/uploads\/2022\/11\/prevencion-delito-cuernavaca-8-1024x682.jpeg 1024w, https:\/\/cuernavaca.gob.mx\/wp-content\/uploads\/2022\/11\/prevencion-delito-cuernavaca-8-300x200.jpeg 300w, https:\/\/cuernavaca.gob.mx\/wp-content\/uploads\/2022\/11\/prevencion-delito-cuernavaca-8-768x512.jpeg 768w, https:\/\/cuernavaca.gob.mx\/wp-content\/uploads\/2022\/11\/prevencion-delito-cuernavaca-8-600x400.jpeg 600w, https:\/\/cuernavaca.gob.mx\/wp-content\/uploads\/2022\/11\/prevencion-delito-cuernavaca-8-560x373.jpeg 560w, https:\/\/cuernavaca.gob.mx\/wp-content\/uploads\/2022\/11\/prevencion-delito-cuernavaca-8.jpeg 1280w\" sizes=\"(max-width: 1024px) 100vw, 1024px\" \/><\/figure>\n\n\n\n<figure class=\"wp-block-image size-large\"><img loading=\"lazy\" width=\"1024\" height=\"682\" data-id=\"21955\"  src=\"https:\/\/cuernavaca.gob.mx\/wp-content\/uploads\/2022\/11\/prevencion-delito-cuernavaca-9-1024x682.jpeg\" alt=\"\" class=\"wp-image-21955\" srcset=\"https:\/\/cuernavaca.gob.mx\/wp-content\/uploads\/2022\/11\/prevencion-delito-cuernavaca-9-1024x682.jpeg 1024w, https:\/\/cuernavaca.gob.mx\/wp-content\/uploads\/2022\/11\/prevencion-delito-cuernavaca-9-300x200.jpeg 300w, https:\/\/cuernavaca.gob.mx\/wp-content\/uploads\/2022\/11\/prevencion-delito-cuernavaca-9-768x512.jpeg 768w, https:\/\/cuernavaca.gob.mx\/wp-content\/uploads\/2022\/11\/prevencion-delito-cuernavaca-9-600x400.jpeg 600w, https:\/\/cuernavaca.gob.mx\/wp-content\/uploads\/2022\/11\/prevencion-delito-cuernavaca-9-560x373.jpeg 560w, https:\/\/cuernavaca.gob.mx\/wp-content\/uploads\/2022\/11\/prevencion-delito-cuernavaca-9.jpeg 1280w\" sizes=\"(max-width: 1024px) 100vw, 1024px\" \/><\/figure>\n\n\n\n<figure class=\"wp-block-image size-large\"><img loading=\"lazy\" width=\"1024\" height=\"682\" data-id=\"21958\"  src=\"https:\/\/cuernavaca.gob.mx\/wp-content\/uploads\/2022\/11\/prevencion-delito-cuernavaca-10-1024x682.jpeg\" alt=\"\" class=\"wp-image-21958\" srcset=\"https:\/\/cuernavaca.gob.mx\/wp-content\/uploads\/2022\/11\/prevencion-delito-cuernavaca-10-1024x682.jpeg 1024w, https:\/\/cuernavaca.gob.mx\/wp-content\/uploads\/2022\/11\/prevencion-delito-cuernavaca-10-300x200.jpeg 300w, https:\/\/cuernavaca.gob.mx\/wp-content\/uploads\/2022\/11\/prevencion-delito-cuernavaca-10-768x512.jpeg 768w, https:\/\/cuernavaca.gob.mx\/wp-content\/uploads\/2022\/11\/prevencion-delito-cuernavaca-10-600x400.jpeg 600w, https:\/\/cuernavaca.gob.mx\/wp-content\/uploads\/2022\/11\/prevencion-delito-cuernavaca-10-560x373.jpeg 560w, https:\/\/cuernavaca.gob.mx\/wp-content\/uploads\/2022\/11\/prevencion-delito-cuernavaca-10.jpeg 1280w\" sizes=\"(max-width: 1024px) 100vw, 1024px\" \/><\/figure>\n\n\n\n<figure class=\"wp-block-image size-large\"><img loading=\"lazy\" width=\"1024\" height=\"682\" data-id=\"21962\"  src=\"https:\/\/cuernavaca.gob.mx\/wp-content\/uploads\/2022\/11\/prevencion-delito-cuernavaca-11-1024x682.jpeg\" alt=\"\" class=\"wp-image-21962\" srcset=\"https:\/\/cuernavaca.gob.mx\/wp-content\/uploads\/2022\/11\/prevencion-delito-cuernavaca-11-1024x682.jpeg 1024w, https:\/\/cuernavaca.gob.mx\/wp-content\/uploads\/2022\/11\/prevencion-delito-cuernavaca-11-300x200.jpeg 300w, https:\/\/cuernavaca.gob.mx\/wp-content\/uploads\/2022\/11\/prevencion-delito-cuernavaca-11-768x512.jpeg 768w, https:\/\/cuernavaca.gob.mx\/wp-content\/uploads\/2022\/11\/prevencion-delito-cuernavaca-11-600x400.jpeg 600w, https:\/\/cuernavaca.gob.mx\/wp-content\/uploads\/2022\/11\/prevencion-delito-cuernavaca-11-560x373.jpeg 560w, https:\/\/cuernavaca.gob.mx\/wp-content\/uploads\/2022\/11\/prevencion-delito-cuernavaca-11.jpeg 1280w\" sizes=\"(max-width: 1024px) 100vw, 1024px\" \/><\/figure>\n\n\n\n<figure class=\"wp-block-image size-large\"><img loading=\"lazy\" width=\"1024\" height=\"575\" data-id=\"21961\"  src=\"https:\/\/cuernavaca.gob.mx\/wp-content\/uploads\/2022\/11\/prevencion-delito-cuernavaca-12-1024x575.jpeg\" alt=\"\" class=\"wp-image-21961\" srcset=\"https:\/\/cuernavaca.gob.mx\/wp-content\/uploads\/2022\/11\/prevencion-delito-cuernavaca-12-1024x575.jpeg 1024w, https:\/\/cuernavaca.gob.mx\/wp-content\/uploads\/2022\/11\/prevencion-delito-cuernavaca-12-300x169.jpeg 300w, https:\/\/cuernavaca.gob.mx\/wp-content\/uploads\/2022\/11\/prevencion-delito-cuernavaca-12-768x431.jpeg 768w, https:\/\/cuernavaca.gob.mx\/wp-content\/uploads\/2022\/11\/prevencion-delito-cuernavaca-12-600x337.jpeg 600w, https:\/\/cuernavaca.gob.mx\/wp-content\/uploads\/2022\/11\/prevencion-delito-cuernavaca-12-560x315.jpeg 560w, https:\/\/cuernavaca.gob.mx\/wp-content\/uploads\/2022\/11\/prevencion-delito-cuernavaca-12.jpeg 1280w\" sizes=\"(max-width: 1024px) 100vw, 1024px\" \/><\/figure>\n\n\n\n<figure class=\"wp-block-image size-large\"><img loading=\"lazy\" width=\"1024\" height=\"682\" data-id=\"21954\"  src=\"https:\/\/cuernavaca.gob.mx\/wp-content\/uploads\/2022\/11\/prevencion-delito-cuernavaca-13-1024x682.jpeg\" alt=\"\" class=\"wp-image-21954\" srcset=\"https:\/\/cuernavaca.gob.mx\/wp-content\/uploads\/2022\/11\/prevencion-delito-cuernavaca-13-1024x682.jpeg 1024w, https:\/\/cuernavaca.gob.mx\/wp-content\/uploads\/2022\/11\/prevencion-delito-cuernavaca-13-300x200.jpeg 300w, https:\/\/cuernavaca.gob.mx\/wp-content\/uploads\/2022\/11\/prevencion-delito-cuernavaca-13-768x512.jpeg 768w, https:\/\/cuernavaca.gob.mx\/wp-content\/uploads\/2022\/11\/prevencion-delito-cuernavaca-13-600x400.jpeg 600w, https:\/\/cuernavaca.gob.mx\/wp-content\/uploads\/2022\/11\/prevencion-delito-cuernavaca-13-560x373.jpeg 560w, https:\/\/cuernavaca.gob.mx\/wp-content\/uploads\/2022\/11\/prevencion-delito-cuernavaca-13.jpeg 1280w\" sizes=\"(max-width: 1024px) 100vw, 1024px\" \/><\/figure>\n\n\n\n<figure class=\"wp-block-image size-large\"><img loading=\"lazy\" width=\"1024\" height=\"575\" data-id=\"21959\"  src=\"https:\/\/cuernavaca.gob.mx\/wp-content\/uploads\/2022\/11\/prevencion-delito-cuernavaca-14-1024x575.jpeg\" alt=\"\" class=\"wp-image-21959\" srcset=\"https:\/\/cuernavaca.gob.mx\/wp-content\/uploads\/2022\/11\/prevencion-delito-cuernavaca-14-1024x575.jpeg 1024w, https:\/\/cuernavaca.gob.mx\/wp-content\/uploads\/2022\/11\/prevencion-delito-cuernavaca-14-300x169.jpeg 300w, https:\/\/cuernavaca.gob.mx\/wp-content\/uploads\/2022\/11\/prevencion-delito-cuernavaca-14-768x431.jpeg 768w, https:\/\/cuernavaca.gob.mx\/wp-content\/uploads\/2022\/11\/prevencion-delito-cuernavaca-14-600x337.jpeg 600w, https:\/\/cuernavaca.gob.mx\/wp-content\/uploads\/2022\/11\/prevencion-delito-cuernavaca-14-560x315.jpeg 560w, https:\/\/cuernavaca.gob.mx\/wp-content\/uploads\/2022\/11\/prevencion-delito-cuernavaca-14.jpeg 1280w\" sizes=\"(max-width: 1024px) 100vw, 1024px\" \/><\/figure>\n<\/figure>\n","protected":false},"excerpt":{"rendered":"<p>\u2022 Se llev\u00f3 a cabo la Conferencia \u201cTrata de personas, urgente mirar y atender. Cuernavaca comprometido\u201d, en el marco del 25 de noviembre D\u00eda Internacional para Eliminar la Violencia contra la Mujer \u2022 Karla de la Cuesta, presidenta de la Fundaci\u00f3n Alas Abiertas, A.C. y Karla Jacinto de la Fundaci\u00f3n Reintegra, v\u00edctimas del delito de [&hellip;]<\/p>\n","protected":false},"author":1,"featured_media":21961,"comment_status":"closed","ping_status":"open","sticky":false,"template":"","format":"standard","meta":[],"categories":[280],"tags":[121,120,206,202,141,2501,125,2672],"aioseo_notices":[],"_links":{"self":[{"href":"https:\/\/cuernavaca.gob.mx\/index.php?rest_route=\/wp\/v2\/posts\/21948"}],"collection":[{"href":"https:\/\/cuernavaca.gob.mx\/index.php?rest_route=\/wp\/v2\/posts"}],"about":[{"href":"https:\/\/cuernavaca.gob.mx\/index.php?rest_route=\/wp\/v2\/types\/post"}],"author":[{"embeddable":true,"href":"https:\/\/cuernavaca.gob.mx\/index.php?rest_route=\/wp\/v2\/users\/1"}],"replies":[{"embeddable":true,"href":"https:\/\/cuernavaca.gob.mx\/index.php?rest_route=%2Fwp%2Fv2%2Fcomments&post=21948"}],"version-history":[{"count":2,"href":"https:\/\/cuernavaca.gob.mx\/index.php?rest_route=\/wp\/v2\/posts\/21948\/revisions"}],"predecessor-version":[{"id":21973,"href":"https:\/\/cuernavaca.gob.mx\/index.php?rest_route=\/wp\/v2\/posts\/21948\/revisions\/21973"}],"wp:featuredmedia":[{"embeddable":true,"href":"https:\/\/cuernavaca.gob.mx\/index.php?rest_route=\/wp\/v2\/media\/21961"}],"wp:attachment":[{"href":"https:\/\/cuernavaca.gob.mx\/index.php?rest_route=%2Fwp%2Fv2%2Fmedia&parent=21948"}],"wp:term":[{"taxonomy":"category","embeddable":true,"href":"https:\/\/cuernavaca.gob.mx\/index.php?rest_route=%2Fwp%2Fv2%2Fcategories&post=21948"},{"taxonomy":"post_tag","embeddable":true,"href":"https:\/\/cuernavaca.gob.mx\/index.php?rest_route=%2Fwp%2Fv2%2Ftags&post=21948"}],"curies":[{"name":"wp","href":"https:\/\/api.w.org\/{rel}","templated":true}]}}