{"id":21994,"date":"2022-11-25T19:30:00","date_gmt":"2022-11-26T01:30:00","guid":{"rendered":"https:\/\/cuernavaca.gob.mx\/?p=21994"},"modified":"2025-05-06T12:23:19","modified_gmt":"2025-05-06T18:23:19","slug":"b537-25-11-22-viveristas-de-cuernavaca-ofrecen-flor-de-noche-buena-de-calidad-a-los-mejores-precios-y-sin-intermediarios","status":"publish","type":"post","link":"https:\/\/cuernavaca.gob.mx\/?p=21994","title":{"rendered":"B538 25\/11\/22 VIVERISTAS DE CUERNAVACA OFRECEN FLOR DE NOCHE BUENA DE CALIDAD, A LOS MEJORES PRECIOS Y SIN INTERMEDIARIOS"},"content":{"rendered":"\n<p><strong>\u2022 M\u00e1s de 300 productores de Tetela del Monte, Santa Mar\u00eda Ahuacatitl\u00e1n, Acapantzingo y Chapultepec est\u00e1n listos para ofertar m\u00e1s de 30 variedades de esta flor<\/strong><\/p>\n\n\n\n<p><strong>\u2022 La producci\u00f3n de la flor de Noche Buena genera m\u00e1s de mil 500 empleos en los centros de producci\u00f3n y venta directa<\/strong><\/p>\n\n\n\n<p>Los productores de ornamentales de Tetela del Monte, Santa Mar\u00eda Ahuacatitl\u00e1n, Acapantzingo y Chapultepec, est\u00e1n listos para ofertar no tan solo a los habitantes de Cuernavaca, sino a quienes se encuentran en los estados de M\u00e9xico, Guerrero, Puebla, la Ciudad de M\u00e9xico y otras latitudes, las mejores flores de Noche Buena que esta temporada ya prevalecen en los viveros de la capital de Morelos.<\/p>\n\n\n\n<p>Con una producci\u00f3n estimada en un mill\u00f3n de plantas, los integrantes de este sistema producto, ofrecen a los compradores m\u00e1s de 30 variedades de Flor de Noche Buena que se puede adquirir con la garant\u00eda de calidad, precios accesibles y sin intermediarios.<\/p>\n\n\n\n<p>A invitaci\u00f3n de la regidora Paz Hern\u00e1ndez Pardo, presidenta de la Comisi\u00f3n de Desarrollo, la Sindica Municipal, Ver\u00f3nica Atenco P\u00e9rez, el regidor Adri\u00e1n Mart\u00ednez Terrazas y el ayudante municipal de Tetela del Monte, Roberto Rodr\u00edguez Quintero, se realiz\u00f3 un recorrido por los viveros donde ya se pueden adquirir la cantidad de plantas que se necesiten para los preparativos de las fiestas de Navidad y A\u00f1o Nuevo, adornar casas, plazas, empresas y oficinas gubernamentales.<\/p>\n\n\n\n<p>O bien, para adquirir cantidades importantes para su comercializaci\u00f3n en otros municipios, estados o pa\u00edses donde tambi\u00e9n se exportan, con base a lo que refirieron los productores, para lo cual se han preparado para cumplir con normas que se establecen para estos fines comerciales.<\/p>\n\n\n\n<p>Las autoridades municipales de Cuernavaca invitaron a la poblaci\u00f3n a consumir lo local, acudir a los viveros de Tetela del Monte, Santa Mar\u00eda Ahuacatitl\u00e1n, Acapantzingo y Chapultepec, y comprar la Flor de Noche Buena que se encuentra en variedades como Poinsettia, que es la roja tradicional, o Peter Star, Sub Jibi y Freedom que son las m\u00e1s buscadas por los consumidores.<\/p>\n\n\n\n<p>Para esta temporada, de acuerdo a la Direcci\u00f3n de Fomento Agropecuario de la Secretar\u00eda de Desarrollo Econ\u00f3mico y Turismo, entre los meses de noviembre y diciembre la producci\u00f3n de Noche Buena representa la generaci\u00f3n de hasta mil 500 empleos por la alta demanda que se registra, confiando que este a\u00f1o no sea la excepci\u00f3n.<\/p>\n\n\n\n<p>El precio de las flores de Noche Buena, fluct\u00faa a partir de las unidades que se adquieran, pero siempre por debajo de lo que en otras partes se pueden encontrar, como son supermercados, plazas comerciales entre otros sitios que revenden esta flor, que es ya un referente de Cuernavaca a nivel nacional e internacional, y que se puede encontrar en las mejores condiciones en los viveros del municipio.<\/p>\n\n\n\n<figure class=\"wp-container-2 wp-block-gallery-1 wp-block-gallery has-nested-images columns-default is-cropped\">\n<figure class=\"wp-block-image size-large\"><img loading=\"lazy\" width=\"1024\" height=\"682\" data-id=\"22001\"  src=\"https:\/\/cuernavaca.gob.mx\/wp-content\/uploads\/2022\/11\/flores-cuernavaca-1-1024x682.jpeg\" alt=\"\" class=\"wp-image-22001\" srcset=\"https:\/\/cuernavaca.gob.mx\/wp-content\/uploads\/2022\/11\/flores-cuernavaca-1-1024x682.jpeg 1024w, https:\/\/cuernavaca.gob.mx\/wp-content\/uploads\/2022\/11\/flores-cuernavaca-1-300x200.jpeg 300w, https:\/\/cuernavaca.gob.mx\/wp-content\/uploads\/2022\/11\/flores-cuernavaca-1-768x512.jpeg 768w, https:\/\/cuernavaca.gob.mx\/wp-content\/uploads\/2022\/11\/flores-cuernavaca-1-600x400.jpeg 600w, https:\/\/cuernavaca.gob.mx\/wp-content\/uploads\/2022\/11\/flores-cuernavaca-1-560x373.jpeg 560w, https:\/\/cuernavaca.gob.mx\/wp-content\/uploads\/2022\/11\/flores-cuernavaca-1.jpeg 1280w\" sizes=\"(max-width: 1024px) 100vw, 1024px\" \/><\/figure>\n\n\n\n<figure class=\"wp-block-image size-large\"><img loading=\"lazy\" width=\"1024\" height=\"682\" data-id=\"21997\"  src=\"https:\/\/cuernavaca.gob.mx\/wp-content\/uploads\/2022\/11\/flores-cuernavaca-2-1024x682.jpeg\" alt=\"\" class=\"wp-image-21997\" srcset=\"https:\/\/cuernavaca.gob.mx\/wp-content\/uploads\/2022\/11\/flores-cuernavaca-2-1024x682.jpeg 1024w, https:\/\/cuernavaca.gob.mx\/wp-content\/uploads\/2022\/11\/flores-cuernavaca-2-300x200.jpeg 300w, https:\/\/cuernavaca.gob.mx\/wp-content\/uploads\/2022\/11\/flores-cuernavaca-2-768x512.jpeg 768w, https:\/\/cuernavaca.gob.mx\/wp-content\/uploads\/2022\/11\/flores-cuernavaca-2-600x400.jpeg 600w, https:\/\/cuernavaca.gob.mx\/wp-content\/uploads\/2022\/11\/flores-cuernavaca-2-560x373.jpeg 560w, https:\/\/cuernavaca.gob.mx\/wp-content\/uploads\/2022\/11\/flores-cuernavaca-2.jpeg 1280w\" sizes=\"(max-width: 1024px) 100vw, 1024px\" \/><\/figure>\n\n\n\n<figure class=\"wp-block-image size-large\"><img loading=\"lazy\" width=\"1024\" height=\"682\" data-id=\"21995\"  src=\"https:\/\/cuernavaca.gob.mx\/wp-content\/uploads\/2022\/11\/flores-cuernavaca-3-1024x682.jpeg\" alt=\"\" class=\"wp-image-21995\" srcset=\"https:\/\/cuernavaca.gob.mx\/wp-content\/uploads\/2022\/11\/flores-cuernavaca-3-1024x682.jpeg 1024w, https:\/\/cuernavaca.gob.mx\/wp-content\/uploads\/2022\/11\/flores-cuernavaca-3-300x200.jpeg 300w, https:\/\/cuernavaca.gob.mx\/wp-content\/uploads\/2022\/11\/flores-cuernavaca-3-768x512.jpeg 768w, https:\/\/cuernavaca.gob.mx\/wp-content\/uploads\/2022\/11\/flores-cuernavaca-3-600x400.jpeg 600w, https:\/\/cuernavaca.gob.mx\/wp-content\/uploads\/2022\/11\/flores-cuernavaca-3-560x373.jpeg 560w, https:\/\/cuernavaca.gob.mx\/wp-content\/uploads\/2022\/11\/flores-cuernavaca-3.jpeg 1280w\" sizes=\"(max-width: 1024px) 100vw, 1024px\" \/><\/figure>\n\n\n\n<figure class=\"wp-block-image size-large\"><img loading=\"lazy\" width=\"1024\" height=\"682\" data-id=\"22002\"  src=\"https:\/\/cuernavaca.gob.mx\/wp-content\/uploads\/2022\/11\/flores-cuernavaca-4-1024x682.jpeg\" alt=\"\" class=\"wp-image-22002\" srcset=\"https:\/\/cuernavaca.gob.mx\/wp-content\/uploads\/2022\/11\/flores-cuernavaca-4-1024x682.jpeg 1024w, https:\/\/cuernavaca.gob.mx\/wp-content\/uploads\/2022\/11\/flores-cuernavaca-4-300x200.jpeg 300w, https:\/\/cuernavaca.gob.mx\/wp-content\/uploads\/2022\/11\/flores-cuernavaca-4-768x512.jpeg 768w, https:\/\/cuernavaca.gob.mx\/wp-content\/uploads\/2022\/11\/flores-cuernavaca-4-600x400.jpeg 600w, https:\/\/cuernavaca.gob.mx\/wp-content\/uploads\/2022\/11\/flores-cuernavaca-4-560x373.jpeg 560w, https:\/\/cuernavaca.gob.mx\/wp-content\/uploads\/2022\/11\/flores-cuernavaca-4.jpeg 1280w\" sizes=\"(max-width: 1024px) 100vw, 1024px\" \/><\/figure>\n\n\n\n<figure class=\"wp-block-image size-large\"><img loading=\"lazy\" width=\"1024\" height=\"681\" data-id=\"21996\"  src=\"https:\/\/cuernavaca.gob.mx\/wp-content\/uploads\/2022\/11\/flores-cuernavaca-5-1024x681.jpeg\" alt=\"\" class=\"wp-image-21996\" srcset=\"https:\/\/cuernavaca.gob.mx\/wp-content\/uploads\/2022\/11\/flores-cuernavaca-5-1024x681.jpeg 1024w, https:\/\/cuernavaca.gob.mx\/wp-content\/uploads\/2022\/11\/flores-cuernavaca-5-300x200.jpeg 300w, https:\/\/cuernavaca.gob.mx\/wp-content\/uploads\/2022\/11\/flores-cuernavaca-5-768x511.jpeg 768w, https:\/\/cuernavaca.gob.mx\/wp-content\/uploads\/2022\/11\/flores-cuernavaca-5-600x399.jpeg 600w, https:\/\/cuernavaca.gob.mx\/wp-content\/uploads\/2022\/11\/flores-cuernavaca-5-560x373.jpeg 560w, https:\/\/cuernavaca.gob.mx\/wp-content\/uploads\/2022\/11\/flores-cuernavaca-5.jpeg 1121w\" sizes=\"(max-width: 1024px) 100vw, 1024px\" \/><\/figure>\n\n\n\n<figure class=\"wp-block-image size-large\"><img loading=\"lazy\" width=\"1024\" height=\"682\" data-id=\"21998\"  src=\"https:\/\/cuernavaca.gob.mx\/wp-content\/uploads\/2022\/11\/flores-cuernavaca-6-1024x682.jpeg\" alt=\"\" class=\"wp-image-21998\" srcset=\"https:\/\/cuernavaca.gob.mx\/wp-content\/uploads\/2022\/11\/flores-cuernavaca-6-1024x682.jpeg 1024w, https:\/\/cuernavaca.gob.mx\/wp-content\/uploads\/2022\/11\/flores-cuernavaca-6-300x200.jpeg 300w, https:\/\/cuernavaca.gob.mx\/wp-content\/uploads\/2022\/11\/flores-cuernavaca-6-768x512.jpeg 768w, https:\/\/cuernavaca.gob.mx\/wp-content\/uploads\/2022\/11\/flores-cuernavaca-6-600x400.jpeg 600w, https:\/\/cuernavaca.gob.mx\/wp-content\/uploads\/2022\/11\/flores-cuernavaca-6-560x373.jpeg 560w, https:\/\/cuernavaca.gob.mx\/wp-content\/uploads\/2022\/11\/flores-cuernavaca-6.jpeg 1280w\" sizes=\"(max-width: 1024px) 100vw, 1024px\" \/><\/figure>\n\n\n\n<figure class=\"wp-block-image size-large\"><img loading=\"lazy\" width=\"1024\" height=\"682\" data-id=\"22000\"  src=\"https:\/\/cuernavaca.gob.mx\/wp-content\/uploads\/2022\/11\/flores-cuernavaca-7-1024x682.jpeg\" alt=\"\" class=\"wp-image-22000\" srcset=\"https:\/\/cuernavaca.gob.mx\/wp-content\/uploads\/2022\/11\/flores-cuernavaca-7-1024x682.jpeg 1024w, https:\/\/cuernavaca.gob.mx\/wp-content\/uploads\/2022\/11\/flores-cuernavaca-7-300x200.jpeg 300w, https:\/\/cuernavaca.gob.mx\/wp-content\/uploads\/2022\/11\/flores-cuernavaca-7-768x512.jpeg 768w, https:\/\/cuernavaca.gob.mx\/wp-content\/uploads\/2022\/11\/flores-cuernavaca-7-600x400.jpeg 600w, https:\/\/cuernavaca.gob.mx\/wp-content\/uploads\/2022\/11\/flores-cuernavaca-7-560x373.jpeg 560w, https:\/\/cuernavaca.gob.mx\/wp-content\/uploads\/2022\/11\/flores-cuernavaca-7.jpeg 1280w\" sizes=\"(max-width: 1024px) 100vw, 1024px\" \/><\/figure>\n\n\n\n<figure class=\"wp-block-image size-large\"><img loading=\"lazy\" width=\"1024\" height=\"682\" data-id=\"21999\"  src=\"https:\/\/cuernavaca.gob.mx\/wp-content\/uploads\/2022\/11\/flores-cuernavaca-8-1024x682.jpeg\" alt=\"\" class=\"wp-image-21999\" srcset=\"https:\/\/cuernavaca.gob.mx\/wp-content\/uploads\/2022\/11\/flores-cuernavaca-8-1024x682.jpeg 1024w, https:\/\/cuernavaca.gob.mx\/wp-content\/uploads\/2022\/11\/flores-cuernavaca-8-300x200.jpeg 300w, https:\/\/cuernavaca.gob.mx\/wp-content\/uploads\/2022\/11\/flores-cuernavaca-8-768x512.jpeg 768w, https:\/\/cuernavaca.gob.mx\/wp-content\/uploads\/2022\/11\/flores-cuernavaca-8-600x400.jpeg 600w, https:\/\/cuernavaca.gob.mx\/wp-content\/uploads\/2022\/11\/flores-cuernavaca-8-560x373.jpeg 560w, https:\/\/cuernavaca.gob.mx\/wp-content\/uploads\/2022\/11\/flores-cuernavaca-8.jpeg 1280w\" sizes=\"(max-width: 1024px) 100vw, 1024px\" \/><\/figure>\n<\/figure>\n","protected":false},"excerpt":{"rendered":"<p>\u2022 M\u00e1s de 300 productores de Tetela del Monte, Santa Mar\u00eda Ahuacatitl\u00e1n, Acapantzingo y Chapultepec est\u00e1n listos para ofertar m\u00e1s de 30 variedades de esta flor \u2022 La producci\u00f3n de la flor de Noche Buena genera m\u00e1s de mil 500 empleos en los centros de producci\u00f3n y venta directa Los productores de ornamentales de Tetela [&hellip;]<\/p>\n","protected":false},"author":1,"featured_media":22001,"comment_status":"closed","ping_status":"open","sticky":false,"template":"","format":"standard","meta":[],"categories":[2294],"tags":[158,121,2678,2127,2677,2525,120,206,2676,2674,2675],"aioseo_notices":[],"_links":{"self":[{"href":"https:\/\/cuernavaca.gob.mx\/index.php?rest_route=\/wp\/v2\/posts\/21994"}],"collection":[{"href":"https:\/\/cuernavaca.gob.mx\/index.php?rest_route=\/wp\/v2\/posts"}],"about":[{"href":"https:\/\/cuernavaca.gob.mx\/index.php?rest_route=\/wp\/v2\/types\/post"}],"author":[{"embeddable":true,"href":"https:\/\/cuernavaca.gob.mx\/index.php?rest_route=\/wp\/v2\/users\/1"}],"replies":[{"embeddable":true,"href":"https:\/\/cuernavaca.gob.mx\/index.php?rest_route=%2Fwp%2Fv2%2Fcomments&post=21994"}],"version-history":[{"count":3,"href":"https:\/\/cuernavaca.gob.mx\/index.php?rest_route=\/wp\/v2\/posts\/21994\/revisions"}],"predecessor-version":[{"id":22269,"href":"https:\/\/cuernavaca.gob.mx\/index.php?rest_route=\/wp\/v2\/posts\/21994\/revisions\/22269"}],"wp:featuredmedia":[{"embeddable":true,"href":"https:\/\/cuernavaca.gob.mx\/index.php?rest_route=\/wp\/v2\/media\/22001"}],"wp:attachment":[{"href":"https:\/\/cuernavaca.gob.mx\/index.php?rest_route=%2Fwp%2Fv2%2Fmedia&parent=21994"}],"wp:term":[{"taxonomy":"category","embeddable":true,"href":"https:\/\/cuernavaca.gob.mx\/index.php?rest_route=%2Fwp%2Fv2%2Fcategories&post=21994"},{"taxonomy":"post_tag","embeddable":true,"href":"https:\/\/cuernavaca.gob.mx\/index.php?rest_route=%2Fwp%2Fv2%2Ftags&post=21994"}],"curies":[{"name":"wp","href":"https:\/\/api.w.org\/{rel}","templated":true}]}}