{"id":22004,"date":"2022-11-25T17:00:00","date_gmt":"2022-11-25T23:00:00","guid":{"rendered":"https:\/\/cuernavaca.gob.mx\/?p=22004"},"modified":"2025-05-06T12:23:20","modified_gmt":"2025-05-06T18:23:20","slug":"b534-25-11-22-refrenda-ayuntamiento-de-cuernavaca-respuestas-inmediatas-a-necesidades-ciudadanas-a-traves-de-los-cabildos-abiertos","status":"publish","type":"post","link":"https:\/\/cuernavaca.gob.mx\/?p=22004","title":{"rendered":"B535 25\/11\/22 REFRENDA AYUNTAMIENTO DE CUERNAVACA RESPUESTAS INMEDIATAS A NECESIDADES CIUDADANAS A TRAV\u00c9S DE LOS CABILDOS ABIERTOS"},"content":{"rendered":"\n<p><strong>\u2022 Este viernes la Sesi\u00f3n se desarroll\u00f3 en las instalaciones de la Ayudant\u00eda Municipal de Santa Mar\u00eda Ahuacatitl\u00e1n<\/strong><\/p>\n\n\n\n<p><strong>\u2022 Jos\u00e9 Luis Uri\u00f3stegui instruy\u00f3 a titulares de dependencias atenci\u00f3n y seguimiento puntual a las solicitudes de vecinas y vecinos que acuden a este espacio de ejercicio democr\u00e1tico<\/strong><\/p>\n\n\n\n<p>El compromiso de atender de manera directa las peticiones e inquietudes de los ciudadanos de manera peri\u00f3dica, es una pr\u00e1ctica que caracteriza al Gobierno Municipal de Cuernavaca que este viernes, a trav\u00e9s de la Sesi\u00f3n de Cabildo Abierto desarrollada en la Ayudant\u00eda del poblado de Santa Mar\u00eda Ahuacatitl\u00e1n, se tuvo la oportunidad de escuchar a vecinas y vecinos no tan solo de esta comunidad, sino de otras demarcaciones de la ciudad capital.<\/p>\n\n\n\n<p>En esta ocasi\u00f3n las peticiones realizadas por los colonos asistentes, fueron relacionadas a la atenci\u00f3n de bacheo, pavimentaci\u00f3n, iluminaci\u00f3n, la conclusi\u00f3n de obras iniciadas por la anterior administraci\u00f3n no terminadas, el mantenimiento de plantas tratadoras de agua, revisi\u00f3n de infraestructura hidr\u00e1ulica como drenajes y tomas de agua, limpieza de barrancas, mayor presencia de patrullajes para prevenir la comisi\u00f3n de delitos, as\u00ed como la verificaci\u00f3n de construcciones que se han comenzado a realizar en zonas naturales protegidas en la parte del corredor Biol\u00f3gico Ajusco-Chichinahutzin y ordenamiento del comercio.<\/p>\n\n\n\n<p>El presidente municipal, Jos\u00e9 Luis Uri\u00f3stegui Salgado, dio la indicaci\u00f3n a los titulares de las Secretar\u00edas de Desarrollo Urbano y Obras P\u00fablicas, Desarrollo Sustentable y Servicios P\u00fablicos, el Sistema de Agua Potable y Alcantarillado de Cuernavaca (SAPAC), del Comit\u00e9 de Planeaci\u00f3n para el Desarrollo Municipal (COPLADEMUN), para dar seguimiento y programar las diferentes acciones que dentro de su \u00e1mbito corresponden al Ayuntamiento, especialmente a lo que se relaci\u00f3n a servicios.<\/p>\n\n\n\n<p>Jos\u00e9 Luis Uri\u00f3stegui precis\u00f3 que en lo que corresponde a las solicitudes de obra p\u00fablica, se estar\u00e1n contemplando por medio del COPLADEMUN para determinar viabilidad presupuestal y las opciones para integrarlas para el ejercicio fiscal 2023, y acotar cuales corresponder\u00eda trabajar en conjunto con el Gobierno Federal y Estatal<\/p>\n\n\n\n<p>Por otra parte, en relaci\u00f3n al planteamiento de uno de los vecinos que demand\u00f3 mayor coordinaci\u00f3n entre autoridades auxiliares como lo son Delegados y Ayudantes Municipales para dar atenci\u00f3n a diferentes problem\u00e1ticas, el alcalde capitalino se\u00f1al\u00f3 que en esta administraci\u00f3n se ha impulsado devolverle el reconocimiento a estos representantes de colonias y poblados, que son los primeros en atender las inquietudes de los habitantes en las diferentes regiones del municipio, para darle agilidad a las gestiones ante la autoridad correspondiente.<\/p>\n\n\n\n<p>En sus intervenciones, las y los regidores Wendi Salinas Ru\u00edz, Jes\u00fas Tlacaelel Rosales Puebla, Ximena Rom\u00e1n Peralta, Adri\u00e1n Mart\u00ednez Terrazas manifestaron la importancia de que los habitantes de Cuernavaca aprovechen estos espacios para que, sin intermediarios, de manera directa el Cabildo tome nota de las solicitudes y dar seguimiento para que las \u00e1reas correspondientes del Gobierno Municipal respondan lo m\u00e1s eficientemente posible, basados en todo momento en la transparencia y rendici\u00f3n de cuentas de los recursos p\u00fablicos y materiales de los que se haga uso.<\/p>\n\n\n\n<p>Destacar que en este como los anteriores Cabildos Abiertos, se cont\u00f3 con la presencia de los titulares y representantes de las Secretar\u00edas del Ayuntamiento, de Desarrollo Econ\u00f3mico y Turismo, Desarrollo Humano y Participaci\u00f3n Social, de Desarrollo Urbano y Obras P\u00fablicas, Desarrollo Sustentable y Servicios P\u00fablicos, de Protecci\u00f3n y Auxilio Ciudadano (SEPRAC), del Consejo Municipal de Seguridad P\u00fablica, del Sistema de Agua Potable y Alcantarillado de Cuernavaca (SAPAC) y del Comit\u00e9 de Planeaci\u00f3n para el Desarrollo Municipal (COPLADEMUN), as\u00ed como Ayudantes y delegados municipales.<\/p>\n\n\n\n<figure class=\"wp-container-2 wp-block-gallery-1 wp-block-gallery has-nested-images columns-default is-cropped\">\n<figure class=\"wp-block-image size-large\"><img loading=\"lazy\" width=\"1024\" height=\"682\" data-id=\"22005\"  src=\"https:\/\/cuernavaca.gob.mx\/wp-content\/uploads\/2022\/11\/cabildo-abierto-cuernavaca-1-1024x682.jpeg\" alt=\"\" class=\"wp-image-22005\" srcset=\"https:\/\/cuernavaca.gob.mx\/wp-content\/uploads\/2022\/11\/cabildo-abierto-cuernavaca-1-1024x682.jpeg 1024w, https:\/\/cuernavaca.gob.mx\/wp-content\/uploads\/2022\/11\/cabildo-abierto-cuernavaca-1-300x200.jpeg 300w, https:\/\/cuernavaca.gob.mx\/wp-content\/uploads\/2022\/11\/cabildo-abierto-cuernavaca-1-768x512.jpeg 768w, https:\/\/cuernavaca.gob.mx\/wp-content\/uploads\/2022\/11\/cabildo-abierto-cuernavaca-1-600x400.jpeg 600w, https:\/\/cuernavaca.gob.mx\/wp-content\/uploads\/2022\/11\/cabildo-abierto-cuernavaca-1-560x373.jpeg 560w, https:\/\/cuernavaca.gob.mx\/wp-content\/uploads\/2022\/11\/cabildo-abierto-cuernavaca-1.jpeg 1280w\" sizes=\"(max-width: 1024px) 100vw, 1024px\" \/><\/figure>\n\n\n\n<figure class=\"wp-block-image size-large\"><img loading=\"lazy\" width=\"1024\" height=\"682\" data-id=\"22011\"  src=\"https:\/\/cuernavaca.gob.mx\/wp-content\/uploads\/2022\/11\/cabildo-abierto-cuernavaca-2-1024x682.jpeg\" alt=\"\" class=\"wp-image-22011\" srcset=\"https:\/\/cuernavaca.gob.mx\/wp-content\/uploads\/2022\/11\/cabildo-abierto-cuernavaca-2-1024x682.jpeg 1024w, https:\/\/cuernavaca.gob.mx\/wp-content\/uploads\/2022\/11\/cabildo-abierto-cuernavaca-2-300x200.jpeg 300w, https:\/\/cuernavaca.gob.mx\/wp-content\/uploads\/2022\/11\/cabildo-abierto-cuernavaca-2-768x512.jpeg 768w, https:\/\/cuernavaca.gob.mx\/wp-content\/uploads\/2022\/11\/cabildo-abierto-cuernavaca-2-600x400.jpeg 600w, https:\/\/cuernavaca.gob.mx\/wp-content\/uploads\/2022\/11\/cabildo-abierto-cuernavaca-2-560x373.jpeg 560w, https:\/\/cuernavaca.gob.mx\/wp-content\/uploads\/2022\/11\/cabildo-abierto-cuernavaca-2.jpeg 1280w\" sizes=\"(max-width: 1024px) 100vw, 1024px\" \/><\/figure>\n\n\n\n<figure class=\"wp-block-image size-large\"><img loading=\"lazy\" width=\"1024\" height=\"682\" data-id=\"22012\"  src=\"https:\/\/cuernavaca.gob.mx\/wp-content\/uploads\/2022\/11\/cabildo-abierto-cuernavaca-3-1024x682.jpeg\" alt=\"\" class=\"wp-image-22012\" srcset=\"https:\/\/cuernavaca.gob.mx\/wp-content\/uploads\/2022\/11\/cabildo-abierto-cuernavaca-3-1024x682.jpeg 1024w, https:\/\/cuernavaca.gob.mx\/wp-content\/uploads\/2022\/11\/cabildo-abierto-cuernavaca-3-300x200.jpeg 300w, https:\/\/cuernavaca.gob.mx\/wp-content\/uploads\/2022\/11\/cabildo-abierto-cuernavaca-3-768x512.jpeg 768w, https:\/\/cuernavaca.gob.mx\/wp-content\/uploads\/2022\/11\/cabildo-abierto-cuernavaca-3-600x400.jpeg 600w, https:\/\/cuernavaca.gob.mx\/wp-content\/uploads\/2022\/11\/cabildo-abierto-cuernavaca-3-560x373.jpeg 560w, https:\/\/cuernavaca.gob.mx\/wp-content\/uploads\/2022\/11\/cabildo-abierto-cuernavaca-3.jpeg 1280w\" sizes=\"(max-width: 1024px) 100vw, 1024px\" \/><\/figure>\n\n\n\n<figure class=\"wp-block-image size-large\"><img loading=\"lazy\" width=\"1024\" height=\"682\" data-id=\"22008\"  src=\"https:\/\/cuernavaca.gob.mx\/wp-content\/uploads\/2022\/11\/cabildo-abierto-cuernavaca-4-1024x682.jpeg\" alt=\"\" class=\"wp-image-22008\" srcset=\"https:\/\/cuernavaca.gob.mx\/wp-content\/uploads\/2022\/11\/cabildo-abierto-cuernavaca-4-1024x682.jpeg 1024w, https:\/\/cuernavaca.gob.mx\/wp-content\/uploads\/2022\/11\/cabildo-abierto-cuernavaca-4-300x200.jpeg 300w, https:\/\/cuernavaca.gob.mx\/wp-content\/uploads\/2022\/11\/cabildo-abierto-cuernavaca-4-768x512.jpeg 768w, https:\/\/cuernavaca.gob.mx\/wp-content\/uploads\/2022\/11\/cabildo-abierto-cuernavaca-4-600x400.jpeg 600w, https:\/\/cuernavaca.gob.mx\/wp-content\/uploads\/2022\/11\/cabildo-abierto-cuernavaca-4-560x373.jpeg 560w, https:\/\/cuernavaca.gob.mx\/wp-content\/uploads\/2022\/11\/cabildo-abierto-cuernavaca-4.jpeg 1280w\" sizes=\"(max-width: 1024px) 100vw, 1024px\" \/><\/figure>\n\n\n\n<figure class=\"wp-block-image size-large\"><img loading=\"lazy\" width=\"1024\" height=\"682\" data-id=\"22010\"  src=\"https:\/\/cuernavaca.gob.mx\/wp-content\/uploads\/2022\/11\/cabildo-abierto-cuernavaca-5-1024x682.jpeg\" alt=\"\" class=\"wp-image-22010\" srcset=\"https:\/\/cuernavaca.gob.mx\/wp-content\/uploads\/2022\/11\/cabildo-abierto-cuernavaca-5-1024x682.jpeg 1024w, https:\/\/cuernavaca.gob.mx\/wp-content\/uploads\/2022\/11\/cabildo-abierto-cuernavaca-5-300x200.jpeg 300w, https:\/\/cuernavaca.gob.mx\/wp-content\/uploads\/2022\/11\/cabildo-abierto-cuernavaca-5-768x512.jpeg 768w, https:\/\/cuernavaca.gob.mx\/wp-content\/uploads\/2022\/11\/cabildo-abierto-cuernavaca-5-600x400.jpeg 600w, https:\/\/cuernavaca.gob.mx\/wp-content\/uploads\/2022\/11\/cabildo-abierto-cuernavaca-5-560x373.jpeg 560w, https:\/\/cuernavaca.gob.mx\/wp-content\/uploads\/2022\/11\/cabildo-abierto-cuernavaca-5.jpeg 1280w\" sizes=\"(max-width: 1024px) 100vw, 1024px\" \/><\/figure>\n\n\n\n<figure class=\"wp-block-image size-large\"><img loading=\"lazy\" width=\"1024\" height=\"682\" data-id=\"22006\"  src=\"https:\/\/cuernavaca.gob.mx\/wp-content\/uploads\/2022\/11\/cabildo-abierto-cuernavaca-6-1024x682.jpeg\" alt=\"\" class=\"wp-image-22006\" srcset=\"https:\/\/cuernavaca.gob.mx\/wp-content\/uploads\/2022\/11\/cabildo-abierto-cuernavaca-6-1024x682.jpeg 1024w, https:\/\/cuernavaca.gob.mx\/wp-content\/uploads\/2022\/11\/cabildo-abierto-cuernavaca-6-300x200.jpeg 300w, https:\/\/cuernavaca.gob.mx\/wp-content\/uploads\/2022\/11\/cabildo-abierto-cuernavaca-6-768x512.jpeg 768w, https:\/\/cuernavaca.gob.mx\/wp-content\/uploads\/2022\/11\/cabildo-abierto-cuernavaca-6-600x400.jpeg 600w, https:\/\/cuernavaca.gob.mx\/wp-content\/uploads\/2022\/11\/cabildo-abierto-cuernavaca-6-560x373.jpeg 560w, https:\/\/cuernavaca.gob.mx\/wp-content\/uploads\/2022\/11\/cabildo-abierto-cuernavaca-6.jpeg 1280w\" sizes=\"(max-width: 1024px) 100vw, 1024px\" \/><\/figure>\n\n\n\n<figure class=\"wp-block-image size-large\"><img loading=\"lazy\" width=\"1024\" height=\"682\" data-id=\"22014\"  src=\"https:\/\/cuernavaca.gob.mx\/wp-content\/uploads\/2022\/11\/cabildo-abierto-cuernavaca-7-1024x682.jpeg\" alt=\"\" class=\"wp-image-22014\" srcset=\"https:\/\/cuernavaca.gob.mx\/wp-content\/uploads\/2022\/11\/cabildo-abierto-cuernavaca-7-1024x682.jpeg 1024w, https:\/\/cuernavaca.gob.mx\/wp-content\/uploads\/2022\/11\/cabildo-abierto-cuernavaca-7-300x200.jpeg 300w, https:\/\/cuernavaca.gob.mx\/wp-content\/uploads\/2022\/11\/cabildo-abierto-cuernavaca-7-768x512.jpeg 768w, https:\/\/cuernavaca.gob.mx\/wp-content\/uploads\/2022\/11\/cabildo-abierto-cuernavaca-7-600x400.jpeg 600w, https:\/\/cuernavaca.gob.mx\/wp-content\/uploads\/2022\/11\/cabildo-abierto-cuernavaca-7-560x373.jpeg 560w, https:\/\/cuernavaca.gob.mx\/wp-content\/uploads\/2022\/11\/cabildo-abierto-cuernavaca-7.jpeg 1280w\" sizes=\"(max-width: 1024px) 100vw, 1024px\" \/><\/figure>\n\n\n\n<figure class=\"wp-block-image size-large\"><img loading=\"lazy\" width=\"1024\" height=\"682\" data-id=\"22007\"  src=\"https:\/\/cuernavaca.gob.mx\/wp-content\/uploads\/2022\/11\/cabildo-abierto-cuernavaca-8-1024x682.jpeg\" alt=\"\" class=\"wp-image-22007\" srcset=\"https:\/\/cuernavaca.gob.mx\/wp-content\/uploads\/2022\/11\/cabildo-abierto-cuernavaca-8-1024x682.jpeg 1024w, https:\/\/cuernavaca.gob.mx\/wp-content\/uploads\/2022\/11\/cabildo-abierto-cuernavaca-8-300x200.jpeg 300w, https:\/\/cuernavaca.gob.mx\/wp-content\/uploads\/2022\/11\/cabildo-abierto-cuernavaca-8-768x512.jpeg 768w, https:\/\/cuernavaca.gob.mx\/wp-content\/uploads\/2022\/11\/cabildo-abierto-cuernavaca-8-600x400.jpeg 600w, https:\/\/cuernavaca.gob.mx\/wp-content\/uploads\/2022\/11\/cabildo-abierto-cuernavaca-8-560x373.jpeg 560w, https:\/\/cuernavaca.gob.mx\/wp-content\/uploads\/2022\/11\/cabildo-abierto-cuernavaca-8.jpeg 1280w\" sizes=\"(max-width: 1024px) 100vw, 1024px\" \/><\/figure>\n\n\n\n<figure class=\"wp-block-image size-large\"><img loading=\"lazy\" width=\"1024\" height=\"682\" data-id=\"22013\"  src=\"https:\/\/cuernavaca.gob.mx\/wp-content\/uploads\/2022\/11\/cabildo-abierto-cuernavaca-9-1024x682.jpeg\" alt=\"\" class=\"wp-image-22013\" srcset=\"https:\/\/cuernavaca.gob.mx\/wp-content\/uploads\/2022\/11\/cabildo-abierto-cuernavaca-9-1024x682.jpeg 1024w, https:\/\/cuernavaca.gob.mx\/wp-content\/uploads\/2022\/11\/cabildo-abierto-cuernavaca-9-300x200.jpeg 300w, https:\/\/cuernavaca.gob.mx\/wp-content\/uploads\/2022\/11\/cabildo-abierto-cuernavaca-9-768x512.jpeg 768w, https:\/\/cuernavaca.gob.mx\/wp-content\/uploads\/2022\/11\/cabildo-abierto-cuernavaca-9-600x400.jpeg 600w, https:\/\/cuernavaca.gob.mx\/wp-content\/uploads\/2022\/11\/cabildo-abierto-cuernavaca-9-560x373.jpeg 560w, https:\/\/cuernavaca.gob.mx\/wp-content\/uploads\/2022\/11\/cabildo-abierto-cuernavaca-9.jpeg 1280w\" sizes=\"(max-width: 1024px) 100vw, 1024px\" \/><\/figure>\n\n\n\n<figure class=\"wp-block-image size-large\"><img loading=\"lazy\" width=\"1024\" height=\"682\" data-id=\"22015\"  src=\"https:\/\/cuernavaca.gob.mx\/wp-content\/uploads\/2022\/11\/cabildo-abierto-cuernavaca-10-1024x682.jpeg\" alt=\"\" class=\"wp-image-22015\" srcset=\"https:\/\/cuernavaca.gob.mx\/wp-content\/uploads\/2022\/11\/cabildo-abierto-cuernavaca-10-1024x682.jpeg 1024w, https:\/\/cuernavaca.gob.mx\/wp-content\/uploads\/2022\/11\/cabildo-abierto-cuernavaca-10-300x200.jpeg 300w, https:\/\/cuernavaca.gob.mx\/wp-content\/uploads\/2022\/11\/cabildo-abierto-cuernavaca-10-768x512.jpeg 768w, https:\/\/cuernavaca.gob.mx\/wp-content\/uploads\/2022\/11\/cabildo-abierto-cuernavaca-10-600x400.jpeg 600w, https:\/\/cuernavaca.gob.mx\/wp-content\/uploads\/2022\/11\/cabildo-abierto-cuernavaca-10-560x373.jpeg 560w, https:\/\/cuernavaca.gob.mx\/wp-content\/uploads\/2022\/11\/cabildo-abierto-cuernavaca-10.jpeg 1280w\" sizes=\"(max-width: 1024px) 100vw, 1024px\" \/><\/figure>\n\n\n\n<figure class=\"wp-block-image size-large\"><img loading=\"lazy\" width=\"1024\" height=\"682\" data-id=\"22009\"  src=\"https:\/\/cuernavaca.gob.mx\/wp-content\/uploads\/2022\/11\/cabildo-abierto-cuernavaca-11-1024x682.jpeg\" alt=\"\" class=\"wp-image-22009\" srcset=\"https:\/\/cuernavaca.gob.mx\/wp-content\/uploads\/2022\/11\/cabildo-abierto-cuernavaca-11-1024x682.jpeg 1024w, https:\/\/cuernavaca.gob.mx\/wp-content\/uploads\/2022\/11\/cabildo-abierto-cuernavaca-11-300x200.jpeg 300w, https:\/\/cuernavaca.gob.mx\/wp-content\/uploads\/2022\/11\/cabildo-abierto-cuernavaca-11-768x512.jpeg 768w, https:\/\/cuernavaca.gob.mx\/wp-content\/uploads\/2022\/11\/cabildo-abierto-cuernavaca-11-600x400.jpeg 600w, https:\/\/cuernavaca.gob.mx\/wp-content\/uploads\/2022\/11\/cabildo-abierto-cuernavaca-11-560x373.jpeg 560w, https:\/\/cuernavaca.gob.mx\/wp-content\/uploads\/2022\/11\/cabildo-abierto-cuernavaca-11.jpeg 1280w\" sizes=\"(max-width: 1024px) 100vw, 1024px\" \/><\/figure>\n<\/figure>\n","protected":false},"excerpt":{"rendered":"<p>\u2022 Este viernes la Sesi\u00f3n se desarroll\u00f3 en las instalaciones de la Ayudant\u00eda Municipal de Santa Mar\u00eda Ahuacatitl\u00e1n \u2022 Jos\u00e9 Luis Uri\u00f3stegui instruy\u00f3 a titulares de dependencias atenci\u00f3n y seguimiento puntual a las solicitudes de vecinas y vecinos que acuden a este espacio de ejercicio democr\u00e1tico El compromiso de atender de manera directa las peticiones [&hellip;]<\/p>\n","protected":false},"author":1,"featured_media":22011,"comment_status":"closed","ping_status":"open","sticky":false,"template":"","format":"standard","meta":[],"categories":[20],"tags":[158,988,120,206,1098],"aioseo_notices":[],"_links":{"self":[{"href":"https:\/\/cuernavaca.gob.mx\/index.php?rest_route=\/wp\/v2\/posts\/22004"}],"collection":[{"href":"https:\/\/cuernavaca.gob.mx\/index.php?rest_route=\/wp\/v2\/posts"}],"about":[{"href":"https:\/\/cuernavaca.gob.mx\/index.php?rest_route=\/wp\/v2\/types\/post"}],"author":[{"embeddable":true,"href":"https:\/\/cuernavaca.gob.mx\/index.php?rest_route=\/wp\/v2\/users\/1"}],"replies":[{"embeddable":true,"href":"https:\/\/cuernavaca.gob.mx\/index.php?rest_route=%2Fwp%2Fv2%2Fcomments&post=22004"}],"version-history":[{"count":2,"href":"https:\/\/cuernavaca.gob.mx\/index.php?rest_route=\/wp\/v2\/posts\/22004\/revisions"}],"predecessor-version":[{"id":22062,"href":"https:\/\/cuernavaca.gob.mx\/index.php?rest_route=\/wp\/v2\/posts\/22004\/revisions\/22062"}],"wp:featuredmedia":[{"embeddable":true,"href":"https:\/\/cuernavaca.gob.mx\/index.php?rest_route=\/wp\/v2\/media\/22011"}],"wp:attachment":[{"href":"https:\/\/cuernavaca.gob.mx\/index.php?rest_route=%2Fwp%2Fv2%2Fmedia&parent=22004"}],"wp:term":[{"taxonomy":"category","embeddable":true,"href":"https:\/\/cuernavaca.gob.mx\/index.php?rest_route=%2Fwp%2Fv2%2Fcategories&post=22004"},{"taxonomy":"post_tag","embeddable":true,"href":"https:\/\/cuernavaca.gob.mx\/index.php?rest_route=%2Fwp%2Fv2%2Ftags&post=22004"}],"curies":[{"name":"wp","href":"https:\/\/api.w.org\/{rel}","templated":true}]}}