{"id":22031,"date":"2022-11-26T18:30:00","date_gmt":"2022-11-27T00:30:00","guid":{"rendered":"https:\/\/cuernavaca.gob.mx\/?p=22031"},"modified":"2025-05-06T12:23:19","modified_gmt":"2025-05-06T18:23:19","slug":"b540-26-11-22-califican-a-cuernavaca-capital-de-las-mujeres-que-transforman-al-mundo","status":"publish","type":"post","link":"https:\/\/cuernavaca.gob.mx\/?p=22031","title":{"rendered":"B540 26\/11\/22 CALIFICAN A CUERNAVACA CAPITAL DE LAS MUJERES QUE TRANSFORMAN AL MUNDO"},"content":{"rendered":"\n<p><strong>\u2022 El presidente municipal, Jos\u00e9 Luis Uri\u00f3stegui firm\u00f3 este s\u00e1bado un acuerdo con IKIAGI, Academia Pol\u00edtica para Mujeres en el marco del Conversatorio &#8220;Ellas que transforman el mundo&#8221;<\/strong><\/p>\n\n\n\n<p><strong>\u2022 El pr\u00f3ximo a\u00f1o la capital de Morelos ser\u00e1 la sede del Encuentro Mundial de Mujeres que Transforman el Mundo<\/strong><\/p>\n\n\n\n<p>La ciudad de Cuernavaca ser\u00e1 la capital de las mujeres que transforman el mundo, eso tras la firma de acuerdo entre el presidente municipal, Jos\u00e9 Luis Uri\u00f3stegui Salgado e IKIAGI, la Academia Pol\u00edtica para Mujeres, que trabajar\u00e1n en conjunto en proyectos internacionales y locales a favor del respeto de los derechos y desarrollo pleno de las mujeres.<\/p>\n\n\n\n<p>Este s\u00e1bado el Museo de la Ciudad de Cuernavaca abri\u00f3 sus puertas al Conversatorio &#8220;Ellas que transforman el mundo&#8221; donde las mujeres participantes en este libro de diversas entidades del pa\u00eds, se reunieron para exponer sus historias de vida y tener un acercamiento con las y los presentes promoviendo el empoderamiento de las mujeres en todas sus trincheras.<\/p>\n\n\n\n<p>Al uso de la palabra en esta ceremonia sin precedentes, la doctora en Ciencias Pol\u00edticas, Luz Gexi Gir\u00f3n Valencia, mentora de liderazgo pol\u00edtico para mujeres y autora del libro, expres\u00f3 que, si bien por m\u00e1s de nueve a\u00f1os toc\u00f3 muchas puertas para permitirle expresar lo que las mujeres actualmente quieren y necesitan, no fueron abiertas, por lo cual decidi\u00f3 irse del pa\u00eds y de Morelos abriendo camino en Sudam\u00e9rica y Europa.<\/p>\n\n\n\n<p>Sin embargo, al escuchar la frase y voluntad del alcalde Jos\u00e9 Luis Uri\u00f3stegui por construir ciudades sensibles al g\u00e9nero de la mujer, consider\u00f3 que era importante escucharle y trabajar en conjunto para lograr que todos los \u00e1mbitos desde los servicios municipales hasta la obra p\u00fablica sean por y para el bienestar de las mujeres.<\/p>\n\n\n\n<p>En su intervenci\u00f3n, Jos\u00e9 Luis Uri\u00f3stegui Salgado, acentu\u00f3 que el Conversatorio &#8220;Ellas que transforman el mundo&#8221; es relevante porque explicar\u00edan de que trata esta edici\u00f3n editorial y el camino que trazaron para llegar a este momento y que no solo se quedar\u00e1 en Cuernavaca, sino tambi\u00e9n pr\u00f3ximamente se lanzar\u00e1 en pa\u00edses como Colombia, Espa\u00f1a y Estados Unidos.<\/p>\n\n\n\n<p>&#8220;No solo s\u00e9 pretende impactar aqu\u00ed a una ciudad, sino globalmente. Son mujeres que no solo transforman su familia y su comunidad, sino que pretenden impactar y est\u00e1n impactando el mundo&#8221;, expres\u00f3 al tiempo de anunciar que con la firma del acuerdo la ciudad de la Eterna Primavera se preparar\u00e1 para ser el pr\u00f3ximo a\u00f1o la sede del Encuentro Internacional de Mujeres que Transforman el Mundo.<\/p>\n\n\n\n<p>Durante este conversatorio las panelistas compartieron sus experiencias de vida, los obst\u00e1culos que tuvieron que enfrentar y destruir, as\u00ed como los puntos de quiebre que las empoderaron y llevaron a fomentar la sororidad que entre mujeres es inaplazable que se visibilice cada d\u00eda.<\/p>\n\n\n\n<p>Las panelistas invitadas fueron Marx Aguirre Ochoa, Secretaria estatal de Organizaci\u00f3n y Desarrollo Rural del Gobierno de Michoac\u00e1n; Elvia S\u00e1nchez Beltr\u00e1n, Gerente General de MAPISA de Baja California Norte; Aziyad\u00e9 Uriarte, Directora General y Fundadora de Cultura de Cambio y Comunicaci\u00f3n Global Desing; Honorina Estrada Macedo, Directora General del Grupo ESMAH; Martha Gabriela Aranda, Fundadora de Artesan\u00edas Montenegro y Creadora del Modelo de Vinculaci\u00f3n Educativa Dual PyME; Sonia Alem\u00e1n Garibay, Conferenciante Internacional y Empresaria en el \u00e1mbito de la Salud; y Rosaura Armenta S\u00e1nchez, empresaria en el Ramo Alimenticio.<\/p>\n\n\n\n<p>En este conversatorio se cont\u00f3 con la presencia del diputado local \u00c1ngel Adame Jim\u00e9nez, la directora del Instituto de la Mujer de Cuernavaca, Lorena Castillo Castillo; Dalila Morales Sandoval, presidenta del CDE del PAN y la directora general del SAPAC, Evelia Flores Hern\u00e1ndez, as\u00ed como j\u00f3venes estudiantes y madres de familia, quienes escucharon a cada una de las ponentes.<\/p>\n\n\n\n<figure class=\"wp-container-2 wp-block-gallery-1 wp-block-gallery has-nested-images columns-default is-cropped\">\n<figure class=\"wp-block-image size-large\"><img loading=\"lazy\" width=\"1024\" height=\"682\" data-id=\"22038\"  src=\"https:\/\/cuernavaca.gob.mx\/wp-content\/uploads\/2022\/11\/mujeres-cuernavaca-1-1-1024x682.jpg\" alt=\"\" class=\"wp-image-22038\" srcset=\"https:\/\/cuernavaca.gob.mx\/wp-content\/uploads\/2022\/11\/mujeres-cuernavaca-1-1-1024x682.jpg 1024w, https:\/\/cuernavaca.gob.mx\/wp-content\/uploads\/2022\/11\/mujeres-cuernavaca-1-1-300x200.jpg 300w, https:\/\/cuernavaca.gob.mx\/wp-content\/uploads\/2022\/11\/mujeres-cuernavaca-1-1-768x512.jpg 768w, https:\/\/cuernavaca.gob.mx\/wp-content\/uploads\/2022\/11\/mujeres-cuernavaca-1-1-600x400.jpg 600w, https:\/\/cuernavaca.gob.mx\/wp-content\/uploads\/2022\/11\/mujeres-cuernavaca-1-1-560x373.jpg 560w, https:\/\/cuernavaca.gob.mx\/wp-content\/uploads\/2022\/11\/mujeres-cuernavaca-1-1.jpg 1280w\" sizes=\"(max-width: 1024px) 100vw, 1024px\" \/><\/figure>\n\n\n\n<figure class=\"wp-block-image size-large\"><img loading=\"lazy\" width=\"1024\" height=\"682\" data-id=\"22041\"  src=\"https:\/\/cuernavaca.gob.mx\/wp-content\/uploads\/2022\/11\/mujeres-cuernavaca-2-1-1024x682.jpg\" alt=\"\" class=\"wp-image-22041\" srcset=\"https:\/\/cuernavaca.gob.mx\/wp-content\/uploads\/2022\/11\/mujeres-cuernavaca-2-1-1024x682.jpg 1024w, https:\/\/cuernavaca.gob.mx\/wp-content\/uploads\/2022\/11\/mujeres-cuernavaca-2-1-300x200.jpg 300w, https:\/\/cuernavaca.gob.mx\/wp-content\/uploads\/2022\/11\/mujeres-cuernavaca-2-1-768x512.jpg 768w, https:\/\/cuernavaca.gob.mx\/wp-content\/uploads\/2022\/11\/mujeres-cuernavaca-2-1-600x400.jpg 600w, https:\/\/cuernavaca.gob.mx\/wp-content\/uploads\/2022\/11\/mujeres-cuernavaca-2-1-560x373.jpg 560w, https:\/\/cuernavaca.gob.mx\/wp-content\/uploads\/2022\/11\/mujeres-cuernavaca-2-1.jpg 1280w\" sizes=\"(max-width: 1024px) 100vw, 1024px\" \/><\/figure>\n\n\n\n<figure class=\"wp-block-image size-large\"><img loading=\"lazy\" width=\"1024\" height=\"682\" data-id=\"22035\"  src=\"https:\/\/cuernavaca.gob.mx\/wp-content\/uploads\/2022\/11\/mujeres-cuernavaca-3-1-1024x682.jpg\" alt=\"\" class=\"wp-image-22035\" srcset=\"https:\/\/cuernavaca.gob.mx\/wp-content\/uploads\/2022\/11\/mujeres-cuernavaca-3-1-1024x682.jpg 1024w, https:\/\/cuernavaca.gob.mx\/wp-content\/uploads\/2022\/11\/mujeres-cuernavaca-3-1-300x200.jpg 300w, https:\/\/cuernavaca.gob.mx\/wp-content\/uploads\/2022\/11\/mujeres-cuernavaca-3-1-768x512.jpg 768w, https:\/\/cuernavaca.gob.mx\/wp-content\/uploads\/2022\/11\/mujeres-cuernavaca-3-1-600x400.jpg 600w, https:\/\/cuernavaca.gob.mx\/wp-content\/uploads\/2022\/11\/mujeres-cuernavaca-3-1-560x373.jpg 560w, https:\/\/cuernavaca.gob.mx\/wp-content\/uploads\/2022\/11\/mujeres-cuernavaca-3-1.jpg 1280w\" sizes=\"(max-width: 1024px) 100vw, 1024px\" \/><\/figure>\n\n\n\n<figure class=\"wp-block-image size-large\"><img loading=\"lazy\" width=\"1024\" height=\"682\" data-id=\"22044\"  src=\"https:\/\/cuernavaca.gob.mx\/wp-content\/uploads\/2022\/11\/mujeres-cuernavaca-4-1-1024x682.jpg\" alt=\"\" class=\"wp-image-22044\" srcset=\"https:\/\/cuernavaca.gob.mx\/wp-content\/uploads\/2022\/11\/mujeres-cuernavaca-4-1-1024x682.jpg 1024w, https:\/\/cuernavaca.gob.mx\/wp-content\/uploads\/2022\/11\/mujeres-cuernavaca-4-1-300x200.jpg 300w, https:\/\/cuernavaca.gob.mx\/wp-content\/uploads\/2022\/11\/mujeres-cuernavaca-4-1-768x512.jpg 768w, https:\/\/cuernavaca.gob.mx\/wp-content\/uploads\/2022\/11\/mujeres-cuernavaca-4-1-600x400.jpg 600w, https:\/\/cuernavaca.gob.mx\/wp-content\/uploads\/2022\/11\/mujeres-cuernavaca-4-1-560x373.jpg 560w, https:\/\/cuernavaca.gob.mx\/wp-content\/uploads\/2022\/11\/mujeres-cuernavaca-4-1.jpg 1280w\" sizes=\"(max-width: 1024px) 100vw, 1024px\" \/><\/figure>\n\n\n\n<figure class=\"wp-block-image size-large\"><img loading=\"lazy\" width=\"1024\" height=\"682\" data-id=\"22042\"  src=\"https:\/\/cuernavaca.gob.mx\/wp-content\/uploads\/2022\/11\/mujeres-cuernavaca-5-1-1024x682.jpg\" alt=\"\" class=\"wp-image-22042\" srcset=\"https:\/\/cuernavaca.gob.mx\/wp-content\/uploads\/2022\/11\/mujeres-cuernavaca-5-1-1024x682.jpg 1024w, https:\/\/cuernavaca.gob.mx\/wp-content\/uploads\/2022\/11\/mujeres-cuernavaca-5-1-300x200.jpg 300w, https:\/\/cuernavaca.gob.mx\/wp-content\/uploads\/2022\/11\/mujeres-cuernavaca-5-1-768x512.jpg 768w, https:\/\/cuernavaca.gob.mx\/wp-content\/uploads\/2022\/11\/mujeres-cuernavaca-5-1-600x400.jpg 600w, https:\/\/cuernavaca.gob.mx\/wp-content\/uploads\/2022\/11\/mujeres-cuernavaca-5-1-560x373.jpg 560w, https:\/\/cuernavaca.gob.mx\/wp-content\/uploads\/2022\/11\/mujeres-cuernavaca-5-1.jpg 1280w\" sizes=\"(max-width: 1024px) 100vw, 1024px\" \/><\/figure>\n\n\n\n<figure class=\"wp-block-image size-large\"><img loading=\"lazy\" width=\"1024\" height=\"682\" data-id=\"22036\"  src=\"https:\/\/cuernavaca.gob.mx\/wp-content\/uploads\/2022\/11\/mujeres-cuernavaca-6-1-1024x682.jpg\" alt=\"\" class=\"wp-image-22036\" srcset=\"https:\/\/cuernavaca.gob.mx\/wp-content\/uploads\/2022\/11\/mujeres-cuernavaca-6-1-1024x682.jpg 1024w, https:\/\/cuernavaca.gob.mx\/wp-content\/uploads\/2022\/11\/mujeres-cuernavaca-6-1-300x200.jpg 300w, https:\/\/cuernavaca.gob.mx\/wp-content\/uploads\/2022\/11\/mujeres-cuernavaca-6-1-768x512.jpg 768w, https:\/\/cuernavaca.gob.mx\/wp-content\/uploads\/2022\/11\/mujeres-cuernavaca-6-1-600x400.jpg 600w, https:\/\/cuernavaca.gob.mx\/wp-content\/uploads\/2022\/11\/mujeres-cuernavaca-6-1-560x373.jpg 560w, https:\/\/cuernavaca.gob.mx\/wp-content\/uploads\/2022\/11\/mujeres-cuernavaca-6-1.jpg 1280w\" sizes=\"(max-width: 1024px) 100vw, 1024px\" \/><\/figure>\n\n\n\n<figure class=\"wp-block-image size-large\"><img loading=\"lazy\" width=\"1024\" height=\"682\" data-id=\"22046\"  src=\"https:\/\/cuernavaca.gob.mx\/wp-content\/uploads\/2022\/11\/mujeres-cuernavaca-7-1-1024x682.jpg\" alt=\"\" class=\"wp-image-22046\" srcset=\"https:\/\/cuernavaca.gob.mx\/wp-content\/uploads\/2022\/11\/mujeres-cuernavaca-7-1-1024x682.jpg 1024w, https:\/\/cuernavaca.gob.mx\/wp-content\/uploads\/2022\/11\/mujeres-cuernavaca-7-1-300x200.jpg 300w, https:\/\/cuernavaca.gob.mx\/wp-content\/uploads\/2022\/11\/mujeres-cuernavaca-7-1-768x512.jpg 768w, https:\/\/cuernavaca.gob.mx\/wp-content\/uploads\/2022\/11\/mujeres-cuernavaca-7-1-600x400.jpg 600w, https:\/\/cuernavaca.gob.mx\/wp-content\/uploads\/2022\/11\/mujeres-cuernavaca-7-1-560x373.jpg 560w, https:\/\/cuernavaca.gob.mx\/wp-content\/uploads\/2022\/11\/mujeres-cuernavaca-7-1.jpg 1280w\" sizes=\"(max-width: 1024px) 100vw, 1024px\" \/><\/figure>\n\n\n\n<figure class=\"wp-block-image size-large\"><img loading=\"lazy\" width=\"1024\" height=\"682\" data-id=\"22045\"  src=\"https:\/\/cuernavaca.gob.mx\/wp-content\/uploads\/2022\/11\/mujeres-cuernavaca-8-1-1024x682.jpg\" alt=\"\" class=\"wp-image-22045\" srcset=\"https:\/\/cuernavaca.gob.mx\/wp-content\/uploads\/2022\/11\/mujeres-cuernavaca-8-1-1024x682.jpg 1024w, https:\/\/cuernavaca.gob.mx\/wp-content\/uploads\/2022\/11\/mujeres-cuernavaca-8-1-300x200.jpg 300w, https:\/\/cuernavaca.gob.mx\/wp-content\/uploads\/2022\/11\/mujeres-cuernavaca-8-1-768x512.jpg 768w, https:\/\/cuernavaca.gob.mx\/wp-content\/uploads\/2022\/11\/mujeres-cuernavaca-8-1-600x400.jpg 600w, https:\/\/cuernavaca.gob.mx\/wp-content\/uploads\/2022\/11\/mujeres-cuernavaca-8-1-560x373.jpg 560w, https:\/\/cuernavaca.gob.mx\/wp-content\/uploads\/2022\/11\/mujeres-cuernavaca-8-1.jpg 1280w\" sizes=\"(max-width: 1024px) 100vw, 1024px\" \/><\/figure>\n\n\n\n<figure class=\"wp-block-image size-large\"><img loading=\"lazy\" width=\"1024\" height=\"682\" data-id=\"22047\"  src=\"https:\/\/cuernavaca.gob.mx\/wp-content\/uploads\/2022\/11\/mujeres-cuernavaca-9-1024x682.jpg\" alt=\"\" class=\"wp-image-22047\" srcset=\"https:\/\/cuernavaca.gob.mx\/wp-content\/uploads\/2022\/11\/mujeres-cuernavaca-9-1024x682.jpg 1024w, https:\/\/cuernavaca.gob.mx\/wp-content\/uploads\/2022\/11\/mujeres-cuernavaca-9-300x200.jpg 300w, https:\/\/cuernavaca.gob.mx\/wp-content\/uploads\/2022\/11\/mujeres-cuernavaca-9-768x512.jpg 768w, https:\/\/cuernavaca.gob.mx\/wp-content\/uploads\/2022\/11\/mujeres-cuernavaca-9-600x400.jpg 600w, https:\/\/cuernavaca.gob.mx\/wp-content\/uploads\/2022\/11\/mujeres-cuernavaca-9-560x373.jpg 560w, https:\/\/cuernavaca.gob.mx\/wp-content\/uploads\/2022\/11\/mujeres-cuernavaca-9.jpg 1280w\" sizes=\"(max-width: 1024px) 100vw, 1024px\" \/><\/figure>\n\n\n\n<figure class=\"wp-block-image size-large\"><img loading=\"lazy\" width=\"1024\" height=\"682\" data-id=\"22043\"  src=\"https:\/\/cuernavaca.gob.mx\/wp-content\/uploads\/2022\/11\/mujeres-cuernavaca-10-1024x682.jpg\" alt=\"\" class=\"wp-image-22043\" srcset=\"https:\/\/cuernavaca.gob.mx\/wp-content\/uploads\/2022\/11\/mujeres-cuernavaca-10-1024x682.jpg 1024w, https:\/\/cuernavaca.gob.mx\/wp-content\/uploads\/2022\/11\/mujeres-cuernavaca-10-300x200.jpg 300w, https:\/\/cuernavaca.gob.mx\/wp-content\/uploads\/2022\/11\/mujeres-cuernavaca-10-768x512.jpg 768w, https:\/\/cuernavaca.gob.mx\/wp-content\/uploads\/2022\/11\/mujeres-cuernavaca-10-600x400.jpg 600w, https:\/\/cuernavaca.gob.mx\/wp-content\/uploads\/2022\/11\/mujeres-cuernavaca-10-560x373.jpg 560w, https:\/\/cuernavaca.gob.mx\/wp-content\/uploads\/2022\/11\/mujeres-cuernavaca-10.jpg 1280w\" sizes=\"(max-width: 1024px) 100vw, 1024px\" \/><\/figure>\n\n\n\n<figure class=\"wp-block-image size-large\"><img loading=\"lazy\" width=\"1024\" height=\"682\" data-id=\"22039\"  src=\"https:\/\/cuernavaca.gob.mx\/wp-content\/uploads\/2022\/11\/mujeres-cuernavaca-11-1024x682.jpg\" alt=\"\" class=\"wp-image-22039\" srcset=\"https:\/\/cuernavaca.gob.mx\/wp-content\/uploads\/2022\/11\/mujeres-cuernavaca-11-1024x682.jpg 1024w, https:\/\/cuernavaca.gob.mx\/wp-content\/uploads\/2022\/11\/mujeres-cuernavaca-11-300x200.jpg 300w, https:\/\/cuernavaca.gob.mx\/wp-content\/uploads\/2022\/11\/mujeres-cuernavaca-11-768x512.jpg 768w, https:\/\/cuernavaca.gob.mx\/wp-content\/uploads\/2022\/11\/mujeres-cuernavaca-11-600x400.jpg 600w, https:\/\/cuernavaca.gob.mx\/wp-content\/uploads\/2022\/11\/mujeres-cuernavaca-11-560x373.jpg 560w, https:\/\/cuernavaca.gob.mx\/wp-content\/uploads\/2022\/11\/mujeres-cuernavaca-11.jpg 1280w\" sizes=\"(max-width: 1024px) 100vw, 1024px\" \/><\/figure>\n\n\n\n<figure class=\"wp-block-image size-large\"><img loading=\"lazy\" width=\"1024\" height=\"682\" data-id=\"22037\"  src=\"https:\/\/cuernavaca.gob.mx\/wp-content\/uploads\/2022\/11\/mujeres-cuernavaca-12-1024x682.jpg\" alt=\"\" class=\"wp-image-22037\" srcset=\"https:\/\/cuernavaca.gob.mx\/wp-content\/uploads\/2022\/11\/mujeres-cuernavaca-12-1024x682.jpg 1024w, https:\/\/cuernavaca.gob.mx\/wp-content\/uploads\/2022\/11\/mujeres-cuernavaca-12-300x200.jpg 300w, https:\/\/cuernavaca.gob.mx\/wp-content\/uploads\/2022\/11\/mujeres-cuernavaca-12-768x512.jpg 768w, https:\/\/cuernavaca.gob.mx\/wp-content\/uploads\/2022\/11\/mujeres-cuernavaca-12-600x400.jpg 600w, https:\/\/cuernavaca.gob.mx\/wp-content\/uploads\/2022\/11\/mujeres-cuernavaca-12-560x373.jpg 560w, https:\/\/cuernavaca.gob.mx\/wp-content\/uploads\/2022\/11\/mujeres-cuernavaca-12.jpg 1280w\" sizes=\"(max-width: 1024px) 100vw, 1024px\" \/><\/figure>\n\n\n\n<figure class=\"wp-block-image size-large\"><img loading=\"lazy\" width=\"1024\" height=\"682\" data-id=\"22052\"  src=\"https:\/\/cuernavaca.gob.mx\/wp-content\/uploads\/2022\/11\/mujeres-cuernavaca-13-1024x682.jpg\" alt=\"\" class=\"wp-image-22052\" srcset=\"https:\/\/cuernavaca.gob.mx\/wp-content\/uploads\/2022\/11\/mujeres-cuernavaca-13-1024x682.jpg 1024w, https:\/\/cuernavaca.gob.mx\/wp-content\/uploads\/2022\/11\/mujeres-cuernavaca-13-300x200.jpg 300w, https:\/\/cuernavaca.gob.mx\/wp-content\/uploads\/2022\/11\/mujeres-cuernavaca-13-768x512.jpg 768w, https:\/\/cuernavaca.gob.mx\/wp-content\/uploads\/2022\/11\/mujeres-cuernavaca-13-600x400.jpg 600w, https:\/\/cuernavaca.gob.mx\/wp-content\/uploads\/2022\/11\/mujeres-cuernavaca-13-560x373.jpg 560w, https:\/\/cuernavaca.gob.mx\/wp-content\/uploads\/2022\/11\/mujeres-cuernavaca-13.jpg 1280w\" sizes=\"(max-width: 1024px) 100vw, 1024px\" \/><\/figure>\n\n\n\n<figure class=\"wp-block-image size-large\"><img loading=\"lazy\" width=\"1024\" height=\"682\" data-id=\"22050\"  src=\"https:\/\/cuernavaca.gob.mx\/wp-content\/uploads\/2022\/11\/mujeres-cuernavaca-14-1024x682.jpg\" alt=\"\" class=\"wp-image-22050\" srcset=\"https:\/\/cuernavaca.gob.mx\/wp-content\/uploads\/2022\/11\/mujeres-cuernavaca-14-1024x682.jpg 1024w, https:\/\/cuernavaca.gob.mx\/wp-content\/uploads\/2022\/11\/mujeres-cuernavaca-14-300x200.jpg 300w, https:\/\/cuernavaca.gob.mx\/wp-content\/uploads\/2022\/11\/mujeres-cuernavaca-14-768x512.jpg 768w, https:\/\/cuernavaca.gob.mx\/wp-content\/uploads\/2022\/11\/mujeres-cuernavaca-14-600x400.jpg 600w, https:\/\/cuernavaca.gob.mx\/wp-content\/uploads\/2022\/11\/mujeres-cuernavaca-14-560x373.jpg 560w, https:\/\/cuernavaca.gob.mx\/wp-content\/uploads\/2022\/11\/mujeres-cuernavaca-14.jpg 1280w\" sizes=\"(max-width: 1024px) 100vw, 1024px\" \/><\/figure>\n\n\n\n<figure class=\"wp-block-image size-large\"><img loading=\"lazy\" width=\"1024\" height=\"682\" data-id=\"22053\"  src=\"https:\/\/cuernavaca.gob.mx\/wp-content\/uploads\/2022\/11\/mujeres-cuernavaca-15-1024x682.jpg\" alt=\"\" class=\"wp-image-22053\" srcset=\"https:\/\/cuernavaca.gob.mx\/wp-content\/uploads\/2022\/11\/mujeres-cuernavaca-15-1024x682.jpg 1024w, https:\/\/cuernavaca.gob.mx\/wp-content\/uploads\/2022\/11\/mujeres-cuernavaca-15-300x200.jpg 300w, https:\/\/cuernavaca.gob.mx\/wp-content\/uploads\/2022\/11\/mujeres-cuernavaca-15-768x512.jpg 768w, https:\/\/cuernavaca.gob.mx\/wp-content\/uploads\/2022\/11\/mujeres-cuernavaca-15-600x400.jpg 600w, https:\/\/cuernavaca.gob.mx\/wp-content\/uploads\/2022\/11\/mujeres-cuernavaca-15-560x373.jpg 560w, https:\/\/cuernavaca.gob.mx\/wp-content\/uploads\/2022\/11\/mujeres-cuernavaca-15.jpg 1280w\" sizes=\"(max-width: 1024px) 100vw, 1024px\" \/><\/figure>\n\n\n\n<figure class=\"wp-block-image size-large\"><img loading=\"lazy\" width=\"1024\" height=\"682\" data-id=\"22040\"  src=\"https:\/\/cuernavaca.gob.mx\/wp-content\/uploads\/2022\/11\/mujeres-cuernavaca-16-1024x682.jpg\" alt=\"\" class=\"wp-image-22040\" srcset=\"https:\/\/cuernavaca.gob.mx\/wp-content\/uploads\/2022\/11\/mujeres-cuernavaca-16-1024x682.jpg 1024w, https:\/\/cuernavaca.gob.mx\/wp-content\/uploads\/2022\/11\/mujeres-cuernavaca-16-300x200.jpg 300w, https:\/\/cuernavaca.gob.mx\/wp-content\/uploads\/2022\/11\/mujeres-cuernavaca-16-768x512.jpg 768w, https:\/\/cuernavaca.gob.mx\/wp-content\/uploads\/2022\/11\/mujeres-cuernavaca-16-600x400.jpg 600w, https:\/\/cuernavaca.gob.mx\/wp-content\/uploads\/2022\/11\/mujeres-cuernavaca-16-560x373.jpg 560w, https:\/\/cuernavaca.gob.mx\/wp-content\/uploads\/2022\/11\/mujeres-cuernavaca-16.jpg 1280w\" sizes=\"(max-width: 1024px) 100vw, 1024px\" \/><\/figure>\n\n\n\n<figure class=\"wp-block-image size-large\"><img loading=\"lazy\" width=\"1024\" height=\"682\" data-id=\"22049\"  src=\"https:\/\/cuernavaca.gob.mx\/wp-content\/uploads\/2022\/11\/mujeres-cuernavaca-17-1024x682.jpg\" alt=\"\" class=\"wp-image-22049\" srcset=\"https:\/\/cuernavaca.gob.mx\/wp-content\/uploads\/2022\/11\/mujeres-cuernavaca-17-1024x682.jpg 1024w, https:\/\/cuernavaca.gob.mx\/wp-content\/uploads\/2022\/11\/mujeres-cuernavaca-17-300x200.jpg 300w, https:\/\/cuernavaca.gob.mx\/wp-content\/uploads\/2022\/11\/mujeres-cuernavaca-17-768x512.jpg 768w, https:\/\/cuernavaca.gob.mx\/wp-content\/uploads\/2022\/11\/mujeres-cuernavaca-17-600x400.jpg 600w, https:\/\/cuernavaca.gob.mx\/wp-content\/uploads\/2022\/11\/mujeres-cuernavaca-17-560x373.jpg 560w, https:\/\/cuernavaca.gob.mx\/wp-content\/uploads\/2022\/11\/mujeres-cuernavaca-17.jpg 1280w\" sizes=\"(max-width: 1024px) 100vw, 1024px\" \/><\/figure>\n\n\n\n<figure class=\"wp-block-image size-large\"><img loading=\"lazy\" width=\"1024\" height=\"682\" data-id=\"22051\"  src=\"https:\/\/cuernavaca.gob.mx\/wp-content\/uploads\/2022\/11\/mujeres-cuernavaca-18-1024x682.jpg\" alt=\"\" class=\"wp-image-22051\" srcset=\"https:\/\/cuernavaca.gob.mx\/wp-content\/uploads\/2022\/11\/mujeres-cuernavaca-18-1024x682.jpg 1024w, https:\/\/cuernavaca.gob.mx\/wp-content\/uploads\/2022\/11\/mujeres-cuernavaca-18-300x200.jpg 300w, https:\/\/cuernavaca.gob.mx\/wp-content\/uploads\/2022\/11\/mujeres-cuernavaca-18-768x512.jpg 768w, https:\/\/cuernavaca.gob.mx\/wp-content\/uploads\/2022\/11\/mujeres-cuernavaca-18-600x400.jpg 600w, https:\/\/cuernavaca.gob.mx\/wp-content\/uploads\/2022\/11\/mujeres-cuernavaca-18-560x373.jpg 560w, https:\/\/cuernavaca.gob.mx\/wp-content\/uploads\/2022\/11\/mujeres-cuernavaca-18.jpg 1280w\" sizes=\"(max-width: 1024px) 100vw, 1024px\" \/><\/figure>\n\n\n\n<figure class=\"wp-block-image size-large\"><img loading=\"lazy\" width=\"1024\" height=\"682\" data-id=\"22048\"  src=\"https:\/\/cuernavaca.gob.mx\/wp-content\/uploads\/2022\/11\/mujeres-cuernavaca-19-1024x682.jpg\" alt=\"\" class=\"wp-image-22048\" srcset=\"https:\/\/cuernavaca.gob.mx\/wp-content\/uploads\/2022\/11\/mujeres-cuernavaca-19-1024x682.jpg 1024w, https:\/\/cuernavaca.gob.mx\/wp-content\/uploads\/2022\/11\/mujeres-cuernavaca-19-300x200.jpg 300w, https:\/\/cuernavaca.gob.mx\/wp-content\/uploads\/2022\/11\/mujeres-cuernavaca-19-768x512.jpg 768w, https:\/\/cuernavaca.gob.mx\/wp-content\/uploads\/2022\/11\/mujeres-cuernavaca-19-600x400.jpg 600w, https:\/\/cuernavaca.gob.mx\/wp-content\/uploads\/2022\/11\/mujeres-cuernavaca-19-560x373.jpg 560w, https:\/\/cuernavaca.gob.mx\/wp-content\/uploads\/2022\/11\/mujeres-cuernavaca-19.jpg 1280w\" sizes=\"(max-width: 1024px) 100vw, 1024px\" \/><\/figure>\n<\/figure>\n","protected":false},"excerpt":{"rendered":"<p>\u2022 El presidente municipal, Jos\u00e9 Luis Uri\u00f3stegui firm\u00f3 este s\u00e1bado un acuerdo con IKIAGI, Academia Pol\u00edtica para Mujeres en el marco del Conversatorio &#8220;Ellas que transforman el mundo&#8221; \u2022 El pr\u00f3ximo a\u00f1o la capital de Morelos ser\u00e1 la sede del Encuentro Mundial de Mujeres que Transforman el Mundo La ciudad de Cuernavaca ser\u00e1 la capital [&hellip;]<\/p>\n","protected":false},"author":1,"featured_media":22048,"comment_status":"closed","ping_status":"open","sticky":false,"template":"","format":"standard","meta":[],"categories":[280],"tags":[121,684,2680,2681,120,206,388,202,1438],"aioseo_notices":[],"_links":{"self":[{"href":"https:\/\/cuernavaca.gob.mx\/index.php?rest_route=\/wp\/v2\/posts\/22031"}],"collection":[{"href":"https:\/\/cuernavaca.gob.mx\/index.php?rest_route=\/wp\/v2\/posts"}],"about":[{"href":"https:\/\/cuernavaca.gob.mx\/index.php?rest_route=\/wp\/v2\/types\/post"}],"author":[{"embeddable":true,"href":"https:\/\/cuernavaca.gob.mx\/index.php?rest_route=\/wp\/v2\/users\/1"}],"replies":[{"embeddable":true,"href":"https:\/\/cuernavaca.gob.mx\/index.php?rest_route=%2Fwp%2Fv2%2Fcomments&post=22031"}],"version-history":[{"count":1,"href":"https:\/\/cuernavaca.gob.mx\/index.php?rest_route=\/wp\/v2\/posts\/22031\/revisions"}],"predecessor-version":[{"id":22054,"href":"https:\/\/cuernavaca.gob.mx\/index.php?rest_route=\/wp\/v2\/posts\/22031\/revisions\/22054"}],"wp:featuredmedia":[{"embeddable":true,"href":"https:\/\/cuernavaca.gob.mx\/index.php?rest_route=\/wp\/v2\/media\/22048"}],"wp:attachment":[{"href":"https:\/\/cuernavaca.gob.mx\/index.php?rest_route=%2Fwp%2Fv2%2Fmedia&parent=22031"}],"wp:term":[{"taxonomy":"category","embeddable":true,"href":"https:\/\/cuernavaca.gob.mx\/index.php?rest_route=%2Fwp%2Fv2%2Fcategories&post=22031"},{"taxonomy":"post_tag","embeddable":true,"href":"https:\/\/cuernavaca.gob.mx\/index.php?rest_route=%2Fwp%2Fv2%2Ftags&post=22031"}],"curies":[{"name":"wp","href":"https:\/\/api.w.org\/{rel}","templated":true}]}}