{"id":22147,"date":"2022-11-29T16:30:00","date_gmt":"2022-11-29T22:30:00","guid":{"rendered":"https:\/\/cuernavaca.gob.mx\/?p=22147"},"modified":"2025-05-06T12:24:15","modified_gmt":"2025-05-06T18:24:15","slug":"b546-29-11-22-la-colonia-lagunilla-renace-con-obras-publicas-que-mejoran-el-desarrollo-y-calidad-de-vida-de-la-poblacion","status":"publish","type":"post","link":"https:\/\/cuernavaca.gob.mx\/?p=22147","title":{"rendered":"B546 29\/11\/22 LA COLONIA LAGUNILLA RENACE CON OBRAS P\u00daBLICAS QUE MEJORAN EL DESARROLLO Y CALIDAD DE VIDA DE LA POBLACI\u00d3N"},"content":{"rendered":"\n<p><strong>\u2022 El Ayuntamiento de Cuernavaca inaugur\u00f3 este martes la construcci\u00f3n de pavimento asf\u00e1ltico en la avenida Mariano Matamoros y Margarita Maza de Ju\u00e1rez<\/strong><\/p>\n\n\n\n<p><strong>\u2022 Esta obra es complementaria a dos m\u00e1s que efectu\u00f3 el municipio en esta vialidad que conecta a las colonias de la zona poniente de la ciudad con el Centro Hist\u00f3rico<\/strong><\/p>\n\n\n\n<p>El presidente municipal de Cuernavaca, Jos\u00e9 Luis Uri\u00f3stegui Salgado, junto con las regidoras Wendi Salinas Ruiz, Mirna Delegado Romero y Lucero Cuenca Noria, inauguraron este martes la construcci\u00f3n de pavimento asf\u00e1ltico en la avenida Mariano Matamoros y Margarita Maza de Ju\u00e1rez en la colonia Lagunilla, que mejorar\u00e1 la comunicaci\u00f3n y movilidad de miles de familias en la zona poniente de la ciudad.<\/p>\n\n\n\n<p>La explicaci\u00f3n t\u00e9cnica qued\u00f3 en manos del secretario de Desarrollo Urbano y Obras P\u00fablicas, Alejandro Rosas L\u00f3pez, quien refiri\u00f3 que para esta obra se tuvo una inversi\u00f3n de cuatro millones 788 mil pesos con recursos del Fondo de Aportaciones para la Infraestructura Social (FAIS); con una longitud de 1.2 kil\u00f3metros se realiz\u00f3 el fresado de la superficie, un barrido, riego de liga y posteriormente, la carpeta de concreto asf\u00e1ltico en cinco cent\u00edmetros de espesor.<\/p>\n\n\n\n<p>Adem\u00e1s, como trabajos complementarios se efectu\u00f3 la reposici\u00f3n de banquetas en mal estado, la re nivelaci\u00f3n de pozos de visita, rejillas y tapas de registro, as\u00ed como la construcci\u00f3n de rampas de balizamiento, con lo cual se une a la construcci\u00f3n de pavimento asf\u00e1ltico en avenida Mariano Matamoros y 30 de abril en la misma colonia.<\/p>\n\n\n\n<p>En este sentido, el alcalde Jos\u00e9 Luis Uri\u00f3stegui, afirm\u00f3 que con esta obra se tienen hasta el momento m\u00e1s de 2.6 kil\u00f3metros lineales de una vialidad que comunica y permite a la poblaci\u00f3n llegar m\u00e1s r\u00e1pido a su destino, transformando el sentimiento de bienestar, al observar una avenida en \u00f3ptimas condiciones que podr\u00e1 renacer el buen humor y el \u00e1nimo de participar, \u201cla inversi\u00f3n en obra p\u00fablica no es eficaz, sino se logra que la gente se sienta bien con esas inversiones, pueden estar muy alejadas de las necesidades de la poblaci\u00f3n o pueden no ser \u00fatiles. Nosotros buscamos que sean cercanas, que sean \u00fatiles y que sean eficaces\u201d.<\/p>\n\n\n\n<p>En representaci\u00f3n del Cabildo, las regidoras Wendi Salinas, Mirna Delgado y Lucero Cuenca, concordaron en que los hechos dicen m\u00e1s que las palabras y esta obra podr\u00e1 cambiar la vida de los vecinos y usuarios que transitan diariamente por ella, terminando con un rezago hist\u00f3rico en la ciudad en materia de obra p\u00fablica.<\/p>\n\n\n\n<p>Por su lado, el titular de la Delegaci\u00f3n Mariano Matamoros, Rafael Franco Tavira, reconoci\u00f3 que en tan solo 11 meses la presente administraci\u00f3n ha logrado invertir m\u00e1s recursos en obras p\u00fablicas de lo que se hab\u00eda visto en a\u00f1os en Cuernavaca, solventando necesidades.<\/p>\n\n\n\n<p>A nombre de los cuatro mil habitantes directos y 35 mil usuarios indirectos beneficiados, la presidenta del Comit\u00e9 de Participaci\u00f3n Social de la colonia Lagunilla, Mariana Garc\u00eda, agradeci\u00f3 el cambio que est\u00e1 encabezando el Gobierno Municipal en su colonia, consolidando su deseo de que La Lagunilla vuelva a brillar.<\/p>\n\n\n\n<p>En el arranque de obra se cont\u00f3 con la presencia del director de Desarrollo Urbano de la Secretar\u00eda de Desarrollo Urbano y Obras P\u00fablicas, Juan Jos\u00e9 Alcal\u00e1 Ortega; y de la ayudante municipal de San Ant\u00f3n, Paloma Mart\u00ednez Bahena.<\/p>\n\n\n\n<figure class=\"wp-container-2 wp-block-gallery-1 wp-block-gallery has-nested-images columns-default is-cropped\">\n<figure class=\"wp-block-image size-large\"><img loading=\"lazy\" width=\"1024\" height=\"682\" data-id=\"22148\"  src=\"https:\/\/cuernavaca.gob.mx\/wp-content\/uploads\/2022\/11\/obras-cuernavaca-1-1-1024x682.jpg\" alt=\"\" class=\"wp-image-22148\" srcset=\"https:\/\/cuernavaca.gob.mx\/wp-content\/uploads\/2022\/11\/obras-cuernavaca-1-1-1024x682.jpg 1024w, https:\/\/cuernavaca.gob.mx\/wp-content\/uploads\/2022\/11\/obras-cuernavaca-1-1-300x200.jpg 300w, https:\/\/cuernavaca.gob.mx\/wp-content\/uploads\/2022\/11\/obras-cuernavaca-1-1-768x512.jpg 768w, https:\/\/cuernavaca.gob.mx\/wp-content\/uploads\/2022\/11\/obras-cuernavaca-1-1-600x400.jpg 600w, https:\/\/cuernavaca.gob.mx\/wp-content\/uploads\/2022\/11\/obras-cuernavaca-1-1-560x373.jpg 560w, https:\/\/cuernavaca.gob.mx\/wp-content\/uploads\/2022\/11\/obras-cuernavaca-1-1.jpg 1280w\" sizes=\"(max-width: 1024px) 100vw, 1024px\" \/><\/figure>\n\n\n\n<figure class=\"wp-block-image size-large\"><img loading=\"lazy\" width=\"1024\" height=\"682\" data-id=\"22157\"  src=\"https:\/\/cuernavaca.gob.mx\/wp-content\/uploads\/2022\/11\/obras-cuernavaca-2-1-1024x682.jpg\" alt=\"\" class=\"wp-image-22157\" srcset=\"https:\/\/cuernavaca.gob.mx\/wp-content\/uploads\/2022\/11\/obras-cuernavaca-2-1-1024x682.jpg 1024w, https:\/\/cuernavaca.gob.mx\/wp-content\/uploads\/2022\/11\/obras-cuernavaca-2-1-300x200.jpg 300w, https:\/\/cuernavaca.gob.mx\/wp-content\/uploads\/2022\/11\/obras-cuernavaca-2-1-768x512.jpg 768w, https:\/\/cuernavaca.gob.mx\/wp-content\/uploads\/2022\/11\/obras-cuernavaca-2-1-600x400.jpg 600w, https:\/\/cuernavaca.gob.mx\/wp-content\/uploads\/2022\/11\/obras-cuernavaca-2-1-560x373.jpg 560w, https:\/\/cuernavaca.gob.mx\/wp-content\/uploads\/2022\/11\/obras-cuernavaca-2-1.jpg 1280w\" sizes=\"(max-width: 1024px) 100vw, 1024px\" \/><\/figure>\n\n\n\n<figure class=\"wp-block-image size-large\"><img loading=\"lazy\" width=\"1024\" height=\"682\" data-id=\"22153\"  src=\"https:\/\/cuernavaca.gob.mx\/wp-content\/uploads\/2022\/11\/obras-cuernavaca-3-1-1024x682.jpg\" alt=\"\" class=\"wp-image-22153\" srcset=\"https:\/\/cuernavaca.gob.mx\/wp-content\/uploads\/2022\/11\/obras-cuernavaca-3-1-1024x682.jpg 1024w, https:\/\/cuernavaca.gob.mx\/wp-content\/uploads\/2022\/11\/obras-cuernavaca-3-1-300x200.jpg 300w, https:\/\/cuernavaca.gob.mx\/wp-content\/uploads\/2022\/11\/obras-cuernavaca-3-1-768x512.jpg 768w, https:\/\/cuernavaca.gob.mx\/wp-content\/uploads\/2022\/11\/obras-cuernavaca-3-1-600x400.jpg 600w, https:\/\/cuernavaca.gob.mx\/wp-content\/uploads\/2022\/11\/obras-cuernavaca-3-1-560x373.jpg 560w, https:\/\/cuernavaca.gob.mx\/wp-content\/uploads\/2022\/11\/obras-cuernavaca-3-1.jpg 1280w\" sizes=\"(max-width: 1024px) 100vw, 1024px\" \/><\/figure>\n\n\n\n<figure class=\"wp-block-image size-large\"><img loading=\"lazy\" width=\"1024\" height=\"682\" data-id=\"22151\"  src=\"https:\/\/cuernavaca.gob.mx\/wp-content\/uploads\/2022\/11\/obras-cuernavaca-4-1-1024x682.jpg\" alt=\"\" class=\"wp-image-22151\" srcset=\"https:\/\/cuernavaca.gob.mx\/wp-content\/uploads\/2022\/11\/obras-cuernavaca-4-1-1024x682.jpg 1024w, https:\/\/cuernavaca.gob.mx\/wp-content\/uploads\/2022\/11\/obras-cuernavaca-4-1-300x200.jpg 300w, https:\/\/cuernavaca.gob.mx\/wp-content\/uploads\/2022\/11\/obras-cuernavaca-4-1-768x512.jpg 768w, https:\/\/cuernavaca.gob.mx\/wp-content\/uploads\/2022\/11\/obras-cuernavaca-4-1-600x400.jpg 600w, https:\/\/cuernavaca.gob.mx\/wp-content\/uploads\/2022\/11\/obras-cuernavaca-4-1-560x373.jpg 560w, https:\/\/cuernavaca.gob.mx\/wp-content\/uploads\/2022\/11\/obras-cuernavaca-4-1.jpg 1280w\" sizes=\"(max-width: 1024px) 100vw, 1024px\" \/><\/figure>\n\n\n\n<figure class=\"wp-block-image size-large\"><img loading=\"lazy\" width=\"1024\" height=\"682\" data-id=\"22152\"  src=\"https:\/\/cuernavaca.gob.mx\/wp-content\/uploads\/2022\/11\/obras-cuernavaca-5-1-1024x682.jpg\" alt=\"\" class=\"wp-image-22152\" srcset=\"https:\/\/cuernavaca.gob.mx\/wp-content\/uploads\/2022\/11\/obras-cuernavaca-5-1-1024x682.jpg 1024w, https:\/\/cuernavaca.gob.mx\/wp-content\/uploads\/2022\/11\/obras-cuernavaca-5-1-300x200.jpg 300w, https:\/\/cuernavaca.gob.mx\/wp-content\/uploads\/2022\/11\/obras-cuernavaca-5-1-768x512.jpg 768w, https:\/\/cuernavaca.gob.mx\/wp-content\/uploads\/2022\/11\/obras-cuernavaca-5-1-600x400.jpg 600w, https:\/\/cuernavaca.gob.mx\/wp-content\/uploads\/2022\/11\/obras-cuernavaca-5-1-560x373.jpg 560w, https:\/\/cuernavaca.gob.mx\/wp-content\/uploads\/2022\/11\/obras-cuernavaca-5-1.jpg 1280w\" sizes=\"(max-width: 1024px) 100vw, 1024px\" \/><\/figure>\n\n\n\n<figure class=\"wp-block-image size-large\"><img loading=\"lazy\" width=\"1024\" height=\"682\" data-id=\"22155\"  src=\"https:\/\/cuernavaca.gob.mx\/wp-content\/uploads\/2022\/11\/obras-cuernavaca-6-1024x682.jpg\" alt=\"\" class=\"wp-image-22155\" srcset=\"https:\/\/cuernavaca.gob.mx\/wp-content\/uploads\/2022\/11\/obras-cuernavaca-6-1024x682.jpg 1024w, https:\/\/cuernavaca.gob.mx\/wp-content\/uploads\/2022\/11\/obras-cuernavaca-6-300x200.jpg 300w, https:\/\/cuernavaca.gob.mx\/wp-content\/uploads\/2022\/11\/obras-cuernavaca-6-768x512.jpg 768w, https:\/\/cuernavaca.gob.mx\/wp-content\/uploads\/2022\/11\/obras-cuernavaca-6-600x400.jpg 600w, https:\/\/cuernavaca.gob.mx\/wp-content\/uploads\/2022\/11\/obras-cuernavaca-6-560x373.jpg 560w, https:\/\/cuernavaca.gob.mx\/wp-content\/uploads\/2022\/11\/obras-cuernavaca-6.jpg 1280w\" sizes=\"(max-width: 1024px) 100vw, 1024px\" \/><\/figure>\n\n\n\n<figure class=\"wp-block-image size-large\"><img loading=\"lazy\" width=\"1024\" height=\"682\" data-id=\"22154\"  src=\"https:\/\/cuernavaca.gob.mx\/wp-content\/uploads\/2022\/11\/obras-cuernavaca-7-1024x682.jpg\" alt=\"\" class=\"wp-image-22154\" srcset=\"https:\/\/cuernavaca.gob.mx\/wp-content\/uploads\/2022\/11\/obras-cuernavaca-7-1024x682.jpg 1024w, https:\/\/cuernavaca.gob.mx\/wp-content\/uploads\/2022\/11\/obras-cuernavaca-7-300x200.jpg 300w, https:\/\/cuernavaca.gob.mx\/wp-content\/uploads\/2022\/11\/obras-cuernavaca-7-768x512.jpg 768w, https:\/\/cuernavaca.gob.mx\/wp-content\/uploads\/2022\/11\/obras-cuernavaca-7-600x400.jpg 600w, https:\/\/cuernavaca.gob.mx\/wp-content\/uploads\/2022\/11\/obras-cuernavaca-7-560x373.jpg 560w, https:\/\/cuernavaca.gob.mx\/wp-content\/uploads\/2022\/11\/obras-cuernavaca-7.jpg 1280w\" sizes=\"(max-width: 1024px) 100vw, 1024px\" \/><\/figure>\n\n\n\n<figure class=\"wp-block-image size-large\"><img loading=\"lazy\" width=\"1024\" height=\"682\" data-id=\"22149\"  src=\"https:\/\/cuernavaca.gob.mx\/wp-content\/uploads\/2022\/11\/obras-cuernavaca-8-1024x682.jpg\" alt=\"\" class=\"wp-image-22149\" srcset=\"https:\/\/cuernavaca.gob.mx\/wp-content\/uploads\/2022\/11\/obras-cuernavaca-8-1024x682.jpg 1024w, https:\/\/cuernavaca.gob.mx\/wp-content\/uploads\/2022\/11\/obras-cuernavaca-8-300x200.jpg 300w, https:\/\/cuernavaca.gob.mx\/wp-content\/uploads\/2022\/11\/obras-cuernavaca-8-768x512.jpg 768w, https:\/\/cuernavaca.gob.mx\/wp-content\/uploads\/2022\/11\/obras-cuernavaca-8-600x400.jpg 600w, https:\/\/cuernavaca.gob.mx\/wp-content\/uploads\/2022\/11\/obras-cuernavaca-8-560x373.jpg 560w, https:\/\/cuernavaca.gob.mx\/wp-content\/uploads\/2022\/11\/obras-cuernavaca-8.jpg 1280w\" sizes=\"(max-width: 1024px) 100vw, 1024px\" \/><\/figure>\n\n\n\n<figure class=\"wp-block-image size-large\"><img loading=\"lazy\" width=\"1024\" height=\"682\" data-id=\"22150\"  src=\"https:\/\/cuernavaca.gob.mx\/wp-content\/uploads\/2022\/11\/obras-cuernavaca-9-1024x682.jpg\" alt=\"\" class=\"wp-image-22150\" srcset=\"https:\/\/cuernavaca.gob.mx\/wp-content\/uploads\/2022\/11\/obras-cuernavaca-9-1024x682.jpg 1024w, https:\/\/cuernavaca.gob.mx\/wp-content\/uploads\/2022\/11\/obras-cuernavaca-9-300x200.jpg 300w, https:\/\/cuernavaca.gob.mx\/wp-content\/uploads\/2022\/11\/obras-cuernavaca-9-768x512.jpg 768w, https:\/\/cuernavaca.gob.mx\/wp-content\/uploads\/2022\/11\/obras-cuernavaca-9-600x400.jpg 600w, https:\/\/cuernavaca.gob.mx\/wp-content\/uploads\/2022\/11\/obras-cuernavaca-9-560x373.jpg 560w, https:\/\/cuernavaca.gob.mx\/wp-content\/uploads\/2022\/11\/obras-cuernavaca-9.jpg 1280w\" sizes=\"(max-width: 1024px) 100vw, 1024px\" \/><\/figure>\n\n\n\n<figure class=\"wp-block-image size-large\"><img loading=\"lazy\" width=\"1024\" height=\"682\" data-id=\"22156\"  src=\"https:\/\/cuernavaca.gob.mx\/wp-content\/uploads\/2022\/11\/obras-cuernavaca-10-1024x682.jpg\" alt=\"\" class=\"wp-image-22156\" srcset=\"https:\/\/cuernavaca.gob.mx\/wp-content\/uploads\/2022\/11\/obras-cuernavaca-10-1024x682.jpg 1024w, https:\/\/cuernavaca.gob.mx\/wp-content\/uploads\/2022\/11\/obras-cuernavaca-10-300x200.jpg 300w, https:\/\/cuernavaca.gob.mx\/wp-content\/uploads\/2022\/11\/obras-cuernavaca-10-768x512.jpg 768w, https:\/\/cuernavaca.gob.mx\/wp-content\/uploads\/2022\/11\/obras-cuernavaca-10-600x400.jpg 600w, https:\/\/cuernavaca.gob.mx\/wp-content\/uploads\/2022\/11\/obras-cuernavaca-10-560x373.jpg 560w, https:\/\/cuernavaca.gob.mx\/wp-content\/uploads\/2022\/11\/obras-cuernavaca-10.jpg 1280w\" sizes=\"(max-width: 1024px) 100vw, 1024px\" \/><\/figure>\n<\/figure>\n","protected":false},"excerpt":{"rendered":"<p>\u2022 El Ayuntamiento de Cuernavaca inaugur\u00f3 este martes la construcci\u00f3n de pavimento asf\u00e1ltico en la avenida Mariano Matamoros y Margarita Maza de Ju\u00e1rez \u2022 Esta obra es complementaria a dos m\u00e1s que efectu\u00f3 el municipio en esta vialidad que conecta a las colonias de la zona poniente de la ciudad con el Centro Hist\u00f3rico El [&hellip;]<\/p>\n","protected":false},"author":1,"featured_media":22155,"comment_status":"closed","ping_status":"open","sticky":false,"template":"","format":"standard","meta":[],"categories":[18],"tags":[1610,1261,121,120,2288,206,1075,232,358,2303,342],"aioseo_notices":[],"_links":{"self":[{"href":"https:\/\/cuernavaca.gob.mx\/index.php?rest_route=\/wp\/v2\/posts\/22147"}],"collection":[{"href":"https:\/\/cuernavaca.gob.mx\/index.php?rest_route=\/wp\/v2\/posts"}],"about":[{"href":"https:\/\/cuernavaca.gob.mx\/index.php?rest_route=\/wp\/v2\/types\/post"}],"author":[{"embeddable":true,"href":"https:\/\/cuernavaca.gob.mx\/index.php?rest_route=\/wp\/v2\/users\/1"}],"replies":[{"embeddable":true,"href":"https:\/\/cuernavaca.gob.mx\/index.php?rest_route=%2Fwp%2Fv2%2Fcomments&post=22147"}],"version-history":[{"count":1,"href":"https:\/\/cuernavaca.gob.mx\/index.php?rest_route=\/wp\/v2\/posts\/22147\/revisions"}],"predecessor-version":[{"id":22158,"href":"https:\/\/cuernavaca.gob.mx\/index.php?rest_route=\/wp\/v2\/posts\/22147\/revisions\/22158"}],"wp:featuredmedia":[{"embeddable":true,"href":"https:\/\/cuernavaca.gob.mx\/index.php?rest_route=\/wp\/v2\/media\/22155"}],"wp:attachment":[{"href":"https:\/\/cuernavaca.gob.mx\/index.php?rest_route=%2Fwp%2Fv2%2Fmedia&parent=22147"}],"wp:term":[{"taxonomy":"category","embeddable":true,"href":"https:\/\/cuernavaca.gob.mx\/index.php?rest_route=%2Fwp%2Fv2%2Fcategories&post=22147"},{"taxonomy":"post_tag","embeddable":true,"href":"https:\/\/cuernavaca.gob.mx\/index.php?rest_route=%2Fwp%2Fv2%2Ftags&post=22147"}],"curies":[{"name":"wp","href":"https:\/\/api.w.org\/{rel}","templated":true}]}}