{"id":22159,"date":"2022-11-29T17:30:00","date_gmt":"2022-11-29T23:30:00","guid":{"rendered":"https:\/\/cuernavaca.gob.mx\/?p=22159"},"modified":"2025-05-06T12:24:15","modified_gmt":"2025-05-06T18:24:15","slug":"b547-29-11-22-cuernavaca-abre-sus-puertas-a-la-oficina-movil-de-seguimiento-del-programa-jovenes-construyendo-el-futuro","status":"publish","type":"post","link":"https:\/\/cuernavaca.gob.mx\/?p=22159","title":{"rendered":"B547 29\/11\/22 CUERNAVACA ABRE SUS PUERTAS A LA OFICINA M\u00d3VIL DE SEGUIMIENTO DEL PROGRAMA J\u00d3VENES CONSTRUYENDO EL FUTURO"},"content":{"rendered":"\n<p><strong>\u2022 El Museo de la Ciudad fue sede de este m\u00f3dulo distintivo en el marco del D\u00eda Internacional contra la Violencia hacia la Mujer, ofreciendo a las y los j\u00f3venes cuernavacenses m\u00e1s de 150 plazas vacantes<\/strong><\/p>\n\n\n\n<p><strong>\u2022 El presidente municipal, Jos\u00e9 Luis Uri\u00f3stegui resalt\u00f3 la importancia de aprovechar las oportunidades laborales que fortalecer\u00e1n a la sociedad<\/strong><\/p>\n\n\n\n<p>El Ayuntamiento de Cuernavaca abri\u00f3 las puertas este martes del Museo de la Ciudad para que j\u00f3venes de entre 18 y 29 a\u00f1os pudieran acceder f\u00e1cilmente a oportunidades laborales a trav\u00e9s de la Oficina M\u00f3vil de Seguimiento del programa J\u00f3venes Construyendo el Futuro en el marco del D\u00eda Internacional contra la Violencia hacia la Mujer, donde se ofrecieron m\u00e1s de 150 plazas vacantes de empresas transnacionales y locales en distintos giros, reforzando la colaboraci\u00f3n interinstitucional.<\/p>\n\n\n\n<p>En el acto protocolario, el presidente municipal, Jos\u00e9 Luis Uri\u00f3stegui Salgado, resalt\u00f3 la importancia de aprovechar estas oportunidades laborales, ya que con J\u00f3venes Construyendo el Futuro no solo obtienen una beca de m\u00e1s de cinco mil 258 pesos mensuales que les permite realizar actividades productivas a favor de aprender un oficio y seguir estudiando o generarse otras opciones para el desarrollo individual, sino tambi\u00e9n reciben seguridad social a trav\u00e9s del Instituto Mexicano del Seguro Social (IMSS).<\/p>\n\n\n\n<p>Ante cientos de j\u00f3venes, afirm\u00f3 que este programa permite que aquellas circunstancias que han frenado su desarrollo, que han impedido que en alg\u00fan momento contin\u00faen estudiando o prepar\u00e1ndose en alguna profesi\u00f3n u oficio, ya no sean obst\u00e1culos, \u201cme da gusto que est\u00e9n aqu\u00ed, que se interesen por su futuro porque su futuro tiene que ver con el futuro de la comunidad. En la medida en que cada individuo consolida la construcci\u00f3n de sus sue\u00f1os y anhelos, fortalece la construcci\u00f3n de una comunidad fuerte, y trascendente que busca mejores estadios de vida\u201d.<\/p>\n\n\n\n<p>Por su lado, la directora de J\u00f3venes Construyendo el Futuro Morelos, Denisse Molina Romero, destac\u00f3 que, si bien esta iniciativa transversal del Gobierno Federal ha mejorado el futuro de miles de j\u00f3venes, tambi\u00e9n representa una gran oportunidad para erradicar la violencia econ\u00f3mica que se ejerce contra muchas mujeres, brind\u00e1ndoles a esas j\u00f3venes que no estudian y no trabajan, la oportunidad de salir de esos c\u00edrculos de violencia con una independencia econ\u00f3mica y un trabajo digno.<\/p>\n\n\n\n<p>Al uso de la palabra, el director del Servicio Nacional del Empleo (SNE) Morelos, Jorge Mario Garc\u00eda \u00c1vila, agradeci\u00f3 la anfitrion\u00eda del alcalde Jos\u00e9 Luis Uri\u00f3stegui Salgado, reconociendo el trabajo que ha hecho para mejorar las condiciones en la capital morelense que recibi\u00f3 a la Oficina M\u00f3vil de Seguimiento donde se cont\u00f3 con la presencia de 12 empresas que ofrecieron m\u00e1s de 150 vacantes, aunado a la bolsa de trabajo del SNE de poco m\u00e1s de mil ofertas laborales.<br>Finalmente, C\u00e9sar Antonio Machado Castillo, subdelegado en Morelos de la Secretar\u00eda de Gobernaci\u00f3n, refiri\u00f3 que hoy m\u00e1s que nunca se necesita cambiar el modelo de paz negativa por uno positivo que implica acercarles a las y los j\u00f3venes este tipo de oportunidades diferentes a las que ofrece el crimen organizado.<\/p>\n\n\n\n<p>En la inauguraci\u00f3n de la Oficina M\u00f3vil de Seguimiento se cont\u00f3 con la asistencia tambi\u00e9n de Bogart Carreras Olivar, representantes del IMSS.<\/p>\n\n\n\n<figure class=\"wp-container-2 wp-block-gallery-1 wp-block-gallery has-nested-images columns-default is-cropped\">\n<figure class=\"wp-block-image size-large\"><img loading=\"lazy\" width=\"1024\" height=\"682\" data-id=\"22169\"  src=\"https:\/\/cuernavaca.gob.mx\/wp-content\/uploads\/2022\/11\/empleo-cuernavaca-1-1-1024x682.jpg\" alt=\"\" class=\"wp-image-22169\" srcset=\"https:\/\/cuernavaca.gob.mx\/wp-content\/uploads\/2022\/11\/empleo-cuernavaca-1-1-1024x682.jpg 1024w, https:\/\/cuernavaca.gob.mx\/wp-content\/uploads\/2022\/11\/empleo-cuernavaca-1-1-300x200.jpg 300w, https:\/\/cuernavaca.gob.mx\/wp-content\/uploads\/2022\/11\/empleo-cuernavaca-1-1-768x512.jpg 768w, https:\/\/cuernavaca.gob.mx\/wp-content\/uploads\/2022\/11\/empleo-cuernavaca-1-1-600x400.jpg 600w, https:\/\/cuernavaca.gob.mx\/wp-content\/uploads\/2022\/11\/empleo-cuernavaca-1-1-560x373.jpg 560w, https:\/\/cuernavaca.gob.mx\/wp-content\/uploads\/2022\/11\/empleo-cuernavaca-1-1.jpg 1280w\" sizes=\"(max-width: 1024px) 100vw, 1024px\" \/><\/figure>\n\n\n\n<figure class=\"wp-block-image size-large\"><img loading=\"lazy\" width=\"1024\" height=\"682\" data-id=\"22168\"  src=\"https:\/\/cuernavaca.gob.mx\/wp-content\/uploads\/2022\/11\/empleo-cuernavaca-2-1-1024x682.jpg\" alt=\"\" class=\"wp-image-22168\" srcset=\"https:\/\/cuernavaca.gob.mx\/wp-content\/uploads\/2022\/11\/empleo-cuernavaca-2-1-1024x682.jpg 1024w, https:\/\/cuernavaca.gob.mx\/wp-content\/uploads\/2022\/11\/empleo-cuernavaca-2-1-300x200.jpg 300w, https:\/\/cuernavaca.gob.mx\/wp-content\/uploads\/2022\/11\/empleo-cuernavaca-2-1-768x512.jpg 768w, https:\/\/cuernavaca.gob.mx\/wp-content\/uploads\/2022\/11\/empleo-cuernavaca-2-1-600x400.jpg 600w, https:\/\/cuernavaca.gob.mx\/wp-content\/uploads\/2022\/11\/empleo-cuernavaca-2-1-560x373.jpg 560w, https:\/\/cuernavaca.gob.mx\/wp-content\/uploads\/2022\/11\/empleo-cuernavaca-2-1.jpg 1280w\" sizes=\"(max-width: 1024px) 100vw, 1024px\" \/><\/figure>\n\n\n\n<figure class=\"wp-block-image size-large\"><img loading=\"lazy\" width=\"1024\" height=\"682\" data-id=\"22160\"  src=\"https:\/\/cuernavaca.gob.mx\/wp-content\/uploads\/2022\/11\/empleo-cuernavaca-3-1-1024x682.jpg\" alt=\"\" class=\"wp-image-22160\" srcset=\"https:\/\/cuernavaca.gob.mx\/wp-content\/uploads\/2022\/11\/empleo-cuernavaca-3-1-1024x682.jpg 1024w, https:\/\/cuernavaca.gob.mx\/wp-content\/uploads\/2022\/11\/empleo-cuernavaca-3-1-300x200.jpg 300w, https:\/\/cuernavaca.gob.mx\/wp-content\/uploads\/2022\/11\/empleo-cuernavaca-3-1-768x512.jpg 768w, https:\/\/cuernavaca.gob.mx\/wp-content\/uploads\/2022\/11\/empleo-cuernavaca-3-1-600x400.jpg 600w, https:\/\/cuernavaca.gob.mx\/wp-content\/uploads\/2022\/11\/empleo-cuernavaca-3-1-560x373.jpg 560w, https:\/\/cuernavaca.gob.mx\/wp-content\/uploads\/2022\/11\/empleo-cuernavaca-3-1.jpg 1280w\" sizes=\"(max-width: 1024px) 100vw, 1024px\" \/><\/figure>\n\n\n\n<figure class=\"wp-block-image size-large\"><img loading=\"lazy\" width=\"1024\" height=\"682\" data-id=\"22164\"  src=\"https:\/\/cuernavaca.gob.mx\/wp-content\/uploads\/2022\/11\/empleo-cuernavaca-4-1-1024x682.jpg\" alt=\"\" class=\"wp-image-22164\" srcset=\"https:\/\/cuernavaca.gob.mx\/wp-content\/uploads\/2022\/11\/empleo-cuernavaca-4-1-1024x682.jpg 1024w, https:\/\/cuernavaca.gob.mx\/wp-content\/uploads\/2022\/11\/empleo-cuernavaca-4-1-300x200.jpg 300w, https:\/\/cuernavaca.gob.mx\/wp-content\/uploads\/2022\/11\/empleo-cuernavaca-4-1-768x512.jpg 768w, https:\/\/cuernavaca.gob.mx\/wp-content\/uploads\/2022\/11\/empleo-cuernavaca-4-1-600x400.jpg 600w, https:\/\/cuernavaca.gob.mx\/wp-content\/uploads\/2022\/11\/empleo-cuernavaca-4-1-560x373.jpg 560w, https:\/\/cuernavaca.gob.mx\/wp-content\/uploads\/2022\/11\/empleo-cuernavaca-4-1.jpg 1280w\" sizes=\"(max-width: 1024px) 100vw, 1024px\" \/><\/figure>\n\n\n\n<figure class=\"wp-block-image size-large\"><img loading=\"lazy\" width=\"1024\" height=\"682\" data-id=\"22163\"  src=\"https:\/\/cuernavaca.gob.mx\/wp-content\/uploads\/2022\/11\/empleo-cuernavaca-5-1-1024x682.jpg\" alt=\"\" class=\"wp-image-22163\" srcset=\"https:\/\/cuernavaca.gob.mx\/wp-content\/uploads\/2022\/11\/empleo-cuernavaca-5-1-1024x682.jpg 1024w, https:\/\/cuernavaca.gob.mx\/wp-content\/uploads\/2022\/11\/empleo-cuernavaca-5-1-300x200.jpg 300w, https:\/\/cuernavaca.gob.mx\/wp-content\/uploads\/2022\/11\/empleo-cuernavaca-5-1-768x512.jpg 768w, https:\/\/cuernavaca.gob.mx\/wp-content\/uploads\/2022\/11\/empleo-cuernavaca-5-1-600x400.jpg 600w, https:\/\/cuernavaca.gob.mx\/wp-content\/uploads\/2022\/11\/empleo-cuernavaca-5-1-560x373.jpg 560w, https:\/\/cuernavaca.gob.mx\/wp-content\/uploads\/2022\/11\/empleo-cuernavaca-5-1.jpg 1280w\" sizes=\"(max-width: 1024px) 100vw, 1024px\" \/><\/figure>\n\n\n\n<figure class=\"wp-block-image size-large\"><img loading=\"lazy\" width=\"1024\" height=\"682\" data-id=\"22166\"  src=\"https:\/\/cuernavaca.gob.mx\/wp-content\/uploads\/2022\/11\/empleo-cuernavaca-6-1-1024x682.jpg\" alt=\"\" class=\"wp-image-22166\" srcset=\"https:\/\/cuernavaca.gob.mx\/wp-content\/uploads\/2022\/11\/empleo-cuernavaca-6-1-1024x682.jpg 1024w, https:\/\/cuernavaca.gob.mx\/wp-content\/uploads\/2022\/11\/empleo-cuernavaca-6-1-300x200.jpg 300w, https:\/\/cuernavaca.gob.mx\/wp-content\/uploads\/2022\/11\/empleo-cuernavaca-6-1-768x512.jpg 768w, https:\/\/cuernavaca.gob.mx\/wp-content\/uploads\/2022\/11\/empleo-cuernavaca-6-1-600x400.jpg 600w, https:\/\/cuernavaca.gob.mx\/wp-content\/uploads\/2022\/11\/empleo-cuernavaca-6-1-560x373.jpg 560w, https:\/\/cuernavaca.gob.mx\/wp-content\/uploads\/2022\/11\/empleo-cuernavaca-6-1.jpg 1280w\" sizes=\"(max-width: 1024px) 100vw, 1024px\" \/><\/figure>\n\n\n\n<figure class=\"wp-block-image size-large\"><img loading=\"lazy\" width=\"1024\" height=\"682\" data-id=\"22167\"  src=\"https:\/\/cuernavaca.gob.mx\/wp-content\/uploads\/2022\/11\/empleo-cuernavaca-7-1-1024x682.jpg\" alt=\"\" class=\"wp-image-22167\" srcset=\"https:\/\/cuernavaca.gob.mx\/wp-content\/uploads\/2022\/11\/empleo-cuernavaca-7-1-1024x682.jpg 1024w, https:\/\/cuernavaca.gob.mx\/wp-content\/uploads\/2022\/11\/empleo-cuernavaca-7-1-300x200.jpg 300w, https:\/\/cuernavaca.gob.mx\/wp-content\/uploads\/2022\/11\/empleo-cuernavaca-7-1-768x512.jpg 768w, https:\/\/cuernavaca.gob.mx\/wp-content\/uploads\/2022\/11\/empleo-cuernavaca-7-1-600x400.jpg 600w, https:\/\/cuernavaca.gob.mx\/wp-content\/uploads\/2022\/11\/empleo-cuernavaca-7-1-560x373.jpg 560w, https:\/\/cuernavaca.gob.mx\/wp-content\/uploads\/2022\/11\/empleo-cuernavaca-7-1.jpg 1280w\" sizes=\"(max-width: 1024px) 100vw, 1024px\" \/><\/figure>\n\n\n\n<figure class=\"wp-block-image size-large\"><img loading=\"lazy\" width=\"1024\" height=\"682\" data-id=\"22162\"  src=\"https:\/\/cuernavaca.gob.mx\/wp-content\/uploads\/2022\/11\/empleo-cuernavaca-8-1-1024x682.jpg\" alt=\"\" class=\"wp-image-22162\" srcset=\"https:\/\/cuernavaca.gob.mx\/wp-content\/uploads\/2022\/11\/empleo-cuernavaca-8-1-1024x682.jpg 1024w, https:\/\/cuernavaca.gob.mx\/wp-content\/uploads\/2022\/11\/empleo-cuernavaca-8-1-300x200.jpg 300w, https:\/\/cuernavaca.gob.mx\/wp-content\/uploads\/2022\/11\/empleo-cuernavaca-8-1-768x512.jpg 768w, https:\/\/cuernavaca.gob.mx\/wp-content\/uploads\/2022\/11\/empleo-cuernavaca-8-1-600x400.jpg 600w, https:\/\/cuernavaca.gob.mx\/wp-content\/uploads\/2022\/11\/empleo-cuernavaca-8-1-560x373.jpg 560w, https:\/\/cuernavaca.gob.mx\/wp-content\/uploads\/2022\/11\/empleo-cuernavaca-8-1.jpg 1280w\" sizes=\"(max-width: 1024px) 100vw, 1024px\" \/><\/figure>\n\n\n\n<figure class=\"wp-block-image size-large\"><img loading=\"lazy\" width=\"1024\" height=\"682\" data-id=\"22161\"  src=\"https:\/\/cuernavaca.gob.mx\/wp-content\/uploads\/2022\/11\/empleo-cuernavaca-9-1-1024x682.jpg\" alt=\"\" class=\"wp-image-22161\" srcset=\"https:\/\/cuernavaca.gob.mx\/wp-content\/uploads\/2022\/11\/empleo-cuernavaca-9-1-1024x682.jpg 1024w, https:\/\/cuernavaca.gob.mx\/wp-content\/uploads\/2022\/11\/empleo-cuernavaca-9-1-300x200.jpg 300w, https:\/\/cuernavaca.gob.mx\/wp-content\/uploads\/2022\/11\/empleo-cuernavaca-9-1-768x512.jpg 768w, https:\/\/cuernavaca.gob.mx\/wp-content\/uploads\/2022\/11\/empleo-cuernavaca-9-1-600x400.jpg 600w, https:\/\/cuernavaca.gob.mx\/wp-content\/uploads\/2022\/11\/empleo-cuernavaca-9-1-560x373.jpg 560w, https:\/\/cuernavaca.gob.mx\/wp-content\/uploads\/2022\/11\/empleo-cuernavaca-9-1.jpg 1280w\" sizes=\"(max-width: 1024px) 100vw, 1024px\" \/><\/figure>\n\n\n\n<figure class=\"wp-block-image size-large\"><img loading=\"lazy\" width=\"1024\" height=\"682\" data-id=\"22165\"  src=\"https:\/\/cuernavaca.gob.mx\/wp-content\/uploads\/2022\/11\/empleo-cuernavaca-10-1-1024x682.jpg\" alt=\"\" class=\"wp-image-22165\" srcset=\"https:\/\/cuernavaca.gob.mx\/wp-content\/uploads\/2022\/11\/empleo-cuernavaca-10-1-1024x682.jpg 1024w, https:\/\/cuernavaca.gob.mx\/wp-content\/uploads\/2022\/11\/empleo-cuernavaca-10-1-300x200.jpg 300w, https:\/\/cuernavaca.gob.mx\/wp-content\/uploads\/2022\/11\/empleo-cuernavaca-10-1-768x512.jpg 768w, https:\/\/cuernavaca.gob.mx\/wp-content\/uploads\/2022\/11\/empleo-cuernavaca-10-1-600x400.jpg 600w, https:\/\/cuernavaca.gob.mx\/wp-content\/uploads\/2022\/11\/empleo-cuernavaca-10-1-560x373.jpg 560w, https:\/\/cuernavaca.gob.mx\/wp-content\/uploads\/2022\/11\/empleo-cuernavaca-10-1.jpg 1280w\" sizes=\"(max-width: 1024px) 100vw, 1024px\" \/><\/figure>\n<\/figure>\n","protected":false},"excerpt":{"rendered":"<p>\u2022 El Museo de la Ciudad fue sede de este m\u00f3dulo distintivo en el marco del D\u00eda Internacional contra la Violencia hacia la Mujer, ofreciendo a las y los j\u00f3venes cuernavacenses m\u00e1s de 150 plazas vacantes \u2022 El presidente municipal, Jos\u00e9 Luis Uri\u00f3stegui resalt\u00f3 la importancia de aprovechar las oportunidades laborales que fortalecer\u00e1n a la [&hellip;]<\/p>\n","protected":false},"author":1,"featured_media":22162,"comment_status":"closed","ping_status":"open","sticky":false,"template":"","format":"standard","meta":[],"categories":[862],"tags":[330,120,166,1093,2621,206,2508,372],"aioseo_notices":[],"_links":{"self":[{"href":"https:\/\/cuernavaca.gob.mx\/index.php?rest_route=\/wp\/v2\/posts\/22159"}],"collection":[{"href":"https:\/\/cuernavaca.gob.mx\/index.php?rest_route=\/wp\/v2\/posts"}],"about":[{"href":"https:\/\/cuernavaca.gob.mx\/index.php?rest_route=\/wp\/v2\/types\/post"}],"author":[{"embeddable":true,"href":"https:\/\/cuernavaca.gob.mx\/index.php?rest_route=\/wp\/v2\/users\/1"}],"replies":[{"embeddable":true,"href":"https:\/\/cuernavaca.gob.mx\/index.php?rest_route=%2Fwp%2Fv2%2Fcomments&post=22159"}],"version-history":[{"count":1,"href":"https:\/\/cuernavaca.gob.mx\/index.php?rest_route=\/wp\/v2\/posts\/22159\/revisions"}],"predecessor-version":[{"id":22170,"href":"https:\/\/cuernavaca.gob.mx\/index.php?rest_route=\/wp\/v2\/posts\/22159\/revisions\/22170"}],"wp:featuredmedia":[{"embeddable":true,"href":"https:\/\/cuernavaca.gob.mx\/index.php?rest_route=\/wp\/v2\/media\/22162"}],"wp:attachment":[{"href":"https:\/\/cuernavaca.gob.mx\/index.php?rest_route=%2Fwp%2Fv2%2Fmedia&parent=22159"}],"wp:term":[{"taxonomy":"category","embeddable":true,"href":"https:\/\/cuernavaca.gob.mx\/index.php?rest_route=%2Fwp%2Fv2%2Fcategories&post=22159"},{"taxonomy":"post_tag","embeddable":true,"href":"https:\/\/cuernavaca.gob.mx\/index.php?rest_route=%2Fwp%2Fv2%2Ftags&post=22159"}],"curies":[{"name":"wp","href":"https:\/\/api.w.org\/{rel}","templated":true}]}}