{"id":22211,"date":"2022-11-30T15:30:00","date_gmt":"2022-11-30T21:30:00","guid":{"rendered":"https:\/\/cuernavaca.gob.mx\/?p=22211"},"modified":"2025-05-06T12:24:15","modified_gmt":"2025-05-06T18:24:15","slug":"b548-30-11-22-refrenda-jose-luis-uriostegui-su-respeto-a-los-derechos-humanos-de-todas-las-personas-y-la-dignidad-de-las-mujeres","status":"publish","type":"post","link":"https:\/\/cuernavaca.gob.mx\/?p=22211","title":{"rendered":"B548 30\/11\/22 REFRENDA JOS\u00c9 LUIS URI\u00d3STEGUI SU RESPETO A LOS DERECHOS HUMANOS DE TODAS LAS PERSONAS Y LA DIGNIDAD DE LAS MUJERES"},"content":{"rendered":"\n<p><strong>\u2022\u00a0\u00a0El presidente municipal de Cuernavaca afirm\u00f3 que no permitir\u00e1 que sigan distorsionando sus declaraciones en torno a c\u00f3mo identificar y ayudar a v\u00edctimas de trata de personas<\/strong><\/p>\n\n\n\n<p><strong>\u2022\u00a0Acompa\u00f1ado de integrantes del PASEMUN, lament\u00f3 que estos comentarios hayan sido descontextualizados y segmentados en el sentido de que est\u00e1 estigmatizando a personas, cuando no fue as\u00ed<\/strong><\/p>\n\n\n\n<p>En el marco de la cuarta sesi\u00f3n ordinaria del Sistema Municipal para Prevenir, Atender, Sancionar y Erradicar la Violencia contra las Mujeres de Cuernavaca (PASEMUN), el presidente municipal, Jos\u00e9 Luis Uri\u00f3stegui Salgado, reiter\u00f3 el respeto permanente a los derechos humanos de todas las personas, aclarando que no permitir\u00e1 que sigan distorsionando sus declaraciones en torno a c\u00f3mo identificar y ayudar a v\u00edctimas de trata de personas, ejerciendo en su contra discursos airados que s\u00ed est\u00e1n llevando a cabo una estigmatizaci\u00f3n solo por la vestimenta.<\/p>\n\n\n\n<p>Acompa\u00f1ado de integrantes del Cabildo y Gabinete, precis\u00f3 que tras una impartici\u00f3n de conferencia sobre trata de personas que se desarroll\u00f3 la semana pasada en la sede Papagayo del Gobierno Municipal, fue cuestionado sobre c\u00f3mo ayudar a las personas que se encuentran en esa circunstancia a ra\u00edz de las experiencias vertidas por dos personas que fueron v\u00edctimas, refiri\u00e9ndose en particular a dos palabras, por la vestimenta y la actitud de las personas sometidas a este delito que es de temor de quien no desea llevar a cabo estas conductas y sin embargo est\u00e1 obligada a hacerlas aunque no es la forma voluntaria de vestir, sino que es una imposici\u00f3n.<\/p>\n\n\n\n<p>Lament\u00f3 que estos comentarios hayan sido descontextualizados y segmentados, puestos a la vista de la sociedad haciendo impugnaciones a su persona en el sentido de que est\u00e1 victimizando y estigmatizando a personas que realizan actividades sexuales remuneradas, cuando no fue as\u00ed, utilizando dos palabras para cuestionar su dicho sobre c\u00f3mo se debe ayudar a las v\u00edctimas de este terrible delito y a personas que tambi\u00e9n por no tener otras opciones de ingresos deben ejercer este oficio como una opci\u00f3n para alimentar a sus familias.<\/p>\n\n\n\n<p>&#8220;Creo conveniente hacer esta aclaraci\u00f3n precisamente en este comit\u00e9 que tiene como finalidad prevenir, atender, sancionar y erradicar la violencia contra las mujeres porque esos comentarios descontextualizados en los que se me cuestiona el lenguaje, sirven para tratar de se\u00f1alar que he actuado con violencia y estigmatizado a mujeres sobre este tema y no es as\u00ed. He sido muy respetuoso a lo largo de toda mi vida, de todas las personas, conozco el respeto a los derechos humanos en general, lo pr\u00e1ctico y \u00e9ste no es un momento de excepci\u00f3n\u201d, recalc\u00f3.<\/p>\n\n\n\n<p>El alcalde capitalino puntualiz\u00f3 que si bien no se conducir\u00e1 en respuesta a personas que desde sus altos sitiales pretenden ganar reflectores en un tema que no tiene ese sentido, si las personas que realizan esta actividad se sienten ofendidas, con una sola que as\u00ed lo indique, dar\u00e1 una explicaci\u00f3n y disculpa lo m\u00e1s amplia posible.<\/p>\n\n\n\n<figure class=\"wp-container-2 wp-block-gallery-1 wp-block-gallery has-nested-images columns-default is-cropped\">\n<figure class=\"wp-block-image size-large\"><img loading=\"lazy\" width=\"1024\" height=\"682\" data-id=\"22217\"  src=\"https:\/\/cuernavaca.gob.mx\/wp-content\/uploads\/2022\/11\/mujeres-cuernavaca-1-2-1024x682.jpg\" alt=\"\" class=\"wp-image-22217\" srcset=\"https:\/\/cuernavaca.gob.mx\/wp-content\/uploads\/2022\/11\/mujeres-cuernavaca-1-2-1024x682.jpg 1024w, https:\/\/cuernavaca.gob.mx\/wp-content\/uploads\/2022\/11\/mujeres-cuernavaca-1-2-300x200.jpg 300w, https:\/\/cuernavaca.gob.mx\/wp-content\/uploads\/2022\/11\/mujeres-cuernavaca-1-2-768x512.jpg 768w, https:\/\/cuernavaca.gob.mx\/wp-content\/uploads\/2022\/11\/mujeres-cuernavaca-1-2-600x400.jpg 600w, https:\/\/cuernavaca.gob.mx\/wp-content\/uploads\/2022\/11\/mujeres-cuernavaca-1-2-560x373.jpg 560w, https:\/\/cuernavaca.gob.mx\/wp-content\/uploads\/2022\/11\/mujeres-cuernavaca-1-2.jpg 1280w\" sizes=\"(max-width: 1024px) 100vw, 1024px\" \/><\/figure>\n\n\n\n<figure class=\"wp-block-image size-large\"><img loading=\"lazy\" width=\"1024\" height=\"576\" data-id=\"22213\"  src=\"https:\/\/cuernavaca.gob.mx\/wp-content\/uploads\/2022\/11\/mujeres-cuernavaca-2-2-1024x576.jpg\" alt=\"\" class=\"wp-image-22213\" srcset=\"https:\/\/cuernavaca.gob.mx\/wp-content\/uploads\/2022\/11\/mujeres-cuernavaca-2-2-1024x576.jpg 1024w, https:\/\/cuernavaca.gob.mx\/wp-content\/uploads\/2022\/11\/mujeres-cuernavaca-2-2-300x169.jpg 300w, https:\/\/cuernavaca.gob.mx\/wp-content\/uploads\/2022\/11\/mujeres-cuernavaca-2-2-768x432.jpg 768w, https:\/\/cuernavaca.gob.mx\/wp-content\/uploads\/2022\/11\/mujeres-cuernavaca-2-2-600x338.jpg 600w, https:\/\/cuernavaca.gob.mx\/wp-content\/uploads\/2022\/11\/mujeres-cuernavaca-2-2-560x315.jpg 560w, https:\/\/cuernavaca.gob.mx\/wp-content\/uploads\/2022\/11\/mujeres-cuernavaca-2-2.jpg 1280w\" sizes=\"(max-width: 1024px) 100vw, 1024px\" \/><\/figure>\n\n\n\n<figure class=\"wp-block-image size-large\"><img loading=\"lazy\" width=\"1024\" height=\"682\" data-id=\"22212\"  src=\"https:\/\/cuernavaca.gob.mx\/wp-content\/uploads\/2022\/11\/mujeres-cuernavaca-3-2-1024x682.jpg\" alt=\"\" class=\"wp-image-22212\" srcset=\"https:\/\/cuernavaca.gob.mx\/wp-content\/uploads\/2022\/11\/mujeres-cuernavaca-3-2-1024x682.jpg 1024w, https:\/\/cuernavaca.gob.mx\/wp-content\/uploads\/2022\/11\/mujeres-cuernavaca-3-2-300x200.jpg 300w, https:\/\/cuernavaca.gob.mx\/wp-content\/uploads\/2022\/11\/mujeres-cuernavaca-3-2-768x512.jpg 768w, https:\/\/cuernavaca.gob.mx\/wp-content\/uploads\/2022\/11\/mujeres-cuernavaca-3-2-600x400.jpg 600w, https:\/\/cuernavaca.gob.mx\/wp-content\/uploads\/2022\/11\/mujeres-cuernavaca-3-2-560x373.jpg 560w, https:\/\/cuernavaca.gob.mx\/wp-content\/uploads\/2022\/11\/mujeres-cuernavaca-3-2.jpg 1280w\" sizes=\"(max-width: 1024px) 100vw, 1024px\" \/><\/figure>\n\n\n\n<figure class=\"wp-block-image size-large\"><img loading=\"lazy\" width=\"1024\" height=\"682\" data-id=\"22214\"  src=\"https:\/\/cuernavaca.gob.mx\/wp-content\/uploads\/2022\/11\/mujeres-cuernavaca-4-2-1024x682.jpg\" alt=\"\" class=\"wp-image-22214\" srcset=\"https:\/\/cuernavaca.gob.mx\/wp-content\/uploads\/2022\/11\/mujeres-cuernavaca-4-2-1024x682.jpg 1024w, https:\/\/cuernavaca.gob.mx\/wp-content\/uploads\/2022\/11\/mujeres-cuernavaca-4-2-300x200.jpg 300w, https:\/\/cuernavaca.gob.mx\/wp-content\/uploads\/2022\/11\/mujeres-cuernavaca-4-2-768x512.jpg 768w, https:\/\/cuernavaca.gob.mx\/wp-content\/uploads\/2022\/11\/mujeres-cuernavaca-4-2-600x400.jpg 600w, https:\/\/cuernavaca.gob.mx\/wp-content\/uploads\/2022\/11\/mujeres-cuernavaca-4-2-560x373.jpg 560w, https:\/\/cuernavaca.gob.mx\/wp-content\/uploads\/2022\/11\/mujeres-cuernavaca-4-2.jpg 1280w\" sizes=\"(max-width: 1024px) 100vw, 1024px\" \/><\/figure>\n\n\n\n<figure class=\"wp-block-image size-large\"><img loading=\"lazy\" width=\"1024\" height=\"682\" data-id=\"22216\"  src=\"https:\/\/cuernavaca.gob.mx\/wp-content\/uploads\/2022\/11\/mujeres-cuernavaca-5-2-1024x682.jpg\" alt=\"\" class=\"wp-image-22216\" srcset=\"https:\/\/cuernavaca.gob.mx\/wp-content\/uploads\/2022\/11\/mujeres-cuernavaca-5-2-1024x682.jpg 1024w, https:\/\/cuernavaca.gob.mx\/wp-content\/uploads\/2022\/11\/mujeres-cuernavaca-5-2-300x200.jpg 300w, https:\/\/cuernavaca.gob.mx\/wp-content\/uploads\/2022\/11\/mujeres-cuernavaca-5-2-768x512.jpg 768w, https:\/\/cuernavaca.gob.mx\/wp-content\/uploads\/2022\/11\/mujeres-cuernavaca-5-2-600x400.jpg 600w, https:\/\/cuernavaca.gob.mx\/wp-content\/uploads\/2022\/11\/mujeres-cuernavaca-5-2-560x373.jpg 560w, https:\/\/cuernavaca.gob.mx\/wp-content\/uploads\/2022\/11\/mujeres-cuernavaca-5-2.jpg 1280w\" sizes=\"(max-width: 1024px) 100vw, 1024px\" \/><\/figure>\n\n\n\n<figure class=\"wp-block-image size-large\"><img loading=\"lazy\" width=\"1024\" height=\"682\" data-id=\"22215\"  src=\"https:\/\/cuernavaca.gob.mx\/wp-content\/uploads\/2022\/11\/mujeres-cuernavaca-6-2-1024x682.jpg\" alt=\"\" class=\"wp-image-22215\" srcset=\"https:\/\/cuernavaca.gob.mx\/wp-content\/uploads\/2022\/11\/mujeres-cuernavaca-6-2-1024x682.jpg 1024w, https:\/\/cuernavaca.gob.mx\/wp-content\/uploads\/2022\/11\/mujeres-cuernavaca-6-2-300x200.jpg 300w, https:\/\/cuernavaca.gob.mx\/wp-content\/uploads\/2022\/11\/mujeres-cuernavaca-6-2-768x512.jpg 768w, https:\/\/cuernavaca.gob.mx\/wp-content\/uploads\/2022\/11\/mujeres-cuernavaca-6-2-600x400.jpg 600w, https:\/\/cuernavaca.gob.mx\/wp-content\/uploads\/2022\/11\/mujeres-cuernavaca-6-2-560x373.jpg 560w, https:\/\/cuernavaca.gob.mx\/wp-content\/uploads\/2022\/11\/mujeres-cuernavaca-6-2.jpg 1280w\" sizes=\"(max-width: 1024px) 100vw, 1024px\" \/><\/figure>\n<\/figure>\n","protected":false},"excerpt":{"rendered":"<p>\u2022\u00a0\u00a0El presidente municipal de Cuernavaca afirm\u00f3 que no permitir\u00e1 que sigan distorsionando sus declaraciones en torno a c\u00f3mo identificar y ayudar a v\u00edctimas de trata de personas \u2022\u00a0Acompa\u00f1ado de integrantes del PASEMUN, lament\u00f3 que estos comentarios hayan sido descontextualizados y segmentados en el sentido de que est\u00e1 estigmatizando a personas, cuando no fue as\u00ed En [&hellip;]<\/p>\n","protected":false},"author":1,"featured_media":22216,"comment_status":"closed","ping_status":"open","sticky":false,"template":"","format":"standard","meta":[],"categories":[280],"tags":[120,206,388,202,1926,2698],"aioseo_notices":[],"_links":{"self":[{"href":"https:\/\/cuernavaca.gob.mx\/index.php?rest_route=\/wp\/v2\/posts\/22211"}],"collection":[{"href":"https:\/\/cuernavaca.gob.mx\/index.php?rest_route=\/wp\/v2\/posts"}],"about":[{"href":"https:\/\/cuernavaca.gob.mx\/index.php?rest_route=\/wp\/v2\/types\/post"}],"author":[{"embeddable":true,"href":"https:\/\/cuernavaca.gob.mx\/index.php?rest_route=\/wp\/v2\/users\/1"}],"replies":[{"embeddable":true,"href":"https:\/\/cuernavaca.gob.mx\/index.php?rest_route=%2Fwp%2Fv2%2Fcomments&post=22211"}],"version-history":[{"count":1,"href":"https:\/\/cuernavaca.gob.mx\/index.php?rest_route=\/wp\/v2\/posts\/22211\/revisions"}],"predecessor-version":[{"id":22218,"href":"https:\/\/cuernavaca.gob.mx\/index.php?rest_route=\/wp\/v2\/posts\/22211\/revisions\/22218"}],"wp:featuredmedia":[{"embeddable":true,"href":"https:\/\/cuernavaca.gob.mx\/index.php?rest_route=\/wp\/v2\/media\/22216"}],"wp:attachment":[{"href":"https:\/\/cuernavaca.gob.mx\/index.php?rest_route=%2Fwp%2Fv2%2Fmedia&parent=22211"}],"wp:term":[{"taxonomy":"category","embeddable":true,"href":"https:\/\/cuernavaca.gob.mx\/index.php?rest_route=%2Fwp%2Fv2%2Fcategories&post=22211"},{"taxonomy":"post_tag","embeddable":true,"href":"https:\/\/cuernavaca.gob.mx\/index.php?rest_route=%2Fwp%2Fv2%2Ftags&post=22211"}],"curies":[{"name":"wp","href":"https:\/\/api.w.org\/{rel}","templated":true}]}}