{"id":22271,"date":"2022-12-01T17:45:00","date_gmt":"2022-12-01T23:45:00","guid":{"rendered":"https:\/\/cuernavaca.gob.mx\/?p=22271"},"modified":"2025-05-06T12:24:13","modified_gmt":"2025-05-06T18:24:13","slug":"f328-01-12-22-seprac-detiene-a-tres-hombres-por-su-presunta-participacion-en-homicidio-de-un-hombre-en-avenida-universidad","status":"publish","type":"post","link":"https:\/\/cuernavaca.gob.mx\/?p=22271","title":{"rendered":"F328 01\/12\/22 SEPRAC DETIENE A TRES HOMBRES POR SU PRESUNTA PARTICIPACI\u00d3N EN HOMICIDIO DE UN HOMBRE EN AVENIDA UNIVERSIDAD"},"content":{"rendered":"\n<p>La respuesta inmediata de elementos preventivos de la Secretar\u00eda de Protecci\u00f3n y Auxilio Ciudadano (SEPRAC) de Cuernavaca dio como resultado la detenci\u00f3n de tres hombres por su presunta participaci\u00f3n en el delito de homicidio a un hombre registrado la ma\u00f1ana de este jueves 01 de diciembre en la avenida Universidad, logrando tambi\u00e9n el aseguramiento de un veh\u00edculo, una motocicleta y cuatro armas de fuego.<\/p>\n\n\n\n<p>La titular de SEPRAC, Alicia V\u00e1zquez Luna, inform\u00f3 que los hechos se registraron la ma\u00f1ana de este jueves donde un hombre perdi\u00f3 la vida como consecuencia de disparos de arma de fuego en la avenida Universidad, lesionando lamentablemente a su menor hija, quien represent\u00f3 para los elementos de la polic\u00eda una prioridad, por lo cual fue ingresada de inmediato a un hospital para su atenci\u00f3n.<\/p>\n\n\n\n<p>Se\u00f1al\u00f3 que una vez que este acontecimiento fue reportado al C4 de la SEPRAC, 777 1212 la polic\u00eda preventiva tuvo intervenci\u00f3n dando como resultado la detenci\u00f3n de tres masculinos, que responden al nombre de Jos\u00e9 \u00c1ngel \u201cN\u201d, Orbelin \u201cN\u201d y Oswaldo \u201cN\u201d, asimismo, asegurando un veh\u00edculo Volkswagen Bora sin placas, cuatro armas de fuego y una motocicleta, al parecer del occiso.<\/p>\n\n\n\n<p>Los detenidos fueron puestos a disposici\u00f3n del Ministerio P\u00fablico, autoridad que se encargar\u00e1 de integrar la investigaci\u00f3n y verificar si estas personas se encuentran relacionadas con otros hechos de violencia registrados recientemente en la zona y en su caso, obtener las ordenes de aprehensi\u00f3n correspondientes.<\/p>\n\n\n\n<figure class=\"wp-container-2 wp-block-gallery-1 wp-block-gallery has-nested-images columns-default is-cropped\">\n<figure class=\"wp-block-image size-large\"><img loading=\"lazy\" width=\"575\" height=\"1024\" data-id=\"22278\"  src=\"https:\/\/cuernavaca.gob.mx\/wp-content\/uploads\/2022\/12\/seguridad-cuernavaca-1-575x1024.jpg\" alt=\"\" class=\"wp-image-22278\" srcset=\"https:\/\/cuernavaca.gob.mx\/wp-content\/uploads\/2022\/12\/seguridad-cuernavaca-1-575x1024.jpg 575w, https:\/\/cuernavaca.gob.mx\/wp-content\/uploads\/2022\/12\/seguridad-cuernavaca-1-169x300.jpg 169w, https:\/\/cuernavaca.gob.mx\/wp-content\/uploads\/2022\/12\/seguridad-cuernavaca-1-337x600.jpg 337w, https:\/\/cuernavaca.gob.mx\/wp-content\/uploads\/2022\/12\/seguridad-cuernavaca-1-315x560.jpg 315w, https:\/\/cuernavaca.gob.mx\/wp-content\/uploads\/2022\/12\/seguridad-cuernavaca-1.jpg 719w\" sizes=\"(max-width: 575px) 100vw, 575px\" \/><\/figure>\n\n\n\n<figure class=\"wp-block-image size-large\"><img loading=\"lazy\" width=\"461\" height=\"1024\" data-id=\"22273\"  src=\"https:\/\/cuernavaca.gob.mx\/wp-content\/uploads\/2022\/12\/seguridad-cuernavaca-2-461x1024.jpg\" alt=\"\" class=\"wp-image-22273\" srcset=\"https:\/\/cuernavaca.gob.mx\/wp-content\/uploads\/2022\/12\/seguridad-cuernavaca-2-461x1024.jpg 461w, https:\/\/cuernavaca.gob.mx\/wp-content\/uploads\/2022\/12\/seguridad-cuernavaca-2-135x300.jpg 135w, https:\/\/cuernavaca.gob.mx\/wp-content\/uploads\/2022\/12\/seguridad-cuernavaca-2-270x600.jpg 270w, https:\/\/cuernavaca.gob.mx\/wp-content\/uploads\/2022\/12\/seguridad-cuernavaca-2-252x560.jpg 252w, https:\/\/cuernavaca.gob.mx\/wp-content\/uploads\/2022\/12\/seguridad-cuernavaca-2.jpg 576w\" sizes=\"(max-width: 461px) 100vw, 461px\" \/><\/figure>\n\n\n\n<figure class=\"wp-block-image size-large\"><img loading=\"lazy\" width=\"461\" height=\"1024\" data-id=\"22274\"  src=\"https:\/\/cuernavaca.gob.mx\/wp-content\/uploads\/2022\/12\/seguridad-cuernavaca-3-461x1024.jpg\" alt=\"\" class=\"wp-image-22274\" srcset=\"https:\/\/cuernavaca.gob.mx\/wp-content\/uploads\/2022\/12\/seguridad-cuernavaca-3-461x1024.jpg 461w, https:\/\/cuernavaca.gob.mx\/wp-content\/uploads\/2022\/12\/seguridad-cuernavaca-3-135x300.jpg 135w, https:\/\/cuernavaca.gob.mx\/wp-content\/uploads\/2022\/12\/seguridad-cuernavaca-3-270x600.jpg 270w, https:\/\/cuernavaca.gob.mx\/wp-content\/uploads\/2022\/12\/seguridad-cuernavaca-3-252x560.jpg 252w, https:\/\/cuernavaca.gob.mx\/wp-content\/uploads\/2022\/12\/seguridad-cuernavaca-3.jpg 576w\" sizes=\"(max-width: 461px) 100vw, 461px\" \/><\/figure>\n\n\n\n<figure class=\"wp-block-image size-large\"><img loading=\"lazy\" width=\"575\" height=\"1024\" data-id=\"22276\"  src=\"https:\/\/cuernavaca.gob.mx\/wp-content\/uploads\/2022\/12\/seguridad-cuernavaca-4-575x1024.jpg\" alt=\"\" class=\"wp-image-22276\" srcset=\"https:\/\/cuernavaca.gob.mx\/wp-content\/uploads\/2022\/12\/seguridad-cuernavaca-4-575x1024.jpg 575w, https:\/\/cuernavaca.gob.mx\/wp-content\/uploads\/2022\/12\/seguridad-cuernavaca-4-169x300.jpg 169w, https:\/\/cuernavaca.gob.mx\/wp-content\/uploads\/2022\/12\/seguridad-cuernavaca-4-337x600.jpg 337w, https:\/\/cuernavaca.gob.mx\/wp-content\/uploads\/2022\/12\/seguridad-cuernavaca-4-315x560.jpg 315w, https:\/\/cuernavaca.gob.mx\/wp-content\/uploads\/2022\/12\/seguridad-cuernavaca-4.jpg 719w\" sizes=\"(max-width: 575px) 100vw, 575px\" \/><\/figure>\n\n\n\n<figure class=\"wp-block-image size-large\"><img loading=\"lazy\" width=\"575\" height=\"1024\" data-id=\"22277\"  src=\"https:\/\/cuernavaca.gob.mx\/wp-content\/uploads\/2022\/12\/seguridad-cuernavaca-5-575x1024.jpg\" alt=\"\" class=\"wp-image-22277\" srcset=\"https:\/\/cuernavaca.gob.mx\/wp-content\/uploads\/2022\/12\/seguridad-cuernavaca-5-575x1024.jpg 575w, https:\/\/cuernavaca.gob.mx\/wp-content\/uploads\/2022\/12\/seguridad-cuernavaca-5-169x300.jpg 169w, https:\/\/cuernavaca.gob.mx\/wp-content\/uploads\/2022\/12\/seguridad-cuernavaca-5-337x600.jpg 337w, https:\/\/cuernavaca.gob.mx\/wp-content\/uploads\/2022\/12\/seguridad-cuernavaca-5-315x560.jpg 315w, https:\/\/cuernavaca.gob.mx\/wp-content\/uploads\/2022\/12\/seguridad-cuernavaca-5.jpg 719w\" sizes=\"(max-width: 575px) 100vw, 575px\" \/><\/figure>\n\n\n\n<figure class=\"wp-block-image size-large\"><img loading=\"lazy\" width=\"461\" height=\"1024\" data-id=\"22279\"  src=\"https:\/\/cuernavaca.gob.mx\/wp-content\/uploads\/2022\/12\/seguridad-cuernavaca-6-461x1024.jpg\" alt=\"\" class=\"wp-image-22279\" srcset=\"https:\/\/cuernavaca.gob.mx\/wp-content\/uploads\/2022\/12\/seguridad-cuernavaca-6-461x1024.jpg 461w, https:\/\/cuernavaca.gob.mx\/wp-content\/uploads\/2022\/12\/seguridad-cuernavaca-6-135x300.jpg 135w, https:\/\/cuernavaca.gob.mx\/wp-content\/uploads\/2022\/12\/seguridad-cuernavaca-6-270x600.jpg 270w, https:\/\/cuernavaca.gob.mx\/wp-content\/uploads\/2022\/12\/seguridad-cuernavaca-6-252x560.jpg 252w, https:\/\/cuernavaca.gob.mx\/wp-content\/uploads\/2022\/12\/seguridad-cuernavaca-6.jpg 576w\" sizes=\"(max-width: 461px) 100vw, 461px\" \/><\/figure>\n\n\n\n<figure class=\"wp-block-image size-large\"><img loading=\"lazy\" width=\"766\" height=\"1024\" data-id=\"22272\"  src=\"https:\/\/cuernavaca.gob.mx\/wp-content\/uploads\/2022\/12\/seguridad-cuernavaca-7-766x1024.jpg\" alt=\"\" class=\"wp-image-22272\" srcset=\"https:\/\/cuernavaca.gob.mx\/wp-content\/uploads\/2022\/12\/seguridad-cuernavaca-7-766x1024.jpg 766w, https:\/\/cuernavaca.gob.mx\/wp-content\/uploads\/2022\/12\/seguridad-cuernavaca-7-224x300.jpg 224w, https:\/\/cuernavaca.gob.mx\/wp-content\/uploads\/2022\/12\/seguridad-cuernavaca-7-768x1026.jpg 768w, https:\/\/cuernavaca.gob.mx\/wp-content\/uploads\/2022\/12\/seguridad-cuernavaca-7-449x600.jpg 449w, https:\/\/cuernavaca.gob.mx\/wp-content\/uploads\/2022\/12\/seguridad-cuernavaca-7-419x560.jpg 419w, https:\/\/cuernavaca.gob.mx\/wp-content\/uploads\/2022\/12\/seguridad-cuernavaca-7.jpg 868w\" sizes=\"(max-width: 766px) 100vw, 766px\" \/><\/figure>\n\n\n\n<figure class=\"wp-block-image size-large\"><img loading=\"lazy\" width=\"575\" height=\"1024\" data-id=\"22280\"  src=\"https:\/\/cuernavaca.gob.mx\/wp-content\/uploads\/2022\/12\/seguridad-cuernavaca-8-575x1024.jpg\" alt=\"\" class=\"wp-image-22280\" srcset=\"https:\/\/cuernavaca.gob.mx\/wp-content\/uploads\/2022\/12\/seguridad-cuernavaca-8-575x1024.jpg 575w, https:\/\/cuernavaca.gob.mx\/wp-content\/uploads\/2022\/12\/seguridad-cuernavaca-8-169x300.jpg 169w, https:\/\/cuernavaca.gob.mx\/wp-content\/uploads\/2022\/12\/seguridad-cuernavaca-8-337x600.jpg 337w, https:\/\/cuernavaca.gob.mx\/wp-content\/uploads\/2022\/12\/seguridad-cuernavaca-8-315x560.jpg 315w, https:\/\/cuernavaca.gob.mx\/wp-content\/uploads\/2022\/12\/seguridad-cuernavaca-8.jpg 719w\" sizes=\"(max-width: 575px) 100vw, 575px\" \/><\/figure>\n\n\n\n<figure class=\"wp-block-image size-large\"><img loading=\"lazy\" width=\"575\" height=\"1024\" data-id=\"22275\"  src=\"https:\/\/cuernavaca.gob.mx\/wp-content\/uploads\/2022\/12\/seguridad-cuernavaca-9-575x1024.jpg\" alt=\"\" class=\"wp-image-22275\" srcset=\"https:\/\/cuernavaca.gob.mx\/wp-content\/uploads\/2022\/12\/seguridad-cuernavaca-9-575x1024.jpg 575w, https:\/\/cuernavaca.gob.mx\/wp-content\/uploads\/2022\/12\/seguridad-cuernavaca-9-169x300.jpg 169w, https:\/\/cuernavaca.gob.mx\/wp-content\/uploads\/2022\/12\/seguridad-cuernavaca-9-337x600.jpg 337w, https:\/\/cuernavaca.gob.mx\/wp-content\/uploads\/2022\/12\/seguridad-cuernavaca-9-315x560.jpg 315w, https:\/\/cuernavaca.gob.mx\/wp-content\/uploads\/2022\/12\/seguridad-cuernavaca-9.jpg 719w\" sizes=\"(max-width: 575px) 100vw, 575px\" \/><\/figure>\n<\/figure>\n","protected":false},"excerpt":{"rendered":"<p>La respuesta inmediata de elementos preventivos de la Secretar\u00eda de Protecci\u00f3n y Auxilio Ciudadano (SEPRAC) de Cuernavaca dio como resultado la detenci\u00f3n de tres hombres por su presunta participaci\u00f3n en el delito de homicidio a un hombre registrado la ma\u00f1ana de este jueves 01 de diciembre en la avenida Universidad, logrando tambi\u00e9n el aseguramiento de [&hellip;]<\/p>\n","protected":false},"author":1,"featured_media":22277,"comment_status":"closed","ping_status":"open","sticky":false,"template":"","format":"standard","meta":[],"categories":[17],"tags":[120,206,141,2501,125,252],"aioseo_notices":[],"_links":{"self":[{"href":"https:\/\/cuernavaca.gob.mx\/index.php?rest_route=\/wp\/v2\/posts\/22271"}],"collection":[{"href":"https:\/\/cuernavaca.gob.mx\/index.php?rest_route=\/wp\/v2\/posts"}],"about":[{"href":"https:\/\/cuernavaca.gob.mx\/index.php?rest_route=\/wp\/v2\/types\/post"}],"author":[{"embeddable":true,"href":"https:\/\/cuernavaca.gob.mx\/index.php?rest_route=\/wp\/v2\/users\/1"}],"replies":[{"embeddable":true,"href":"https:\/\/cuernavaca.gob.mx\/index.php?rest_route=%2Fwp%2Fv2%2Fcomments&post=22271"}],"version-history":[{"count":1,"href":"https:\/\/cuernavaca.gob.mx\/index.php?rest_route=\/wp\/v2\/posts\/22271\/revisions"}],"predecessor-version":[{"id":22281,"href":"https:\/\/cuernavaca.gob.mx\/index.php?rest_route=\/wp\/v2\/posts\/22271\/revisions\/22281"}],"wp:featuredmedia":[{"embeddable":true,"href":"https:\/\/cuernavaca.gob.mx\/index.php?rest_route=\/wp\/v2\/media\/22277"}],"wp:attachment":[{"href":"https:\/\/cuernavaca.gob.mx\/index.php?rest_route=%2Fwp%2Fv2%2Fmedia&parent=22271"}],"wp:term":[{"taxonomy":"category","embeddable":true,"href":"https:\/\/cuernavaca.gob.mx\/index.php?rest_route=%2Fwp%2Fv2%2Fcategories&post=22271"},{"taxonomy":"post_tag","embeddable":true,"href":"https:\/\/cuernavaca.gob.mx\/index.php?rest_route=%2Fwp%2Fv2%2Ftags&post=22271"}],"curies":[{"name":"wp","href":"https:\/\/api.w.org\/{rel}","templated":true}]}}