{"id":22283,"date":"2022-12-02T12:53:41","date_gmt":"2022-12-02T18:53:41","guid":{"rendered":"https:\/\/cuernavaca.gob.mx\/?p=22283"},"modified":"2025-05-06T12:24:13","modified_gmt":"2025-05-06T18:24:13","slug":"b553-01-12-22-avala-cabildo-modificaciones-al-anteproyecto-de-ley-de-ingresos-2023-de-cuernavaca","status":"publish","type":"post","link":"https:\/\/cuernavaca.gob.mx\/?p=22283","title":{"rendered":"B553 01\/12\/22 AVALA CABILDO MODIFICACIONES AL ANTEPROYECTO DE LEY DE INGRESOS 2023 DE CUERNAVACA"},"content":{"rendered":"\n<p><\/p>\n\n\n\n<p><strong>\u2022 Es con el objetivo de rectificar la imagen urbana de la ciudad y facilitar los tr\u00e1mites y servicios a los destinatarios, el cuerpo edilicio envi\u00f3 al Congreso del Estadio las modificaciones<\/strong><\/p>\n\n\n\n<p><strong>\u2022 Se incluyen conceptos para el cobro de pago de derechos destinados a la autorizaci\u00f3n, mantenimiento, uso y reparaci\u00f3n de infraestructura de telecomunicaciones<\/strong><\/p>\n\n\n\n<p>En sesi\u00f3n extraordinaria de Cabildo y ante observaciones hechas al anteproyecto de Ley de Ingresos 2023 enviada al Congreso del Estado, integrantes del cuerpo edilicio avalaron incluir conceptos para el cobro de pago de derechos destinados a la autorizaci\u00f3n, mantenimiento, uso y reparaci\u00f3n de infraestructura de telecomunicaciones, a fin de rectificar la imagen urbana de la ciudad y facilitar los tr\u00e1mites y servicios a los destinatarios.<\/p>\n\n\n\n<p>La explicaci\u00f3n del acuerdo qued\u00f3 en manos del regidor presidente de la Comisi\u00f3n de Hacienda, Programaci\u00f3n y Presupuesto, Adri\u00e1n Mart\u00ednez Terrazas, quien refiri\u00f3 que esta propuesta busca aclarar la intenci\u00f3n del municipio para regular la infraestructura de diferentes empresas de telecomunicaciones y suministro de electricidad, que en muchas ocasiones omiten cumplir con disposiciones municipales, como es la autorizaci\u00f3n para construir en territorio municipal.<\/p>\n\n\n\n<p>Precis\u00f3 que las empresas deben respetar las normas urbanas estatales y municipales, situaci\u00f3n que ha sido convalidada por la Suprema Corte de Justicia de la Naci\u00f3n (SCJN) y en la propia interpretaci\u00f3n a la Ley Federal de Telecomunicaciones, por lo cual se establece la autorizaci\u00f3n para la instalaci\u00f3n de postes, torres y ductos, uso de infraestructura ya instalada, y mantenimiento a la infraestructura de telecomunicaci\u00f3n y suministro de electricidad.<\/p>\n\n\n\n<p>\u201cCon esto el ayuntamiento no solo regula un rubro que por a\u00f1os se ha abandonado, sino que tambi\u00e9n cumplimos con la funci\u00f3n social que como ayuntamiento debemos a las personas en sentido de garantizar el derecho a un medio ambiente sano, saludable y sostenible; rectificar la imagen urbana de la ciudad, y facilitar los tr\u00e1mites y servicios a los destinatarios de estas normas\u201d, puntualiz\u00f3.<\/p>\n\n\n\n<p>Tras manifestar su respaldo a la iniciativa, el presidente municipal, Jos\u00e9 Luis Uri\u00f3stegui Salgado, expres\u00f3 que ha sido material de an\u00e1lisis detenido por el cuerpo edilicio los elevados costos de la energ\u00eda el\u00e9ctrica, el uso de la v\u00eda p\u00fablica del municipio y la existencia de infraestructura para la que en cierto casos no se tramitaban licencias de construcci\u00f3n o de uso de suelo, pero si forman parte del mobiliario urbano en ocasiones para bien y en otras sirven como tropiezo u obst\u00e1culos para la movilidad adecuada.<\/p>\n\n\n\n<p>Ante ello, resalt\u00f3 que cobra relevancia esta propuesta que ya hab\u00eda sido incorporada en las modificaciones propuestas a la ley vigente; sin embargo, el Poder Legislativo no estim\u00f3 suficientemente fundadas y motivadas para ser aprobadas, siendo este un planteamiento complementario, de seguimiento y m\u00e1s s\u00f3lido.<\/p>\n\n\n\n<p>Las modificaciones al anteproyecto de la Ley de Ingresos 2023 fue aprobado como de urgente resoluci\u00f3n para ser enviados al Congreso local, a fin de cumplir con los tiempos establecidos por la ley para ser analizadas y en su caso, votadas.<\/p>\n\n\n\n<p>Cabe se\u00f1alar que en esta misma sesi\u00f3n fue presentado el proyecto de Reglamento para el Despliegue, Uso, Mantenimiento y Reparaci\u00f3n de Infraestructura de Telecomunicaciones y Suministro de Electricidad en el Municipio, mismo que fue elaborado en mesas de trabajo con la Comisi\u00f3n Nacional de Mejora Regulatoria.<\/p>\n\n\n\n<p>La iniciativa busca, entre otras cosas, que las actividades econ\u00f3micas en estas materias cuenten con tr\u00e1mites sencillos, eficientes, transparentes, pero apegados a las normas en materia de desarrollo urbano y protecci\u00f3n al ambiente para que contribuyan al desarrollo econ\u00f3mico del municipio, del estado y del pa\u00eds, ayudando a conseguir la declaratoria oficial de Centro Hist\u00f3rico que el Gobierno Municipal de Cuernavaca ha impulsado desde el inicio de sus funciones, en un trabajo conjunto con la Universidad Aut\u00f3noma del Estado de Morelos (UAEM) y el Instituto Nacional de Antropolog\u00eda e Historia (INAH).<\/p>\n\n\n\n<figure class=\"wp-container-2 wp-block-gallery-1 wp-block-gallery has-nested-images columns-default is-cropped\">\n<figure class=\"wp-block-image size-large\"><img loading=\"lazy\" width=\"1280\" height=\"853\" data-id=\"22284\"  src=\"https:\/\/cuernavaca.gob.mx\/wp-content\/uploads\/2022\/12\/WhatsApp-Image-2022-12-02-at-12.40.38-PM4.jpeg\" alt=\"\" class=\"wp-image-22284\" srcset=\"https:\/\/cuernavaca.gob.mx\/wp-content\/uploads\/2022\/12\/WhatsApp-Image-2022-12-02-at-12.40.38-PM4.jpeg 1280w, https:\/\/cuernavaca.gob.mx\/wp-content\/uploads\/2022\/12\/WhatsApp-Image-2022-12-02-at-12.40.38-PM4-300x200.jpeg 300w, https:\/\/cuernavaca.gob.mx\/wp-content\/uploads\/2022\/12\/WhatsApp-Image-2022-12-02-at-12.40.38-PM4-1024x682.jpeg 1024w, https:\/\/cuernavaca.gob.mx\/wp-content\/uploads\/2022\/12\/WhatsApp-Image-2022-12-02-at-12.40.38-PM4-768x512.jpeg 768w, https:\/\/cuernavaca.gob.mx\/wp-content\/uploads\/2022\/12\/WhatsApp-Image-2022-12-02-at-12.40.38-PM4-600x400.jpeg 600w, https:\/\/cuernavaca.gob.mx\/wp-content\/uploads\/2022\/12\/WhatsApp-Image-2022-12-02-at-12.40.38-PM4-560x373.jpeg 560w\" sizes=\"(max-width: 1280px) 100vw, 1280px\" \/><\/figure>\n\n\n\n<figure class=\"wp-block-image size-large\"><img loading=\"lazy\" width=\"1280\" height=\"853\" data-id=\"22285\"  src=\"https:\/\/cuernavaca.gob.mx\/wp-content\/uploads\/2022\/12\/WhatsApp-Image-2022-12-02-at-12.40.38-PM3.jpeg\" alt=\"\" class=\"wp-image-22285\" srcset=\"https:\/\/cuernavaca.gob.mx\/wp-content\/uploads\/2022\/12\/WhatsApp-Image-2022-12-02-at-12.40.38-PM3.jpeg 1280w, https:\/\/cuernavaca.gob.mx\/wp-content\/uploads\/2022\/12\/WhatsApp-Image-2022-12-02-at-12.40.38-PM3-300x200.jpeg 300w, https:\/\/cuernavaca.gob.mx\/wp-content\/uploads\/2022\/12\/WhatsApp-Image-2022-12-02-at-12.40.38-PM3-1024x682.jpeg 1024w, https:\/\/cuernavaca.gob.mx\/wp-content\/uploads\/2022\/12\/WhatsApp-Image-2022-12-02-at-12.40.38-PM3-768x512.jpeg 768w, https:\/\/cuernavaca.gob.mx\/wp-content\/uploads\/2022\/12\/WhatsApp-Image-2022-12-02-at-12.40.38-PM3-600x400.jpeg 600w, https:\/\/cuernavaca.gob.mx\/wp-content\/uploads\/2022\/12\/WhatsApp-Image-2022-12-02-at-12.40.38-PM3-560x373.jpeg 560w\" sizes=\"(max-width: 1280px) 100vw, 1280px\" \/><\/figure>\n\n\n\n<figure class=\"wp-block-image size-large\"><img loading=\"lazy\" width=\"1280\" height=\"853\" data-id=\"22286\"  src=\"https:\/\/cuernavaca.gob.mx\/wp-content\/uploads\/2022\/12\/WhatsApp-Image-2022-12-02-at-12.40.38-PM2.jpeg\" alt=\"\" class=\"wp-image-22286\" srcset=\"https:\/\/cuernavaca.gob.mx\/wp-content\/uploads\/2022\/12\/WhatsApp-Image-2022-12-02-at-12.40.38-PM2.jpeg 1280w, https:\/\/cuernavaca.gob.mx\/wp-content\/uploads\/2022\/12\/WhatsApp-Image-2022-12-02-at-12.40.38-PM2-300x200.jpeg 300w, https:\/\/cuernavaca.gob.mx\/wp-content\/uploads\/2022\/12\/WhatsApp-Image-2022-12-02-at-12.40.38-PM2-1024x682.jpeg 1024w, https:\/\/cuernavaca.gob.mx\/wp-content\/uploads\/2022\/12\/WhatsApp-Image-2022-12-02-at-12.40.38-PM2-768x512.jpeg 768w, https:\/\/cuernavaca.gob.mx\/wp-content\/uploads\/2022\/12\/WhatsApp-Image-2022-12-02-at-12.40.38-PM2-600x400.jpeg 600w, https:\/\/cuernavaca.gob.mx\/wp-content\/uploads\/2022\/12\/WhatsApp-Image-2022-12-02-at-12.40.38-PM2-560x373.jpeg 560w\" sizes=\"(max-width: 1280px) 100vw, 1280px\" \/><\/figure>\n\n\n\n<figure class=\"wp-block-image size-large\"><img loading=\"lazy\" width=\"1280\" height=\"853\" data-id=\"22287\"  src=\"https:\/\/cuernavaca.gob.mx\/wp-content\/uploads\/2022\/12\/WhatsApp-Image-2022-12-02-at-12.40.38-PM1.jpeg\" alt=\"\" class=\"wp-image-22287\" srcset=\"https:\/\/cuernavaca.gob.mx\/wp-content\/uploads\/2022\/12\/WhatsApp-Image-2022-12-02-at-12.40.38-PM1.jpeg 1280w, https:\/\/cuernavaca.gob.mx\/wp-content\/uploads\/2022\/12\/WhatsApp-Image-2022-12-02-at-12.40.38-PM1-300x200.jpeg 300w, https:\/\/cuernavaca.gob.mx\/wp-content\/uploads\/2022\/12\/WhatsApp-Image-2022-12-02-at-12.40.38-PM1-1024x682.jpeg 1024w, https:\/\/cuernavaca.gob.mx\/wp-content\/uploads\/2022\/12\/WhatsApp-Image-2022-12-02-at-12.40.38-PM1-768x512.jpeg 768w, https:\/\/cuernavaca.gob.mx\/wp-content\/uploads\/2022\/12\/WhatsApp-Image-2022-12-02-at-12.40.38-PM1-600x400.jpeg 600w, https:\/\/cuernavaca.gob.mx\/wp-content\/uploads\/2022\/12\/WhatsApp-Image-2022-12-02-at-12.40.38-PM1-560x373.jpeg 560w\" sizes=\"(max-width: 1280px) 100vw, 1280px\" \/><\/figure>\n\n\n\n<figure class=\"wp-block-image size-large\"><img loading=\"lazy\" width=\"1280\" height=\"853\" data-id=\"22288\"  src=\"https:\/\/cuernavaca.gob.mx\/wp-content\/uploads\/2022\/12\/WhatsApp-Image-2022-12-02-at-12.40.38-PM.jpeg\" alt=\"\" class=\"wp-image-22288\" srcset=\"https:\/\/cuernavaca.gob.mx\/wp-content\/uploads\/2022\/12\/WhatsApp-Image-2022-12-02-at-12.40.38-PM.jpeg 1280w, https:\/\/cuernavaca.gob.mx\/wp-content\/uploads\/2022\/12\/WhatsApp-Image-2022-12-02-at-12.40.38-PM-300x200.jpeg 300w, https:\/\/cuernavaca.gob.mx\/wp-content\/uploads\/2022\/12\/WhatsApp-Image-2022-12-02-at-12.40.38-PM-1024x682.jpeg 1024w, https:\/\/cuernavaca.gob.mx\/wp-content\/uploads\/2022\/12\/WhatsApp-Image-2022-12-02-at-12.40.38-PM-768x512.jpeg 768w, https:\/\/cuernavaca.gob.mx\/wp-content\/uploads\/2022\/12\/WhatsApp-Image-2022-12-02-at-12.40.38-PM-600x400.jpeg 600w, https:\/\/cuernavaca.gob.mx\/wp-content\/uploads\/2022\/12\/WhatsApp-Image-2022-12-02-at-12.40.38-PM-560x373.jpeg 560w\" sizes=\"(max-width: 1280px) 100vw, 1280px\" \/><\/figure>\n\n\n\n<figure class=\"wp-block-image size-large\"><img loading=\"lazy\" width=\"1280\" height=\"853\" data-id=\"22289\"  src=\"https:\/\/cuernavaca.gob.mx\/wp-content\/uploads\/2022\/12\/WhatsApp-Image-2022-12-02-at-12.40.37-PM.jpeg\" alt=\"\" class=\"wp-image-22289\" srcset=\"https:\/\/cuernavaca.gob.mx\/wp-content\/uploads\/2022\/12\/WhatsApp-Image-2022-12-02-at-12.40.37-PM.jpeg 1280w, https:\/\/cuernavaca.gob.mx\/wp-content\/uploads\/2022\/12\/WhatsApp-Image-2022-12-02-at-12.40.37-PM-300x200.jpeg 300w, https:\/\/cuernavaca.gob.mx\/wp-content\/uploads\/2022\/12\/WhatsApp-Image-2022-12-02-at-12.40.37-PM-1024x682.jpeg 1024w, https:\/\/cuernavaca.gob.mx\/wp-content\/uploads\/2022\/12\/WhatsApp-Image-2022-12-02-at-12.40.37-PM-768x512.jpeg 768w, https:\/\/cuernavaca.gob.mx\/wp-content\/uploads\/2022\/12\/WhatsApp-Image-2022-12-02-at-12.40.37-PM-600x400.jpeg 600w, https:\/\/cuernavaca.gob.mx\/wp-content\/uploads\/2022\/12\/WhatsApp-Image-2022-12-02-at-12.40.37-PM-560x373.jpeg 560w\" sizes=\"(max-width: 1280px) 100vw, 1280px\" \/><\/figure>\n<\/figure>\n","protected":false},"excerpt":{"rendered":"<p>\u2022 Es con el objetivo de rectificar la imagen urbana de la ciudad y facilitar los tr\u00e1mites y servicios a los destinatarios, el cuerpo edilicio envi\u00f3 al Congreso del Estadio las modificaciones \u2022 Se incluyen conceptos para el cobro de pago de derechos destinados a la autorizaci\u00f3n, mantenimiento, uso y reparaci\u00f3n de infraestructura de telecomunicaciones [&hellip;]<\/p>\n","protected":false},"author":1,"featured_media":22288,"comment_status":"closed","ping_status":"open","sticky":false,"template":"","format":"standard","meta":[],"categories":[2294,20],"tags":[158,121,1929,120,206,2096],"aioseo_notices":[],"_links":{"self":[{"href":"https:\/\/cuernavaca.gob.mx\/index.php?rest_route=\/wp\/v2\/posts\/22283"}],"collection":[{"href":"https:\/\/cuernavaca.gob.mx\/index.php?rest_route=\/wp\/v2\/posts"}],"about":[{"href":"https:\/\/cuernavaca.gob.mx\/index.php?rest_route=\/wp\/v2\/types\/post"}],"author":[{"embeddable":true,"href":"https:\/\/cuernavaca.gob.mx\/index.php?rest_route=\/wp\/v2\/users\/1"}],"replies":[{"embeddable":true,"href":"https:\/\/cuernavaca.gob.mx\/index.php?rest_route=%2Fwp%2Fv2%2Fcomments&post=22283"}],"version-history":[{"count":3,"href":"https:\/\/cuernavaca.gob.mx\/index.php?rest_route=\/wp\/v2\/posts\/22283\/revisions"}],"predecessor-version":[{"id":22335,"href":"https:\/\/cuernavaca.gob.mx\/index.php?rest_route=\/wp\/v2\/posts\/22283\/revisions\/22335"}],"wp:featuredmedia":[{"embeddable":true,"href":"https:\/\/cuernavaca.gob.mx\/index.php?rest_route=\/wp\/v2\/media\/22288"}],"wp:attachment":[{"href":"https:\/\/cuernavaca.gob.mx\/index.php?rest_route=%2Fwp%2Fv2%2Fmedia&parent=22283"}],"wp:term":[{"taxonomy":"category","embeddable":true,"href":"https:\/\/cuernavaca.gob.mx\/index.php?rest_route=%2Fwp%2Fv2%2Fcategories&post=22283"},{"taxonomy":"post_tag","embeddable":true,"href":"https:\/\/cuernavaca.gob.mx\/index.php?rest_route=%2Fwp%2Fv2%2Ftags&post=22283"}],"curies":[{"name":"wp","href":"https:\/\/api.w.org\/{rel}","templated":true}]}}