{"id":22291,"date":"2022-12-02T12:56:04","date_gmt":"2022-12-02T18:56:04","guid":{"rendered":"https:\/\/cuernavaca.gob.mx\/?p=22291"},"modified":"2025-05-06T12:24:13","modified_gmt":"2025-05-06T18:24:13","slug":"f330-01-12-22-celebra-alcalde-de-cuernavaca-a-la-medallista-paralimpica-patty-valle-por-su-libro-no-solo-existo-vivo","status":"publish","type":"post","link":"https:\/\/cuernavaca.gob.mx\/?p=22291","title":{"rendered":"F330 01\/12\/22 CELEBRA ALCALDE DE CUERNAVACA A LA MEDALLISTA PARAL\u00cdMPICA, PATTY VALLE POR SU LIBRO \u201c\u00a1NO SOLO EXISTO! \u00a1VIVO!\u201d"},"content":{"rendered":"\n<p><\/p>\n\n\n\n<p>El presidente municipal de Cuernavaca, Jos\u00e9 Luis Uri\u00f3stegui Salgado sostuvo este jueves un encuentro con la medallista paral\u00edmpica oriunda de la ciudad de la Eterna Primavera, Patricia Valle Ben\u00edtez, quien present\u00f3 en el Museo de la Ciudad su libro autobiogr\u00e1fico \u201c\u00a1No solo existo! \u00a1Vivo!\u201d, siendo un ejemplo de perseverancia y lucha que la ha llevado a recorrer el mundo y poner en alto el nombre de la ciudad, de Morelos y de M\u00e9xico.<\/p>\n\n\n\n<p>Previo a la presentaci\u00f3n, el alcalde reconoci\u00f3 su amplia trayectoria y manifest\u00f3 la importancia de seguir apoyando a las y los atletas cuernavacenses, no sin antes hacerle una extensiva invitaci\u00f3n a regresar a la capital morelense, ya que reside en Quer\u00e9taro, para sumarse a las acciones sociales, deportivas y de reconstrucci\u00f3n del tejido social que est\u00e1 encabezando la presente administraci\u00f3n para que Cuernavaca renazca.<\/p>\n\n\n\n<p>Acompa\u00f1ando al mandatario local, quien no dej\u00f3 pasar la oportunidad de adquirir un ejemplar del libro de la multimedallista paral\u00edmpica, estuvieron la s\u00edndica municipal, Ver\u00f3nica Atenco P\u00e9rez; el regidor Adri\u00e1n Mart\u00ednez Terrazas y el director general del Instituto del Deporte de Cuernavaca, Gerardo Olvera Moreno, quien organiz\u00f3 el evento e invit\u00f3 a la atleta morelense a dar a conocer su obra, que est\u00e1 disponible en librer\u00edas digitales, como Gandhi.<\/p>\n\n\n\n<figure class=\"wp-container-2 wp-block-gallery-1 wp-block-gallery has-nested-images columns-default is-cropped\">\n<figure class=\"wp-block-image size-large\"><img loading=\"lazy\" width=\"1280\" height=\"965\" data-id=\"22292\"  src=\"https:\/\/cuernavaca.gob.mx\/wp-content\/uploads\/2022\/12\/WhatsApp-Image-2022-12-02-at-12.40.39-PM4.jpeg\" alt=\"\" class=\"wp-image-22292\" srcset=\"https:\/\/cuernavaca.gob.mx\/wp-content\/uploads\/2022\/12\/WhatsApp-Image-2022-12-02-at-12.40.39-PM4.jpeg 1280w, https:\/\/cuernavaca.gob.mx\/wp-content\/uploads\/2022\/12\/WhatsApp-Image-2022-12-02-at-12.40.39-PM4-300x226.jpeg 300w, https:\/\/cuernavaca.gob.mx\/wp-content\/uploads\/2022\/12\/WhatsApp-Image-2022-12-02-at-12.40.39-PM4-1024x772.jpeg 1024w, https:\/\/cuernavaca.gob.mx\/wp-content\/uploads\/2022\/12\/WhatsApp-Image-2022-12-02-at-12.40.39-PM4-768x579.jpeg 768w, https:\/\/cuernavaca.gob.mx\/wp-content\/uploads\/2022\/12\/WhatsApp-Image-2022-12-02-at-12.40.39-PM4-600x452.jpeg 600w, https:\/\/cuernavaca.gob.mx\/wp-content\/uploads\/2022\/12\/WhatsApp-Image-2022-12-02-at-12.40.39-PM4-560x422.jpeg 560w\" sizes=\"(max-width: 1280px) 100vw, 1280px\" \/><\/figure>\n\n\n\n<figure class=\"wp-block-image size-large\"><img loading=\"lazy\" width=\"1280\" height=\"941\" data-id=\"22293\"  src=\"https:\/\/cuernavaca.gob.mx\/wp-content\/uploads\/2022\/12\/WhatsApp-Image-2022-12-02-at-12.40.39-PM3.jpeg\" alt=\"\" class=\"wp-image-22293\" srcset=\"https:\/\/cuernavaca.gob.mx\/wp-content\/uploads\/2022\/12\/WhatsApp-Image-2022-12-02-at-12.40.39-PM3.jpeg 1280w, https:\/\/cuernavaca.gob.mx\/wp-content\/uploads\/2022\/12\/WhatsApp-Image-2022-12-02-at-12.40.39-PM3-300x221.jpeg 300w, https:\/\/cuernavaca.gob.mx\/wp-content\/uploads\/2022\/12\/WhatsApp-Image-2022-12-02-at-12.40.39-PM3-1024x753.jpeg 1024w, https:\/\/cuernavaca.gob.mx\/wp-content\/uploads\/2022\/12\/WhatsApp-Image-2022-12-02-at-12.40.39-PM3-768x565.jpeg 768w, https:\/\/cuernavaca.gob.mx\/wp-content\/uploads\/2022\/12\/WhatsApp-Image-2022-12-02-at-12.40.39-PM3-600x441.jpeg 600w, https:\/\/cuernavaca.gob.mx\/wp-content\/uploads\/2022\/12\/WhatsApp-Image-2022-12-02-at-12.40.39-PM3-560x412.jpeg 560w\" sizes=\"(max-width: 1280px) 100vw, 1280px\" \/><\/figure>\n\n\n\n<figure class=\"wp-block-image size-large\"><img loading=\"lazy\" width=\"1280\" height=\"940\" data-id=\"22294\"  src=\"https:\/\/cuernavaca.gob.mx\/wp-content\/uploads\/2022\/12\/WhatsApp-Image-2022-12-02-at-12.40.39-PM2.jpeg\" alt=\"\" class=\"wp-image-22294\" srcset=\"https:\/\/cuernavaca.gob.mx\/wp-content\/uploads\/2022\/12\/WhatsApp-Image-2022-12-02-at-12.40.39-PM2.jpeg 1280w, https:\/\/cuernavaca.gob.mx\/wp-content\/uploads\/2022\/12\/WhatsApp-Image-2022-12-02-at-12.40.39-PM2-300x220.jpeg 300w, https:\/\/cuernavaca.gob.mx\/wp-content\/uploads\/2022\/12\/WhatsApp-Image-2022-12-02-at-12.40.39-PM2-1024x752.jpeg 1024w, https:\/\/cuernavaca.gob.mx\/wp-content\/uploads\/2022\/12\/WhatsApp-Image-2022-12-02-at-12.40.39-PM2-768x564.jpeg 768w, https:\/\/cuernavaca.gob.mx\/wp-content\/uploads\/2022\/12\/WhatsApp-Image-2022-12-02-at-12.40.39-PM2-600x441.jpeg 600w, https:\/\/cuernavaca.gob.mx\/wp-content\/uploads\/2022\/12\/WhatsApp-Image-2022-12-02-at-12.40.39-PM2-560x411.jpeg 560w\" sizes=\"(max-width: 1280px) 100vw, 1280px\" \/><\/figure>\n\n\n\n<figure class=\"wp-block-image size-large\"><img loading=\"lazy\" width=\"1280\" height=\"853\" data-id=\"22295\"  src=\"https:\/\/cuernavaca.gob.mx\/wp-content\/uploads\/2022\/12\/WhatsApp-Image-2022-12-02-at-12.40.39-PM1.jpeg\" alt=\"\" class=\"wp-image-22295\" srcset=\"https:\/\/cuernavaca.gob.mx\/wp-content\/uploads\/2022\/12\/WhatsApp-Image-2022-12-02-at-12.40.39-PM1.jpeg 1280w, https:\/\/cuernavaca.gob.mx\/wp-content\/uploads\/2022\/12\/WhatsApp-Image-2022-12-02-at-12.40.39-PM1-300x200.jpeg 300w, https:\/\/cuernavaca.gob.mx\/wp-content\/uploads\/2022\/12\/WhatsApp-Image-2022-12-02-at-12.40.39-PM1-1024x682.jpeg 1024w, https:\/\/cuernavaca.gob.mx\/wp-content\/uploads\/2022\/12\/WhatsApp-Image-2022-12-02-at-12.40.39-PM1-768x512.jpeg 768w, https:\/\/cuernavaca.gob.mx\/wp-content\/uploads\/2022\/12\/WhatsApp-Image-2022-12-02-at-12.40.39-PM1-600x400.jpeg 600w, https:\/\/cuernavaca.gob.mx\/wp-content\/uploads\/2022\/12\/WhatsApp-Image-2022-12-02-at-12.40.39-PM1-560x373.jpeg 560w\" sizes=\"(max-width: 1280px) 100vw, 1280px\" \/><\/figure>\n\n\n\n<figure class=\"wp-block-image size-large\"><img loading=\"lazy\" width=\"1280\" height=\"958\" data-id=\"22296\"  src=\"https:\/\/cuernavaca.gob.mx\/wp-content\/uploads\/2022\/12\/WhatsApp-Image-2022-12-02-at-12.40.39-PM.jpeg\" alt=\"\" class=\"wp-image-22296\" srcset=\"https:\/\/cuernavaca.gob.mx\/wp-content\/uploads\/2022\/12\/WhatsApp-Image-2022-12-02-at-12.40.39-PM.jpeg 1280w, https:\/\/cuernavaca.gob.mx\/wp-content\/uploads\/2022\/12\/WhatsApp-Image-2022-12-02-at-12.40.39-PM-300x225.jpeg 300w, https:\/\/cuernavaca.gob.mx\/wp-content\/uploads\/2022\/12\/WhatsApp-Image-2022-12-02-at-12.40.39-PM-1024x766.jpeg 1024w, https:\/\/cuernavaca.gob.mx\/wp-content\/uploads\/2022\/12\/WhatsApp-Image-2022-12-02-at-12.40.39-PM-768x575.jpeg 768w, https:\/\/cuernavaca.gob.mx\/wp-content\/uploads\/2022\/12\/WhatsApp-Image-2022-12-02-at-12.40.39-PM-600x449.jpeg 600w, https:\/\/cuernavaca.gob.mx\/wp-content\/uploads\/2022\/12\/WhatsApp-Image-2022-12-02-at-12.40.39-PM-560x419.jpeg 560w\" sizes=\"(max-width: 1280px) 100vw, 1280px\" \/><\/figure>\n<\/figure>\n","protected":false},"excerpt":{"rendered":"<p>El presidente municipal de Cuernavaca, Jos\u00e9 Luis Uri\u00f3stegui Salgado sostuvo este jueves un encuentro con la medallista paral\u00edmpica oriunda de la ciudad de la Eterna Primavera, Patricia Valle Ben\u00edtez, quien present\u00f3 en el Museo de la Ciudad su libro autobiogr\u00e1fico \u201c\u00a1No solo existo! \u00a1Vivo!\u201d, siendo un ejemplo de perseverancia y lucha que la ha llevado [&hellip;]<\/p>\n","protected":false},"author":1,"featured_media":22293,"comment_status":"closed","ping_status":"open","sticky":false,"template":"","format":"standard","meta":[],"categories":[2292],"tags":[121,120,2708,206,388,2709],"aioseo_notices":[],"_links":{"self":[{"href":"https:\/\/cuernavaca.gob.mx\/index.php?rest_route=\/wp\/v2\/posts\/22291"}],"collection":[{"href":"https:\/\/cuernavaca.gob.mx\/index.php?rest_route=\/wp\/v2\/posts"}],"about":[{"href":"https:\/\/cuernavaca.gob.mx\/index.php?rest_route=\/wp\/v2\/types\/post"}],"author":[{"embeddable":true,"href":"https:\/\/cuernavaca.gob.mx\/index.php?rest_route=\/wp\/v2\/users\/1"}],"replies":[{"embeddable":true,"href":"https:\/\/cuernavaca.gob.mx\/index.php?rest_route=%2Fwp%2Fv2%2Fcomments&post=22291"}],"version-history":[{"count":2,"href":"https:\/\/cuernavaca.gob.mx\/index.php?rest_route=\/wp\/v2\/posts\/22291\/revisions"}],"predecessor-version":[{"id":22314,"href":"https:\/\/cuernavaca.gob.mx\/index.php?rest_route=\/wp\/v2\/posts\/22291\/revisions\/22314"}],"wp:featuredmedia":[{"embeddable":true,"href":"https:\/\/cuernavaca.gob.mx\/index.php?rest_route=\/wp\/v2\/media\/22293"}],"wp:attachment":[{"href":"https:\/\/cuernavaca.gob.mx\/index.php?rest_route=%2Fwp%2Fv2%2Fmedia&parent=22291"}],"wp:term":[{"taxonomy":"category","embeddable":true,"href":"https:\/\/cuernavaca.gob.mx\/index.php?rest_route=%2Fwp%2Fv2%2Fcategories&post=22291"},{"taxonomy":"post_tag","embeddable":true,"href":"https:\/\/cuernavaca.gob.mx\/index.php?rest_route=%2Fwp%2Fv2%2Ftags&post=22291"}],"curies":[{"name":"wp","href":"https:\/\/api.w.org\/{rel}","templated":true}]}}