{"id":22298,"date":"2022-12-02T12:59:10","date_gmt":"2022-12-02T18:59:10","guid":{"rendered":"https:\/\/cuernavaca.gob.mx\/?p=22298"},"modified":"2025-05-06T12:24:13","modified_gmt":"2025-05-06T18:24:13","slug":"b554-02-12-22-inicia-en-cuernavaca-programa-conduce-sin-alcohol-para-la-prevencion-de-accidentes","status":"publish","type":"post","link":"https:\/\/cuernavaca.gob.mx\/?p=22298","title":{"rendered":"B554 02\/12\/22 INICIA EN CUERNAVACA PROGRAMA &#8220;CONDUCE SIN ALCOHOL&#8221; PARA LA PREVENCI\u00d3N DE ACCIDENTES."},"content":{"rendered":"\n<p><\/p>\n\n\n\n<p><strong>\u2022 En el primer d\u00eda del programa se sorprendi\u00f3 a dos conductores que fueron remitidos al juez c\u00edvico al rebasar la medici\u00f3n de 0.39 mg\/l en el nivel de alcohol<\/strong><\/p>\n\n\n\n<p><strong>\u2022 Participa personal de Protecci\u00f3n Civil, param\u00e9dicos, Guardia Nacional, la Secretar\u00eda de la Defensa Nacional (SEDENA) y la Procuradur\u00eda Municipal de Protecci\u00f3n de Ni\u00f1as, Ni\u00f1os<\/strong><\/p>\n\n\n\n<p>Tal y como se anunci\u00f3 a principios de esta semana, el Ayuntamiento de Cuernavaca, a trav\u00e9s de la Secretar\u00eda de Protecci\u00f3n y Auxilio Ciudadano (SEPRAC) en coordinaci\u00f3n con Protecci\u00f3n Civil, Guardia Nacional, la Secretar\u00eda de la Defensa Nacional (SEDENA), el Sistema DIF Cuernavaca, a trav\u00e9s de la Procuradur\u00eda Municipal de Protecci\u00f3n de Ni\u00f1as, Ni\u00f1os, Adolescentes y la Familia, implementa durante el mes de diciembre el programa \u201cConduce sin Alcohol\u201d en las diversas vialidades de la ciudad capital, como un ejercicio de salud p\u00fablica, revisi\u00f3n y sensibilizaci\u00f3n a los conductores sobre la importancia de no manejar en estado de ebriedad y evitar accidentes de consideraci\u00f3n.<\/p>\n\n\n\n<p>La titular de SEPRAC, Alicia V\u00e1zquez Luna, inform\u00f3 que en el primer d\u00eda del programa que arranc\u00f3 este jueves a las 22:30 horas y concluy\u00f3 a las 00:00 horas, se detuvo a cinco conductores en estado et\u00edlico, dos de ellos fueron remitidos al juez c\u00edvico al rebasar la medici\u00f3n de 0.39 mg\/l en el nivel de alcohol y dos veh\u00edculos se aseguraron, siendo trasladados al corral\u00f3n, en tanto a tres conductores se les infraccion\u00f3, pero no se les retuvo porque no rebasaron los grados de alcohol permitidos y tuvieron la oportunidad de retirarse en su propio veh\u00edculo.<\/p>\n\n\n\n<p>Reiter\u00f3 que al ser este ejercicio de salud p\u00fablica y no un programa recaudatorio, desde el mes de abril hasta el 29 de noviembre efectuaron una campa\u00f1a permanente para dar a conocer el proyecto, principalmente para generar consciencia social y fortalecer el quehacer preventivo respecto de los accidentes de tr\u00e1nsito terrestre por la ingesta de bebidas alcoh\u00f3licas o algunas otras sustancias toxica, ya que diariamente en el municipio ocurren al menos tres accidentes relacionados a este tema.<\/p>\n\n\n\n<p>Durante el operativo se pidi\u00f3 a la persona descender del autom\u00f3vil para realizar la prueba de alcoholemia que tiene como misi\u00f3n medir los niveles de alcohol en la sangre. En todo momento se les inform\u00f3 a los conductores el procedimiento y si aceptaban les piden soplar en la pipeta del aparato que develar\u00eda si hab\u00eda exceso de alcohol, en caso de aparecer una luz roja se les envi\u00f3 al puesto de control donde se encontraban m\u00e9dicos capacitados, quienes explicaban el procedimiento, hac\u00edan una certificaci\u00f3n y toda una serie de pruebas de movimientos de su sistema psicomotor para reportarlo en el certificado m\u00e9dico, como es caminar en una sola l\u00ednea manteniendo el equilibrio.<\/p>\n\n\n\n<p>Con pleno apego de respeto a sus derechos humanos, se les tomaron serie de datos generales, haciendo la impresi\u00f3n de la medici\u00f3n y si llegaban a 0.40 mg\/l se determinaba que la persona conduc\u00eda en estado inconveniente, lo que en este caso llev\u00f3 a la detenci\u00f3n de dos unidades y sus correspondientes conductores.<\/p>\n\n\n\n<p>En este operativo participaron la Procuradur\u00eda Municipal de Protecci\u00f3n de Ni\u00f1as, Ni\u00f1os, Adolescentes y la Familia, con el objetivo de cuidar y respaldar a los menores de edad que pudieran estar involucrados en estos hechos, en caso de que los conductores llevaran acompa\u00f1antes que fueran menores de edad o en su defecto, que los conductores fueran menores de edad; m\u00e9dicos que fueron previamente capacitados, personal t\u00e9cnico que opera los equipos tecnol\u00f3gicos para la medici\u00f3n de la alcoholemia, polic\u00edas preventivos y viales, bomberos, param\u00e9dicos y personal del Ej\u00e9rcito, as\u00ed como de la Guardia Nacional.<\/p>\n\n\n\n<p>Durante este per\u00edodo de fiestas decembrinas, el programa &#8220;Conduce sin Alcohol&#8221; estar\u00e1 aplic\u00e1ndose en 13 vialidades de manera itinerante, continuando con la campa\u00f1a preventiva que logre un cambio cultural y de mentalidad en la poblaci\u00f3n sobre la importancia evitar conducir bajo los efectos del alcohol.<\/p>\n\n\n\n<p>V\u00e1zquez Luna reiter\u00f3 el llamado a la poblaci\u00f3n a tomar en cuenta que las acciones que est\u00e1n desarrollando con este programa &#8220;Conduce sin Alcohol&#8221; es para preservar su vida, su integridad corporal y cuidar su patrimonio. &#8220;Queremos que la gente se divierta con responsabilidad, que no se exponga a s\u00ed mismo, ni exponga a terceros. Los queremos bien porque su seguridad es nuestro compromiso&#8221;.<\/p>\n\n\n\n<figure class=\"wp-container-2 wp-block-gallery-1 wp-block-gallery has-nested-images columns-default is-cropped\">\n<figure class=\"wp-block-image size-large\"><img loading=\"lazy\" width=\"1280\" height=\"853\" data-id=\"22300\"  src=\"https:\/\/cuernavaca.gob.mx\/wp-content\/uploads\/2022\/12\/WhatsApp-Image-2022-12-02-at-12.40.41-PM3.jpeg\" alt=\"\" class=\"wp-image-22300\" srcset=\"https:\/\/cuernavaca.gob.mx\/wp-content\/uploads\/2022\/12\/WhatsApp-Image-2022-12-02-at-12.40.41-PM3.jpeg 1280w, https:\/\/cuernavaca.gob.mx\/wp-content\/uploads\/2022\/12\/WhatsApp-Image-2022-12-02-at-12.40.41-PM3-300x200.jpeg 300w, https:\/\/cuernavaca.gob.mx\/wp-content\/uploads\/2022\/12\/WhatsApp-Image-2022-12-02-at-12.40.41-PM3-1024x682.jpeg 1024w, https:\/\/cuernavaca.gob.mx\/wp-content\/uploads\/2022\/12\/WhatsApp-Image-2022-12-02-at-12.40.41-PM3-768x512.jpeg 768w, https:\/\/cuernavaca.gob.mx\/wp-content\/uploads\/2022\/12\/WhatsApp-Image-2022-12-02-at-12.40.41-PM3-600x400.jpeg 600w, https:\/\/cuernavaca.gob.mx\/wp-content\/uploads\/2022\/12\/WhatsApp-Image-2022-12-02-at-12.40.41-PM3-560x373.jpeg 560w\" sizes=\"(max-width: 1280px) 100vw, 1280px\" \/><\/figure>\n\n\n\n<figure class=\"wp-block-image size-large\"><img loading=\"lazy\" width=\"1280\" height=\"853\" data-id=\"22301\"  src=\"https:\/\/cuernavaca.gob.mx\/wp-content\/uploads\/2022\/12\/WhatsApp-Image-2022-12-02-at-12.40.41-PM2.jpeg\" alt=\"\" class=\"wp-image-22301\" srcset=\"https:\/\/cuernavaca.gob.mx\/wp-content\/uploads\/2022\/12\/WhatsApp-Image-2022-12-02-at-12.40.41-PM2.jpeg 1280w, https:\/\/cuernavaca.gob.mx\/wp-content\/uploads\/2022\/12\/WhatsApp-Image-2022-12-02-at-12.40.41-PM2-300x200.jpeg 300w, https:\/\/cuernavaca.gob.mx\/wp-content\/uploads\/2022\/12\/WhatsApp-Image-2022-12-02-at-12.40.41-PM2-1024x682.jpeg 1024w, https:\/\/cuernavaca.gob.mx\/wp-content\/uploads\/2022\/12\/WhatsApp-Image-2022-12-02-at-12.40.41-PM2-768x512.jpeg 768w, https:\/\/cuernavaca.gob.mx\/wp-content\/uploads\/2022\/12\/WhatsApp-Image-2022-12-02-at-12.40.41-PM2-600x400.jpeg 600w, https:\/\/cuernavaca.gob.mx\/wp-content\/uploads\/2022\/12\/WhatsApp-Image-2022-12-02-at-12.40.41-PM2-560x373.jpeg 560w\" sizes=\"(max-width: 1280px) 100vw, 1280px\" \/><\/figure>\n\n\n\n<figure class=\"wp-block-image size-large\"><img loading=\"lazy\" width=\"1280\" height=\"853\" data-id=\"22302\"  src=\"https:\/\/cuernavaca.gob.mx\/wp-content\/uploads\/2022\/12\/WhatsApp-Image-2022-12-02-at-12.40.41-PM1.jpeg\" alt=\"\" class=\"wp-image-22302\" srcset=\"https:\/\/cuernavaca.gob.mx\/wp-content\/uploads\/2022\/12\/WhatsApp-Image-2022-12-02-at-12.40.41-PM1.jpeg 1280w, https:\/\/cuernavaca.gob.mx\/wp-content\/uploads\/2022\/12\/WhatsApp-Image-2022-12-02-at-12.40.41-PM1-300x200.jpeg 300w, https:\/\/cuernavaca.gob.mx\/wp-content\/uploads\/2022\/12\/WhatsApp-Image-2022-12-02-at-12.40.41-PM1-1024x682.jpeg 1024w, https:\/\/cuernavaca.gob.mx\/wp-content\/uploads\/2022\/12\/WhatsApp-Image-2022-12-02-at-12.40.41-PM1-768x512.jpeg 768w, https:\/\/cuernavaca.gob.mx\/wp-content\/uploads\/2022\/12\/WhatsApp-Image-2022-12-02-at-12.40.41-PM1-600x400.jpeg 600w, https:\/\/cuernavaca.gob.mx\/wp-content\/uploads\/2022\/12\/WhatsApp-Image-2022-12-02-at-12.40.41-PM1-560x373.jpeg 560w\" sizes=\"(max-width: 1280px) 100vw, 1280px\" \/><\/figure>\n\n\n\n<figure class=\"wp-block-image size-large\"><img loading=\"lazy\" width=\"1280\" height=\"853\" data-id=\"22303\"  src=\"https:\/\/cuernavaca.gob.mx\/wp-content\/uploads\/2022\/12\/WhatsApp-Image-2022-12-02-at-12.40.41-PM.jpeg\" alt=\"\" class=\"wp-image-22303\" srcset=\"https:\/\/cuernavaca.gob.mx\/wp-content\/uploads\/2022\/12\/WhatsApp-Image-2022-12-02-at-12.40.41-PM.jpeg 1280w, https:\/\/cuernavaca.gob.mx\/wp-content\/uploads\/2022\/12\/WhatsApp-Image-2022-12-02-at-12.40.41-PM-300x200.jpeg 300w, https:\/\/cuernavaca.gob.mx\/wp-content\/uploads\/2022\/12\/WhatsApp-Image-2022-12-02-at-12.40.41-PM-1024x682.jpeg 1024w, https:\/\/cuernavaca.gob.mx\/wp-content\/uploads\/2022\/12\/WhatsApp-Image-2022-12-02-at-12.40.41-PM-768x512.jpeg 768w, https:\/\/cuernavaca.gob.mx\/wp-content\/uploads\/2022\/12\/WhatsApp-Image-2022-12-02-at-12.40.41-PM-600x400.jpeg 600w, https:\/\/cuernavaca.gob.mx\/wp-content\/uploads\/2022\/12\/WhatsApp-Image-2022-12-02-at-12.40.41-PM-560x373.jpeg 560w\" sizes=\"(max-width: 1280px) 100vw, 1280px\" \/><\/figure>\n\n\n\n<figure class=\"wp-block-image size-large\"><img loading=\"lazy\" width=\"1280\" height=\"853\" data-id=\"22304\"  src=\"https:\/\/cuernavaca.gob.mx\/wp-content\/uploads\/2022\/12\/WhatsApp-Image-2022-12-02-at-12.40.40-PM4.jpeg\" alt=\"\" class=\"wp-image-22304\" srcset=\"https:\/\/cuernavaca.gob.mx\/wp-content\/uploads\/2022\/12\/WhatsApp-Image-2022-12-02-at-12.40.40-PM4.jpeg 1280w, https:\/\/cuernavaca.gob.mx\/wp-content\/uploads\/2022\/12\/WhatsApp-Image-2022-12-02-at-12.40.40-PM4-300x200.jpeg 300w, https:\/\/cuernavaca.gob.mx\/wp-content\/uploads\/2022\/12\/WhatsApp-Image-2022-12-02-at-12.40.40-PM4-1024x682.jpeg 1024w, https:\/\/cuernavaca.gob.mx\/wp-content\/uploads\/2022\/12\/WhatsApp-Image-2022-12-02-at-12.40.40-PM4-768x512.jpeg 768w, https:\/\/cuernavaca.gob.mx\/wp-content\/uploads\/2022\/12\/WhatsApp-Image-2022-12-02-at-12.40.40-PM4-600x400.jpeg 600w, https:\/\/cuernavaca.gob.mx\/wp-content\/uploads\/2022\/12\/WhatsApp-Image-2022-12-02-at-12.40.40-PM4-560x373.jpeg 560w\" sizes=\"(max-width: 1280px) 100vw, 1280px\" \/><\/figure>\n\n\n\n<figure class=\"wp-block-image size-large\"><img loading=\"lazy\" width=\"1280\" height=\"853\" data-id=\"22305\"  src=\"https:\/\/cuernavaca.gob.mx\/wp-content\/uploads\/2022\/12\/WhatsApp-Image-2022-12-02-at-12.40.40-PM3.jpeg\" alt=\"\" class=\"wp-image-22305\" srcset=\"https:\/\/cuernavaca.gob.mx\/wp-content\/uploads\/2022\/12\/WhatsApp-Image-2022-12-02-at-12.40.40-PM3.jpeg 1280w, https:\/\/cuernavaca.gob.mx\/wp-content\/uploads\/2022\/12\/WhatsApp-Image-2022-12-02-at-12.40.40-PM3-300x200.jpeg 300w, https:\/\/cuernavaca.gob.mx\/wp-content\/uploads\/2022\/12\/WhatsApp-Image-2022-12-02-at-12.40.40-PM3-1024x682.jpeg 1024w, https:\/\/cuernavaca.gob.mx\/wp-content\/uploads\/2022\/12\/WhatsApp-Image-2022-12-02-at-12.40.40-PM3-768x512.jpeg 768w, https:\/\/cuernavaca.gob.mx\/wp-content\/uploads\/2022\/12\/WhatsApp-Image-2022-12-02-at-12.40.40-PM3-600x400.jpeg 600w, https:\/\/cuernavaca.gob.mx\/wp-content\/uploads\/2022\/12\/WhatsApp-Image-2022-12-02-at-12.40.40-PM3-560x373.jpeg 560w\" sizes=\"(max-width: 1280px) 100vw, 1280px\" \/><\/figure>\n\n\n\n<figure class=\"wp-block-image size-large\"><img loading=\"lazy\" width=\"1280\" height=\"853\" data-id=\"22306\"  src=\"https:\/\/cuernavaca.gob.mx\/wp-content\/uploads\/2022\/12\/WhatsApp-Image-2022-12-02-at-12.40.40-PM2.jpeg\" alt=\"\" class=\"wp-image-22306\" srcset=\"https:\/\/cuernavaca.gob.mx\/wp-content\/uploads\/2022\/12\/WhatsApp-Image-2022-12-02-at-12.40.40-PM2.jpeg 1280w, https:\/\/cuernavaca.gob.mx\/wp-content\/uploads\/2022\/12\/WhatsApp-Image-2022-12-02-at-12.40.40-PM2-300x200.jpeg 300w, https:\/\/cuernavaca.gob.mx\/wp-content\/uploads\/2022\/12\/WhatsApp-Image-2022-12-02-at-12.40.40-PM2-1024x682.jpeg 1024w, https:\/\/cuernavaca.gob.mx\/wp-content\/uploads\/2022\/12\/WhatsApp-Image-2022-12-02-at-12.40.40-PM2-768x512.jpeg 768w, https:\/\/cuernavaca.gob.mx\/wp-content\/uploads\/2022\/12\/WhatsApp-Image-2022-12-02-at-12.40.40-PM2-600x400.jpeg 600w, https:\/\/cuernavaca.gob.mx\/wp-content\/uploads\/2022\/12\/WhatsApp-Image-2022-12-02-at-12.40.40-PM2-560x373.jpeg 560w\" sizes=\"(max-width: 1280px) 100vw, 1280px\" \/><\/figure>\n\n\n\n<figure class=\"wp-block-image size-large\"><img loading=\"lazy\" width=\"1280\" height=\"853\" data-id=\"22307\"  src=\"https:\/\/cuernavaca.gob.mx\/wp-content\/uploads\/2022\/12\/WhatsApp-Image-2022-12-02-at-12.40.40-PM1.jpeg\" alt=\"\" class=\"wp-image-22307\" srcset=\"https:\/\/cuernavaca.gob.mx\/wp-content\/uploads\/2022\/12\/WhatsApp-Image-2022-12-02-at-12.40.40-PM1.jpeg 1280w, https:\/\/cuernavaca.gob.mx\/wp-content\/uploads\/2022\/12\/WhatsApp-Image-2022-12-02-at-12.40.40-PM1-300x200.jpeg 300w, https:\/\/cuernavaca.gob.mx\/wp-content\/uploads\/2022\/12\/WhatsApp-Image-2022-12-02-at-12.40.40-PM1-1024x682.jpeg 1024w, https:\/\/cuernavaca.gob.mx\/wp-content\/uploads\/2022\/12\/WhatsApp-Image-2022-12-02-at-12.40.40-PM1-768x512.jpeg 768w, https:\/\/cuernavaca.gob.mx\/wp-content\/uploads\/2022\/12\/WhatsApp-Image-2022-12-02-at-12.40.40-PM1-600x400.jpeg 600w, https:\/\/cuernavaca.gob.mx\/wp-content\/uploads\/2022\/12\/WhatsApp-Image-2022-12-02-at-12.40.40-PM1-560x373.jpeg 560w\" sizes=\"(max-width: 1280px) 100vw, 1280px\" \/><\/figure>\n\n\n\n<figure class=\"wp-block-image size-large\"><img loading=\"lazy\" width=\"1280\" height=\"853\" data-id=\"22308\"  src=\"https:\/\/cuernavaca.gob.mx\/wp-content\/uploads\/2022\/12\/WhatsApp-Image-2022-12-02-at-12.40.40-PM.jpeg\" alt=\"\" class=\"wp-image-22308\" srcset=\"https:\/\/cuernavaca.gob.mx\/wp-content\/uploads\/2022\/12\/WhatsApp-Image-2022-12-02-at-12.40.40-PM.jpeg 1280w, https:\/\/cuernavaca.gob.mx\/wp-content\/uploads\/2022\/12\/WhatsApp-Image-2022-12-02-at-12.40.40-PM-300x200.jpeg 300w, https:\/\/cuernavaca.gob.mx\/wp-content\/uploads\/2022\/12\/WhatsApp-Image-2022-12-02-at-12.40.40-PM-1024x682.jpeg 1024w, https:\/\/cuernavaca.gob.mx\/wp-content\/uploads\/2022\/12\/WhatsApp-Image-2022-12-02-at-12.40.40-PM-768x512.jpeg 768w, https:\/\/cuernavaca.gob.mx\/wp-content\/uploads\/2022\/12\/WhatsApp-Image-2022-12-02-at-12.40.40-PM-600x400.jpeg 600w, https:\/\/cuernavaca.gob.mx\/wp-content\/uploads\/2022\/12\/WhatsApp-Image-2022-12-02-at-12.40.40-PM-560x373.jpeg 560w\" sizes=\"(max-width: 1280px) 100vw, 1280px\" \/><\/figure>\n<\/figure>\n","protected":false},"excerpt":{"rendered":"<p>\u2022 En el primer d\u00eda del programa se sorprendi\u00f3 a dos conductores que fueron remitidos al juez c\u00edvico al rebasar la medici\u00f3n de 0.39 mg\/l en el nivel de alcohol \u2022 Participa personal de Protecci\u00f3n Civil, param\u00e9dicos, Guardia Nacional, la Secretar\u00eda de la Defensa Nacional (SEDENA) y la Procuradur\u00eda Municipal de Protecci\u00f3n de Ni\u00f1as, Ni\u00f1os [&hellip;]<\/p>\n","protected":false},"author":1,"featured_media":22305,"comment_status":"closed","ping_status":"open","sticky":false,"template":"","format":"standard","meta":[],"categories":[20,17],"tags":[2691,121,120,1291,1583,125],"aioseo_notices":[],"_links":{"self":[{"href":"https:\/\/cuernavaca.gob.mx\/index.php?rest_route=\/wp\/v2\/posts\/22298"}],"collection":[{"href":"https:\/\/cuernavaca.gob.mx\/index.php?rest_route=\/wp\/v2\/posts"}],"about":[{"href":"https:\/\/cuernavaca.gob.mx\/index.php?rest_route=\/wp\/v2\/types\/post"}],"author":[{"embeddable":true,"href":"https:\/\/cuernavaca.gob.mx\/index.php?rest_route=\/wp\/v2\/users\/1"}],"replies":[{"embeddable":true,"href":"https:\/\/cuernavaca.gob.mx\/index.php?rest_route=%2Fwp%2Fv2%2Fcomments&post=22298"}],"version-history":[{"count":3,"href":"https:\/\/cuernavaca.gob.mx\/index.php?rest_route=\/wp\/v2\/posts\/22298\/revisions"}],"predecessor-version":[{"id":22336,"href":"https:\/\/cuernavaca.gob.mx\/index.php?rest_route=\/wp\/v2\/posts\/22298\/revisions\/22336"}],"wp:featuredmedia":[{"embeddable":true,"href":"https:\/\/cuernavaca.gob.mx\/index.php?rest_route=\/wp\/v2\/media\/22305"}],"wp:attachment":[{"href":"https:\/\/cuernavaca.gob.mx\/index.php?rest_route=%2Fwp%2Fv2%2Fmedia&parent=22298"}],"wp:term":[{"taxonomy":"category","embeddable":true,"href":"https:\/\/cuernavaca.gob.mx\/index.php?rest_route=%2Fwp%2Fv2%2Fcategories&post=22298"},{"taxonomy":"post_tag","embeddable":true,"href":"https:\/\/cuernavaca.gob.mx\/index.php?rest_route=%2Fwp%2Fv2%2Ftags&post=22298"}],"curies":[{"name":"wp","href":"https:\/\/api.w.org\/{rel}","templated":true}]}}