{"id":22311,"date":"2022-12-02T13:03:22","date_gmt":"2022-12-02T19:03:22","guid":{"rendered":"https:\/\/cuernavaca.gob.mx\/?p=22311"},"modified":"2025-05-06T12:24:13","modified_gmt":"2025-05-06T18:24:13","slug":"b555-02-12-22-cuernavaca-renace-con-la-xi-edicion-del-festival-gastronomico-sabor-es-morelos-2022","status":"publish","type":"post","link":"https:\/\/cuernavaca.gob.mx\/?p=22311","title":{"rendered":"B555 02\/12\/22 CUERNAVACA RENACE CON LA XI EDICI\u00d3N DEL FESTIVAL GASTRON\u00d3MICO &#8220;SABOR ES MORELOS 2022&#8221;."},"content":{"rendered":"\n<p><\/p>\n\n\n\n<p><strong>\u2022 El presidente municipal Jos\u00e9 Luis Uri\u00f3stegui acompa\u00f1ado Luz Mar\u00eda Zagal, presidenta del Sistema DIF Municipal, asistieron como invitados especiales a la inauguraci\u00f3n de este festival internacional<\/strong><\/p>\n\n\n\n<p><strong>\u2022 De nueva cuenta Cuernavaca es referencia a nivel global con este encuentro donde el sabor, la magia y la tradici\u00f3n se unen durante un fin de semana para promocionar lo mejor de la gastronom\u00eda, y abonar al desarrollo econ\u00f3mico del municipio<\/strong><\/p>\n\n\n\n<p>El presidente municipal de Cuernavaca, Jos\u00e9 Luis Uri\u00f3stegui Salgado, acompa\u00f1ado de su esposa, Luz Mar\u00eda Zagal Guzm\u00e1n, presidenta del Sistema DIF Municipal, asistieron como invitados especiales a la inauguraci\u00f3n del Festival Internacional Gastron\u00f3mico &#8220;Sabor es Morelos 2022&#8221;, que se llevar\u00e1 a cabo este 03 y 04 de diciembre en el Centro Hist\u00f3rico de la ciudad, con lo que la Eterna Primavera sigue posicion\u00e1ndose como un referente para eventos sin precedentes y que demuestran el talento y cultura local.<\/p>\n\n\n\n<p>El Alcalde capitalino agradeci\u00f3 la invitaci\u00f3n y manifest\u00f3 su benepl\u00e1cito porque en un trabajo coordinado entre la iniciativa privada y autoridades municipales y estatales, Cuernavaca renace bajo el brazo de un evento donde el sabor, la magia y la tradici\u00f3n se unen durante un fin de semana para promocionar lo mejor de la gastronom\u00eda, impulsando los sitios tur\u00edsticos que ofrece la capital morelense, abonando al desarrollo econ\u00f3mico del municipio.<\/p>\n\n\n\n<p>En presencia del gobernador Cuauht\u00e9moc Blanco Bravo y la presidenta de la C\u00e1mara Nacional de la Industria de Restaurantes y Alimentos Condimentados (Canirac), Griselda Hurtado Calder\u00f3n, quien encabeza el festival, dio la bienvenida al Embajador de Italia en M\u00e9xico, Luigi de Chiara; as\u00ed como al presidente, Lorenzo Vianello; la directora Fariba Gallardo, y el tesorero, Giovanni Orlotti, de la C\u00e1mara de Comercio Italiana en M\u00e9xico, al ser su pa\u00eds invitado de honor en esta XI edici\u00f3n del festival.<\/p>\n\n\n\n<p>La cena de inauguraci\u00f3n tuvo lugar en el Centro Cultural Teopanzolco donde se entregaron tres reconocimientos por la trayectoria del chef Fernando Hern\u00e1ndez, la innovaci\u00f3n en la cocina tradicional mexicana al restaurante &#8220;Ra\u00edces Boutique&#8221; y como empresario del a\u00f1o fue galardonada Karla Garc\u00eda Olgu\u00edn; adem\u00e1s se otorg\u00f3 un cheque simb\u00f3lico a los ganadores del Concurso Gastron\u00f3mico &#8220;Sabor es Filipinas&#8221;, a Alejandro Cuateco D\u00edaz, Anal\u00ed Ortega Garc\u00eda y a Federico Dom\u00ednguez del Instituto Gourmet &#8220;FooDrink&#8217;s&#8221;.<\/p>\n\n\n\n<p>Por parte del Gobierno Municipal asistieron a esta cena de gala, el regidor Jes\u00fas Rosales Puebla, el secretario del Ayuntamiento, Carlos de la Rosa Segura; el secretario de Desarrollo Econ\u00f3mico y Turismo, Humberto Paladino Valdovinos; el director de Turismo, Luis Cagide R\u00edos; el director del Instituto de la Juventud, Arturo S\u00e1nchez Mart\u00ednez, y el director de Fomento Empresarial y al Empleo, Eduardo S\u00e1nchez Mart\u00ednez.<\/p>\n\n\n\n<p>En esta edici\u00f3n del Festival Internacional Gastron\u00f3mico &#8220;Sabor es Morelos 2022&#8221; el estado de Tlaxcala ser\u00e1 invitado, mientras que Jojutla y Taxco, Guerrero ser\u00e1n los municipios invitados, quienes expondr\u00e1n lo mejor de su cocina tradicional.<\/p>\n\n\n\n<p>C\u00f3mo cada a\u00f1o el corredor gastron\u00f3mico &#8220;Sabor es Morelos&#8221; tendr\u00e1 lugar en calle Hidalgo donde m\u00e1s de 60 restaurantes estar\u00e1n participando, aunado a que se contar\u00e1 con distintas actividades recreativas desde conferencias, hasta talleres en l\u00ednea y presenciales, y el concierto con causa a cargo de la soprano y actriz Regina Orozco este s\u00e1bado en el Teatro Ocampo.<\/p>\n\n\n\n<p>Para conocer el programa completo que ofrecer\u00e1 este a\u00f1o &#8220;Sabor es Morelos 2022&#8221; pueden acceder a sus redes sociales oficiales y p\u00e1gina web.<\/p>\n\n\n\n<figure class=\"wp-container-2 wp-block-gallery-1 wp-block-gallery has-nested-images columns-default is-cropped\">\n<figure class=\"wp-block-image size-large\"><img loading=\"lazy\" width=\"1280\" height=\"853\" data-id=\"22315\"  src=\"https:\/\/cuernavaca.gob.mx\/wp-content\/uploads\/2022\/12\/WhatsApp-Image-2022-12-02-at-1.17.47-PM2.jpeg\" alt=\"\" class=\"wp-image-22315\" srcset=\"https:\/\/cuernavaca.gob.mx\/wp-content\/uploads\/2022\/12\/WhatsApp-Image-2022-12-02-at-1.17.47-PM2.jpeg 1280w, https:\/\/cuernavaca.gob.mx\/wp-content\/uploads\/2022\/12\/WhatsApp-Image-2022-12-02-at-1.17.47-PM2-300x200.jpeg 300w, https:\/\/cuernavaca.gob.mx\/wp-content\/uploads\/2022\/12\/WhatsApp-Image-2022-12-02-at-1.17.47-PM2-1024x682.jpeg 1024w, https:\/\/cuernavaca.gob.mx\/wp-content\/uploads\/2022\/12\/WhatsApp-Image-2022-12-02-at-1.17.47-PM2-768x512.jpeg 768w, https:\/\/cuernavaca.gob.mx\/wp-content\/uploads\/2022\/12\/WhatsApp-Image-2022-12-02-at-1.17.47-PM2-600x400.jpeg 600w, https:\/\/cuernavaca.gob.mx\/wp-content\/uploads\/2022\/12\/WhatsApp-Image-2022-12-02-at-1.17.47-PM2-560x373.jpeg 560w\" sizes=\"(max-width: 1280px) 100vw, 1280px\" \/><\/figure>\n\n\n\n<figure class=\"wp-block-image size-large\"><img loading=\"lazy\" width=\"1280\" height=\"853\" data-id=\"22316\"  src=\"https:\/\/cuernavaca.gob.mx\/wp-content\/uploads\/2022\/12\/WhatsApp-Image-2022-12-02-at-1.17.47-PM1.jpeg\" alt=\"\" class=\"wp-image-22316\" srcset=\"https:\/\/cuernavaca.gob.mx\/wp-content\/uploads\/2022\/12\/WhatsApp-Image-2022-12-02-at-1.17.47-PM1.jpeg 1280w, https:\/\/cuernavaca.gob.mx\/wp-content\/uploads\/2022\/12\/WhatsApp-Image-2022-12-02-at-1.17.47-PM1-300x200.jpeg 300w, https:\/\/cuernavaca.gob.mx\/wp-content\/uploads\/2022\/12\/WhatsApp-Image-2022-12-02-at-1.17.47-PM1-1024x682.jpeg 1024w, https:\/\/cuernavaca.gob.mx\/wp-content\/uploads\/2022\/12\/WhatsApp-Image-2022-12-02-at-1.17.47-PM1-768x512.jpeg 768w, https:\/\/cuernavaca.gob.mx\/wp-content\/uploads\/2022\/12\/WhatsApp-Image-2022-12-02-at-1.17.47-PM1-600x400.jpeg 600w, https:\/\/cuernavaca.gob.mx\/wp-content\/uploads\/2022\/12\/WhatsApp-Image-2022-12-02-at-1.17.47-PM1-560x373.jpeg 560w\" sizes=\"(max-width: 1280px) 100vw, 1280px\" \/><\/figure>\n\n\n\n<figure class=\"wp-block-image size-large\"><img loading=\"lazy\" width=\"1280\" height=\"853\" data-id=\"22317\"  src=\"https:\/\/cuernavaca.gob.mx\/wp-content\/uploads\/2022\/12\/WhatsApp-Image-2022-12-02-at-1.17.47-PM.jpeg\" alt=\"\" class=\"wp-image-22317\" srcset=\"https:\/\/cuernavaca.gob.mx\/wp-content\/uploads\/2022\/12\/WhatsApp-Image-2022-12-02-at-1.17.47-PM.jpeg 1280w, https:\/\/cuernavaca.gob.mx\/wp-content\/uploads\/2022\/12\/WhatsApp-Image-2022-12-02-at-1.17.47-PM-300x200.jpeg 300w, https:\/\/cuernavaca.gob.mx\/wp-content\/uploads\/2022\/12\/WhatsApp-Image-2022-12-02-at-1.17.47-PM-1024x682.jpeg 1024w, https:\/\/cuernavaca.gob.mx\/wp-content\/uploads\/2022\/12\/WhatsApp-Image-2022-12-02-at-1.17.47-PM-768x512.jpeg 768w, https:\/\/cuernavaca.gob.mx\/wp-content\/uploads\/2022\/12\/WhatsApp-Image-2022-12-02-at-1.17.47-PM-600x400.jpeg 600w, https:\/\/cuernavaca.gob.mx\/wp-content\/uploads\/2022\/12\/WhatsApp-Image-2022-12-02-at-1.17.47-PM-560x373.jpeg 560w\" sizes=\"(max-width: 1280px) 100vw, 1280px\" \/><\/figure>\n\n\n\n<figure class=\"wp-block-image size-large\"><img loading=\"lazy\" width=\"1280\" height=\"853\" data-id=\"22318\"  src=\"https:\/\/cuernavaca.gob.mx\/wp-content\/uploads\/2022\/12\/WhatsApp-Image-2022-12-02-at-1.17.46-PM3.jpeg\" alt=\"\" class=\"wp-image-22318\" srcset=\"https:\/\/cuernavaca.gob.mx\/wp-content\/uploads\/2022\/12\/WhatsApp-Image-2022-12-02-at-1.17.46-PM3.jpeg 1280w, https:\/\/cuernavaca.gob.mx\/wp-content\/uploads\/2022\/12\/WhatsApp-Image-2022-12-02-at-1.17.46-PM3-300x200.jpeg 300w, https:\/\/cuernavaca.gob.mx\/wp-content\/uploads\/2022\/12\/WhatsApp-Image-2022-12-02-at-1.17.46-PM3-1024x682.jpeg 1024w, https:\/\/cuernavaca.gob.mx\/wp-content\/uploads\/2022\/12\/WhatsApp-Image-2022-12-02-at-1.17.46-PM3-768x512.jpeg 768w, https:\/\/cuernavaca.gob.mx\/wp-content\/uploads\/2022\/12\/WhatsApp-Image-2022-12-02-at-1.17.46-PM3-600x400.jpeg 600w, https:\/\/cuernavaca.gob.mx\/wp-content\/uploads\/2022\/12\/WhatsApp-Image-2022-12-02-at-1.17.46-PM3-560x373.jpeg 560w\" sizes=\"(max-width: 1280px) 100vw, 1280px\" \/><\/figure>\n\n\n\n<figure class=\"wp-block-image size-large\"><img loading=\"lazy\" width=\"1280\" height=\"853\" data-id=\"22319\"  src=\"https:\/\/cuernavaca.gob.mx\/wp-content\/uploads\/2022\/12\/WhatsApp-Image-2022-12-02-at-1.17.46-PM2.jpeg\" alt=\"\" class=\"wp-image-22319\" srcset=\"https:\/\/cuernavaca.gob.mx\/wp-content\/uploads\/2022\/12\/WhatsApp-Image-2022-12-02-at-1.17.46-PM2.jpeg 1280w, https:\/\/cuernavaca.gob.mx\/wp-content\/uploads\/2022\/12\/WhatsApp-Image-2022-12-02-at-1.17.46-PM2-300x200.jpeg 300w, https:\/\/cuernavaca.gob.mx\/wp-content\/uploads\/2022\/12\/WhatsApp-Image-2022-12-02-at-1.17.46-PM2-1024x682.jpeg 1024w, https:\/\/cuernavaca.gob.mx\/wp-content\/uploads\/2022\/12\/WhatsApp-Image-2022-12-02-at-1.17.46-PM2-768x512.jpeg 768w, https:\/\/cuernavaca.gob.mx\/wp-content\/uploads\/2022\/12\/WhatsApp-Image-2022-12-02-at-1.17.46-PM2-600x400.jpeg 600w, https:\/\/cuernavaca.gob.mx\/wp-content\/uploads\/2022\/12\/WhatsApp-Image-2022-12-02-at-1.17.46-PM2-560x373.jpeg 560w\" sizes=\"(max-width: 1280px) 100vw, 1280px\" \/><\/figure>\n\n\n\n<figure class=\"wp-block-image size-large\"><img loading=\"lazy\" width=\"1280\" height=\"853\" data-id=\"22320\"  src=\"https:\/\/cuernavaca.gob.mx\/wp-content\/uploads\/2022\/12\/WhatsApp-Image-2022-12-02-at-1.17.46-PM1.jpeg\" alt=\"\" class=\"wp-image-22320\" srcset=\"https:\/\/cuernavaca.gob.mx\/wp-content\/uploads\/2022\/12\/WhatsApp-Image-2022-12-02-at-1.17.46-PM1.jpeg 1280w, https:\/\/cuernavaca.gob.mx\/wp-content\/uploads\/2022\/12\/WhatsApp-Image-2022-12-02-at-1.17.46-PM1-300x200.jpeg 300w, https:\/\/cuernavaca.gob.mx\/wp-content\/uploads\/2022\/12\/WhatsApp-Image-2022-12-02-at-1.17.46-PM1-1024x682.jpeg 1024w, https:\/\/cuernavaca.gob.mx\/wp-content\/uploads\/2022\/12\/WhatsApp-Image-2022-12-02-at-1.17.46-PM1-768x512.jpeg 768w, https:\/\/cuernavaca.gob.mx\/wp-content\/uploads\/2022\/12\/WhatsApp-Image-2022-12-02-at-1.17.46-PM1-600x400.jpeg 600w, https:\/\/cuernavaca.gob.mx\/wp-content\/uploads\/2022\/12\/WhatsApp-Image-2022-12-02-at-1.17.46-PM1-560x373.jpeg 560w\" sizes=\"(max-width: 1280px) 100vw, 1280px\" \/><\/figure>\n\n\n\n<figure class=\"wp-block-image size-large\"><img loading=\"lazy\" width=\"1280\" height=\"853\" data-id=\"22321\"  src=\"https:\/\/cuernavaca.gob.mx\/wp-content\/uploads\/2022\/12\/WhatsApp-Image-2022-12-02-at-1.17.46-PM.jpeg\" alt=\"\" class=\"wp-image-22321\" srcset=\"https:\/\/cuernavaca.gob.mx\/wp-content\/uploads\/2022\/12\/WhatsApp-Image-2022-12-02-at-1.17.46-PM.jpeg 1280w, https:\/\/cuernavaca.gob.mx\/wp-content\/uploads\/2022\/12\/WhatsApp-Image-2022-12-02-at-1.17.46-PM-300x200.jpeg 300w, https:\/\/cuernavaca.gob.mx\/wp-content\/uploads\/2022\/12\/WhatsApp-Image-2022-12-02-at-1.17.46-PM-1024x682.jpeg 1024w, https:\/\/cuernavaca.gob.mx\/wp-content\/uploads\/2022\/12\/WhatsApp-Image-2022-12-02-at-1.17.46-PM-768x512.jpeg 768w, https:\/\/cuernavaca.gob.mx\/wp-content\/uploads\/2022\/12\/WhatsApp-Image-2022-12-02-at-1.17.46-PM-600x400.jpeg 600w, https:\/\/cuernavaca.gob.mx\/wp-content\/uploads\/2022\/12\/WhatsApp-Image-2022-12-02-at-1.17.46-PM-560x373.jpeg 560w\" sizes=\"(max-width: 1280px) 100vw, 1280px\" \/><\/figure>\n\n\n\n<figure class=\"wp-block-image size-large\"><img loading=\"lazy\" width=\"1280\" height=\"853\" data-id=\"22322\"  src=\"https:\/\/cuernavaca.gob.mx\/wp-content\/uploads\/2022\/12\/WhatsApp-Image-2022-12-02-at-1.17.45-PM4.jpeg\" alt=\"\" class=\"wp-image-22322\" srcset=\"https:\/\/cuernavaca.gob.mx\/wp-content\/uploads\/2022\/12\/WhatsApp-Image-2022-12-02-at-1.17.45-PM4.jpeg 1280w, https:\/\/cuernavaca.gob.mx\/wp-content\/uploads\/2022\/12\/WhatsApp-Image-2022-12-02-at-1.17.45-PM4-300x200.jpeg 300w, https:\/\/cuernavaca.gob.mx\/wp-content\/uploads\/2022\/12\/WhatsApp-Image-2022-12-02-at-1.17.45-PM4-1024x682.jpeg 1024w, https:\/\/cuernavaca.gob.mx\/wp-content\/uploads\/2022\/12\/WhatsApp-Image-2022-12-02-at-1.17.45-PM4-768x512.jpeg 768w, https:\/\/cuernavaca.gob.mx\/wp-content\/uploads\/2022\/12\/WhatsApp-Image-2022-12-02-at-1.17.45-PM4-600x400.jpeg 600w, https:\/\/cuernavaca.gob.mx\/wp-content\/uploads\/2022\/12\/WhatsApp-Image-2022-12-02-at-1.17.45-PM4-560x373.jpeg 560w\" sizes=\"(max-width: 1280px) 100vw, 1280px\" \/><\/figure>\n\n\n\n<figure class=\"wp-block-image size-large\"><img loading=\"lazy\" width=\"1280\" height=\"853\" data-id=\"22323\"  src=\"https:\/\/cuernavaca.gob.mx\/wp-content\/uploads\/2022\/12\/WhatsApp-Image-2022-12-02-at-1.17.45-PM3.jpeg\" alt=\"\" class=\"wp-image-22323\" srcset=\"https:\/\/cuernavaca.gob.mx\/wp-content\/uploads\/2022\/12\/WhatsApp-Image-2022-12-02-at-1.17.45-PM3.jpeg 1280w, https:\/\/cuernavaca.gob.mx\/wp-content\/uploads\/2022\/12\/WhatsApp-Image-2022-12-02-at-1.17.45-PM3-300x200.jpeg 300w, https:\/\/cuernavaca.gob.mx\/wp-content\/uploads\/2022\/12\/WhatsApp-Image-2022-12-02-at-1.17.45-PM3-1024x682.jpeg 1024w, https:\/\/cuernavaca.gob.mx\/wp-content\/uploads\/2022\/12\/WhatsApp-Image-2022-12-02-at-1.17.45-PM3-768x512.jpeg 768w, https:\/\/cuernavaca.gob.mx\/wp-content\/uploads\/2022\/12\/WhatsApp-Image-2022-12-02-at-1.17.45-PM3-600x400.jpeg 600w, https:\/\/cuernavaca.gob.mx\/wp-content\/uploads\/2022\/12\/WhatsApp-Image-2022-12-02-at-1.17.45-PM3-560x373.jpeg 560w\" sizes=\"(max-width: 1280px) 100vw, 1280px\" \/><\/figure>\n\n\n\n<figure class=\"wp-block-image size-large\"><img loading=\"lazy\" width=\"1280\" height=\"853\" data-id=\"22324\"  src=\"https:\/\/cuernavaca.gob.mx\/wp-content\/uploads\/2022\/12\/WhatsApp-Image-2022-12-02-at-1.17.45-PM2.jpeg\" alt=\"\" class=\"wp-image-22324\" srcset=\"https:\/\/cuernavaca.gob.mx\/wp-content\/uploads\/2022\/12\/WhatsApp-Image-2022-12-02-at-1.17.45-PM2.jpeg 1280w, https:\/\/cuernavaca.gob.mx\/wp-content\/uploads\/2022\/12\/WhatsApp-Image-2022-12-02-at-1.17.45-PM2-300x200.jpeg 300w, https:\/\/cuernavaca.gob.mx\/wp-content\/uploads\/2022\/12\/WhatsApp-Image-2022-12-02-at-1.17.45-PM2-1024x682.jpeg 1024w, https:\/\/cuernavaca.gob.mx\/wp-content\/uploads\/2022\/12\/WhatsApp-Image-2022-12-02-at-1.17.45-PM2-768x512.jpeg 768w, https:\/\/cuernavaca.gob.mx\/wp-content\/uploads\/2022\/12\/WhatsApp-Image-2022-12-02-at-1.17.45-PM2-600x400.jpeg 600w, https:\/\/cuernavaca.gob.mx\/wp-content\/uploads\/2022\/12\/WhatsApp-Image-2022-12-02-at-1.17.45-PM2-560x373.jpeg 560w\" sizes=\"(max-width: 1280px) 100vw, 1280px\" \/><\/figure>\n\n\n\n<figure class=\"wp-block-image size-large\"><img loading=\"lazy\" width=\"1280\" height=\"853\" data-id=\"22325\"  src=\"https:\/\/cuernavaca.gob.mx\/wp-content\/uploads\/2022\/12\/WhatsApp-Image-2022-12-02-at-1.17.45-PM1.jpeg\" alt=\"\" class=\"wp-image-22325\" srcset=\"https:\/\/cuernavaca.gob.mx\/wp-content\/uploads\/2022\/12\/WhatsApp-Image-2022-12-02-at-1.17.45-PM1.jpeg 1280w, https:\/\/cuernavaca.gob.mx\/wp-content\/uploads\/2022\/12\/WhatsApp-Image-2022-12-02-at-1.17.45-PM1-300x200.jpeg 300w, https:\/\/cuernavaca.gob.mx\/wp-content\/uploads\/2022\/12\/WhatsApp-Image-2022-12-02-at-1.17.45-PM1-1024x682.jpeg 1024w, https:\/\/cuernavaca.gob.mx\/wp-content\/uploads\/2022\/12\/WhatsApp-Image-2022-12-02-at-1.17.45-PM1-768x512.jpeg 768w, https:\/\/cuernavaca.gob.mx\/wp-content\/uploads\/2022\/12\/WhatsApp-Image-2022-12-02-at-1.17.45-PM1-600x400.jpeg 600w, https:\/\/cuernavaca.gob.mx\/wp-content\/uploads\/2022\/12\/WhatsApp-Image-2022-12-02-at-1.17.45-PM1-560x373.jpeg 560w\" sizes=\"(max-width: 1280px) 100vw, 1280px\" \/><\/figure>\n\n\n\n<figure class=\"wp-block-image size-large\"><img loading=\"lazy\" width=\"1280\" height=\"853\" data-id=\"22326\"  src=\"https:\/\/cuernavaca.gob.mx\/wp-content\/uploads\/2022\/12\/WhatsApp-Image-2022-12-02-at-1.17.45-PM.jpeg\" alt=\"\" class=\"wp-image-22326\" srcset=\"https:\/\/cuernavaca.gob.mx\/wp-content\/uploads\/2022\/12\/WhatsApp-Image-2022-12-02-at-1.17.45-PM.jpeg 1280w, https:\/\/cuernavaca.gob.mx\/wp-content\/uploads\/2022\/12\/WhatsApp-Image-2022-12-02-at-1.17.45-PM-300x200.jpeg 300w, https:\/\/cuernavaca.gob.mx\/wp-content\/uploads\/2022\/12\/WhatsApp-Image-2022-12-02-at-1.17.45-PM-1024x682.jpeg 1024w, https:\/\/cuernavaca.gob.mx\/wp-content\/uploads\/2022\/12\/WhatsApp-Image-2022-12-02-at-1.17.45-PM-768x512.jpeg 768w, https:\/\/cuernavaca.gob.mx\/wp-content\/uploads\/2022\/12\/WhatsApp-Image-2022-12-02-at-1.17.45-PM-600x400.jpeg 600w, https:\/\/cuernavaca.gob.mx\/wp-content\/uploads\/2022\/12\/WhatsApp-Image-2022-12-02-at-1.17.45-PM-560x373.jpeg 560w\" sizes=\"(max-width: 1280px) 100vw, 1280px\" \/><\/figure>\n\n\n\n<figure class=\"wp-block-image size-large\"><img loading=\"lazy\" width=\"1280\" height=\"853\" data-id=\"22327\"  src=\"https:\/\/cuernavaca.gob.mx\/wp-content\/uploads\/2022\/12\/WhatsApp-Image-2022-12-02-at-1.17.44-PM3.jpeg\" alt=\"\" class=\"wp-image-22327\" srcset=\"https:\/\/cuernavaca.gob.mx\/wp-content\/uploads\/2022\/12\/WhatsApp-Image-2022-12-02-at-1.17.44-PM3.jpeg 1280w, https:\/\/cuernavaca.gob.mx\/wp-content\/uploads\/2022\/12\/WhatsApp-Image-2022-12-02-at-1.17.44-PM3-300x200.jpeg 300w, https:\/\/cuernavaca.gob.mx\/wp-content\/uploads\/2022\/12\/WhatsApp-Image-2022-12-02-at-1.17.44-PM3-1024x682.jpeg 1024w, https:\/\/cuernavaca.gob.mx\/wp-content\/uploads\/2022\/12\/WhatsApp-Image-2022-12-02-at-1.17.44-PM3-768x512.jpeg 768w, https:\/\/cuernavaca.gob.mx\/wp-content\/uploads\/2022\/12\/WhatsApp-Image-2022-12-02-at-1.17.44-PM3-600x400.jpeg 600w, https:\/\/cuernavaca.gob.mx\/wp-content\/uploads\/2022\/12\/WhatsApp-Image-2022-12-02-at-1.17.44-PM3-560x373.jpeg 560w\" sizes=\"(max-width: 1280px) 100vw, 1280px\" \/><\/figure>\n\n\n\n<figure class=\"wp-block-image size-large\"><img loading=\"lazy\" width=\"1280\" height=\"853\" data-id=\"22328\"  src=\"https:\/\/cuernavaca.gob.mx\/wp-content\/uploads\/2022\/12\/WhatsApp-Image-2022-12-02-at-1.17.44-PM2.jpeg\" alt=\"\" class=\"wp-image-22328\" srcset=\"https:\/\/cuernavaca.gob.mx\/wp-content\/uploads\/2022\/12\/WhatsApp-Image-2022-12-02-at-1.17.44-PM2.jpeg 1280w, https:\/\/cuernavaca.gob.mx\/wp-content\/uploads\/2022\/12\/WhatsApp-Image-2022-12-02-at-1.17.44-PM2-300x200.jpeg 300w, https:\/\/cuernavaca.gob.mx\/wp-content\/uploads\/2022\/12\/WhatsApp-Image-2022-12-02-at-1.17.44-PM2-1024x682.jpeg 1024w, https:\/\/cuernavaca.gob.mx\/wp-content\/uploads\/2022\/12\/WhatsApp-Image-2022-12-02-at-1.17.44-PM2-768x512.jpeg 768w, https:\/\/cuernavaca.gob.mx\/wp-content\/uploads\/2022\/12\/WhatsApp-Image-2022-12-02-at-1.17.44-PM2-600x400.jpeg 600w, https:\/\/cuernavaca.gob.mx\/wp-content\/uploads\/2022\/12\/WhatsApp-Image-2022-12-02-at-1.17.44-PM2-560x373.jpeg 560w\" sizes=\"(max-width: 1280px) 100vw, 1280px\" \/><\/figure>\n\n\n\n<figure class=\"wp-block-image size-large\"><img loading=\"lazy\" width=\"1280\" height=\"853\" data-id=\"22329\"  src=\"https:\/\/cuernavaca.gob.mx\/wp-content\/uploads\/2022\/12\/WhatsApp-Image-2022-12-02-at-1.17.44-PM1.jpeg\" alt=\"\" class=\"wp-image-22329\" srcset=\"https:\/\/cuernavaca.gob.mx\/wp-content\/uploads\/2022\/12\/WhatsApp-Image-2022-12-02-at-1.17.44-PM1.jpeg 1280w, https:\/\/cuernavaca.gob.mx\/wp-content\/uploads\/2022\/12\/WhatsApp-Image-2022-12-02-at-1.17.44-PM1-300x200.jpeg 300w, https:\/\/cuernavaca.gob.mx\/wp-content\/uploads\/2022\/12\/WhatsApp-Image-2022-12-02-at-1.17.44-PM1-1024x682.jpeg 1024w, https:\/\/cuernavaca.gob.mx\/wp-content\/uploads\/2022\/12\/WhatsApp-Image-2022-12-02-at-1.17.44-PM1-768x512.jpeg 768w, https:\/\/cuernavaca.gob.mx\/wp-content\/uploads\/2022\/12\/WhatsApp-Image-2022-12-02-at-1.17.44-PM1-600x400.jpeg 600w, https:\/\/cuernavaca.gob.mx\/wp-content\/uploads\/2022\/12\/WhatsApp-Image-2022-12-02-at-1.17.44-PM1-560x373.jpeg 560w\" sizes=\"(max-width: 1280px) 100vw, 1280px\" \/><\/figure>\n\n\n\n<figure class=\"wp-block-image size-large\"><img loading=\"lazy\" width=\"1280\" height=\"853\" data-id=\"22330\"  src=\"https:\/\/cuernavaca.gob.mx\/wp-content\/uploads\/2022\/12\/WhatsApp-Image-2022-12-02-at-1.17.44-PM.jpeg\" alt=\"\" class=\"wp-image-22330\" srcset=\"https:\/\/cuernavaca.gob.mx\/wp-content\/uploads\/2022\/12\/WhatsApp-Image-2022-12-02-at-1.17.44-PM.jpeg 1280w, https:\/\/cuernavaca.gob.mx\/wp-content\/uploads\/2022\/12\/WhatsApp-Image-2022-12-02-at-1.17.44-PM-300x200.jpeg 300w, https:\/\/cuernavaca.gob.mx\/wp-content\/uploads\/2022\/12\/WhatsApp-Image-2022-12-02-at-1.17.44-PM-1024x682.jpeg 1024w, https:\/\/cuernavaca.gob.mx\/wp-content\/uploads\/2022\/12\/WhatsApp-Image-2022-12-02-at-1.17.44-PM-768x512.jpeg 768w, https:\/\/cuernavaca.gob.mx\/wp-content\/uploads\/2022\/12\/WhatsApp-Image-2022-12-02-at-1.17.44-PM-600x400.jpeg 600w, https:\/\/cuernavaca.gob.mx\/wp-content\/uploads\/2022\/12\/WhatsApp-Image-2022-12-02-at-1.17.44-PM-560x373.jpeg 560w\" sizes=\"(max-width: 1280px) 100vw, 1280px\" \/><\/figure>\n<\/figure>\n","protected":false},"excerpt":{"rendered":"<p>\u2022 El presidente municipal Jos\u00e9 Luis Uri\u00f3stegui acompa\u00f1ado Luz Mar\u00eda Zagal, presidenta del Sistema DIF Municipal, asistieron como invitados especiales a la inauguraci\u00f3n de este festival internacional \u2022 De nueva cuenta Cuernavaca es referencia a nivel global con este encuentro donde el sabor, la magia y la tradici\u00f3n se unen durante un fin de semana [&hellip;]<\/p>\n","protected":false},"author":1,"featured_media":22330,"comment_status":"closed","ping_status":"open","sticky":false,"template":"","format":"standard","meta":[],"categories":[2292,2294,21],"tags":[2706,2142,121,1882,2277,120,2280],"aioseo_notices":[],"_links":{"self":[{"href":"https:\/\/cuernavaca.gob.mx\/index.php?rest_route=\/wp\/v2\/posts\/22311"}],"collection":[{"href":"https:\/\/cuernavaca.gob.mx\/index.php?rest_route=\/wp\/v2\/posts"}],"about":[{"href":"https:\/\/cuernavaca.gob.mx\/index.php?rest_route=\/wp\/v2\/types\/post"}],"author":[{"embeddable":true,"href":"https:\/\/cuernavaca.gob.mx\/index.php?rest_route=\/wp\/v2\/users\/1"}],"replies":[{"embeddable":true,"href":"https:\/\/cuernavaca.gob.mx\/index.php?rest_route=%2Fwp%2Fv2%2Fcomments&post=22311"}],"version-history":[{"count":4,"href":"https:\/\/cuernavaca.gob.mx\/index.php?rest_route=\/wp\/v2\/posts\/22311\/revisions"}],"predecessor-version":[{"id":22337,"href":"https:\/\/cuernavaca.gob.mx\/index.php?rest_route=\/wp\/v2\/posts\/22311\/revisions\/22337"}],"wp:featuredmedia":[{"embeddable":true,"href":"https:\/\/cuernavaca.gob.mx\/index.php?rest_route=\/wp\/v2\/media\/22330"}],"wp:attachment":[{"href":"https:\/\/cuernavaca.gob.mx\/index.php?rest_route=%2Fwp%2Fv2%2Fmedia&parent=22311"}],"wp:term":[{"taxonomy":"category","embeddable":true,"href":"https:\/\/cuernavaca.gob.mx\/index.php?rest_route=%2Fwp%2Fv2%2Fcategories&post=22311"},{"taxonomy":"post_tag","embeddable":true,"href":"https:\/\/cuernavaca.gob.mx\/index.php?rest_route=%2Fwp%2Fv2%2Ftags&post=22311"}],"curies":[{"name":"wp","href":"https:\/\/api.w.org\/{rel}","templated":true}]}}