{"id":22358,"date":"2022-12-03T18:30:00","date_gmt":"2022-12-04T00:30:00","guid":{"rendered":"https:\/\/cuernavaca.gob.mx\/?p=22358"},"modified":"2025-05-06T12:24:12","modified_gmt":"2025-05-06T18:24:12","slug":"b558-03-12-22-da-la-bienvenida-el-alcalde-cuernavaca-a-participantes-e-invitados-nacionales-e-internacionales-al-festival-sabor-es-morelos-2022","status":"publish","type":"post","link":"https:\/\/cuernavaca.gob.mx\/?p=22358","title":{"rendered":"B558 03\/12\/22 DA LA BIENVENIDA EL ALCALDE CUERNAVACA A PARTICIPANTES E INVITADOS NACIONALES E INTERNACIONALES AL FESTIVAL &#8220;SABOR ES MORELOS 2022&#8221;"},"content":{"rendered":"\n<ul><li><strong>Jos\u00e9 Luis Uri\u00f3stegui inaugur\u00f3 el Corredor Gastron\u00f3mico de la XI Edici\u00f3n de este Festival con 120 stands en la calle Hidalgo y Nezahualc\u00f3yotl del centro hist\u00f3rico<\/strong><\/li><\/ul>\n\n\n\n<ul><li><strong>&#8220;Sabor es Morelos&#8221; ofrece este fin de semana gastronom\u00eda de Morelos, Tlaxcala, Italia, como estado y pa\u00eds invitados, as\u00ed como artesan\u00edas, ornamentales y art\u00edculos varios<\/strong><\/li><\/ul>\n\n\n\n<p>En un ambiente de j\u00fabilo y fiesta, donde la m\u00fasica no se hizo esperar, el presidente municipal de Cuernavaca, Jos\u00e9 Luis Uri\u00f3stegui Salgado, inaugur\u00f3 este s\u00e1bado el corredor gastron\u00f3mico del XI Festival Internacional &#8220;Sabor es Morelos 2022&#8221;, uno de los eventos m\u00e1s esperados del a\u00f1o, donde a trav\u00e9s de 120 stands promocionan diversos platillos locales, nacionales e internacionales, as\u00ed como productos hechos por manos morelenses.<\/p>\n\n\n\n<p>Teniendo como escenario las calles Hidalgo y Nezahualc\u00f3yotl del Centro Hist\u00f3rico de la ciudad, les dio la bienvenida a este importante evento que es el resultado del esfuerzo de empresarios del sector gastron\u00f3mico en el municipio y el estado, encabezados por la C\u00e1mara Nacional de la Industria de Restaurantes y Alimentos Condimentados (Canirac) Morelos, el cual contribuye a la reactivaci\u00f3n econ\u00f3mica de la ciudad de la Eterna Primavera.<\/p>\n\n\n\n<p>En presencia de cientos de visitantes nacionales y extranjeros y familias enteras que desde primera hora degustaron los diversos platillos y productos que se estar\u00e1n exhibiendo durante este fin de semana, el alcalde de Cuernavaca los invito a disfrutar, no solo de este evento, sino de todos los atractivos tur\u00edsticos, hist\u00f3ricos y culturales que ofrece Cuernavaca.<\/p>\n\n\n\n<p>&#8220;Disfruten de esta calidez que est\u00e1 mostrando el sector empresarial- gastron\u00f3mico. Hay un ambiente festivo que es importante aprovechar&#8221;, asever\u00f3.<\/p>\n\n\n\n<p>Tras el corte del list\u00f3n y al son de la Comparsa Falf\u00e1n, Jos\u00e9 Luis Uri\u00f3stegui recorri\u00f3 los primeros stand del corredor gastron\u00f3mico acompa\u00f1ado de la presidenta de Canirac, Griselda Hurtado Calder\u00f3n; el embajador de Italia en M\u00e9xico, Luigi de Chiara; la titular de la Secretar\u00eda de Turismo y Cultura del estado, Julieta Goldzweig Cornejo; la secretaria de Desarrollo Econ\u00f3mico y del Trabajo, Ana Cecilia Rodr\u00edguez Gonz\u00e1lez; el presidente del Consejo Coordinador Empresarial (CCE) de Morelos, Antonio S\u00e1nchez Pur\u00f3n; y el alcalde de Jojutla, Juan \u00c1ngel Flores Bustamante.<\/p>\n\n\n\n<p>&#8220;Sabor Es Morelos&#8221; tiene como invitados este a\u00f1o al pa\u00eds de Italia, al estado de Tlaxcala, asistiendo en su representaci\u00f3n Micaela Guzm\u00e1n Guzm\u00e1n, alcaldesa de Tenancingo, Tlaxcala; Rafael Salas V\u00e1zquez, encargado de Asuntos Internacionales del estado; y Juan Dolores Morales, director de Promoci\u00f3n Tur\u00edstica del estado; adem\u00e1s participan los municipios de Taxco, Guerrero, y Jojutla, Morelos.<\/p>\n\n\n\n<p>En compa\u00f1\u00eda del presidente del Consejo Coordinador Empresarial (CCE) de Morelos, Antonio S\u00e1nchez Pur\u00f3n, Jos\u00e9 Luis Uri\u00f3stegui Salgado, visit\u00f3 cada uno de los stands, adquiriendo algunos productos y estableciendo conexiones para sumarlos a distintos proyectos que busquen incentivar a\u00fan m\u00e1s sus ingresos y difundir sus emprendimientos porque Cuernavaca renace con su sector gastron\u00f3mico y artesanal.<\/p>\n\n\n\n<p>A la inauguraci\u00f3n asistieron tambi\u00e9n la directora de Eventos y Promoci\u00f3n Tur\u00edstica del municipio de Taxco, Guerrero, Roxana Hern\u00e1ndez Quezada, quien le hizo una invitaci\u00f3n al mandatario local para visitar esta hist\u00f3rica ciudad; la directora del Fideicomiso Turismo Morelos (FITUR), Esther Elena Pe\u00f1a N\u00fa\u00f1ez; y el director general del Fideicomiso Ejecutivo del Fondo de Competitividad y Promoci\u00f3n del Empleo (Fidecomp), Juan Diego Pons D\u00edaz de Le\u00f3n.<\/p>\n\n\n\n<p>&#8220;Sabor es Morelos&#8221; se realiza este fin de semana en el Centro Hist\u00f3rico de Cuernavaca donde contar\u00e1 tambi\u00e9n con distintas actividades recreativas, desde conferencias, hasta talleres en l\u00ednea y presenciales, y el concierto con causa a cargo de la soprano y actriz Regina Orozco que tendr\u00e1 lugar este s\u00e1bado en el Teatro Ocampo.<\/p>\n\n\n\n<p>Para conocer el programa completo que ofrecer\u00e1 este a\u00f1o &#8220;Sabor es Morelos 2022&#8221; pueden acceder a sus redes sociales oficiales.<\/p>\n\n\n\n<figure class=\"wp-container-2 wp-block-gallery-1 wp-block-gallery has-nested-images columns-default is-cropped\">\n<figure class=\"wp-block-image size-large\"><img loading=\"lazy\" width=\"1024\" height=\"683\" data-id=\"22369\"  src=\"https:\/\/cuernavaca.gob.mx\/wp-content\/uploads\/2022\/12\/sabores-morelos-1-1024x683.jpg\" alt=\"\" class=\"wp-image-22369\" srcset=\"https:\/\/cuernavaca.gob.mx\/wp-content\/uploads\/2022\/12\/sabores-morelos-1-1024x683.jpg 1024w, https:\/\/cuernavaca.gob.mx\/wp-content\/uploads\/2022\/12\/sabores-morelos-1-300x200.jpg 300w, https:\/\/cuernavaca.gob.mx\/wp-content\/uploads\/2022\/12\/sabores-morelos-1-768x512.jpg 768w, https:\/\/cuernavaca.gob.mx\/wp-content\/uploads\/2022\/12\/sabores-morelos-1-1536x1024.jpg 1536w, https:\/\/cuernavaca.gob.mx\/wp-content\/uploads\/2022\/12\/sabores-morelos-1-600x400.jpg 600w, https:\/\/cuernavaca.gob.mx\/wp-content\/uploads\/2022\/12\/sabores-morelos-1-560x373.jpg 560w, https:\/\/cuernavaca.gob.mx\/wp-content\/uploads\/2022\/12\/sabores-morelos-1.jpg 1599w\" sizes=\"(max-width: 1024px) 100vw, 1024px\" \/><\/figure>\n\n\n\n<figure class=\"wp-block-image size-large\"><img loading=\"lazy\" width=\"1024\" height=\"682\" data-id=\"22365\"  src=\"https:\/\/cuernavaca.gob.mx\/wp-content\/uploads\/2022\/12\/sabores-morelos-2-1024x682.jpg\" alt=\"\" class=\"wp-image-22365\" srcset=\"https:\/\/cuernavaca.gob.mx\/wp-content\/uploads\/2022\/12\/sabores-morelos-2-1024x682.jpg 1024w, https:\/\/cuernavaca.gob.mx\/wp-content\/uploads\/2022\/12\/sabores-morelos-2-300x200.jpg 300w, https:\/\/cuernavaca.gob.mx\/wp-content\/uploads\/2022\/12\/sabores-morelos-2-768x512.jpg 768w, https:\/\/cuernavaca.gob.mx\/wp-content\/uploads\/2022\/12\/sabores-morelos-2-600x400.jpg 600w, https:\/\/cuernavaca.gob.mx\/wp-content\/uploads\/2022\/12\/sabores-morelos-2-560x373.jpg 560w, https:\/\/cuernavaca.gob.mx\/wp-content\/uploads\/2022\/12\/sabores-morelos-2.jpg 1280w\" sizes=\"(max-width: 1024px) 100vw, 1024px\" \/><\/figure>\n\n\n\n<figure class=\"wp-block-image size-large\"><img loading=\"lazy\" width=\"1024\" height=\"682\" data-id=\"22372\"  src=\"https:\/\/cuernavaca.gob.mx\/wp-content\/uploads\/2022\/12\/sabores-morelos-3-1024x682.jpg\" alt=\"\" class=\"wp-image-22372\" srcset=\"https:\/\/cuernavaca.gob.mx\/wp-content\/uploads\/2022\/12\/sabores-morelos-3-1024x682.jpg 1024w, https:\/\/cuernavaca.gob.mx\/wp-content\/uploads\/2022\/12\/sabores-morelos-3-300x200.jpg 300w, https:\/\/cuernavaca.gob.mx\/wp-content\/uploads\/2022\/12\/sabores-morelos-3-768x512.jpg 768w, https:\/\/cuernavaca.gob.mx\/wp-content\/uploads\/2022\/12\/sabores-morelos-3-600x400.jpg 600w, https:\/\/cuernavaca.gob.mx\/wp-content\/uploads\/2022\/12\/sabores-morelos-3-560x373.jpg 560w, https:\/\/cuernavaca.gob.mx\/wp-content\/uploads\/2022\/12\/sabores-morelos-3.jpg 1280w\" sizes=\"(max-width: 1024px) 100vw, 1024px\" \/><\/figure>\n\n\n\n<figure class=\"wp-block-image size-large\"><img loading=\"lazy\" width=\"1024\" height=\"682\" data-id=\"22373\"  src=\"https:\/\/cuernavaca.gob.mx\/wp-content\/uploads\/2022\/12\/sabores-morelos-4-1024x682.jpg\" alt=\"\" class=\"wp-image-22373\" srcset=\"https:\/\/cuernavaca.gob.mx\/wp-content\/uploads\/2022\/12\/sabores-morelos-4-1024x682.jpg 1024w, https:\/\/cuernavaca.gob.mx\/wp-content\/uploads\/2022\/12\/sabores-morelos-4-300x200.jpg 300w, https:\/\/cuernavaca.gob.mx\/wp-content\/uploads\/2022\/12\/sabores-morelos-4-768x512.jpg 768w, https:\/\/cuernavaca.gob.mx\/wp-content\/uploads\/2022\/12\/sabores-morelos-4-600x400.jpg 600w, https:\/\/cuernavaca.gob.mx\/wp-content\/uploads\/2022\/12\/sabores-morelos-4-560x373.jpg 560w, https:\/\/cuernavaca.gob.mx\/wp-content\/uploads\/2022\/12\/sabores-morelos-4.jpg 1280w\" sizes=\"(max-width: 1024px) 100vw, 1024px\" \/><\/figure>\n\n\n\n<figure class=\"wp-block-image size-large\"><img loading=\"lazy\" width=\"1024\" height=\"683\" data-id=\"22380\"  src=\"https:\/\/cuernavaca.gob.mx\/wp-content\/uploads\/2022\/12\/sabores-morelos-5-1024x683.jpg\" alt=\"\" class=\"wp-image-22380\" srcset=\"https:\/\/cuernavaca.gob.mx\/wp-content\/uploads\/2022\/12\/sabores-morelos-5-1024x683.jpg 1024w, https:\/\/cuernavaca.gob.mx\/wp-content\/uploads\/2022\/12\/sabores-morelos-5-300x200.jpg 300w, https:\/\/cuernavaca.gob.mx\/wp-content\/uploads\/2022\/12\/sabores-morelos-5-768x512.jpg 768w, https:\/\/cuernavaca.gob.mx\/wp-content\/uploads\/2022\/12\/sabores-morelos-5-1536x1024.jpg 1536w, https:\/\/cuernavaca.gob.mx\/wp-content\/uploads\/2022\/12\/sabores-morelos-5-600x400.jpg 600w, https:\/\/cuernavaca.gob.mx\/wp-content\/uploads\/2022\/12\/sabores-morelos-5-560x373.jpg 560w, https:\/\/cuernavaca.gob.mx\/wp-content\/uploads\/2022\/12\/sabores-morelos-5.jpg 1599w\" sizes=\"(max-width: 1024px) 100vw, 1024px\" \/><\/figure>\n\n\n\n<figure class=\"wp-block-image size-large\"><img loading=\"lazy\" width=\"1024\" height=\"683\" data-id=\"22386\"  src=\"https:\/\/cuernavaca.gob.mx\/wp-content\/uploads\/2022\/12\/sabores-morelos-6-1024x683.jpg\" alt=\"\" class=\"wp-image-22386\" srcset=\"https:\/\/cuernavaca.gob.mx\/wp-content\/uploads\/2022\/12\/sabores-morelos-6-1024x683.jpg 1024w, https:\/\/cuernavaca.gob.mx\/wp-content\/uploads\/2022\/12\/sabores-morelos-6-300x200.jpg 300w, https:\/\/cuernavaca.gob.mx\/wp-content\/uploads\/2022\/12\/sabores-morelos-6-768x512.jpg 768w, https:\/\/cuernavaca.gob.mx\/wp-content\/uploads\/2022\/12\/sabores-morelos-6-1536x1024.jpg 1536w, https:\/\/cuernavaca.gob.mx\/wp-content\/uploads\/2022\/12\/sabores-morelos-6-600x400.jpg 600w, https:\/\/cuernavaca.gob.mx\/wp-content\/uploads\/2022\/12\/sabores-morelos-6-560x373.jpg 560w, https:\/\/cuernavaca.gob.mx\/wp-content\/uploads\/2022\/12\/sabores-morelos-6.jpg 1599w\" sizes=\"(max-width: 1024px) 100vw, 1024px\" \/><\/figure>\n\n\n\n<figure class=\"wp-block-image size-large\"><img loading=\"lazy\" width=\"1024\" height=\"683\" data-id=\"22384\"  src=\"https:\/\/cuernavaca.gob.mx\/wp-content\/uploads\/2022\/12\/sabores-morelos-7-1024x683.jpg\" alt=\"\" class=\"wp-image-22384\" srcset=\"https:\/\/cuernavaca.gob.mx\/wp-content\/uploads\/2022\/12\/sabores-morelos-7-1024x683.jpg 1024w, https:\/\/cuernavaca.gob.mx\/wp-content\/uploads\/2022\/12\/sabores-morelos-7-300x200.jpg 300w, https:\/\/cuernavaca.gob.mx\/wp-content\/uploads\/2022\/12\/sabores-morelos-7-768x512.jpg 768w, https:\/\/cuernavaca.gob.mx\/wp-content\/uploads\/2022\/12\/sabores-morelos-7-1536x1024.jpg 1536w, https:\/\/cuernavaca.gob.mx\/wp-content\/uploads\/2022\/12\/sabores-morelos-7-600x400.jpg 600w, https:\/\/cuernavaca.gob.mx\/wp-content\/uploads\/2022\/12\/sabores-morelos-7-560x373.jpg 560w, https:\/\/cuernavaca.gob.mx\/wp-content\/uploads\/2022\/12\/sabores-morelos-7.jpg 1599w\" sizes=\"(max-width: 1024px) 100vw, 1024px\" \/><\/figure>\n\n\n\n<figure class=\"wp-block-image size-large\"><img loading=\"lazy\" width=\"1024\" height=\"683\" data-id=\"22360\"  src=\"https:\/\/cuernavaca.gob.mx\/wp-content\/uploads\/2022\/12\/sabores-morelos-8-1024x683.jpg\" alt=\"\" class=\"wp-image-22360\" srcset=\"https:\/\/cuernavaca.gob.mx\/wp-content\/uploads\/2022\/12\/sabores-morelos-8-1024x683.jpg 1024w, https:\/\/cuernavaca.gob.mx\/wp-content\/uploads\/2022\/12\/sabores-morelos-8-300x200.jpg 300w, https:\/\/cuernavaca.gob.mx\/wp-content\/uploads\/2022\/12\/sabores-morelos-8-768x512.jpg 768w, https:\/\/cuernavaca.gob.mx\/wp-content\/uploads\/2022\/12\/sabores-morelos-8-1536x1024.jpg 1536w, https:\/\/cuernavaca.gob.mx\/wp-content\/uploads\/2022\/12\/sabores-morelos-8-600x400.jpg 600w, https:\/\/cuernavaca.gob.mx\/wp-content\/uploads\/2022\/12\/sabores-morelos-8-560x373.jpg 560w, https:\/\/cuernavaca.gob.mx\/wp-content\/uploads\/2022\/12\/sabores-morelos-8.jpg 1599w\" sizes=\"(max-width: 1024px) 100vw, 1024px\" \/><\/figure>\n\n\n\n<figure class=\"wp-block-image size-large\"><img loading=\"lazy\" width=\"1024\" height=\"682\" data-id=\"22367\"  src=\"https:\/\/cuernavaca.gob.mx\/wp-content\/uploads\/2022\/12\/sabores-morelos-9-1024x682.jpg\" alt=\"\" class=\"wp-image-22367\" srcset=\"https:\/\/cuernavaca.gob.mx\/wp-content\/uploads\/2022\/12\/sabores-morelos-9-1024x682.jpg 1024w, https:\/\/cuernavaca.gob.mx\/wp-content\/uploads\/2022\/12\/sabores-morelos-9-300x200.jpg 300w, https:\/\/cuernavaca.gob.mx\/wp-content\/uploads\/2022\/12\/sabores-morelos-9-768x512.jpg 768w, https:\/\/cuernavaca.gob.mx\/wp-content\/uploads\/2022\/12\/sabores-morelos-9-600x400.jpg 600w, https:\/\/cuernavaca.gob.mx\/wp-content\/uploads\/2022\/12\/sabores-morelos-9-560x373.jpg 560w, https:\/\/cuernavaca.gob.mx\/wp-content\/uploads\/2022\/12\/sabores-morelos-9.jpg 1280w\" sizes=\"(max-width: 1024px) 100vw, 1024px\" \/><\/figure>\n\n\n\n<figure class=\"wp-block-image size-large\"><img loading=\"lazy\" width=\"1024\" height=\"683\" data-id=\"22368\"  src=\"https:\/\/cuernavaca.gob.mx\/wp-content\/uploads\/2022\/12\/sabores-morelos-10-1024x683.jpg\" alt=\"\" class=\"wp-image-22368\" srcset=\"https:\/\/cuernavaca.gob.mx\/wp-content\/uploads\/2022\/12\/sabores-morelos-10-1024x683.jpg 1024w, https:\/\/cuernavaca.gob.mx\/wp-content\/uploads\/2022\/12\/sabores-morelos-10-300x200.jpg 300w, https:\/\/cuernavaca.gob.mx\/wp-content\/uploads\/2022\/12\/sabores-morelos-10-768x512.jpg 768w, https:\/\/cuernavaca.gob.mx\/wp-content\/uploads\/2022\/12\/sabores-morelos-10-1536x1024.jpg 1536w, https:\/\/cuernavaca.gob.mx\/wp-content\/uploads\/2022\/12\/sabores-morelos-10-600x400.jpg 600w, https:\/\/cuernavaca.gob.mx\/wp-content\/uploads\/2022\/12\/sabores-morelos-10-560x373.jpg 560w, https:\/\/cuernavaca.gob.mx\/wp-content\/uploads\/2022\/12\/sabores-morelos-10.jpg 1599w\" sizes=\"(max-width: 1024px) 100vw, 1024px\" \/><\/figure>\n\n\n\n<figure class=\"wp-block-image size-large\"><img loading=\"lazy\" width=\"1024\" height=\"682\" data-id=\"22362\"  src=\"https:\/\/cuernavaca.gob.mx\/wp-content\/uploads\/2022\/12\/sabores-morelos-11-1024x682.jpg\" alt=\"\" class=\"wp-image-22362\" srcset=\"https:\/\/cuernavaca.gob.mx\/wp-content\/uploads\/2022\/12\/sabores-morelos-11-1024x682.jpg 1024w, https:\/\/cuernavaca.gob.mx\/wp-content\/uploads\/2022\/12\/sabores-morelos-11-300x200.jpg 300w, https:\/\/cuernavaca.gob.mx\/wp-content\/uploads\/2022\/12\/sabores-morelos-11-768x512.jpg 768w, https:\/\/cuernavaca.gob.mx\/wp-content\/uploads\/2022\/12\/sabores-morelos-11-600x400.jpg 600w, https:\/\/cuernavaca.gob.mx\/wp-content\/uploads\/2022\/12\/sabores-morelos-11-560x373.jpg 560w, https:\/\/cuernavaca.gob.mx\/wp-content\/uploads\/2022\/12\/sabores-morelos-11.jpg 1280w\" sizes=\"(max-width: 1024px) 100vw, 1024px\" \/><\/figure>\n\n\n\n<figure class=\"wp-block-image size-large\"><img loading=\"lazy\" width=\"1024\" height=\"683\" data-id=\"22385\"  src=\"https:\/\/cuernavaca.gob.mx\/wp-content\/uploads\/2022\/12\/sabores-morelos-12-1024x683.jpg\" alt=\"\" class=\"wp-image-22385\" srcset=\"https:\/\/cuernavaca.gob.mx\/wp-content\/uploads\/2022\/12\/sabores-morelos-12-1024x683.jpg 1024w, https:\/\/cuernavaca.gob.mx\/wp-content\/uploads\/2022\/12\/sabores-morelos-12-300x200.jpg 300w, https:\/\/cuernavaca.gob.mx\/wp-content\/uploads\/2022\/12\/sabores-morelos-12-768x512.jpg 768w, https:\/\/cuernavaca.gob.mx\/wp-content\/uploads\/2022\/12\/sabores-morelos-12-1536x1024.jpg 1536w, https:\/\/cuernavaca.gob.mx\/wp-content\/uploads\/2022\/12\/sabores-morelos-12-600x400.jpg 600w, https:\/\/cuernavaca.gob.mx\/wp-content\/uploads\/2022\/12\/sabores-morelos-12-560x373.jpg 560w, https:\/\/cuernavaca.gob.mx\/wp-content\/uploads\/2022\/12\/sabores-morelos-12.jpg 1599w\" sizes=\"(max-width: 1024px) 100vw, 1024px\" \/><\/figure>\n\n\n\n<figure class=\"wp-block-image size-large\"><img loading=\"lazy\" width=\"1024\" height=\"682\" data-id=\"22383\"  src=\"https:\/\/cuernavaca.gob.mx\/wp-content\/uploads\/2022\/12\/sabores-morelos-13-1024x682.jpg\" alt=\"\" class=\"wp-image-22383\" srcset=\"https:\/\/cuernavaca.gob.mx\/wp-content\/uploads\/2022\/12\/sabores-morelos-13-1024x682.jpg 1024w, https:\/\/cuernavaca.gob.mx\/wp-content\/uploads\/2022\/12\/sabores-morelos-13-300x200.jpg 300w, https:\/\/cuernavaca.gob.mx\/wp-content\/uploads\/2022\/12\/sabores-morelos-13-768x512.jpg 768w, https:\/\/cuernavaca.gob.mx\/wp-content\/uploads\/2022\/12\/sabores-morelos-13-600x400.jpg 600w, https:\/\/cuernavaca.gob.mx\/wp-content\/uploads\/2022\/12\/sabores-morelos-13-560x373.jpg 560w, https:\/\/cuernavaca.gob.mx\/wp-content\/uploads\/2022\/12\/sabores-morelos-13.jpg 1280w\" sizes=\"(max-width: 1024px) 100vw, 1024px\" \/><\/figure>\n\n\n\n<figure class=\"wp-block-image size-large\"><img loading=\"lazy\" width=\"1024\" height=\"682\" data-id=\"22371\"  src=\"https:\/\/cuernavaca.gob.mx\/wp-content\/uploads\/2022\/12\/sabores-morelos-14-1024x682.jpg\" alt=\"\" class=\"wp-image-22371\" srcset=\"https:\/\/cuernavaca.gob.mx\/wp-content\/uploads\/2022\/12\/sabores-morelos-14-1024x682.jpg 1024w, https:\/\/cuernavaca.gob.mx\/wp-content\/uploads\/2022\/12\/sabores-morelos-14-300x200.jpg 300w, https:\/\/cuernavaca.gob.mx\/wp-content\/uploads\/2022\/12\/sabores-morelos-14-768x512.jpg 768w, https:\/\/cuernavaca.gob.mx\/wp-content\/uploads\/2022\/12\/sabores-morelos-14-600x400.jpg 600w, https:\/\/cuernavaca.gob.mx\/wp-content\/uploads\/2022\/12\/sabores-morelos-14-560x373.jpg 560w, https:\/\/cuernavaca.gob.mx\/wp-content\/uploads\/2022\/12\/sabores-morelos-14.jpg 1280w\" sizes=\"(max-width: 1024px) 100vw, 1024px\" \/><\/figure>\n\n\n\n<figure class=\"wp-block-image size-large\"><img loading=\"lazy\" width=\"1024\" height=\"683\" data-id=\"22378\"  src=\"https:\/\/cuernavaca.gob.mx\/wp-content\/uploads\/2022\/12\/sabores-morelos-15-1024x683.jpg\" alt=\"\" class=\"wp-image-22378\" srcset=\"https:\/\/cuernavaca.gob.mx\/wp-content\/uploads\/2022\/12\/sabores-morelos-15-1024x683.jpg 1024w, https:\/\/cuernavaca.gob.mx\/wp-content\/uploads\/2022\/12\/sabores-morelos-15-300x200.jpg 300w, https:\/\/cuernavaca.gob.mx\/wp-content\/uploads\/2022\/12\/sabores-morelos-15-768x512.jpg 768w, https:\/\/cuernavaca.gob.mx\/wp-content\/uploads\/2022\/12\/sabores-morelos-15-1536x1024.jpg 1536w, https:\/\/cuernavaca.gob.mx\/wp-content\/uploads\/2022\/12\/sabores-morelos-15-600x400.jpg 600w, https:\/\/cuernavaca.gob.mx\/wp-content\/uploads\/2022\/12\/sabores-morelos-15-560x373.jpg 560w, https:\/\/cuernavaca.gob.mx\/wp-content\/uploads\/2022\/12\/sabores-morelos-15.jpg 1599w\" sizes=\"(max-width: 1024px) 100vw, 1024px\" \/><\/figure>\n\n\n\n<figure class=\"wp-block-image size-large\"><img loading=\"lazy\" width=\"1024\" height=\"682\" data-id=\"22370\"  src=\"https:\/\/cuernavaca.gob.mx\/wp-content\/uploads\/2022\/12\/sabores-morelos-16-1024x682.jpg\" alt=\"\" class=\"wp-image-22370\" srcset=\"https:\/\/cuernavaca.gob.mx\/wp-content\/uploads\/2022\/12\/sabores-morelos-16-1024x682.jpg 1024w, https:\/\/cuernavaca.gob.mx\/wp-content\/uploads\/2022\/12\/sabores-morelos-16-300x200.jpg 300w, https:\/\/cuernavaca.gob.mx\/wp-content\/uploads\/2022\/12\/sabores-morelos-16-768x512.jpg 768w, https:\/\/cuernavaca.gob.mx\/wp-content\/uploads\/2022\/12\/sabores-morelos-16-600x400.jpg 600w, https:\/\/cuernavaca.gob.mx\/wp-content\/uploads\/2022\/12\/sabores-morelos-16-560x373.jpg 560w, https:\/\/cuernavaca.gob.mx\/wp-content\/uploads\/2022\/12\/sabores-morelos-16.jpg 1280w\" sizes=\"(max-width: 1024px) 100vw, 1024px\" \/><\/figure>\n\n\n\n<figure class=\"wp-block-image size-large\"><img loading=\"lazy\" width=\"1024\" height=\"682\" data-id=\"22376\"  src=\"https:\/\/cuernavaca.gob.mx\/wp-content\/uploads\/2022\/12\/sabores-morelos-17-1024x682.jpg\" alt=\"\" class=\"wp-image-22376\" srcset=\"https:\/\/cuernavaca.gob.mx\/wp-content\/uploads\/2022\/12\/sabores-morelos-17-1024x682.jpg 1024w, https:\/\/cuernavaca.gob.mx\/wp-content\/uploads\/2022\/12\/sabores-morelos-17-300x200.jpg 300w, https:\/\/cuernavaca.gob.mx\/wp-content\/uploads\/2022\/12\/sabores-morelos-17-768x512.jpg 768w, https:\/\/cuernavaca.gob.mx\/wp-content\/uploads\/2022\/12\/sabores-morelos-17-600x400.jpg 600w, https:\/\/cuernavaca.gob.mx\/wp-content\/uploads\/2022\/12\/sabores-morelos-17-560x373.jpg 560w, https:\/\/cuernavaca.gob.mx\/wp-content\/uploads\/2022\/12\/sabores-morelos-17.jpg 1280w\" sizes=\"(max-width: 1024px) 100vw, 1024px\" \/><\/figure>\n\n\n\n<figure class=\"wp-block-image size-large\"><img loading=\"lazy\" width=\"1024\" height=\"682\" data-id=\"22379\"  src=\"https:\/\/cuernavaca.gob.mx\/wp-content\/uploads\/2022\/12\/sabores-morelos-18-1024x682.jpg\" alt=\"\" class=\"wp-image-22379\" srcset=\"https:\/\/cuernavaca.gob.mx\/wp-content\/uploads\/2022\/12\/sabores-morelos-18-1024x682.jpg 1024w, https:\/\/cuernavaca.gob.mx\/wp-content\/uploads\/2022\/12\/sabores-morelos-18-300x200.jpg 300w, https:\/\/cuernavaca.gob.mx\/wp-content\/uploads\/2022\/12\/sabores-morelos-18-768x512.jpg 768w, https:\/\/cuernavaca.gob.mx\/wp-content\/uploads\/2022\/12\/sabores-morelos-18-600x400.jpg 600w, https:\/\/cuernavaca.gob.mx\/wp-content\/uploads\/2022\/12\/sabores-morelos-18-560x373.jpg 560w, https:\/\/cuernavaca.gob.mx\/wp-content\/uploads\/2022\/12\/sabores-morelos-18.jpg 1280w\" sizes=\"(max-width: 1024px) 100vw, 1024px\" \/><\/figure>\n\n\n\n<figure class=\"wp-block-image size-large\"><img loading=\"lazy\" width=\"1024\" height=\"682\" data-id=\"22381\"  src=\"https:\/\/cuernavaca.gob.mx\/wp-content\/uploads\/2022\/12\/sabores-morelos-19-1024x682.jpg\" alt=\"\" class=\"wp-image-22381\" srcset=\"https:\/\/cuernavaca.gob.mx\/wp-content\/uploads\/2022\/12\/sabores-morelos-19-1024x682.jpg 1024w, https:\/\/cuernavaca.gob.mx\/wp-content\/uploads\/2022\/12\/sabores-morelos-19-300x200.jpg 300w, https:\/\/cuernavaca.gob.mx\/wp-content\/uploads\/2022\/12\/sabores-morelos-19-768x512.jpg 768w, https:\/\/cuernavaca.gob.mx\/wp-content\/uploads\/2022\/12\/sabores-morelos-19-600x400.jpg 600w, https:\/\/cuernavaca.gob.mx\/wp-content\/uploads\/2022\/12\/sabores-morelos-19-560x373.jpg 560w, https:\/\/cuernavaca.gob.mx\/wp-content\/uploads\/2022\/12\/sabores-morelos-19.jpg 1280w\" sizes=\"(max-width: 1024px) 100vw, 1024px\" \/><\/figure>\n\n\n\n<figure class=\"wp-block-image size-large\"><img loading=\"lazy\" width=\"1024\" height=\"683\" data-id=\"22387\"  src=\"https:\/\/cuernavaca.gob.mx\/wp-content\/uploads\/2022\/12\/sabores-morelos-20-1024x683.jpg\" alt=\"\" class=\"wp-image-22387\" srcset=\"https:\/\/cuernavaca.gob.mx\/wp-content\/uploads\/2022\/12\/sabores-morelos-20-1024x683.jpg 1024w, https:\/\/cuernavaca.gob.mx\/wp-content\/uploads\/2022\/12\/sabores-morelos-20-300x200.jpg 300w, https:\/\/cuernavaca.gob.mx\/wp-content\/uploads\/2022\/12\/sabores-morelos-20-768x512.jpg 768w, https:\/\/cuernavaca.gob.mx\/wp-content\/uploads\/2022\/12\/sabores-morelos-20-1536x1024.jpg 1536w, https:\/\/cuernavaca.gob.mx\/wp-content\/uploads\/2022\/12\/sabores-morelos-20-600x400.jpg 600w, https:\/\/cuernavaca.gob.mx\/wp-content\/uploads\/2022\/12\/sabores-morelos-20-560x373.jpg 560w, https:\/\/cuernavaca.gob.mx\/wp-content\/uploads\/2022\/12\/sabores-morelos-20.jpg 1599w\" sizes=\"(max-width: 1024px) 100vw, 1024px\" \/><\/figure>\n\n\n\n<figure class=\"wp-block-image size-large\"><img loading=\"lazy\" width=\"1024\" height=\"682\" data-id=\"22388\"  src=\"https:\/\/cuernavaca.gob.mx\/wp-content\/uploads\/2022\/12\/sabores-morelos-21-1024x682.jpg\" alt=\"\" class=\"wp-image-22388\" srcset=\"https:\/\/cuernavaca.gob.mx\/wp-content\/uploads\/2022\/12\/sabores-morelos-21-1024x682.jpg 1024w, https:\/\/cuernavaca.gob.mx\/wp-content\/uploads\/2022\/12\/sabores-morelos-21-300x200.jpg 300w, https:\/\/cuernavaca.gob.mx\/wp-content\/uploads\/2022\/12\/sabores-morelos-21-768x512.jpg 768w, https:\/\/cuernavaca.gob.mx\/wp-content\/uploads\/2022\/12\/sabores-morelos-21-600x400.jpg 600w, https:\/\/cuernavaca.gob.mx\/wp-content\/uploads\/2022\/12\/sabores-morelos-21-560x373.jpg 560w, https:\/\/cuernavaca.gob.mx\/wp-content\/uploads\/2022\/12\/sabores-morelos-21.jpg 1280w\" sizes=\"(max-width: 1024px) 100vw, 1024px\" \/><\/figure>\n\n\n\n<figure class=\"wp-block-image size-large\"><img loading=\"lazy\" width=\"1024\" height=\"683\" data-id=\"22364\"  src=\"https:\/\/cuernavaca.gob.mx\/wp-content\/uploads\/2022\/12\/sabores-morelos-22-1024x683.jpg\" alt=\"\" class=\"wp-image-22364\" srcset=\"https:\/\/cuernavaca.gob.mx\/wp-content\/uploads\/2022\/12\/sabores-morelos-22-1024x683.jpg 1024w, https:\/\/cuernavaca.gob.mx\/wp-content\/uploads\/2022\/12\/sabores-morelos-22-300x200.jpg 300w, https:\/\/cuernavaca.gob.mx\/wp-content\/uploads\/2022\/12\/sabores-morelos-22-768x512.jpg 768w, https:\/\/cuernavaca.gob.mx\/wp-content\/uploads\/2022\/12\/sabores-morelos-22-1536x1024.jpg 1536w, https:\/\/cuernavaca.gob.mx\/wp-content\/uploads\/2022\/12\/sabores-morelos-22-600x400.jpg 600w, https:\/\/cuernavaca.gob.mx\/wp-content\/uploads\/2022\/12\/sabores-morelos-22-560x373.jpg 560w, https:\/\/cuernavaca.gob.mx\/wp-content\/uploads\/2022\/12\/sabores-morelos-22.jpg 1599w\" sizes=\"(max-width: 1024px) 100vw, 1024px\" \/><\/figure>\n\n\n\n<figure class=\"wp-block-image size-large\"><img loading=\"lazy\" width=\"1024\" height=\"683\" data-id=\"22375\"  src=\"https:\/\/cuernavaca.gob.mx\/wp-content\/uploads\/2022\/12\/sabores-morelos-23-1024x683.jpg\" alt=\"\" class=\"wp-image-22375\" srcset=\"https:\/\/cuernavaca.gob.mx\/wp-content\/uploads\/2022\/12\/sabores-morelos-23-1024x683.jpg 1024w, https:\/\/cuernavaca.gob.mx\/wp-content\/uploads\/2022\/12\/sabores-morelos-23-300x200.jpg 300w, https:\/\/cuernavaca.gob.mx\/wp-content\/uploads\/2022\/12\/sabores-morelos-23-768x512.jpg 768w, https:\/\/cuernavaca.gob.mx\/wp-content\/uploads\/2022\/12\/sabores-morelos-23-1536x1024.jpg 1536w, https:\/\/cuernavaca.gob.mx\/wp-content\/uploads\/2022\/12\/sabores-morelos-23-600x400.jpg 600w, https:\/\/cuernavaca.gob.mx\/wp-content\/uploads\/2022\/12\/sabores-morelos-23-560x373.jpg 560w, https:\/\/cuernavaca.gob.mx\/wp-content\/uploads\/2022\/12\/sabores-morelos-23.jpg 1599w\" sizes=\"(max-width: 1024px) 100vw, 1024px\" \/><\/figure>\n\n\n\n<figure class=\"wp-block-image size-large\"><img loading=\"lazy\" width=\"1024\" height=\"683\" data-id=\"22382\"  src=\"https:\/\/cuernavaca.gob.mx\/wp-content\/uploads\/2022\/12\/sabores-morelos-24-1024x683.jpg\" alt=\"\" class=\"wp-image-22382\" srcset=\"https:\/\/cuernavaca.gob.mx\/wp-content\/uploads\/2022\/12\/sabores-morelos-24-1024x683.jpg 1024w, https:\/\/cuernavaca.gob.mx\/wp-content\/uploads\/2022\/12\/sabores-morelos-24-300x200.jpg 300w, https:\/\/cuernavaca.gob.mx\/wp-content\/uploads\/2022\/12\/sabores-morelos-24-768x512.jpg 768w, https:\/\/cuernavaca.gob.mx\/wp-content\/uploads\/2022\/12\/sabores-morelos-24-1536x1024.jpg 1536w, https:\/\/cuernavaca.gob.mx\/wp-content\/uploads\/2022\/12\/sabores-morelos-24-600x400.jpg 600w, https:\/\/cuernavaca.gob.mx\/wp-content\/uploads\/2022\/12\/sabores-morelos-24-560x373.jpg 560w, https:\/\/cuernavaca.gob.mx\/wp-content\/uploads\/2022\/12\/sabores-morelos-24.jpg 1599w\" sizes=\"(max-width: 1024px) 100vw, 1024px\" \/><\/figure>\n\n\n\n<figure class=\"wp-block-image size-large\"><img loading=\"lazy\" width=\"1024\" height=\"683\" data-id=\"22359\"  src=\"https:\/\/cuernavaca.gob.mx\/wp-content\/uploads\/2022\/12\/sabores-morelos-25-1024x683.jpg\" alt=\"\" class=\"wp-image-22359\" srcset=\"https:\/\/cuernavaca.gob.mx\/wp-content\/uploads\/2022\/12\/sabores-morelos-25-1024x683.jpg 1024w, https:\/\/cuernavaca.gob.mx\/wp-content\/uploads\/2022\/12\/sabores-morelos-25-300x200.jpg 300w, https:\/\/cuernavaca.gob.mx\/wp-content\/uploads\/2022\/12\/sabores-morelos-25-768x512.jpg 768w, https:\/\/cuernavaca.gob.mx\/wp-content\/uploads\/2022\/12\/sabores-morelos-25-1536x1024.jpg 1536w, https:\/\/cuernavaca.gob.mx\/wp-content\/uploads\/2022\/12\/sabores-morelos-25-600x400.jpg 600w, https:\/\/cuernavaca.gob.mx\/wp-content\/uploads\/2022\/12\/sabores-morelos-25-560x373.jpg 560w, https:\/\/cuernavaca.gob.mx\/wp-content\/uploads\/2022\/12\/sabores-morelos-25.jpg 1599w\" sizes=\"(max-width: 1024px) 100vw, 1024px\" \/><\/figure>\n\n\n\n<figure class=\"wp-block-image size-large\"><img loading=\"lazy\" width=\"1024\" height=\"683\" data-id=\"22374\"  src=\"https:\/\/cuernavaca.gob.mx\/wp-content\/uploads\/2022\/12\/sabores-morelos-26-1024x683.jpg\" alt=\"\" class=\"wp-image-22374\" srcset=\"https:\/\/cuernavaca.gob.mx\/wp-content\/uploads\/2022\/12\/sabores-morelos-26-1024x683.jpg 1024w, https:\/\/cuernavaca.gob.mx\/wp-content\/uploads\/2022\/12\/sabores-morelos-26-300x200.jpg 300w, https:\/\/cuernavaca.gob.mx\/wp-content\/uploads\/2022\/12\/sabores-morelos-26-768x512.jpg 768w, https:\/\/cuernavaca.gob.mx\/wp-content\/uploads\/2022\/12\/sabores-morelos-26-1536x1024.jpg 1536w, https:\/\/cuernavaca.gob.mx\/wp-content\/uploads\/2022\/12\/sabores-morelos-26-600x400.jpg 600w, https:\/\/cuernavaca.gob.mx\/wp-content\/uploads\/2022\/12\/sabores-morelos-26-560x373.jpg 560w, https:\/\/cuernavaca.gob.mx\/wp-content\/uploads\/2022\/12\/sabores-morelos-26.jpg 1599w\" sizes=\"(max-width: 1024px) 100vw, 1024px\" \/><\/figure>\n\n\n\n<figure class=\"wp-block-image size-large\"><img loading=\"lazy\" width=\"1024\" height=\"683\" data-id=\"22377\"  src=\"https:\/\/cuernavaca.gob.mx\/wp-content\/uploads\/2022\/12\/sabores-morelos-27-1024x683.jpg\" alt=\"\" class=\"wp-image-22377\" srcset=\"https:\/\/cuernavaca.gob.mx\/wp-content\/uploads\/2022\/12\/sabores-morelos-27-1024x683.jpg 1024w, https:\/\/cuernavaca.gob.mx\/wp-content\/uploads\/2022\/12\/sabores-morelos-27-300x200.jpg 300w, https:\/\/cuernavaca.gob.mx\/wp-content\/uploads\/2022\/12\/sabores-morelos-27-768x512.jpg 768w, https:\/\/cuernavaca.gob.mx\/wp-content\/uploads\/2022\/12\/sabores-morelos-27-1536x1024.jpg 1536w, https:\/\/cuernavaca.gob.mx\/wp-content\/uploads\/2022\/12\/sabores-morelos-27-600x400.jpg 600w, https:\/\/cuernavaca.gob.mx\/wp-content\/uploads\/2022\/12\/sabores-morelos-27-560x373.jpg 560w, https:\/\/cuernavaca.gob.mx\/wp-content\/uploads\/2022\/12\/sabores-morelos-27.jpg 1599w\" sizes=\"(max-width: 1024px) 100vw, 1024px\" \/><\/figure>\n\n\n\n<figure class=\"wp-block-image size-large\"><img loading=\"lazy\" width=\"1024\" height=\"683\" data-id=\"22363\"  src=\"https:\/\/cuernavaca.gob.mx\/wp-content\/uploads\/2022\/12\/sabores-morelos-28-1024x683.jpg\" alt=\"\" class=\"wp-image-22363\" srcset=\"https:\/\/cuernavaca.gob.mx\/wp-content\/uploads\/2022\/12\/sabores-morelos-28-1024x683.jpg 1024w, https:\/\/cuernavaca.gob.mx\/wp-content\/uploads\/2022\/12\/sabores-morelos-28-300x200.jpg 300w, https:\/\/cuernavaca.gob.mx\/wp-content\/uploads\/2022\/12\/sabores-morelos-28-768x512.jpg 768w, https:\/\/cuernavaca.gob.mx\/wp-content\/uploads\/2022\/12\/sabores-morelos-28-1536x1024.jpg 1536w, https:\/\/cuernavaca.gob.mx\/wp-content\/uploads\/2022\/12\/sabores-morelos-28-600x400.jpg 600w, https:\/\/cuernavaca.gob.mx\/wp-content\/uploads\/2022\/12\/sabores-morelos-28-560x373.jpg 560w, https:\/\/cuernavaca.gob.mx\/wp-content\/uploads\/2022\/12\/sabores-morelos-28.jpg 1599w\" sizes=\"(max-width: 1024px) 100vw, 1024px\" \/><\/figure>\n\n\n\n<figure class=\"wp-block-image size-large\"><img loading=\"lazy\" width=\"1024\" height=\"682\" data-id=\"22361\"  src=\"https:\/\/cuernavaca.gob.mx\/wp-content\/uploads\/2022\/12\/sabores-morelos-29-1024x682.jpg\" alt=\"\" class=\"wp-image-22361\" srcset=\"https:\/\/cuernavaca.gob.mx\/wp-content\/uploads\/2022\/12\/sabores-morelos-29-1024x682.jpg 1024w, https:\/\/cuernavaca.gob.mx\/wp-content\/uploads\/2022\/12\/sabores-morelos-29-300x200.jpg 300w, https:\/\/cuernavaca.gob.mx\/wp-content\/uploads\/2022\/12\/sabores-morelos-29-768x512.jpg 768w, https:\/\/cuernavaca.gob.mx\/wp-content\/uploads\/2022\/12\/sabores-morelos-29-600x400.jpg 600w, https:\/\/cuernavaca.gob.mx\/wp-content\/uploads\/2022\/12\/sabores-morelos-29-560x373.jpg 560w, https:\/\/cuernavaca.gob.mx\/wp-content\/uploads\/2022\/12\/sabores-morelos-29.jpg 1280w\" sizes=\"(max-width: 1024px) 100vw, 1024px\" \/><\/figure>\n\n\n\n<figure class=\"wp-block-image size-large\"><img loading=\"lazy\" width=\"1024\" height=\"683\" data-id=\"22366\"  src=\"https:\/\/cuernavaca.gob.mx\/wp-content\/uploads\/2022\/12\/sabores-morelos-30-1024x683.jpg\" alt=\"\" class=\"wp-image-22366\" srcset=\"https:\/\/cuernavaca.gob.mx\/wp-content\/uploads\/2022\/12\/sabores-morelos-30-1024x683.jpg 1024w, https:\/\/cuernavaca.gob.mx\/wp-content\/uploads\/2022\/12\/sabores-morelos-30-300x200.jpg 300w, https:\/\/cuernavaca.gob.mx\/wp-content\/uploads\/2022\/12\/sabores-morelos-30-768x512.jpg 768w, https:\/\/cuernavaca.gob.mx\/wp-content\/uploads\/2022\/12\/sabores-morelos-30-1536x1024.jpg 1536w, https:\/\/cuernavaca.gob.mx\/wp-content\/uploads\/2022\/12\/sabores-morelos-30-600x400.jpg 600w, https:\/\/cuernavaca.gob.mx\/wp-content\/uploads\/2022\/12\/sabores-morelos-30-560x373.jpg 560w, https:\/\/cuernavaca.gob.mx\/wp-content\/uploads\/2022\/12\/sabores-morelos-30.jpg 1599w\" sizes=\"(max-width: 1024px) 100vw, 1024px\" \/><\/figure>\n<\/figure>\n","protected":false},"excerpt":{"rendered":"<p>Jos\u00e9 Luis Uri\u00f3stegui inaugur\u00f3 el Corredor Gastron\u00f3mico de la XI Edici\u00f3n de este Festival con 120 stands en la calle Hidalgo y Nezahualc\u00f3yotl del centro hist\u00f3rico &#8220;Sabor es Morelos&#8221; ofrece este fin de semana gastronom\u00eda de Morelos, Tlaxcala, Italia, como estado y pa\u00eds invitados, as\u00ed como artesan\u00edas, ornamentales y art\u00edculos varios En un ambiente de [&hellip;]<\/p>\n","protected":false},"author":1,"featured_media":22387,"comment_status":"closed","ping_status":"open","sticky":false,"template":"","format":"standard","meta":[],"categories":[2294,21],"tags":[2142,121,2337,1882,2277,120,490,1514,194],"aioseo_notices":[],"_links":{"self":[{"href":"https:\/\/cuernavaca.gob.mx\/index.php?rest_route=\/wp\/v2\/posts\/22358"}],"collection":[{"href":"https:\/\/cuernavaca.gob.mx\/index.php?rest_route=\/wp\/v2\/posts"}],"about":[{"href":"https:\/\/cuernavaca.gob.mx\/index.php?rest_route=\/wp\/v2\/types\/post"}],"author":[{"embeddable":true,"href":"https:\/\/cuernavaca.gob.mx\/index.php?rest_route=\/wp\/v2\/users\/1"}],"replies":[{"embeddable":true,"href":"https:\/\/cuernavaca.gob.mx\/index.php?rest_route=%2Fwp%2Fv2%2Fcomments&post=22358"}],"version-history":[{"count":1,"href":"https:\/\/cuernavaca.gob.mx\/index.php?rest_route=\/wp\/v2\/posts\/22358\/revisions"}],"predecessor-version":[{"id":22389,"href":"https:\/\/cuernavaca.gob.mx\/index.php?rest_route=\/wp\/v2\/posts\/22358\/revisions\/22389"}],"wp:featuredmedia":[{"embeddable":true,"href":"https:\/\/cuernavaca.gob.mx\/index.php?rest_route=\/wp\/v2\/media\/22387"}],"wp:attachment":[{"href":"https:\/\/cuernavaca.gob.mx\/index.php?rest_route=%2Fwp%2Fv2%2Fmedia&parent=22358"}],"wp:term":[{"taxonomy":"category","embeddable":true,"href":"https:\/\/cuernavaca.gob.mx\/index.php?rest_route=%2Fwp%2Fv2%2Fcategories&post=22358"},{"taxonomy":"post_tag","embeddable":true,"href":"https:\/\/cuernavaca.gob.mx\/index.php?rest_route=%2Fwp%2Fv2%2Ftags&post=22358"}],"curies":[{"name":"wp","href":"https:\/\/api.w.org\/{rel}","templated":true}]}}