{"id":22482,"date":"2022-12-06T15:00:00","date_gmt":"2022-12-06T21:00:00","guid":{"rendered":"https:\/\/cuernavaca.gob.mx\/?p=22482"},"modified":"2025-05-06T12:24:10","modified_gmt":"2025-05-06T18:24:10","slug":"b565-06-12-22-la-escultura-hermandad-del-artista-carlos-pinar-tendra-un-nuevo-escaparate-en-paseo-reforma-de-cuernavaca","status":"publish","type":"post","link":"https:\/\/cuernavaca.gob.mx\/?p=22482","title":{"rendered":"B565 06\/12\/22 LA ESCULTURA \u201cHERMANDAD\u201d DEL ARTISTA CARLOS PI\u00d1AR TENDR\u00c1 UN NUEVO ESCAPARATE EN PASEO REFORMA DE CUERNAVACA"},"content":{"rendered":"\n<p><strong>\u2022 Tal y como lo comprometi\u00f3 el presidente municipal Jos\u00e9 Luis Uri\u00f3stegui la obra tendr\u00e1 una mejor ubicaci\u00f3n y ser\u00e1 parte del corredor cultural de la ciudad<\/strong><\/p>\n\n\n\n<p>En atenci\u00f3n a las indicaciones del presidente Jos\u00e9 Luis Uri\u00f3stegui Salgado de mantener el proceso de recuperaci\u00f3n de espacios p\u00fablicos de la ciudad y aprovechamiento adecuado de estos, la Secretar\u00eda de Desarrollo Urbano y Obras P\u00fablicas (SDUyOP) del Ayuntamiento de Cuernavaca report\u00f3 avances importantes en el acondicionamiento de la nueva plataforma en la estar\u00e1 exhibir\u00e1 la escultura \u201cHermandad\u201d, del artista Carlos Pi\u00f1ar.<\/p>\n\n\n\n<p>Estos trabajos de remozamiento y rehabilitaci\u00f3n se realizan en la fuente ubicada en avenida Paseo Reforma, en la colonia Lomas de Cort\u00e9s, en donde se prepara el basamento donde ser\u00e1 instalada la escultura, en el centro de uno de los principales ejes de vialidad que comunican al centro con el oriente de la ciudad capital<\/p>\n\n\n\n<p>El titular de la SDUyOP, Alejandro Rosas L\u00f3pez, junto con el escultor Carlos Pi\u00f1ar, asistieron al sitio para supervisar y conocer los trabajos que se realizan, en un proyecto que formar\u00e1 parte de corredor cultural que integran a una serie de esculturas en espacios que han sido rescatados por el Gobierno Municipal de Cuernavaca.<\/p>\n\n\n\n<p>Actualmente la Secretar\u00eda de Desarrollo Urbano y Obras P\u00fablicas realiza los trabajos de la obra civil, para adecuar la estructura de la fuente para que est\u00e9 en condiciones de soportar el peso y las dimensiones de la obra \u201cHermandad\u201d de Carlos Pi\u00f1ar, la cual tambi\u00e9n recibir\u00e1 mantenimiento para que luzca en todo su esplendor.<\/p>\n\n\n\n<p>Tambi\u00e9n se rehabilitar\u00e1 el alumbrado de la zona a fin de que el entorno sea m\u00e1s seguro para los transe\u00fantes y los visitantes que acudan a este espacio p\u00fablico; asimismo se realizar\u00e1 la reposici\u00f3n del sistema hidr\u00e1ulico para mejorar el funcionamiento sin tener altos consumos de energ\u00eda el\u00e9ctrica.<\/p>\n\n\n\n<p>En tanto que en los trabajos de embellecimiento de este espacio tambi\u00e9n participar\u00e1 la Secretar\u00eda de Desarrollo Sustentable y Servicios P\u00fablicos con chaponeo, limpieza de la zona y jardiner\u00eda.<\/p>\n\n\n\n<p>La obra &#8220;Hermandad&#8221; de Carlos Pi\u00f1ar, se sumar\u00e1 en este corredor art\u00edstico con otras esculturas como el Quetzalc\u00f3atl, del maestro V\u00edctor Manuel Contreras y el Carro del Sol de la maestra Miriam Hern\u00e1ndez, ambas impulsadas por esta administraci\u00f3n.<\/p>\n\n\n\n<figure class=\"wp-container-2 wp-block-gallery-1 wp-block-gallery has-nested-images columns-default is-cropped\">\n<figure class=\"wp-block-image size-large\"><img loading=\"lazy\" width=\"1024\" height=\"768\" data-id=\"22486\"  src=\"https:\/\/cuernavaca.gob.mx\/wp-content\/uploads\/2022\/12\/escultura-cuernavaca-1-1024x768.jpg\" alt=\"\" class=\"wp-image-22486\" srcset=\"https:\/\/cuernavaca.gob.mx\/wp-content\/uploads\/2022\/12\/escultura-cuernavaca-1-1024x768.jpg 1024w, https:\/\/cuernavaca.gob.mx\/wp-content\/uploads\/2022\/12\/escultura-cuernavaca-1-300x225.jpg 300w, https:\/\/cuernavaca.gob.mx\/wp-content\/uploads\/2022\/12\/escultura-cuernavaca-1-768x576.jpg 768w, https:\/\/cuernavaca.gob.mx\/wp-content\/uploads\/2022\/12\/escultura-cuernavaca-1-600x450.jpg 600w, https:\/\/cuernavaca.gob.mx\/wp-content\/uploads\/2022\/12\/escultura-cuernavaca-1-560x420.jpg 560w, https:\/\/cuernavaca.gob.mx\/wp-content\/uploads\/2022\/12\/escultura-cuernavaca-1.jpg 1280w\" sizes=\"(max-width: 1024px) 100vw, 1024px\" \/><\/figure>\n\n\n\n<figure class=\"wp-block-image size-large\"><img loading=\"lazy\" width=\"1024\" height=\"768\" data-id=\"22483\"  src=\"https:\/\/cuernavaca.gob.mx\/wp-content\/uploads\/2022\/12\/escultura-cuernavaca-2-1024x768.jpg\" alt=\"\" class=\"wp-image-22483\" srcset=\"https:\/\/cuernavaca.gob.mx\/wp-content\/uploads\/2022\/12\/escultura-cuernavaca-2-1024x768.jpg 1024w, https:\/\/cuernavaca.gob.mx\/wp-content\/uploads\/2022\/12\/escultura-cuernavaca-2-300x225.jpg 300w, https:\/\/cuernavaca.gob.mx\/wp-content\/uploads\/2022\/12\/escultura-cuernavaca-2-768x576.jpg 768w, https:\/\/cuernavaca.gob.mx\/wp-content\/uploads\/2022\/12\/escultura-cuernavaca-2-600x450.jpg 600w, https:\/\/cuernavaca.gob.mx\/wp-content\/uploads\/2022\/12\/escultura-cuernavaca-2-560x420.jpg 560w, https:\/\/cuernavaca.gob.mx\/wp-content\/uploads\/2022\/12\/escultura-cuernavaca-2.jpg 1280w\" sizes=\"(max-width: 1024px) 100vw, 1024px\" \/><\/figure>\n\n\n\n<figure class=\"wp-block-image size-large\"><img loading=\"lazy\" width=\"1024\" height=\"768\" data-id=\"22485\"  src=\"https:\/\/cuernavaca.gob.mx\/wp-content\/uploads\/2022\/12\/escultura-cuernavaca-3-1024x768.jpg\" alt=\"\" class=\"wp-image-22485\" srcset=\"https:\/\/cuernavaca.gob.mx\/wp-content\/uploads\/2022\/12\/escultura-cuernavaca-3-1024x768.jpg 1024w, https:\/\/cuernavaca.gob.mx\/wp-content\/uploads\/2022\/12\/escultura-cuernavaca-3-300x225.jpg 300w, https:\/\/cuernavaca.gob.mx\/wp-content\/uploads\/2022\/12\/escultura-cuernavaca-3-768x576.jpg 768w, https:\/\/cuernavaca.gob.mx\/wp-content\/uploads\/2022\/12\/escultura-cuernavaca-3-600x450.jpg 600w, https:\/\/cuernavaca.gob.mx\/wp-content\/uploads\/2022\/12\/escultura-cuernavaca-3-560x420.jpg 560w, https:\/\/cuernavaca.gob.mx\/wp-content\/uploads\/2022\/12\/escultura-cuernavaca-3.jpg 1280w\" sizes=\"(max-width: 1024px) 100vw, 1024px\" \/><\/figure>\n\n\n\n<figure class=\"wp-block-image size-large\"><img loading=\"lazy\" width=\"1024\" height=\"768\" data-id=\"22484\"  src=\"https:\/\/cuernavaca.gob.mx\/wp-content\/uploads\/2022\/12\/escultura-cuernavaca-4-1024x768.jpg\" alt=\"\" class=\"wp-image-22484\" srcset=\"https:\/\/cuernavaca.gob.mx\/wp-content\/uploads\/2022\/12\/escultura-cuernavaca-4-1024x768.jpg 1024w, https:\/\/cuernavaca.gob.mx\/wp-content\/uploads\/2022\/12\/escultura-cuernavaca-4-300x225.jpg 300w, https:\/\/cuernavaca.gob.mx\/wp-content\/uploads\/2022\/12\/escultura-cuernavaca-4-768x576.jpg 768w, https:\/\/cuernavaca.gob.mx\/wp-content\/uploads\/2022\/12\/escultura-cuernavaca-4-600x450.jpg 600w, https:\/\/cuernavaca.gob.mx\/wp-content\/uploads\/2022\/12\/escultura-cuernavaca-4-560x420.jpg 560w, https:\/\/cuernavaca.gob.mx\/wp-content\/uploads\/2022\/12\/escultura-cuernavaca-4.jpg 1280w\" sizes=\"(max-width: 1024px) 100vw, 1024px\" \/><\/figure>\n<\/figure>\n","protected":false},"excerpt":{"rendered":"<p>\u2022 Tal y como lo comprometi\u00f3 el presidente municipal Jos\u00e9 Luis Uri\u00f3stegui la obra tendr\u00e1 una mejor ubicaci\u00f3n y ser\u00e1 parte del corredor cultural de la ciudad En atenci\u00f3n a las indicaciones del presidente Jos\u00e9 Luis Uri\u00f3stegui Salgado de mantener el proceso de recuperaci\u00f3n de espacios p\u00fablicos de la ciudad y aprovechamiento adecuado de estos, [&hellip;]<\/p>\n","protected":false},"author":1,"featured_media":22483,"comment_status":"closed","ping_status":"open","sticky":false,"template":"","format":"standard","meta":[],"categories":[2292],"tags":[1300,2716,121,190,1088,120,206,1075,194],"aioseo_notices":[],"_links":{"self":[{"href":"https:\/\/cuernavaca.gob.mx\/index.php?rest_route=\/wp\/v2\/posts\/22482"}],"collection":[{"href":"https:\/\/cuernavaca.gob.mx\/index.php?rest_route=\/wp\/v2\/posts"}],"about":[{"href":"https:\/\/cuernavaca.gob.mx\/index.php?rest_route=\/wp\/v2\/types\/post"}],"author":[{"embeddable":true,"href":"https:\/\/cuernavaca.gob.mx\/index.php?rest_route=\/wp\/v2\/users\/1"}],"replies":[{"embeddable":true,"href":"https:\/\/cuernavaca.gob.mx\/index.php?rest_route=%2Fwp%2Fv2%2Fcomments&post=22482"}],"version-history":[{"count":1,"href":"https:\/\/cuernavaca.gob.mx\/index.php?rest_route=\/wp\/v2\/posts\/22482\/revisions"}],"predecessor-version":[{"id":22487,"href":"https:\/\/cuernavaca.gob.mx\/index.php?rest_route=\/wp\/v2\/posts\/22482\/revisions\/22487"}],"wp:featuredmedia":[{"embeddable":true,"href":"https:\/\/cuernavaca.gob.mx\/index.php?rest_route=\/wp\/v2\/media\/22483"}],"wp:attachment":[{"href":"https:\/\/cuernavaca.gob.mx\/index.php?rest_route=%2Fwp%2Fv2%2Fmedia&parent=22482"}],"wp:term":[{"taxonomy":"category","embeddable":true,"href":"https:\/\/cuernavaca.gob.mx\/index.php?rest_route=%2Fwp%2Fv2%2Fcategories&post=22482"},{"taxonomy":"post_tag","embeddable":true,"href":"https:\/\/cuernavaca.gob.mx\/index.php?rest_route=%2Fwp%2Fv2%2Ftags&post=22482"}],"curies":[{"name":"wp","href":"https:\/\/api.w.org\/{rel}","templated":true}]}}