{"id":22550,"date":"2022-12-08T18:00:00","date_gmt":"2022-12-09T00:00:00","guid":{"rendered":"https:\/\/cuernavaca.gob.mx\/?p=22550"},"modified":"2025-05-06T12:24:42","modified_gmt":"2025-05-06T18:24:42","slug":"b572-88-12-22-ayuntamiento-de-cuernavaca-formaliza-acuerdo-con-la-brigada-nacional-de-busqueda-de-personas-desaparecidas","status":"publish","type":"post","link":"https:\/\/cuernavaca.gob.mx\/?p=22550","title":{"rendered":"B572 88\/12\/22 AYUNTAMIENTO DE CUERNAVACA FORMALIZA ACUERDO CON LA BRIGADA NACIONAL DE B\u00daSQUEDA DE PERSONAS DESAPARECIDAS"},"content":{"rendered":"\n<p>\u2022 Encabezados por el presidente municipal, Jos\u00e9 Luis Uri\u00f3stegui integrantes del Cabildo y Gabinete, as\u00ed como elementos policiacos fueron sensibilizados por la Brigada Nacional de B\u00fasqueda de Personas Desaparecidas<\/p>\n\n\n\n<p><strong>\u2022 Integrantes del Cabildo firmaron un convenio para acompa\u00f1ar en el respeto y defensa de los derechos fundamentales de las v\u00edctimas de desaparici\u00f3n forzada y sus familiares<\/strong><\/p>\n\n\n\n<p>El Ayuntamiento de Cuernavaca encabezado por Jos\u00e9 Luis Uri\u00f3stegui Salgado se comprometi\u00f3 a respetar los derechos fundamentales, tanto de las v\u00edctimas de desaparici\u00f3n forzada como de sus familiares, a trav\u00e9s de la suscripci\u00f3n de una carta compromiso con la Brigada Nacional de B\u00fasqueda de Personas Desaparecidas, acordando que, desde el Cabildo, Gabinete, as\u00ed como las y los servidores p\u00fablicos del Gobierno Municipal, ser\u00e1n constructores de paz y brigadistas para coadyuvar en este grave problema que vive el pa\u00eds.<\/p>\n\n\n\n<p>En el marco de la VII Brigada Nacional de B\u00fasqueda que tuvo presencia en distintos municipios del estado, este jueves el Ayuntamiento de Cuernavaca recibi\u00f3 a las y los integrantes del colectivo para sensibilizar a las corporaciones policiacas, Cabildo y Gabinete; aqu\u00ed Juan Carlos Trujillo Herrera, coordinador del eje de Sensibilizaci\u00f3n a Instituciones y Cuerpos Policiacos, explic\u00f3 que su objetivo es proponer no imponer una mirada diferente, un cambio de pol\u00edticas en conceptos m\u00e1s humanitarios que pongan al centro a las personas que desde la administraci\u00f3n municipal van a representar.<\/p>\n\n\n\n<p>\u201cAprovechando la voluntad del alcalde, de los regidores y ustedes al estar aqu\u00ed mismo, tenemos la esperanza de que podemos cambiar, podemos darle vuelta a la historia. Necesitamos volver a humanizarnos, volver a protegernos y as\u00ed como la violencia nos est\u00e1 arrebatando al pa\u00eds, con una construcci\u00f3n de paz volver a recuperarla\u201d, afirm\u00f3.<\/p>\n\n\n\n<p>En este espacio, las madres, padres, familiares buscadores de personas desaparecidas en todo el pa\u00eds expusieron sus historias y llevaron a cabo distintos ejercicios de integraci\u00f3n, a fin de generar un poco m\u00e1s de empat\u00eda hacia su b\u00fasqueda y como lo se\u00f1al\u00f3 Adriana Cruz Cruz, hermana de Juventino Cruz Cruz, desaparecido el 21 de agosto del 2021 en el estado de Oaxaca, trabajar porque la relaci\u00f3n entre autoridades y familiares buscadores sea mejor, dejando de lado agresiones, juicios y se\u00f1alamientos que por ambas partes se han llegado a suscitar.<\/p>\n\n\n\n<p>Al uso de la palabra, el presidente municipal, Jos\u00e9 Luis Uri\u00f3stegui, destac\u00f3 la importancia de este taller que le hace comprende que a veces no se act\u00faa de manera correcta en la toma de decisiones, siendo el impulso id\u00f3neo para que desde el \u00e1mbito municipal eviten que la desaparici\u00f3n de personas siga siendo un fen\u00f3meno que afecta a miles de personas en el pa\u00eds, en Morelos y claro, Cuernavaca.<\/p>\n\n\n\n<p>\u201cQue esto nos sirva para ayudar a la gente a adentrarse a estos dolores que nos han transmitido de manera moment\u00e1nea y que afortunadamente no nos llevamos cargando, pero si nos llevaremos cargando esta experiencia, esta vivencia que ustedes tienen\u201d, asever\u00f3.<\/p>\n\n\n\n<p>La firma del convenio de colaboraci\u00f3n por las y los desaparecidos fue signada por el alcalde, la s\u00edndica municipal, Ver\u00f3nica Atenco P\u00e9rez, as\u00ed como por las y los regidores Wendi Salinas Ruiz, Mirna Delgado Romero, Paz Hern\u00e1ndez Pardo, Ximena Rom\u00e1n Peralta, Adri\u00e1n Mart\u00ednez Terrazas, Jes\u00fas Rosales Puebla, Debendrenath Salazar Solorio, Fernando Carrillo Alvarado, y V\u00edctor Manzo God\u00ednez.<\/p>\n\n\n\n<p>\u00c9ste consiste, entre otras cosas, en capacitar y sensibilizar al personal del municipio para dar respuesta al problema de las desapariciones, crear c\u00e9lulas de b\u00fasqueda conformadas por polic\u00edas municipales seleccionados y capacitados para realizar las acciones de b\u00fasqueda inmediata y de investigaci\u00f3n en coordinaci\u00f3n con el Ministerio P\u00fablico, las fiscal\u00edas especializadas, la Comisi\u00f3n Estatal de B\u00fasqueda y otros cuerpos policiales; la armonizaci\u00f3n de panteones, e impulsar rubros de paz y apoyar en los procesos de construcci\u00f3n de verdad, memoria y garant\u00edas de no repetici\u00f3n para que nunca m\u00e1s las desapariciones sean un problema en el municipio.<\/p>\n\n\n\n<p>Durante el encuentro se cont\u00f3 con la asistencia de la secretaria de Protecci\u00f3n y Auxilio Ciudadano, Alicia V\u00e1zquez Luna; la secretaria de Desarrollo Humano y Participaci\u00f3n Social, Laura Hern\u00e1ndez Cruz; el secretario del Ayuntamiento, Carlos de la Rosa Segura; el procurador del Sistema DIF Municipal, Salvador Arellano Su\u00e1rez; el director de Asuntos Migratorios y Religiosos de Cuernavaca, Carlos Agui\u00f1aga Malacara; y el director general de Asuntos Religiosos del Gobierno del Estado de Morelos, Luis H\u00e9ctor Herrera L\u00f3pez.<\/p>\n\n\n\n<figure class=\"wp-container-2 wp-block-gallery-1 wp-block-gallery has-nested-images columns-default is-cropped\">\n<figure class=\"wp-block-image size-large\"><img loading=\"lazy\" width=\"1024\" height=\"683\" data-id=\"22551\"  src=\"https:\/\/cuernavaca.gob.mx\/wp-content\/uploads\/2022\/12\/brigadas-busqueda-cuernavaca-1-1024x683.jpeg\" alt=\"\" class=\"wp-image-22551\" srcset=\"https:\/\/cuernavaca.gob.mx\/wp-content\/uploads\/2022\/12\/brigadas-busqueda-cuernavaca-1-1024x683.jpeg 1024w, https:\/\/cuernavaca.gob.mx\/wp-content\/uploads\/2022\/12\/brigadas-busqueda-cuernavaca-1-300x200.jpeg 300w, https:\/\/cuernavaca.gob.mx\/wp-content\/uploads\/2022\/12\/brigadas-busqueda-cuernavaca-1-768x512.jpeg 768w, https:\/\/cuernavaca.gob.mx\/wp-content\/uploads\/2022\/12\/brigadas-busqueda-cuernavaca-1-1536x1024.jpeg 1536w, https:\/\/cuernavaca.gob.mx\/wp-content\/uploads\/2022\/12\/brigadas-busqueda-cuernavaca-1-600x400.jpeg 600w, https:\/\/cuernavaca.gob.mx\/wp-content\/uploads\/2022\/12\/brigadas-busqueda-cuernavaca-1-560x373.jpeg 560w, https:\/\/cuernavaca.gob.mx\/wp-content\/uploads\/2022\/12\/brigadas-busqueda-cuernavaca-1.jpeg 1599w\" sizes=\"(max-width: 1024px) 100vw, 1024px\" \/><\/figure>\n\n\n\n<figure class=\"wp-block-image size-large\"><img loading=\"lazy\" width=\"1024\" height=\"683\" data-id=\"22553\"  src=\"https:\/\/cuernavaca.gob.mx\/wp-content\/uploads\/2022\/12\/brigadas-busqueda-cuernavaca-2-1024x683.jpeg\" alt=\"\" class=\"wp-image-22553\" srcset=\"https:\/\/cuernavaca.gob.mx\/wp-content\/uploads\/2022\/12\/brigadas-busqueda-cuernavaca-2-1024x683.jpeg 1024w, https:\/\/cuernavaca.gob.mx\/wp-content\/uploads\/2022\/12\/brigadas-busqueda-cuernavaca-2-300x200.jpeg 300w, https:\/\/cuernavaca.gob.mx\/wp-content\/uploads\/2022\/12\/brigadas-busqueda-cuernavaca-2-768x512.jpeg 768w, https:\/\/cuernavaca.gob.mx\/wp-content\/uploads\/2022\/12\/brigadas-busqueda-cuernavaca-2-1536x1024.jpeg 1536w, https:\/\/cuernavaca.gob.mx\/wp-content\/uploads\/2022\/12\/brigadas-busqueda-cuernavaca-2-600x400.jpeg 600w, https:\/\/cuernavaca.gob.mx\/wp-content\/uploads\/2022\/12\/brigadas-busqueda-cuernavaca-2-560x373.jpeg 560w, https:\/\/cuernavaca.gob.mx\/wp-content\/uploads\/2022\/12\/brigadas-busqueda-cuernavaca-2.jpeg 1599w\" sizes=\"(max-width: 1024px) 100vw, 1024px\" \/><\/figure>\n\n\n\n<figure class=\"wp-block-image size-large\"><img loading=\"lazy\" width=\"1024\" height=\"683\" data-id=\"22552\"  src=\"https:\/\/cuernavaca.gob.mx\/wp-content\/uploads\/2022\/12\/brigadas-busqueda-cuernavaca-3-1024x683.jpeg\" alt=\"\" class=\"wp-image-22552\" srcset=\"https:\/\/cuernavaca.gob.mx\/wp-content\/uploads\/2022\/12\/brigadas-busqueda-cuernavaca-3-1024x683.jpeg 1024w, https:\/\/cuernavaca.gob.mx\/wp-content\/uploads\/2022\/12\/brigadas-busqueda-cuernavaca-3-300x200.jpeg 300w, https:\/\/cuernavaca.gob.mx\/wp-content\/uploads\/2022\/12\/brigadas-busqueda-cuernavaca-3-768x512.jpeg 768w, https:\/\/cuernavaca.gob.mx\/wp-content\/uploads\/2022\/12\/brigadas-busqueda-cuernavaca-3-1536x1024.jpeg 1536w, https:\/\/cuernavaca.gob.mx\/wp-content\/uploads\/2022\/12\/brigadas-busqueda-cuernavaca-3-600x400.jpeg 600w, https:\/\/cuernavaca.gob.mx\/wp-content\/uploads\/2022\/12\/brigadas-busqueda-cuernavaca-3-560x373.jpeg 560w, https:\/\/cuernavaca.gob.mx\/wp-content\/uploads\/2022\/12\/brigadas-busqueda-cuernavaca-3.jpeg 1599w\" sizes=\"(max-width: 1024px) 100vw, 1024px\" \/><\/figure>\n\n\n\n<figure class=\"wp-block-image size-large\"><img loading=\"lazy\" width=\"1024\" height=\"683\" data-id=\"22561\"  src=\"https:\/\/cuernavaca.gob.mx\/wp-content\/uploads\/2022\/12\/brigadas-busqueda-cuernavaca-4-1024x683.jpeg\" alt=\"\" class=\"wp-image-22561\" srcset=\"https:\/\/cuernavaca.gob.mx\/wp-content\/uploads\/2022\/12\/brigadas-busqueda-cuernavaca-4-1024x683.jpeg 1024w, https:\/\/cuernavaca.gob.mx\/wp-content\/uploads\/2022\/12\/brigadas-busqueda-cuernavaca-4-300x200.jpeg 300w, https:\/\/cuernavaca.gob.mx\/wp-content\/uploads\/2022\/12\/brigadas-busqueda-cuernavaca-4-768x512.jpeg 768w, https:\/\/cuernavaca.gob.mx\/wp-content\/uploads\/2022\/12\/brigadas-busqueda-cuernavaca-4-1536x1024.jpeg 1536w, https:\/\/cuernavaca.gob.mx\/wp-content\/uploads\/2022\/12\/brigadas-busqueda-cuernavaca-4-600x400.jpeg 600w, https:\/\/cuernavaca.gob.mx\/wp-content\/uploads\/2022\/12\/brigadas-busqueda-cuernavaca-4-560x373.jpeg 560w, https:\/\/cuernavaca.gob.mx\/wp-content\/uploads\/2022\/12\/brigadas-busqueda-cuernavaca-4.jpeg 1599w\" sizes=\"(max-width: 1024px) 100vw, 1024px\" \/><\/figure>\n\n\n\n<figure class=\"wp-block-image size-large\"><img loading=\"lazy\" width=\"1024\" height=\"683\" data-id=\"22556\"  src=\"https:\/\/cuernavaca.gob.mx\/wp-content\/uploads\/2022\/12\/brigadas-busqueda-cuernavaca-5-1024x683.jpeg\" alt=\"\" class=\"wp-image-22556\" srcset=\"https:\/\/cuernavaca.gob.mx\/wp-content\/uploads\/2022\/12\/brigadas-busqueda-cuernavaca-5-1024x683.jpeg 1024w, https:\/\/cuernavaca.gob.mx\/wp-content\/uploads\/2022\/12\/brigadas-busqueda-cuernavaca-5-300x200.jpeg 300w, https:\/\/cuernavaca.gob.mx\/wp-content\/uploads\/2022\/12\/brigadas-busqueda-cuernavaca-5-768x512.jpeg 768w, https:\/\/cuernavaca.gob.mx\/wp-content\/uploads\/2022\/12\/brigadas-busqueda-cuernavaca-5-1536x1024.jpeg 1536w, https:\/\/cuernavaca.gob.mx\/wp-content\/uploads\/2022\/12\/brigadas-busqueda-cuernavaca-5-600x400.jpeg 600w, https:\/\/cuernavaca.gob.mx\/wp-content\/uploads\/2022\/12\/brigadas-busqueda-cuernavaca-5-560x373.jpeg 560w, https:\/\/cuernavaca.gob.mx\/wp-content\/uploads\/2022\/12\/brigadas-busqueda-cuernavaca-5.jpeg 1599w\" sizes=\"(max-width: 1024px) 100vw, 1024px\" \/><\/figure>\n\n\n\n<figure class=\"wp-block-image size-large\"><img loading=\"lazy\" width=\"1024\" height=\"683\" data-id=\"22554\"  src=\"https:\/\/cuernavaca.gob.mx\/wp-content\/uploads\/2022\/12\/brigadas-busqueda-cuernavaca-6-1024x683.jpeg\" alt=\"\" class=\"wp-image-22554\" srcset=\"https:\/\/cuernavaca.gob.mx\/wp-content\/uploads\/2022\/12\/brigadas-busqueda-cuernavaca-6-1024x683.jpeg 1024w, https:\/\/cuernavaca.gob.mx\/wp-content\/uploads\/2022\/12\/brigadas-busqueda-cuernavaca-6-300x200.jpeg 300w, https:\/\/cuernavaca.gob.mx\/wp-content\/uploads\/2022\/12\/brigadas-busqueda-cuernavaca-6-768x512.jpeg 768w, https:\/\/cuernavaca.gob.mx\/wp-content\/uploads\/2022\/12\/brigadas-busqueda-cuernavaca-6-1536x1024.jpeg 1536w, https:\/\/cuernavaca.gob.mx\/wp-content\/uploads\/2022\/12\/brigadas-busqueda-cuernavaca-6-600x400.jpeg 600w, https:\/\/cuernavaca.gob.mx\/wp-content\/uploads\/2022\/12\/brigadas-busqueda-cuernavaca-6-560x373.jpeg 560w, https:\/\/cuernavaca.gob.mx\/wp-content\/uploads\/2022\/12\/brigadas-busqueda-cuernavaca-6.jpeg 1599w\" sizes=\"(max-width: 1024px) 100vw, 1024px\" \/><\/figure>\n\n\n\n<figure class=\"wp-block-image size-large\"><img loading=\"lazy\" width=\"1024\" height=\"683\" data-id=\"22569\"  src=\"https:\/\/cuernavaca.gob.mx\/wp-content\/uploads\/2022\/12\/brigadas-busqueda-cuernavaca-7-1024x683.jpeg\" alt=\"\" class=\"wp-image-22569\" srcset=\"https:\/\/cuernavaca.gob.mx\/wp-content\/uploads\/2022\/12\/brigadas-busqueda-cuernavaca-7-1024x683.jpeg 1024w, https:\/\/cuernavaca.gob.mx\/wp-content\/uploads\/2022\/12\/brigadas-busqueda-cuernavaca-7-300x200.jpeg 300w, https:\/\/cuernavaca.gob.mx\/wp-content\/uploads\/2022\/12\/brigadas-busqueda-cuernavaca-7-768x512.jpeg 768w, https:\/\/cuernavaca.gob.mx\/wp-content\/uploads\/2022\/12\/brigadas-busqueda-cuernavaca-7-1536x1024.jpeg 1536w, https:\/\/cuernavaca.gob.mx\/wp-content\/uploads\/2022\/12\/brigadas-busqueda-cuernavaca-7-600x400.jpeg 600w, https:\/\/cuernavaca.gob.mx\/wp-content\/uploads\/2022\/12\/brigadas-busqueda-cuernavaca-7-560x373.jpeg 560w, https:\/\/cuernavaca.gob.mx\/wp-content\/uploads\/2022\/12\/brigadas-busqueda-cuernavaca-7.jpeg 1599w\" sizes=\"(max-width: 1024px) 100vw, 1024px\" \/><\/figure>\n\n\n\n<figure class=\"wp-block-image size-large\"><img loading=\"lazy\" width=\"1024\" height=\"683\" data-id=\"22557\"  src=\"https:\/\/cuernavaca.gob.mx\/wp-content\/uploads\/2022\/12\/brigadas-busqueda-cuernavaca-8-1024x683.jpeg\" alt=\"\" class=\"wp-image-22557\" srcset=\"https:\/\/cuernavaca.gob.mx\/wp-content\/uploads\/2022\/12\/brigadas-busqueda-cuernavaca-8-1024x683.jpeg 1024w, https:\/\/cuernavaca.gob.mx\/wp-content\/uploads\/2022\/12\/brigadas-busqueda-cuernavaca-8-300x200.jpeg 300w, https:\/\/cuernavaca.gob.mx\/wp-content\/uploads\/2022\/12\/brigadas-busqueda-cuernavaca-8-768x512.jpeg 768w, https:\/\/cuernavaca.gob.mx\/wp-content\/uploads\/2022\/12\/brigadas-busqueda-cuernavaca-8-1536x1024.jpeg 1536w, https:\/\/cuernavaca.gob.mx\/wp-content\/uploads\/2022\/12\/brigadas-busqueda-cuernavaca-8-600x400.jpeg 600w, https:\/\/cuernavaca.gob.mx\/wp-content\/uploads\/2022\/12\/brigadas-busqueda-cuernavaca-8-560x373.jpeg 560w, https:\/\/cuernavaca.gob.mx\/wp-content\/uploads\/2022\/12\/brigadas-busqueda-cuernavaca-8.jpeg 1599w\" sizes=\"(max-width: 1024px) 100vw, 1024px\" \/><\/figure>\n\n\n\n<figure class=\"wp-block-image size-large\"><img loading=\"lazy\" width=\"1024\" height=\"683\" data-id=\"22559\"  src=\"https:\/\/cuernavaca.gob.mx\/wp-content\/uploads\/2022\/12\/brigadas-busqueda-cuernavaca-9-1024x683.jpeg\" alt=\"\" class=\"wp-image-22559\" srcset=\"https:\/\/cuernavaca.gob.mx\/wp-content\/uploads\/2022\/12\/brigadas-busqueda-cuernavaca-9-1024x683.jpeg 1024w, https:\/\/cuernavaca.gob.mx\/wp-content\/uploads\/2022\/12\/brigadas-busqueda-cuernavaca-9-300x200.jpeg 300w, https:\/\/cuernavaca.gob.mx\/wp-content\/uploads\/2022\/12\/brigadas-busqueda-cuernavaca-9-768x512.jpeg 768w, https:\/\/cuernavaca.gob.mx\/wp-content\/uploads\/2022\/12\/brigadas-busqueda-cuernavaca-9-1536x1024.jpeg 1536w, https:\/\/cuernavaca.gob.mx\/wp-content\/uploads\/2022\/12\/brigadas-busqueda-cuernavaca-9-600x400.jpeg 600w, https:\/\/cuernavaca.gob.mx\/wp-content\/uploads\/2022\/12\/brigadas-busqueda-cuernavaca-9-560x373.jpeg 560w, https:\/\/cuernavaca.gob.mx\/wp-content\/uploads\/2022\/12\/brigadas-busqueda-cuernavaca-9.jpeg 1599w\" sizes=\"(max-width: 1024px) 100vw, 1024px\" \/><\/figure>\n\n\n\n<figure class=\"wp-block-image size-large\"><img loading=\"lazy\" width=\"1024\" height=\"682\" data-id=\"22566\"  src=\"https:\/\/cuernavaca.gob.mx\/wp-content\/uploads\/2022\/12\/brigadas-busqueda-cuernavaca-10-1024x682.jpeg\" alt=\"\" class=\"wp-image-22566\" srcset=\"https:\/\/cuernavaca.gob.mx\/wp-content\/uploads\/2022\/12\/brigadas-busqueda-cuernavaca-10-1024x682.jpeg 1024w, https:\/\/cuernavaca.gob.mx\/wp-content\/uploads\/2022\/12\/brigadas-busqueda-cuernavaca-10-300x200.jpeg 300w, https:\/\/cuernavaca.gob.mx\/wp-content\/uploads\/2022\/12\/brigadas-busqueda-cuernavaca-10-768x512.jpeg 768w, https:\/\/cuernavaca.gob.mx\/wp-content\/uploads\/2022\/12\/brigadas-busqueda-cuernavaca-10-1536x1023.jpeg 1536w, https:\/\/cuernavaca.gob.mx\/wp-content\/uploads\/2022\/12\/brigadas-busqueda-cuernavaca-10-600x400.jpeg 600w, https:\/\/cuernavaca.gob.mx\/wp-content\/uploads\/2022\/12\/brigadas-busqueda-cuernavaca-10-560x373.jpeg 560w, https:\/\/cuernavaca.gob.mx\/wp-content\/uploads\/2022\/12\/brigadas-busqueda-cuernavaca-10.jpeg 1600w\" sizes=\"(max-width: 1024px) 100vw, 1024px\" \/><\/figure>\n\n\n\n<figure class=\"wp-block-image size-large\"><img loading=\"lazy\" width=\"1024\" height=\"683\" data-id=\"22572\"  src=\"https:\/\/cuernavaca.gob.mx\/wp-content\/uploads\/2022\/12\/brigadas-busqueda-cuernavaca-11-1024x683.jpeg\" alt=\"\" class=\"wp-image-22572\" srcset=\"https:\/\/cuernavaca.gob.mx\/wp-content\/uploads\/2022\/12\/brigadas-busqueda-cuernavaca-11-1024x683.jpeg 1024w, https:\/\/cuernavaca.gob.mx\/wp-content\/uploads\/2022\/12\/brigadas-busqueda-cuernavaca-11-300x200.jpeg 300w, https:\/\/cuernavaca.gob.mx\/wp-content\/uploads\/2022\/12\/brigadas-busqueda-cuernavaca-11-768x512.jpeg 768w, https:\/\/cuernavaca.gob.mx\/wp-content\/uploads\/2022\/12\/brigadas-busqueda-cuernavaca-11-1536x1024.jpeg 1536w, https:\/\/cuernavaca.gob.mx\/wp-content\/uploads\/2022\/12\/brigadas-busqueda-cuernavaca-11-600x400.jpeg 600w, https:\/\/cuernavaca.gob.mx\/wp-content\/uploads\/2022\/12\/brigadas-busqueda-cuernavaca-11-560x373.jpeg 560w, https:\/\/cuernavaca.gob.mx\/wp-content\/uploads\/2022\/12\/brigadas-busqueda-cuernavaca-11.jpeg 1599w\" sizes=\"(max-width: 1024px) 100vw, 1024px\" \/><\/figure>\n\n\n\n<figure class=\"wp-block-image size-large\"><img loading=\"lazy\" width=\"1024\" height=\"683\" data-id=\"22560\"  src=\"https:\/\/cuernavaca.gob.mx\/wp-content\/uploads\/2022\/12\/brigadas-busqueda-cuernavaca-12-1024x683.jpeg\" alt=\"\" class=\"wp-image-22560\" srcset=\"https:\/\/cuernavaca.gob.mx\/wp-content\/uploads\/2022\/12\/brigadas-busqueda-cuernavaca-12-1024x683.jpeg 1024w, https:\/\/cuernavaca.gob.mx\/wp-content\/uploads\/2022\/12\/brigadas-busqueda-cuernavaca-12-300x200.jpeg 300w, https:\/\/cuernavaca.gob.mx\/wp-content\/uploads\/2022\/12\/brigadas-busqueda-cuernavaca-12-768x512.jpeg 768w, https:\/\/cuernavaca.gob.mx\/wp-content\/uploads\/2022\/12\/brigadas-busqueda-cuernavaca-12-1536x1024.jpeg 1536w, https:\/\/cuernavaca.gob.mx\/wp-content\/uploads\/2022\/12\/brigadas-busqueda-cuernavaca-12-600x400.jpeg 600w, https:\/\/cuernavaca.gob.mx\/wp-content\/uploads\/2022\/12\/brigadas-busqueda-cuernavaca-12-560x373.jpeg 560w, https:\/\/cuernavaca.gob.mx\/wp-content\/uploads\/2022\/12\/brigadas-busqueda-cuernavaca-12.jpeg 1599w\" sizes=\"(max-width: 1024px) 100vw, 1024px\" \/><\/figure>\n\n\n\n<figure class=\"wp-block-image size-large\"><img loading=\"lazy\" width=\"1024\" height=\"683\" data-id=\"22563\"  src=\"https:\/\/cuernavaca.gob.mx\/wp-content\/uploads\/2022\/12\/brigadas-busqueda-cuernavaca-13-1024x683.jpeg\" alt=\"\" class=\"wp-image-22563\" srcset=\"https:\/\/cuernavaca.gob.mx\/wp-content\/uploads\/2022\/12\/brigadas-busqueda-cuernavaca-13-1024x683.jpeg 1024w, https:\/\/cuernavaca.gob.mx\/wp-content\/uploads\/2022\/12\/brigadas-busqueda-cuernavaca-13-300x200.jpeg 300w, https:\/\/cuernavaca.gob.mx\/wp-content\/uploads\/2022\/12\/brigadas-busqueda-cuernavaca-13-768x512.jpeg 768w, https:\/\/cuernavaca.gob.mx\/wp-content\/uploads\/2022\/12\/brigadas-busqueda-cuernavaca-13-1536x1024.jpeg 1536w, https:\/\/cuernavaca.gob.mx\/wp-content\/uploads\/2022\/12\/brigadas-busqueda-cuernavaca-13-600x400.jpeg 600w, https:\/\/cuernavaca.gob.mx\/wp-content\/uploads\/2022\/12\/brigadas-busqueda-cuernavaca-13-560x373.jpeg 560w, https:\/\/cuernavaca.gob.mx\/wp-content\/uploads\/2022\/12\/brigadas-busqueda-cuernavaca-13.jpeg 1599w\" sizes=\"(max-width: 1024px) 100vw, 1024px\" \/><\/figure>\n\n\n\n<figure class=\"wp-block-image size-large\"><img loading=\"lazy\" width=\"1024\" height=\"683\" data-id=\"22555\"  src=\"https:\/\/cuernavaca.gob.mx\/wp-content\/uploads\/2022\/12\/brigadas-busqueda-cuernavaca-14-1024x683.jpeg\" alt=\"\" class=\"wp-image-22555\" srcset=\"https:\/\/cuernavaca.gob.mx\/wp-content\/uploads\/2022\/12\/brigadas-busqueda-cuernavaca-14-1024x683.jpeg 1024w, https:\/\/cuernavaca.gob.mx\/wp-content\/uploads\/2022\/12\/brigadas-busqueda-cuernavaca-14-300x200.jpeg 300w, https:\/\/cuernavaca.gob.mx\/wp-content\/uploads\/2022\/12\/brigadas-busqueda-cuernavaca-14-768x512.jpeg 768w, https:\/\/cuernavaca.gob.mx\/wp-content\/uploads\/2022\/12\/brigadas-busqueda-cuernavaca-14-1536x1024.jpeg 1536w, https:\/\/cuernavaca.gob.mx\/wp-content\/uploads\/2022\/12\/brigadas-busqueda-cuernavaca-14-600x400.jpeg 600w, https:\/\/cuernavaca.gob.mx\/wp-content\/uploads\/2022\/12\/brigadas-busqueda-cuernavaca-14-560x373.jpeg 560w, https:\/\/cuernavaca.gob.mx\/wp-content\/uploads\/2022\/12\/brigadas-busqueda-cuernavaca-14.jpeg 1599w\" sizes=\"(max-width: 1024px) 100vw, 1024px\" \/><\/figure>\n\n\n\n<figure class=\"wp-block-image size-large\"><img loading=\"lazy\" width=\"1024\" height=\"683\" data-id=\"22558\"  src=\"https:\/\/cuernavaca.gob.mx\/wp-content\/uploads\/2022\/12\/brigadas-busqueda-cuernavaca-15-1024x683.jpeg\" alt=\"\" class=\"wp-image-22558\" srcset=\"https:\/\/cuernavaca.gob.mx\/wp-content\/uploads\/2022\/12\/brigadas-busqueda-cuernavaca-15-1024x683.jpeg 1024w, https:\/\/cuernavaca.gob.mx\/wp-content\/uploads\/2022\/12\/brigadas-busqueda-cuernavaca-15-300x200.jpeg 300w, https:\/\/cuernavaca.gob.mx\/wp-content\/uploads\/2022\/12\/brigadas-busqueda-cuernavaca-15-768x512.jpeg 768w, https:\/\/cuernavaca.gob.mx\/wp-content\/uploads\/2022\/12\/brigadas-busqueda-cuernavaca-15-1536x1024.jpeg 1536w, https:\/\/cuernavaca.gob.mx\/wp-content\/uploads\/2022\/12\/brigadas-busqueda-cuernavaca-15-600x400.jpeg 600w, https:\/\/cuernavaca.gob.mx\/wp-content\/uploads\/2022\/12\/brigadas-busqueda-cuernavaca-15-560x373.jpeg 560w, https:\/\/cuernavaca.gob.mx\/wp-content\/uploads\/2022\/12\/brigadas-busqueda-cuernavaca-15.jpeg 1599w\" sizes=\"(max-width: 1024px) 100vw, 1024px\" \/><\/figure>\n\n\n\n<figure class=\"wp-block-image size-large\"><img loading=\"lazy\" width=\"1024\" height=\"683\" data-id=\"22564\"  src=\"https:\/\/cuernavaca.gob.mx\/wp-content\/uploads\/2022\/12\/brigadas-busqueda-cuernavaca-16-1024x683.jpeg\" alt=\"\" class=\"wp-image-22564\" srcset=\"https:\/\/cuernavaca.gob.mx\/wp-content\/uploads\/2022\/12\/brigadas-busqueda-cuernavaca-16-1024x683.jpeg 1024w, https:\/\/cuernavaca.gob.mx\/wp-content\/uploads\/2022\/12\/brigadas-busqueda-cuernavaca-16-300x200.jpeg 300w, https:\/\/cuernavaca.gob.mx\/wp-content\/uploads\/2022\/12\/brigadas-busqueda-cuernavaca-16-768x512.jpeg 768w, https:\/\/cuernavaca.gob.mx\/wp-content\/uploads\/2022\/12\/brigadas-busqueda-cuernavaca-16-1536x1024.jpeg 1536w, https:\/\/cuernavaca.gob.mx\/wp-content\/uploads\/2022\/12\/brigadas-busqueda-cuernavaca-16-600x400.jpeg 600w, https:\/\/cuernavaca.gob.mx\/wp-content\/uploads\/2022\/12\/brigadas-busqueda-cuernavaca-16-560x373.jpeg 560w, https:\/\/cuernavaca.gob.mx\/wp-content\/uploads\/2022\/12\/brigadas-busqueda-cuernavaca-16.jpeg 1599w\" sizes=\"(max-width: 1024px) 100vw, 1024px\" \/><\/figure>\n\n\n\n<figure class=\"wp-block-image size-large\"><img loading=\"lazy\" width=\"1024\" height=\"683\" data-id=\"22570\"  src=\"https:\/\/cuernavaca.gob.mx\/wp-content\/uploads\/2022\/12\/brigadas-busqueda-cuernavaca-17-1024x683.jpeg\" alt=\"\" class=\"wp-image-22570\" srcset=\"https:\/\/cuernavaca.gob.mx\/wp-content\/uploads\/2022\/12\/brigadas-busqueda-cuernavaca-17-1024x683.jpeg 1024w, https:\/\/cuernavaca.gob.mx\/wp-content\/uploads\/2022\/12\/brigadas-busqueda-cuernavaca-17-300x200.jpeg 300w, https:\/\/cuernavaca.gob.mx\/wp-content\/uploads\/2022\/12\/brigadas-busqueda-cuernavaca-17-768x512.jpeg 768w, https:\/\/cuernavaca.gob.mx\/wp-content\/uploads\/2022\/12\/brigadas-busqueda-cuernavaca-17-1536x1024.jpeg 1536w, https:\/\/cuernavaca.gob.mx\/wp-content\/uploads\/2022\/12\/brigadas-busqueda-cuernavaca-17-600x400.jpeg 600w, https:\/\/cuernavaca.gob.mx\/wp-content\/uploads\/2022\/12\/brigadas-busqueda-cuernavaca-17-560x373.jpeg 560w, https:\/\/cuernavaca.gob.mx\/wp-content\/uploads\/2022\/12\/brigadas-busqueda-cuernavaca-17.jpeg 1599w\" sizes=\"(max-width: 1024px) 100vw, 1024px\" \/><\/figure>\n\n\n\n<figure class=\"wp-block-image size-large\"><img loading=\"lazy\" width=\"1024\" height=\"683\" data-id=\"22567\"  src=\"https:\/\/cuernavaca.gob.mx\/wp-content\/uploads\/2022\/12\/brigadas-busqueda-cuernavaca-18-1024x683.jpeg\" alt=\"\" class=\"wp-image-22567\" srcset=\"https:\/\/cuernavaca.gob.mx\/wp-content\/uploads\/2022\/12\/brigadas-busqueda-cuernavaca-18-1024x683.jpeg 1024w, https:\/\/cuernavaca.gob.mx\/wp-content\/uploads\/2022\/12\/brigadas-busqueda-cuernavaca-18-300x200.jpeg 300w, https:\/\/cuernavaca.gob.mx\/wp-content\/uploads\/2022\/12\/brigadas-busqueda-cuernavaca-18-768x512.jpeg 768w, https:\/\/cuernavaca.gob.mx\/wp-content\/uploads\/2022\/12\/brigadas-busqueda-cuernavaca-18-1536x1024.jpeg 1536w, https:\/\/cuernavaca.gob.mx\/wp-content\/uploads\/2022\/12\/brigadas-busqueda-cuernavaca-18-600x400.jpeg 600w, https:\/\/cuernavaca.gob.mx\/wp-content\/uploads\/2022\/12\/brigadas-busqueda-cuernavaca-18-560x373.jpeg 560w, https:\/\/cuernavaca.gob.mx\/wp-content\/uploads\/2022\/12\/brigadas-busqueda-cuernavaca-18.jpeg 1599w\" sizes=\"(max-width: 1024px) 100vw, 1024px\" \/><\/figure>\n\n\n\n<figure class=\"wp-block-image size-large\"><img loading=\"lazy\" width=\"1024\" height=\"683\" data-id=\"22571\"  src=\"https:\/\/cuernavaca.gob.mx\/wp-content\/uploads\/2022\/12\/brigadas-busqueda-cuernavaca-19-1024x683.jpeg\" alt=\"\" class=\"wp-image-22571\" srcset=\"https:\/\/cuernavaca.gob.mx\/wp-content\/uploads\/2022\/12\/brigadas-busqueda-cuernavaca-19-1024x683.jpeg 1024w, https:\/\/cuernavaca.gob.mx\/wp-content\/uploads\/2022\/12\/brigadas-busqueda-cuernavaca-19-300x200.jpeg 300w, https:\/\/cuernavaca.gob.mx\/wp-content\/uploads\/2022\/12\/brigadas-busqueda-cuernavaca-19-768x512.jpeg 768w, https:\/\/cuernavaca.gob.mx\/wp-content\/uploads\/2022\/12\/brigadas-busqueda-cuernavaca-19-1536x1024.jpeg 1536w, https:\/\/cuernavaca.gob.mx\/wp-content\/uploads\/2022\/12\/brigadas-busqueda-cuernavaca-19-600x400.jpeg 600w, https:\/\/cuernavaca.gob.mx\/wp-content\/uploads\/2022\/12\/brigadas-busqueda-cuernavaca-19-560x373.jpeg 560w, https:\/\/cuernavaca.gob.mx\/wp-content\/uploads\/2022\/12\/brigadas-busqueda-cuernavaca-19.jpeg 1599w\" sizes=\"(max-width: 1024px) 100vw, 1024px\" \/><\/figure>\n\n\n\n<figure class=\"wp-block-image size-large\"><img loading=\"lazy\" width=\"1024\" height=\"683\" data-id=\"22562\"  src=\"https:\/\/cuernavaca.gob.mx\/wp-content\/uploads\/2022\/12\/brigadas-busqueda-cuernavaca-20-1024x683.jpeg\" alt=\"\" class=\"wp-image-22562\" srcset=\"https:\/\/cuernavaca.gob.mx\/wp-content\/uploads\/2022\/12\/brigadas-busqueda-cuernavaca-20-1024x683.jpeg 1024w, https:\/\/cuernavaca.gob.mx\/wp-content\/uploads\/2022\/12\/brigadas-busqueda-cuernavaca-20-300x200.jpeg 300w, https:\/\/cuernavaca.gob.mx\/wp-content\/uploads\/2022\/12\/brigadas-busqueda-cuernavaca-20-768x512.jpeg 768w, https:\/\/cuernavaca.gob.mx\/wp-content\/uploads\/2022\/12\/brigadas-busqueda-cuernavaca-20-1536x1024.jpeg 1536w, https:\/\/cuernavaca.gob.mx\/wp-content\/uploads\/2022\/12\/brigadas-busqueda-cuernavaca-20-600x400.jpeg 600w, https:\/\/cuernavaca.gob.mx\/wp-content\/uploads\/2022\/12\/brigadas-busqueda-cuernavaca-20-560x373.jpeg 560w, https:\/\/cuernavaca.gob.mx\/wp-content\/uploads\/2022\/12\/brigadas-busqueda-cuernavaca-20.jpeg 1599w\" sizes=\"(max-width: 1024px) 100vw, 1024px\" \/><\/figure>\n\n\n\n<figure class=\"wp-block-image size-large\"><img loading=\"lazy\" width=\"1024\" height=\"683\" data-id=\"22565\"  src=\"https:\/\/cuernavaca.gob.mx\/wp-content\/uploads\/2022\/12\/brigadas-busqueda-cuernavaca-21-1024x683.jpeg\" alt=\"\" class=\"wp-image-22565\" srcset=\"https:\/\/cuernavaca.gob.mx\/wp-content\/uploads\/2022\/12\/brigadas-busqueda-cuernavaca-21-1024x683.jpeg 1024w, https:\/\/cuernavaca.gob.mx\/wp-content\/uploads\/2022\/12\/brigadas-busqueda-cuernavaca-21-300x200.jpeg 300w, https:\/\/cuernavaca.gob.mx\/wp-content\/uploads\/2022\/12\/brigadas-busqueda-cuernavaca-21-768x512.jpeg 768w, https:\/\/cuernavaca.gob.mx\/wp-content\/uploads\/2022\/12\/brigadas-busqueda-cuernavaca-21-1536x1024.jpeg 1536w, https:\/\/cuernavaca.gob.mx\/wp-content\/uploads\/2022\/12\/brigadas-busqueda-cuernavaca-21-600x400.jpeg 600w, https:\/\/cuernavaca.gob.mx\/wp-content\/uploads\/2022\/12\/brigadas-busqueda-cuernavaca-21-560x373.jpeg 560w, https:\/\/cuernavaca.gob.mx\/wp-content\/uploads\/2022\/12\/brigadas-busqueda-cuernavaca-21.jpeg 1599w\" sizes=\"(max-width: 1024px) 100vw, 1024px\" \/><\/figure>\n\n\n\n<figure class=\"wp-block-image size-large\"><img loading=\"lazy\" width=\"1024\" height=\"683\" data-id=\"22568\"  src=\"https:\/\/cuernavaca.gob.mx\/wp-content\/uploads\/2022\/12\/brigadas-busqueda-cuernavaca-22-1024x683.jpeg\" alt=\"\" class=\"wp-image-22568\" srcset=\"https:\/\/cuernavaca.gob.mx\/wp-content\/uploads\/2022\/12\/brigadas-busqueda-cuernavaca-22-1024x683.jpeg 1024w, https:\/\/cuernavaca.gob.mx\/wp-content\/uploads\/2022\/12\/brigadas-busqueda-cuernavaca-22-300x200.jpeg 300w, https:\/\/cuernavaca.gob.mx\/wp-content\/uploads\/2022\/12\/brigadas-busqueda-cuernavaca-22-768x512.jpeg 768w, https:\/\/cuernavaca.gob.mx\/wp-content\/uploads\/2022\/12\/brigadas-busqueda-cuernavaca-22-1536x1024.jpeg 1536w, https:\/\/cuernavaca.gob.mx\/wp-content\/uploads\/2022\/12\/brigadas-busqueda-cuernavaca-22-600x400.jpeg 600w, https:\/\/cuernavaca.gob.mx\/wp-content\/uploads\/2022\/12\/brigadas-busqueda-cuernavaca-22-560x373.jpeg 560w, https:\/\/cuernavaca.gob.mx\/wp-content\/uploads\/2022\/12\/brigadas-busqueda-cuernavaca-22.jpeg 1599w\" sizes=\"(max-width: 1024px) 100vw, 1024px\" \/><\/figure>\n\n\n\n<figure class=\"wp-block-image size-large\"><img loading=\"lazy\" width=\"1024\" height=\"683\" data-id=\"22573\"  src=\"https:\/\/cuernavaca.gob.mx\/wp-content\/uploads\/2022\/12\/brigadas-busqueda-cuernavaca-23-1024x683.jpeg\" alt=\"\" class=\"wp-image-22573\" srcset=\"https:\/\/cuernavaca.gob.mx\/wp-content\/uploads\/2022\/12\/brigadas-busqueda-cuernavaca-23-1024x683.jpeg 1024w, https:\/\/cuernavaca.gob.mx\/wp-content\/uploads\/2022\/12\/brigadas-busqueda-cuernavaca-23-300x200.jpeg 300w, https:\/\/cuernavaca.gob.mx\/wp-content\/uploads\/2022\/12\/brigadas-busqueda-cuernavaca-23-768x512.jpeg 768w, https:\/\/cuernavaca.gob.mx\/wp-content\/uploads\/2022\/12\/brigadas-busqueda-cuernavaca-23-1536x1024.jpeg 1536w, https:\/\/cuernavaca.gob.mx\/wp-content\/uploads\/2022\/12\/brigadas-busqueda-cuernavaca-23-600x400.jpeg 600w, https:\/\/cuernavaca.gob.mx\/wp-content\/uploads\/2022\/12\/brigadas-busqueda-cuernavaca-23-560x373.jpeg 560w, https:\/\/cuernavaca.gob.mx\/wp-content\/uploads\/2022\/12\/brigadas-busqueda-cuernavaca-23.jpeg 1599w\" sizes=\"(max-width: 1024px) 100vw, 1024px\" \/><\/figure>\n<\/figure>\n","protected":false},"excerpt":{"rendered":"<p>\u2022 Encabezados por el presidente municipal, Jos\u00e9 Luis Uri\u00f3stegui integrantes del Cabildo y Gabinete, as\u00ed como elementos policiacos fueron sensibilizados por la Brigada Nacional de B\u00fasqueda de Personas Desaparecidas \u2022 Integrantes del Cabildo firmaron un convenio para acompa\u00f1ar en el respeto y defensa de los derechos fundamentales de las v\u00edctimas de desaparici\u00f3n forzada y sus [&hellip;]<\/p>\n","protected":false},"author":1,"featured_media":22566,"comment_status":"closed","ping_status":"open","sticky":false,"template":"","format":"standard","meta":[],"categories":[20],"tags":[2248,584,121,2723,2215,120,2267,206,2720,125,2722,908],"aioseo_notices":[],"_links":{"self":[{"href":"https:\/\/cuernavaca.gob.mx\/index.php?rest_route=\/wp\/v2\/posts\/22550"}],"collection":[{"href":"https:\/\/cuernavaca.gob.mx\/index.php?rest_route=\/wp\/v2\/posts"}],"about":[{"href":"https:\/\/cuernavaca.gob.mx\/index.php?rest_route=\/wp\/v2\/types\/post"}],"author":[{"embeddable":true,"href":"https:\/\/cuernavaca.gob.mx\/index.php?rest_route=\/wp\/v2\/users\/1"}],"replies":[{"embeddable":true,"href":"https:\/\/cuernavaca.gob.mx\/index.php?rest_route=%2Fwp%2Fv2%2Fcomments&post=22550"}],"version-history":[{"count":2,"href":"https:\/\/cuernavaca.gob.mx\/index.php?rest_route=\/wp\/v2\/posts\/22550\/revisions"}],"predecessor-version":[{"id":22575,"href":"https:\/\/cuernavaca.gob.mx\/index.php?rest_route=\/wp\/v2\/posts\/22550\/revisions\/22575"}],"wp:featuredmedia":[{"embeddable":true,"href":"https:\/\/cuernavaca.gob.mx\/index.php?rest_route=\/wp\/v2\/media\/22566"}],"wp:attachment":[{"href":"https:\/\/cuernavaca.gob.mx\/index.php?rest_route=%2Fwp%2Fv2%2Fmedia&parent=22550"}],"wp:term":[{"taxonomy":"category","embeddable":true,"href":"https:\/\/cuernavaca.gob.mx\/index.php?rest_route=%2Fwp%2Fv2%2Fcategories&post=22550"},{"taxonomy":"post_tag","embeddable":true,"href":"https:\/\/cuernavaca.gob.mx\/index.php?rest_route=%2Fwp%2Fv2%2Ftags&post=22550"}],"curies":[{"name":"wp","href":"https:\/\/api.w.org\/{rel}","templated":true}]}}