{"id":22994,"date":"2022-12-15T19:00:00","date_gmt":"2022-12-16T01:00:00","guid":{"rendered":"https:\/\/cuernavaca.gob.mx\/?p=22994"},"modified":"2025-05-06T12:24:36","modified_gmt":"2025-05-06T18:24:36","slug":"b5895-15-12-22-en-el-primer-ano-de-la-nueva-administracion-el-ayuntamiento-de-cuernavaca-aprobo-y-ejecuto-inversion-historica-para-obra-publica","status":"publish","type":"post","link":"https:\/\/cuernavaca.gob.mx\/?p=22994","title":{"rendered":"B5895 15\/12\/22 EN EL PRIMER A\u00d1O DE LA NUEVA ADMINISTRACI\u00d3N EL AYUNTAMIENTO DE CUERNAVACA APROB\u00d3 Y EJECUT\u00d3 INVERSI\u00d3N HIST\u00d3RICA PARA OBRA PUBLICA"},"content":{"rendered":"\n<p><strong>\u2022 Al rendir su primer informe de actividades, el presidente municipal, Jos\u00e9 Luis Uri\u00f3stegui, resalt\u00f3 que se privilegi\u00f3 la obra p\u00fablica sobre gastos superfluos, destinando m\u00e1s de 135 mdp para un total de 56 obras<\/strong><\/p>\n\n\n\n<p><strong>\u2022 Con un enorme esfuerzo financiero se ha cumplido con el pago del servicio de recolecci\u00f3n de basura, evitando las contingencias cotidianas de administraciones pasadas<\/strong><\/p>\n\n\n\n<p>En el marco del primer a\u00f1o de gobierno de la administraci\u00f3n que encabeza Jos\u00e9 Luis Uri\u00f3stegui Salgado, se ha logrado saldar una deuda hist\u00f3rica con la poblaci\u00f3n, el mejoramiento y rehabilitaci\u00f3n de calles y avenidas, privilegiando por primera ocasi\u00f3n en la historia reciente del municipio la obra p\u00fablica a gastos superfluos, destinando 135 millones 826 mil 851.09 pesos para un total de 56 obras.<\/p>\n\n\n\n<p>Al rendir su primer informe de actividades, Jos\u00e9 Luis Uri\u00f3stegui se\u00f1al\u00f3 que antes de tomar el cargo el Cabildo proyect\u00f3 una inversi\u00f3n en obra p\u00fablica con recursos propios provenientes del impuesto predial que asciende a 60 millones de pesos enfocada a lograr una mejor y m\u00e1s r\u00e1pida movilidad, identificando 13 vialidades que la mayor parte de habitantes utiliza para trasladarse a diversos destinos, de norte a sur y de oriente a poniente, determinando que se pavimentaran calles de larga longitud.<\/p>\n\n\n\n<p>Entre ellas se encuentran avenida Plan de Ayala, \u00c1lvaro Obreg\u00f3n, Paseo del Conquistador, Cuauht\u00e9moc, Subida a Chalma, R\u00edo Mayo, Avenida M\u00e9xico, Palmira, Humboldt, Mariano Matamoros en la colonia Lagunilla, as\u00ed como calles Leandro Valle, Matamoros en el Centro Hist\u00f3rico, calle Ejido en Acapantzingo, Otilio Monta\u00f1o en Alta Vista y de la Cruz en Tetela del Monte, entre otras de igual importancia, en las cuales se ha sustituido m\u00e1s de 30 kil\u00f3metros de asfalto y realizado bacheo integral en m\u00e1s de 20 kil\u00f3metros de calles y avenidas, donde cientos de miles de cuernavacenses que se trasladan diariamente han sido beneficiados.<\/p>\n\n\n\n<p>Aunado a ello, se\u00f1al\u00f3 que est\u00e1n asignando m\u00e1s de 72 millones de pesos, provenientes del Fondo de Aportaciones para la Infraestructura Social (FAIS), en obras de car\u00e1cter social, desde pavimentaci\u00f3n con concreto hidr\u00e1ulico, hasta cambio de drenaje o de tuber\u00eda de agua potable, y reparaci\u00f3n de tanques de almacenamiento de agua en colonias que m\u00e1s lo necesitaban.<\/p>\n\n\n\n<p>En materia de servicios p\u00fablicos, acent\u00fao, que con una inversi\u00f3n de un mill\u00f3n y medio de pesos iluminaron Boulevard Cuauhn\u00e1huac desde el Paso Expr\u00e9s hasta Tizoc con la colocaci\u00f3n de nuevas luminarias, as\u00ed como poda de \u00e1rboles, limpieza y balizamiento de guarniciones, lo que gener\u00f3 un cambio de imagen y mejor\u00f3 la seguridad en esta importante v\u00eda de comunicaci\u00f3n; siguiendo este ejemplo, anunci\u00f3, que el pr\u00f3ximo a\u00f1o se sustituir\u00e1n cinco mil luminarias en distintos puntos de la capital morelense.<\/p>\n\n\n\n<p>\u201cLas y los integrantes del Cabildo tenemos un mandato muy claro de la gente que quiere un gobierno honesto, cercano, que trabaje con responsabilidad, con compromiso por el desarrollo equilibrado y justo del municipio, sin importar ideolog\u00edas o simpat\u00edas partidistas\u201d, enfatiz\u00f3 Jos\u00e9 Luis Uri\u00f3stegui.<\/p>\n\n\n\n<p>Adem\u00e1s, el alcalde resalt\u00f3 que, con un enorme esfuerzo financiero, el Gobierno Municipal 2022-2024 ha cumplido con el pago del servicio de recolecci\u00f3n de basura, evitando las contingencias cotidianas de administraciones pasadas, garantizando en este cierre de a\u00f1o el pago de dicho concepto y hasta resolviendo una d\u00e9cada de conflicto judicial con la empresa recolectora de basura Promotora Ambiental S.A. de C.V., sin afectar las finanzas del municipio<\/p>\n\n\n\n<figure class=\"wp-container-2 wp-block-gallery-1 wp-block-gallery has-nested-images columns-default is-cropped\">\n<figure class=\"wp-block-image size-large\"><img loading=\"lazy\" width=\"1024\" height=\"682\" data-id=\"22999\"  src=\"https:\/\/cuernavaca.gob.mx\/wp-content\/uploads\/2022\/12\/obras-publicas-cuernavaca-1-1024x682.jpg\" alt=\"\" class=\"wp-image-22999\" srcset=\"https:\/\/cuernavaca.gob.mx\/wp-content\/uploads\/2022\/12\/obras-publicas-cuernavaca-1-1024x682.jpg 1024w, https:\/\/cuernavaca.gob.mx\/wp-content\/uploads\/2022\/12\/obras-publicas-cuernavaca-1-300x200.jpg 300w, https:\/\/cuernavaca.gob.mx\/wp-content\/uploads\/2022\/12\/obras-publicas-cuernavaca-1-768x512.jpg 768w, https:\/\/cuernavaca.gob.mx\/wp-content\/uploads\/2022\/12\/obras-publicas-cuernavaca-1-600x400.jpg 600w, https:\/\/cuernavaca.gob.mx\/wp-content\/uploads\/2022\/12\/obras-publicas-cuernavaca-1-560x373.jpg 560w, https:\/\/cuernavaca.gob.mx\/wp-content\/uploads\/2022\/12\/obras-publicas-cuernavaca-1.jpg 1280w\" sizes=\"(max-width: 1024px) 100vw, 1024px\" \/><\/figure>\n\n\n\n<figure class=\"wp-block-image size-large\"><img loading=\"lazy\" width=\"1024\" height=\"682\" data-id=\"22996\"  src=\"https:\/\/cuernavaca.gob.mx\/wp-content\/uploads\/2022\/12\/obras-publicas-cuernavaca-2-1024x682.jpg\" alt=\"\" class=\"wp-image-22996\" srcset=\"https:\/\/cuernavaca.gob.mx\/wp-content\/uploads\/2022\/12\/obras-publicas-cuernavaca-2-1024x682.jpg 1024w, https:\/\/cuernavaca.gob.mx\/wp-content\/uploads\/2022\/12\/obras-publicas-cuernavaca-2-300x200.jpg 300w, https:\/\/cuernavaca.gob.mx\/wp-content\/uploads\/2022\/12\/obras-publicas-cuernavaca-2-768x512.jpg 768w, https:\/\/cuernavaca.gob.mx\/wp-content\/uploads\/2022\/12\/obras-publicas-cuernavaca-2-600x400.jpg 600w, https:\/\/cuernavaca.gob.mx\/wp-content\/uploads\/2022\/12\/obras-publicas-cuernavaca-2-560x373.jpg 560w, https:\/\/cuernavaca.gob.mx\/wp-content\/uploads\/2022\/12\/obras-publicas-cuernavaca-2.jpg 1280w\" sizes=\"(max-width: 1024px) 100vw, 1024px\" \/><\/figure>\n\n\n\n<figure class=\"wp-block-image size-large\"><img loading=\"lazy\" width=\"1024\" height=\"575\" data-id=\"22998\"  src=\"https:\/\/cuernavaca.gob.mx\/wp-content\/uploads\/2022\/12\/obras-publicas-cuernavaca-3-1024x575.jpg\" alt=\"\" class=\"wp-image-22998\" srcset=\"https:\/\/cuernavaca.gob.mx\/wp-content\/uploads\/2022\/12\/obras-publicas-cuernavaca-3-1024x575.jpg 1024w, https:\/\/cuernavaca.gob.mx\/wp-content\/uploads\/2022\/12\/obras-publicas-cuernavaca-3-300x169.jpg 300w, https:\/\/cuernavaca.gob.mx\/wp-content\/uploads\/2022\/12\/obras-publicas-cuernavaca-3-768x431.jpg 768w, https:\/\/cuernavaca.gob.mx\/wp-content\/uploads\/2022\/12\/obras-publicas-cuernavaca-3-600x337.jpg 600w, https:\/\/cuernavaca.gob.mx\/wp-content\/uploads\/2022\/12\/obras-publicas-cuernavaca-3-560x315.jpg 560w, https:\/\/cuernavaca.gob.mx\/wp-content\/uploads\/2022\/12\/obras-publicas-cuernavaca-3.jpg 1280w\" sizes=\"(max-width: 1024px) 100vw, 1024px\" \/><\/figure>\n\n\n\n<figure class=\"wp-block-image size-large\"><img loading=\"lazy\" width=\"1024\" height=\"682\" data-id=\"22995\"  src=\"https:\/\/cuernavaca.gob.mx\/wp-content\/uploads\/2022\/12\/obras-publicas-cuernavaca-4-1024x682.jpg\" alt=\"\" class=\"wp-image-22995\" srcset=\"https:\/\/cuernavaca.gob.mx\/wp-content\/uploads\/2022\/12\/obras-publicas-cuernavaca-4-1024x682.jpg 1024w, https:\/\/cuernavaca.gob.mx\/wp-content\/uploads\/2022\/12\/obras-publicas-cuernavaca-4-300x200.jpg 300w, https:\/\/cuernavaca.gob.mx\/wp-content\/uploads\/2022\/12\/obras-publicas-cuernavaca-4-768x512.jpg 768w, https:\/\/cuernavaca.gob.mx\/wp-content\/uploads\/2022\/12\/obras-publicas-cuernavaca-4-600x400.jpg 600w, https:\/\/cuernavaca.gob.mx\/wp-content\/uploads\/2022\/12\/obras-publicas-cuernavaca-4-560x373.jpg 560w, https:\/\/cuernavaca.gob.mx\/wp-content\/uploads\/2022\/12\/obras-publicas-cuernavaca-4.jpg 1280w\" sizes=\"(max-width: 1024px) 100vw, 1024px\" \/><\/figure>\n\n\n\n<figure class=\"wp-block-image size-large\"><img loading=\"lazy\" width=\"1024\" height=\"682\" data-id=\"22997\"  src=\"https:\/\/cuernavaca.gob.mx\/wp-content\/uploads\/2022\/12\/obras-publicas-cuernavaca-5-1024x682.jpg\" alt=\"\" class=\"wp-image-22997\" srcset=\"https:\/\/cuernavaca.gob.mx\/wp-content\/uploads\/2022\/12\/obras-publicas-cuernavaca-5-1024x682.jpg 1024w, https:\/\/cuernavaca.gob.mx\/wp-content\/uploads\/2022\/12\/obras-publicas-cuernavaca-5-300x200.jpg 300w, https:\/\/cuernavaca.gob.mx\/wp-content\/uploads\/2022\/12\/obras-publicas-cuernavaca-5-768x512.jpg 768w, https:\/\/cuernavaca.gob.mx\/wp-content\/uploads\/2022\/12\/obras-publicas-cuernavaca-5-600x400.jpg 600w, https:\/\/cuernavaca.gob.mx\/wp-content\/uploads\/2022\/12\/obras-publicas-cuernavaca-5-560x373.jpg 560w, https:\/\/cuernavaca.gob.mx\/wp-content\/uploads\/2022\/12\/obras-publicas-cuernavaca-5.jpg 1280w\" sizes=\"(max-width: 1024px) 100vw, 1024px\" \/><\/figure>\n<\/figure>\n","protected":false},"excerpt":{"rendered":"<p>\u2022 Al rendir su primer informe de actividades, el presidente municipal, Jos\u00e9 Luis Uri\u00f3stegui, resalt\u00f3 que se privilegi\u00f3 la obra p\u00fablica sobre gastos superfluos, destinando m\u00e1s de 135 mdp para un total de 56 obras \u2022 Con un enorme esfuerzo financiero se ha cumplido con el pago del servicio de recolecci\u00f3n de basura, evitando las [&hellip;]<\/p>\n","protected":false},"author":1,"featured_media":22997,"comment_status":"closed","ping_status":"open","sticky":false,"template":"","format":"standard","meta":[],"categories":[20],"tags":[2743,121,515,120,2288,206,356,232,209],"aioseo_notices":[],"_links":{"self":[{"href":"https:\/\/cuernavaca.gob.mx\/index.php?rest_route=\/wp\/v2\/posts\/22994"}],"collection":[{"href":"https:\/\/cuernavaca.gob.mx\/index.php?rest_route=\/wp\/v2\/posts"}],"about":[{"href":"https:\/\/cuernavaca.gob.mx\/index.php?rest_route=\/wp\/v2\/types\/post"}],"author":[{"embeddable":true,"href":"https:\/\/cuernavaca.gob.mx\/index.php?rest_route=\/wp\/v2\/users\/1"}],"replies":[{"embeddable":true,"href":"https:\/\/cuernavaca.gob.mx\/index.php?rest_route=%2Fwp%2Fv2%2Fcomments&post=22994"}],"version-history":[{"count":1,"href":"https:\/\/cuernavaca.gob.mx\/index.php?rest_route=\/wp\/v2\/posts\/22994\/revisions"}],"predecessor-version":[{"id":23000,"href":"https:\/\/cuernavaca.gob.mx\/index.php?rest_route=\/wp\/v2\/posts\/22994\/revisions\/23000"}],"wp:featuredmedia":[{"embeddable":true,"href":"https:\/\/cuernavaca.gob.mx\/index.php?rest_route=\/wp\/v2\/media\/22997"}],"wp:attachment":[{"href":"https:\/\/cuernavaca.gob.mx\/index.php?rest_route=%2Fwp%2Fv2%2Fmedia&parent=22994"}],"wp:term":[{"taxonomy":"category","embeddable":true,"href":"https:\/\/cuernavaca.gob.mx\/index.php?rest_route=%2Fwp%2Fv2%2Fcategories&post=22994"},{"taxonomy":"post_tag","embeddable":true,"href":"https:\/\/cuernavaca.gob.mx\/index.php?rest_route=%2Fwp%2Fv2%2Ftags&post=22994"}],"curies":[{"name":"wp","href":"https:\/\/api.w.org\/{rel}","templated":true}]}}