{"id":23001,"date":"2022-12-15T14:00:00","date_gmt":"2022-12-15T20:00:00","guid":{"rendered":"https:\/\/cuernavaca.gob.mx\/?p=23001"},"modified":"2025-05-06T12:24:37","modified_gmt":"2025-05-06T18:24:37","slug":"b593-15-12-22-cabildo-de-cuernavaca-aprueba-homologacion-al-reglamento-interior-del-juzgado-civico-cultura-civica-y-cultura-de-la-legalidad-del-municipio","status":"publish","type":"post","link":"https:\/\/cuernavaca.gob.mx\/?p=23001","title":{"rendered":"B593 15\/12\/22 CABILDO DE CUERNAVACA APRUEBA HOMOLOGACI\u00d3N AL REGLAMENTO INTERIOR DEL JUZGADO C\u00cdVICO, CULTURA C\u00cdVICA Y CULTURA DE LA LEGALIDAD DEL MUNICIPIO"},"content":{"rendered":"\n<p><strong>\u2022 A iniciativa de la Sindicatura Municipal, aprobaron la propuesta incorporando la mediaci\u00f3n como mecanismo de soluci\u00f3n de conflictos para la b\u00fasqueda de soluciones pac\u00edficas mediante el di\u00e1logo<\/strong><\/p>\n\n\n\n<p><strong>\u2022 De igual forma, continuaron resolviendo el rezago heredado en materia de jubilaciones y pensiones<\/strong><\/p>\n\n\n\n<p>Como parte de las acciones que buscan disminuir la incidencia delictiva e incrementar la confianza ciudadana en las instituciones municipales que brindan seguridad, integrantes del Cabildo autorizaron el Reglamento Interior del Juzgado C\u00edvico, Cultura C\u00edvica y Cultura de la Legalidad del Municipio, con el prop\u00f3sito de cambiar la visi\u00f3n de los juzgadores a una predominantemente preventiva, incorporando la mediaci\u00f3n como mecanismo de soluci\u00f3n de conflictos para la b\u00fasqueda de soluciones pac\u00edficas mediante el di\u00e1logo.<\/p>\n\n\n\n<p>En sesi\u00f3n ordinaria, la regidora presidenta de la Comisi\u00f3n de Gobernaci\u00f3n y Reglamentos, Paz Hern\u00e1ndez Pardo, explic\u00f3 que esta iniciativa es una homologaci\u00f3n al Modelo Nacional de Polic\u00eda y Justicia C\u00edvica, como un componente fundamental para atender de manera r\u00e1pida y \u00e1gil los conflictos entre ciudadanos derivados de la convivencia cotidiana, evitando que escalen y facilita su soluci\u00f3n.<\/p>\n\n\n\n<p>A\u00f1adi\u00f3 que al ser la justicia c\u00edvica una pol\u00edtica p\u00fablica de prevenci\u00f3n del delito, fomenta la cultura de paz procurando que las faltas administrativas y conductas sociales tengan sanciones a favor de la comunidad para que el infractor reconozca el da\u00f1o social que causa y lo restituya.<\/p>\n\n\n\n<p>Al surgir la propuesta de la Sindicatura Municipal, su titular, Ver\u00f3nica Atenco P\u00e9rez, mencion\u00f3 que la iniciativa cont\u00f3 con la participaci\u00f3n ciudadana y de expertos a trav\u00e9s de la Comisi\u00f3n de Reglamentos y Legislaci\u00f3n en materia de Seguridad del Consejo Municipal de Seguridad P\u00fablica, con la finalidad de generar las condiciones necesarias para mejorar el juzgado c\u00edvico el pr\u00f3ximo a\u00f1o.<\/p>\n\n\n\n<p>La \u00faltima reforma al Reglamento Interior del Juzgado C\u00edvico del Ayuntamiento de Cuernavaca se realiz\u00f3 en el a\u00f1o 2012, por lo que siendo la administraci\u00f3n municipal el principal impulsor del fortalecimiento de las capacidades y la articulaci\u00f3n efectiva de quienes imparten justicia, el Cabildo prioriz\u00f3 esta actualizaci\u00f3n en base con el art\u00edculo 38 de la Ley Org\u00e1nica Municipal del Estado de Morelos.<\/p>\n\n\n\n<p>La regidora, Wendi Salinas Ruiz, puntualiz\u00f3 que en esta actualizaci\u00f3n se tuvo un tratamiento especial al recurso humano en cuanto al respeto de los derechos humanos, garantizando que se contar\u00e1 con un int\u00e9rprete para dar certeza legal a aquellas personas que hablan un idioma ind\u00edgena.<\/p>\n\n\n\n<p>En el marco de la sesi\u00f3n, el cuerpo edilicio continu\u00f3 atendiendo el rezago hist\u00f3rico heredado en materia de jubilaciones y pensiones, algunas en cumplimento a lo ordenado por el Tribunal de Justicia Administrativa (TJA) y de juicios de amparo y otras emanadas desde el seno de la presente administraci\u00f3n, lo que fue abordado presidente de la Comisi\u00f3n Dictaminadora de Pensiones, el Regidor Debendranath Salazar Solorio.<\/p>\n\n\n\n<p>En este sentido, aprobaron la pensi\u00f3n por jubilaci\u00f3n y jerarqu\u00eda inmediata superior a Marcelina Garc\u00eda Perulero, pensi\u00f3n por viudez a Lucila Sierra Ram\u00edrez, pensi\u00f3n por orfandad a \u00c1ngel Rams\u00e9s G\u00f3mez L\u00f3pez y Jos\u00e9 Alfredo G\u00f3mez L\u00f3pez, pensi\u00f3n por jubilaci\u00f3n a Jorge Ju\u00e1rez Teodocio, pensi\u00f3n por viudez a Mar\u00eda Aide Melchor Ram\u00edrez, pensi\u00f3n por viudez a Mar\u00eda Figueroa Figueroa, y pensi\u00f3n por orfandad a Diego Aldahir Nava Mora, as\u00ed como por viudez Norma Mora Trujillo.<\/p>\n\n\n\n<p>De igual forma, autorizaron modificaciones al calendario de sesiones ordinarias y Cabildo Abierto del mes de diciembre del 2022, cambiando la \u00faltima sesi\u00f3n ordinaria y de Cabildo Abierto del a\u00f1o para el pr\u00f3ximo viernes 23 de diciembre.<\/p>\n\n\n\n<figure class=\"wp-container-2 wp-block-gallery-1 wp-block-gallery has-nested-images columns-default is-cropped\">\n<figure class=\"wp-block-image size-large\"><img loading=\"lazy\" width=\"1024\" height=\"682\" data-id=\"23002\"  src=\"https:\/\/cuernavaca.gob.mx\/wp-content\/uploads\/2022\/12\/juzgado-civico-cuernavaca--1024x682.jpeg\" alt=\"\" class=\"wp-image-23002\" srcset=\"https:\/\/cuernavaca.gob.mx\/wp-content\/uploads\/2022\/12\/juzgado-civico-cuernavaca--1024x682.jpeg 1024w, https:\/\/cuernavaca.gob.mx\/wp-content\/uploads\/2022\/12\/juzgado-civico-cuernavaca--300x200.jpeg 300w, https:\/\/cuernavaca.gob.mx\/wp-content\/uploads\/2022\/12\/juzgado-civico-cuernavaca--768x512.jpeg 768w, https:\/\/cuernavaca.gob.mx\/wp-content\/uploads\/2022\/12\/juzgado-civico-cuernavaca--600x400.jpeg 600w, https:\/\/cuernavaca.gob.mx\/wp-content\/uploads\/2022\/12\/juzgado-civico-cuernavaca--560x373.jpeg 560w, https:\/\/cuernavaca.gob.mx\/wp-content\/uploads\/2022\/12\/juzgado-civico-cuernavaca-.jpeg 1280w\" sizes=\"(max-width: 1024px) 100vw, 1024px\" \/><\/figure>\n\n\n\n<figure class=\"wp-block-image size-large\"><img loading=\"lazy\" width=\"1024\" height=\"682\" data-id=\"23003\"  src=\"https:\/\/cuernavaca.gob.mx\/wp-content\/uploads\/2022\/12\/juzgado-civico-cuernavaca-1-1024x682.jpeg\" alt=\"\" class=\"wp-image-23003\" srcset=\"https:\/\/cuernavaca.gob.mx\/wp-content\/uploads\/2022\/12\/juzgado-civico-cuernavaca-1-1024x682.jpeg 1024w, https:\/\/cuernavaca.gob.mx\/wp-content\/uploads\/2022\/12\/juzgado-civico-cuernavaca-1-300x200.jpeg 300w, https:\/\/cuernavaca.gob.mx\/wp-content\/uploads\/2022\/12\/juzgado-civico-cuernavaca-1-768x512.jpeg 768w, https:\/\/cuernavaca.gob.mx\/wp-content\/uploads\/2022\/12\/juzgado-civico-cuernavaca-1-600x400.jpeg 600w, https:\/\/cuernavaca.gob.mx\/wp-content\/uploads\/2022\/12\/juzgado-civico-cuernavaca-1-560x373.jpeg 560w, https:\/\/cuernavaca.gob.mx\/wp-content\/uploads\/2022\/12\/juzgado-civico-cuernavaca-1.jpeg 1280w\" sizes=\"(max-width: 1024px) 100vw, 1024px\" \/><\/figure>\n\n\n\n<figure class=\"wp-block-image size-large\"><img loading=\"lazy\" width=\"1024\" height=\"682\" data-id=\"23009\"  src=\"https:\/\/cuernavaca.gob.mx\/wp-content\/uploads\/2022\/12\/juzgado-civico-cuernavaca-3-1024x682.jpeg\" alt=\"\" class=\"wp-image-23009\" srcset=\"https:\/\/cuernavaca.gob.mx\/wp-content\/uploads\/2022\/12\/juzgado-civico-cuernavaca-3-1024x682.jpeg 1024w, https:\/\/cuernavaca.gob.mx\/wp-content\/uploads\/2022\/12\/juzgado-civico-cuernavaca-3-300x200.jpeg 300w, https:\/\/cuernavaca.gob.mx\/wp-content\/uploads\/2022\/12\/juzgado-civico-cuernavaca-3-768x512.jpeg 768w, https:\/\/cuernavaca.gob.mx\/wp-content\/uploads\/2022\/12\/juzgado-civico-cuernavaca-3-600x400.jpeg 600w, https:\/\/cuernavaca.gob.mx\/wp-content\/uploads\/2022\/12\/juzgado-civico-cuernavaca-3-560x373.jpeg 560w, https:\/\/cuernavaca.gob.mx\/wp-content\/uploads\/2022\/12\/juzgado-civico-cuernavaca-3.jpeg 1280w\" sizes=\"(max-width: 1024px) 100vw, 1024px\" \/><\/figure>\n\n\n\n<figure class=\"wp-block-image size-large\"><img loading=\"lazy\" width=\"1024\" height=\"682\" data-id=\"23006\"  src=\"https:\/\/cuernavaca.gob.mx\/wp-content\/uploads\/2022\/12\/juzgado-civico-cuernavaca-4-1024x682.jpeg\" alt=\"\" class=\"wp-image-23006\" srcset=\"https:\/\/cuernavaca.gob.mx\/wp-content\/uploads\/2022\/12\/juzgado-civico-cuernavaca-4-1024x682.jpeg 1024w, https:\/\/cuernavaca.gob.mx\/wp-content\/uploads\/2022\/12\/juzgado-civico-cuernavaca-4-300x200.jpeg 300w, https:\/\/cuernavaca.gob.mx\/wp-content\/uploads\/2022\/12\/juzgado-civico-cuernavaca-4-768x512.jpeg 768w, https:\/\/cuernavaca.gob.mx\/wp-content\/uploads\/2022\/12\/juzgado-civico-cuernavaca-4-600x400.jpeg 600w, https:\/\/cuernavaca.gob.mx\/wp-content\/uploads\/2022\/12\/juzgado-civico-cuernavaca-4-560x373.jpeg 560w, https:\/\/cuernavaca.gob.mx\/wp-content\/uploads\/2022\/12\/juzgado-civico-cuernavaca-4.jpeg 1280w\" sizes=\"(max-width: 1024px) 100vw, 1024px\" \/><\/figure>\n\n\n\n<figure class=\"wp-block-image size-large\"><img loading=\"lazy\" width=\"1024\" height=\"682\" data-id=\"23004\"  src=\"https:\/\/cuernavaca.gob.mx\/wp-content\/uploads\/2022\/12\/juzgado-civico-cuernavaca-5-1024x682.jpeg\" alt=\"\" class=\"wp-image-23004\" srcset=\"https:\/\/cuernavaca.gob.mx\/wp-content\/uploads\/2022\/12\/juzgado-civico-cuernavaca-5-1024x682.jpeg 1024w, https:\/\/cuernavaca.gob.mx\/wp-content\/uploads\/2022\/12\/juzgado-civico-cuernavaca-5-300x200.jpeg 300w, https:\/\/cuernavaca.gob.mx\/wp-content\/uploads\/2022\/12\/juzgado-civico-cuernavaca-5-768x512.jpeg 768w, https:\/\/cuernavaca.gob.mx\/wp-content\/uploads\/2022\/12\/juzgado-civico-cuernavaca-5-600x400.jpeg 600w, https:\/\/cuernavaca.gob.mx\/wp-content\/uploads\/2022\/12\/juzgado-civico-cuernavaca-5-560x373.jpeg 560w, https:\/\/cuernavaca.gob.mx\/wp-content\/uploads\/2022\/12\/juzgado-civico-cuernavaca-5.jpeg 1280w\" sizes=\"(max-width: 1024px) 100vw, 1024px\" \/><\/figure>\n\n\n\n<figure class=\"wp-block-image size-large\"><img loading=\"lazy\" width=\"1024\" height=\"682\" data-id=\"23007\"  src=\"https:\/\/cuernavaca.gob.mx\/wp-content\/uploads\/2022\/12\/juzgado-civico-cuernavaca-6-1024x682.jpeg\" alt=\"\" class=\"wp-image-23007\" srcset=\"https:\/\/cuernavaca.gob.mx\/wp-content\/uploads\/2022\/12\/juzgado-civico-cuernavaca-6-1024x682.jpeg 1024w, https:\/\/cuernavaca.gob.mx\/wp-content\/uploads\/2022\/12\/juzgado-civico-cuernavaca-6-300x200.jpeg 300w, https:\/\/cuernavaca.gob.mx\/wp-content\/uploads\/2022\/12\/juzgado-civico-cuernavaca-6-768x512.jpeg 768w, https:\/\/cuernavaca.gob.mx\/wp-content\/uploads\/2022\/12\/juzgado-civico-cuernavaca-6-600x400.jpeg 600w, https:\/\/cuernavaca.gob.mx\/wp-content\/uploads\/2022\/12\/juzgado-civico-cuernavaca-6-560x373.jpeg 560w, https:\/\/cuernavaca.gob.mx\/wp-content\/uploads\/2022\/12\/juzgado-civico-cuernavaca-6.jpeg 1280w\" sizes=\"(max-width: 1024px) 100vw, 1024px\" \/><\/figure>\n\n\n\n<figure class=\"wp-block-image size-large\"><img loading=\"lazy\" width=\"1024\" height=\"682\" data-id=\"23005\"  src=\"https:\/\/cuernavaca.gob.mx\/wp-content\/uploads\/2022\/12\/juzgado-civico-cuernavaca-7-1024x682.jpeg\" alt=\"\" class=\"wp-image-23005\" srcset=\"https:\/\/cuernavaca.gob.mx\/wp-content\/uploads\/2022\/12\/juzgado-civico-cuernavaca-7-1024x682.jpeg 1024w, https:\/\/cuernavaca.gob.mx\/wp-content\/uploads\/2022\/12\/juzgado-civico-cuernavaca-7-300x200.jpeg 300w, https:\/\/cuernavaca.gob.mx\/wp-content\/uploads\/2022\/12\/juzgado-civico-cuernavaca-7-768x512.jpeg 768w, https:\/\/cuernavaca.gob.mx\/wp-content\/uploads\/2022\/12\/juzgado-civico-cuernavaca-7-600x400.jpeg 600w, https:\/\/cuernavaca.gob.mx\/wp-content\/uploads\/2022\/12\/juzgado-civico-cuernavaca-7-560x373.jpeg 560w, https:\/\/cuernavaca.gob.mx\/wp-content\/uploads\/2022\/12\/juzgado-civico-cuernavaca-7.jpeg 1280w\" sizes=\"(max-width: 1024px) 100vw, 1024px\" \/><\/figure>\n\n\n\n<figure class=\"wp-block-image size-large\"><img loading=\"lazy\" width=\"1024\" height=\"682\" data-id=\"23008\"  src=\"https:\/\/cuernavaca.gob.mx\/wp-content\/uploads\/2022\/12\/juzgado-civico-cuernavaca-8-1024x682.jpeg\" alt=\"\" class=\"wp-image-23008\" srcset=\"https:\/\/cuernavaca.gob.mx\/wp-content\/uploads\/2022\/12\/juzgado-civico-cuernavaca-8-1024x682.jpeg 1024w, https:\/\/cuernavaca.gob.mx\/wp-content\/uploads\/2022\/12\/juzgado-civico-cuernavaca-8-300x200.jpeg 300w, https:\/\/cuernavaca.gob.mx\/wp-content\/uploads\/2022\/12\/juzgado-civico-cuernavaca-8-768x512.jpeg 768w, https:\/\/cuernavaca.gob.mx\/wp-content\/uploads\/2022\/12\/juzgado-civico-cuernavaca-8-600x400.jpeg 600w, https:\/\/cuernavaca.gob.mx\/wp-content\/uploads\/2022\/12\/juzgado-civico-cuernavaca-8-560x373.jpeg 560w, https:\/\/cuernavaca.gob.mx\/wp-content\/uploads\/2022\/12\/juzgado-civico-cuernavaca-8.jpeg 1280w\" sizes=\"(max-width: 1024px) 100vw, 1024px\" \/><\/figure>\n<\/figure>\n","protected":false},"excerpt":{"rendered":"<p>\u2022 A iniciativa de la Sindicatura Municipal, aprobaron la propuesta incorporando la mediaci\u00f3n como mecanismo de soluci\u00f3n de conflictos para la b\u00fasqueda de soluciones pac\u00edficas mediante el di\u00e1logo \u2022 De igual forma, continuaron resolviendo el rezago heredado en materia de jubilaciones y pensiones Como parte de las acciones que buscan disminuir la incidencia delictiva e [&hellip;]<\/p>\n","protected":false},"author":1,"featured_media":23008,"comment_status":"closed","ping_status":"open","sticky":false,"template":"","format":"standard","meta":[],"categories":[20],"tags":[158,988,121,120,2744,206,1548],"aioseo_notices":[],"_links":{"self":[{"href":"https:\/\/cuernavaca.gob.mx\/index.php?rest_route=\/wp\/v2\/posts\/23001"}],"collection":[{"href":"https:\/\/cuernavaca.gob.mx\/index.php?rest_route=\/wp\/v2\/posts"}],"about":[{"href":"https:\/\/cuernavaca.gob.mx\/index.php?rest_route=\/wp\/v2\/types\/post"}],"author":[{"embeddable":true,"href":"https:\/\/cuernavaca.gob.mx\/index.php?rest_route=\/wp\/v2\/users\/1"}],"replies":[{"embeddable":true,"href":"https:\/\/cuernavaca.gob.mx\/index.php?rest_route=%2Fwp%2Fv2%2Fcomments&post=23001"}],"version-history":[{"count":1,"href":"https:\/\/cuernavaca.gob.mx\/index.php?rest_route=\/wp\/v2\/posts\/23001\/revisions"}],"predecessor-version":[{"id":23010,"href":"https:\/\/cuernavaca.gob.mx\/index.php?rest_route=\/wp\/v2\/posts\/23001\/revisions\/23010"}],"wp:featuredmedia":[{"embeddable":true,"href":"https:\/\/cuernavaca.gob.mx\/index.php?rest_route=\/wp\/v2\/media\/23008"}],"wp:attachment":[{"href":"https:\/\/cuernavaca.gob.mx\/index.php?rest_route=%2Fwp%2Fv2%2Fmedia&parent=23001"}],"wp:term":[{"taxonomy":"category","embeddable":true,"href":"https:\/\/cuernavaca.gob.mx\/index.php?rest_route=%2Fwp%2Fv2%2Fcategories&post=23001"},{"taxonomy":"post_tag","embeddable":true,"href":"https:\/\/cuernavaca.gob.mx\/index.php?rest_route=%2Fwp%2Fv2%2Ftags&post=23001"}],"curies":[{"name":"wp","href":"https:\/\/api.w.org\/{rel}","templated":true}]}}