{"id":23043,"date":"2022-12-16T18:22:00","date_gmt":"2022-12-17T00:22:00","guid":{"rendered":"https:\/\/cuernavaca.gob.mx\/?p=23043"},"modified":"2025-05-06T12:25:15","modified_gmt":"2025-05-06T18:25:15","slug":"b598-16-12-22-cuernavaca-recibe-con-los-brazos-abiertos-la-reapertura-del-papalote-museo-del-nino","status":"publish","type":"post","link":"https:\/\/cuernavaca.gob.mx\/?p=23043","title":{"rendered":"B598 16\/12\/22 CUERNAVACA RECIBE CON LOS BRAZOS ABIERTOS LA REAPERTURA DEL PAPALOTE MUSEO DEL NI\u00d1O"},"content":{"rendered":"\n<p><strong>\u2022 El presidente municipal, Jos\u00e9 Luis Uri\u00f3stegui y Luz Mar\u00eda Zagal presidenta del Sistema DIF Cuernavaca, manifestaron su benepl\u00e1cito por la reactivaci\u00f3n representativo para la integraci\u00f3n de la familia<\/strong><\/p>\n\n\n\n<p><strong>\u2022 Despu\u00e9s de m\u00e1s de dos a\u00f1os sin actividades abiertas al p\u00fablico, a partir de este viernes Papalote Museo del Ni\u00f1o Cuernavaca recibe a todas las ni\u00f1as, ni\u00f1os y sus familias para que disfruten de sus m\u00e1s de 35 exhibiciones<\/strong><\/p>\n\n\n\n<p>La ciudad de Cuernavaca sigue atrayendo confianza, miradas para la inversi\u00f3n y la llegada de proyectos nacionales e internacionales, lo que se posicion\u00f3 una vez m\u00e1s con la reapertura del Papalote Museo del Ni\u00f1o Cuernavaca que despu\u00e9s de m\u00e1s de dos a\u00f1os sin actividades abiertas al p\u00fablico a partir de este viernes recibir\u00e1 a todas las ni\u00f1as, ni\u00f1os y sus familias para que disfruten de sus m\u00e1s de 35 exhibiciones en interiores y al aire libre.<\/p>\n\n\n\n<p>Como anfitri\u00f3n, el presidente municipal, Jos\u00e9 Luis Uri\u00f3stegui Salgado, acompa\u00f1ado de su esposa, Luz Mar\u00eda Zagal Guzm\u00e1n, presidenta del Sistema Municipal DIF Cuernavaca, manifest\u00f3 que esta es una fecha memorable, al reabrir sus puertas con nuevas actividades, nuevas instalaciones y nuevo entusiasmo; agradeciendo la invitaci\u00f3n y dese\u00e1ndoles mucho \u00e9xito en esta nueva etapa.<\/p>\n\n\n\n<p>En presencia de autoridades del museo, expres\u00f3, en representaci\u00f3n del Gobierno Municipal, su benepl\u00e1cito por abrir un espacio tan emblem\u00e1tico y representativo de lo que es la integraci\u00f3n de la familia, \u201cse une a la oferta cultural de nuestra ciudad y a espacios de convivencia que ayudan a transformar la manera de pensar de las personas de una manera m\u00e1s alegre, y, sobre todo, en tiempos de celebraciones navide\u00f1as y de esperanzas con el a\u00f1o que viene\u201d.<\/p>\n\n\n\n<p>Al uso de la palabra, la directora general de Papalote Museo del Ni\u00f1o, Dolores Beistegui, afirm\u00f3 que la perseverancia rinde frutos, ya que, tras dos a\u00f1os sin actividades abiertas, hoy reabren el museo para que todas las ni\u00f1as, ni\u00f1os y sus familias puedan disfrutar de este incre\u00edble lugar donde adem\u00e1s estrena una nueva exhibici\u00f3n permanente \u201cLa Casita\u201d dirigida para menores de seis a\u00f1os y que busca favorecer el desarrollo de habilidades de los peque\u00f1os, en donde se divertir\u00e1n en sus diferentes habitaciones jugando a interpretar diversos roles y situaciones del contexto familiar.<\/p>\n\n\n\n<p>\u201cEstamos muy contentos por abrir nuevamente las puertas de Papalote Cuernavaca. En este espacio las familias de Morelos podr\u00e1n vivir una experiencia alineada a nuestro modelo educativo, que permite a las ni\u00f1as y ni\u00f1os construir su propia experiencia de aprendizaje a trav\u00e9s del juego. En Papalote estamos convencidos que espacios como este contribuyen a la formaci\u00f3n de ciudadanos m\u00e1s emp\u00e1ticos, cr\u00edticos y colaborativos\u201d, mencion\u00f3.<\/p>\n\n\n\n<p>En compa\u00f1\u00eda del presidente del Consejo Directivo de Papalote Museo del Ni\u00f1o, Mauricio Amodio; el consejero, Gilberto Hern\u00e1ndez; la directora de Papalote Cuernavaca, Mariana Palma; el vicepresidente de Administraci\u00f3n y Finanzas de Costco M\u00e9xico, Mauricio Talayero; y la presidenta del Sistema DIF Morelos, Natalia Rezende, el Alcalde de Cuernavaca junto con la presidenta del Sistema DIF Municipal, inaugur\u00f3 esta nueva exposici\u00f3n donde estudiantes de Fundaci\u00f3n Don Bosco, quienes fueron los primeros en vivir esta experiencia.<\/p>\n\n\n\n<p>Papalote Cuernavaca tiene un horario de martes a viernes de 09:00 a 18:00 horas y fines de semana de 10:00 a 18:00 horas, con un costo de 60 pesos para ni\u00f1as y ni\u00f1os, 50 pesos para adultos, 45 pesos adultos mayores presentando su credencial del INSEN y maestros presentando su credencial, y 185 pesos por grupos de cuatro personas. Las y los ni\u00f1os menores de un a\u00f1o no pagan.<\/p>\n\n\n\n<p><\/p>\n\n\n\n<figure class=\"wp-container-2 wp-block-gallery-1 wp-block-gallery has-nested-images columns-default is-cropped\">\n<figure class=\"wp-block-image size-large\"><img loading=\"lazy\" width=\"1024\" height=\"682\" data-id=\"23044\"  src=\"https:\/\/cuernavaca.gob.mx\/wp-content\/uploads\/2022\/12\/papalote-museo-del-nin\u0303o-cuernavaca-1-1024x682.jpg\" alt=\"\" class=\"wp-image-23044\" srcset=\"https:\/\/cuernavaca.gob.mx\/wp-content\/uploads\/2022\/12\/papalote-museo-del-nin\u0303o-cuernavaca-1-1024x682.jpg 1024w, https:\/\/cuernavaca.gob.mx\/wp-content\/uploads\/2022\/12\/papalote-museo-del-nin\u0303o-cuernavaca-1-300x200.jpg 300w, https:\/\/cuernavaca.gob.mx\/wp-content\/uploads\/2022\/12\/papalote-museo-del-nin\u0303o-cuernavaca-1-768x512.jpg 768w, https:\/\/cuernavaca.gob.mx\/wp-content\/uploads\/2022\/12\/papalote-museo-del-nin\u0303o-cuernavaca-1-600x400.jpg 600w, https:\/\/cuernavaca.gob.mx\/wp-content\/uploads\/2022\/12\/papalote-museo-del-nin\u0303o-cuernavaca-1-560x373.jpg 560w, https:\/\/cuernavaca.gob.mx\/wp-content\/uploads\/2022\/12\/papalote-museo-del-nin\u0303o-cuernavaca-1.jpg 1280w\" sizes=\"(max-width: 1024px) 100vw, 1024px\" \/><\/figure>\n\n\n\n<figure class=\"wp-block-image size-large\"><img loading=\"lazy\" width=\"1024\" height=\"682\" data-id=\"23049\"  src=\"https:\/\/cuernavaca.gob.mx\/wp-content\/uploads\/2022\/12\/papalote-museo-del-nin\u0303o-cuernavaca-2-1024x682.jpg\" alt=\"\" class=\"wp-image-23049\" srcset=\"https:\/\/cuernavaca.gob.mx\/wp-content\/uploads\/2022\/12\/papalote-museo-del-nin\u0303o-cuernavaca-2-1024x682.jpg 1024w, https:\/\/cuernavaca.gob.mx\/wp-content\/uploads\/2022\/12\/papalote-museo-del-nin\u0303o-cuernavaca-2-300x200.jpg 300w, https:\/\/cuernavaca.gob.mx\/wp-content\/uploads\/2022\/12\/papalote-museo-del-nin\u0303o-cuernavaca-2-768x512.jpg 768w, https:\/\/cuernavaca.gob.mx\/wp-content\/uploads\/2022\/12\/papalote-museo-del-nin\u0303o-cuernavaca-2-600x400.jpg 600w, https:\/\/cuernavaca.gob.mx\/wp-content\/uploads\/2022\/12\/papalote-museo-del-nin\u0303o-cuernavaca-2-560x373.jpg 560w, https:\/\/cuernavaca.gob.mx\/wp-content\/uploads\/2022\/12\/papalote-museo-del-nin\u0303o-cuernavaca-2.jpg 1280w\" sizes=\"(max-width: 1024px) 100vw, 1024px\" \/><\/figure>\n\n\n\n<figure class=\"wp-block-image size-large\"><img loading=\"lazy\" width=\"1024\" height=\"682\" data-id=\"23046\"  src=\"https:\/\/cuernavaca.gob.mx\/wp-content\/uploads\/2022\/12\/papalote-museo-del-nin\u0303o-cuernavaca-3-1024x682.jpg\" alt=\"\" class=\"wp-image-23046\" srcset=\"https:\/\/cuernavaca.gob.mx\/wp-content\/uploads\/2022\/12\/papalote-museo-del-nin\u0303o-cuernavaca-3-1024x682.jpg 1024w, https:\/\/cuernavaca.gob.mx\/wp-content\/uploads\/2022\/12\/papalote-museo-del-nin\u0303o-cuernavaca-3-300x200.jpg 300w, https:\/\/cuernavaca.gob.mx\/wp-content\/uploads\/2022\/12\/papalote-museo-del-nin\u0303o-cuernavaca-3-768x512.jpg 768w, https:\/\/cuernavaca.gob.mx\/wp-content\/uploads\/2022\/12\/papalote-museo-del-nin\u0303o-cuernavaca-3-600x400.jpg 600w, https:\/\/cuernavaca.gob.mx\/wp-content\/uploads\/2022\/12\/papalote-museo-del-nin\u0303o-cuernavaca-3-560x373.jpg 560w, https:\/\/cuernavaca.gob.mx\/wp-content\/uploads\/2022\/12\/papalote-museo-del-nin\u0303o-cuernavaca-3.jpg 1280w\" sizes=\"(max-width: 1024px) 100vw, 1024px\" \/><\/figure>\n\n\n\n<figure class=\"wp-block-image size-large\"><img loading=\"lazy\" width=\"1024\" height=\"682\" data-id=\"23053\"  src=\"https:\/\/cuernavaca.gob.mx\/wp-content\/uploads\/2022\/12\/papalote-museo-del-nin\u0303o-cuernavaca-4-1024x682.jpg\" alt=\"\" class=\"wp-image-23053\" srcset=\"https:\/\/cuernavaca.gob.mx\/wp-content\/uploads\/2022\/12\/papalote-museo-del-nin\u0303o-cuernavaca-4-1024x682.jpg 1024w, https:\/\/cuernavaca.gob.mx\/wp-content\/uploads\/2022\/12\/papalote-museo-del-nin\u0303o-cuernavaca-4-300x200.jpg 300w, https:\/\/cuernavaca.gob.mx\/wp-content\/uploads\/2022\/12\/papalote-museo-del-nin\u0303o-cuernavaca-4-768x512.jpg 768w, https:\/\/cuernavaca.gob.mx\/wp-content\/uploads\/2022\/12\/papalote-museo-del-nin\u0303o-cuernavaca-4-600x400.jpg 600w, https:\/\/cuernavaca.gob.mx\/wp-content\/uploads\/2022\/12\/papalote-museo-del-nin\u0303o-cuernavaca-4-560x373.jpg 560w, https:\/\/cuernavaca.gob.mx\/wp-content\/uploads\/2022\/12\/papalote-museo-del-nin\u0303o-cuernavaca-4.jpg 1280w\" sizes=\"(max-width: 1024px) 100vw, 1024px\" \/><\/figure>\n\n\n\n<figure class=\"wp-block-image size-large\"><img loading=\"lazy\" width=\"1024\" height=\"682\" data-id=\"23048\"  src=\"https:\/\/cuernavaca.gob.mx\/wp-content\/uploads\/2022\/12\/papalote-museo-del-nin\u0303o-cuernavaca-5-1024x682.jpg\" alt=\"\" class=\"wp-image-23048\" srcset=\"https:\/\/cuernavaca.gob.mx\/wp-content\/uploads\/2022\/12\/papalote-museo-del-nin\u0303o-cuernavaca-5-1024x682.jpg 1024w, https:\/\/cuernavaca.gob.mx\/wp-content\/uploads\/2022\/12\/papalote-museo-del-nin\u0303o-cuernavaca-5-300x200.jpg 300w, https:\/\/cuernavaca.gob.mx\/wp-content\/uploads\/2022\/12\/papalote-museo-del-nin\u0303o-cuernavaca-5-768x512.jpg 768w, https:\/\/cuernavaca.gob.mx\/wp-content\/uploads\/2022\/12\/papalote-museo-del-nin\u0303o-cuernavaca-5-600x400.jpg 600w, https:\/\/cuernavaca.gob.mx\/wp-content\/uploads\/2022\/12\/papalote-museo-del-nin\u0303o-cuernavaca-5-560x373.jpg 560w, https:\/\/cuernavaca.gob.mx\/wp-content\/uploads\/2022\/12\/papalote-museo-del-nin\u0303o-cuernavaca-5.jpg 1280w\" sizes=\"(max-width: 1024px) 100vw, 1024px\" \/><\/figure>\n\n\n\n<figure class=\"wp-block-image size-large\"><img loading=\"lazy\" width=\"1024\" height=\"682\" data-id=\"23045\"  src=\"https:\/\/cuernavaca.gob.mx\/wp-content\/uploads\/2022\/12\/papalote-museo-del-nin\u0303o-cuernavaca-6-1024x682.jpg\" alt=\"\" class=\"wp-image-23045\" srcset=\"https:\/\/cuernavaca.gob.mx\/wp-content\/uploads\/2022\/12\/papalote-museo-del-nin\u0303o-cuernavaca-6-1024x682.jpg 1024w, https:\/\/cuernavaca.gob.mx\/wp-content\/uploads\/2022\/12\/papalote-museo-del-nin\u0303o-cuernavaca-6-300x200.jpg 300w, https:\/\/cuernavaca.gob.mx\/wp-content\/uploads\/2022\/12\/papalote-museo-del-nin\u0303o-cuernavaca-6-768x512.jpg 768w, https:\/\/cuernavaca.gob.mx\/wp-content\/uploads\/2022\/12\/papalote-museo-del-nin\u0303o-cuernavaca-6-600x400.jpg 600w, https:\/\/cuernavaca.gob.mx\/wp-content\/uploads\/2022\/12\/papalote-museo-del-nin\u0303o-cuernavaca-6-560x373.jpg 560w, https:\/\/cuernavaca.gob.mx\/wp-content\/uploads\/2022\/12\/papalote-museo-del-nin\u0303o-cuernavaca-6.jpg 1280w\" sizes=\"(max-width: 1024px) 100vw, 1024px\" \/><\/figure>\n\n\n\n<figure class=\"wp-block-image size-large\"><img loading=\"lazy\" width=\"1024\" height=\"682\" data-id=\"23052\"  src=\"https:\/\/cuernavaca.gob.mx\/wp-content\/uploads\/2022\/12\/papalote-museo-del-nin\u0303o-cuernavaca-7-1024x682.jpg\" alt=\"\" class=\"wp-image-23052\" srcset=\"https:\/\/cuernavaca.gob.mx\/wp-content\/uploads\/2022\/12\/papalote-museo-del-nin\u0303o-cuernavaca-7-1024x682.jpg 1024w, https:\/\/cuernavaca.gob.mx\/wp-content\/uploads\/2022\/12\/papalote-museo-del-nin\u0303o-cuernavaca-7-300x200.jpg 300w, https:\/\/cuernavaca.gob.mx\/wp-content\/uploads\/2022\/12\/papalote-museo-del-nin\u0303o-cuernavaca-7-768x512.jpg 768w, https:\/\/cuernavaca.gob.mx\/wp-content\/uploads\/2022\/12\/papalote-museo-del-nin\u0303o-cuernavaca-7-600x400.jpg 600w, https:\/\/cuernavaca.gob.mx\/wp-content\/uploads\/2022\/12\/papalote-museo-del-nin\u0303o-cuernavaca-7-560x373.jpg 560w, https:\/\/cuernavaca.gob.mx\/wp-content\/uploads\/2022\/12\/papalote-museo-del-nin\u0303o-cuernavaca-7.jpg 1280w\" sizes=\"(max-width: 1024px) 100vw, 1024px\" \/><\/figure>\n\n\n\n<figure class=\"wp-block-image size-large\"><img loading=\"lazy\" width=\"1024\" height=\"682\" data-id=\"23051\"  src=\"https:\/\/cuernavaca.gob.mx\/wp-content\/uploads\/2022\/12\/papalote-museo-del-nin\u0303o-cuernavaca-8-1024x682.jpg\" alt=\"\" class=\"wp-image-23051\" srcset=\"https:\/\/cuernavaca.gob.mx\/wp-content\/uploads\/2022\/12\/papalote-museo-del-nin\u0303o-cuernavaca-8-1024x682.jpg 1024w, https:\/\/cuernavaca.gob.mx\/wp-content\/uploads\/2022\/12\/papalote-museo-del-nin\u0303o-cuernavaca-8-300x200.jpg 300w, https:\/\/cuernavaca.gob.mx\/wp-content\/uploads\/2022\/12\/papalote-museo-del-nin\u0303o-cuernavaca-8-768x512.jpg 768w, https:\/\/cuernavaca.gob.mx\/wp-content\/uploads\/2022\/12\/papalote-museo-del-nin\u0303o-cuernavaca-8-600x400.jpg 600w, https:\/\/cuernavaca.gob.mx\/wp-content\/uploads\/2022\/12\/papalote-museo-del-nin\u0303o-cuernavaca-8-560x373.jpg 560w, https:\/\/cuernavaca.gob.mx\/wp-content\/uploads\/2022\/12\/papalote-museo-del-nin\u0303o-cuernavaca-8.jpg 1280w\" sizes=\"(max-width: 1024px) 100vw, 1024px\" \/><\/figure>\n\n\n\n<figure class=\"wp-block-image size-large\"><img loading=\"lazy\" width=\"1024\" height=\"682\" data-id=\"23054\"  src=\"https:\/\/cuernavaca.gob.mx\/wp-content\/uploads\/2022\/12\/papalote-museo-del-nin\u0303o-cuernavaca-9-1024x682.jpg\" alt=\"\" class=\"wp-image-23054\" srcset=\"https:\/\/cuernavaca.gob.mx\/wp-content\/uploads\/2022\/12\/papalote-museo-del-nin\u0303o-cuernavaca-9-1024x682.jpg 1024w, https:\/\/cuernavaca.gob.mx\/wp-content\/uploads\/2022\/12\/papalote-museo-del-nin\u0303o-cuernavaca-9-300x200.jpg 300w, https:\/\/cuernavaca.gob.mx\/wp-content\/uploads\/2022\/12\/papalote-museo-del-nin\u0303o-cuernavaca-9-768x512.jpg 768w, https:\/\/cuernavaca.gob.mx\/wp-content\/uploads\/2022\/12\/papalote-museo-del-nin\u0303o-cuernavaca-9-600x400.jpg 600w, https:\/\/cuernavaca.gob.mx\/wp-content\/uploads\/2022\/12\/papalote-museo-del-nin\u0303o-cuernavaca-9-560x373.jpg 560w, https:\/\/cuernavaca.gob.mx\/wp-content\/uploads\/2022\/12\/papalote-museo-del-nin\u0303o-cuernavaca-9.jpg 1280w\" sizes=\"(max-width: 1024px) 100vw, 1024px\" \/><\/figure>\n\n\n\n<figure class=\"wp-block-image size-large\"><img loading=\"lazy\" width=\"1024\" height=\"682\" data-id=\"23047\"  src=\"https:\/\/cuernavaca.gob.mx\/wp-content\/uploads\/2022\/12\/papalote-museo-del-nin\u0303o-cuernavaca-10-1024x682.jpg\" alt=\"\" class=\"wp-image-23047\" srcset=\"https:\/\/cuernavaca.gob.mx\/wp-content\/uploads\/2022\/12\/papalote-museo-del-nin\u0303o-cuernavaca-10-1024x682.jpg 1024w, https:\/\/cuernavaca.gob.mx\/wp-content\/uploads\/2022\/12\/papalote-museo-del-nin\u0303o-cuernavaca-10-300x200.jpg 300w, https:\/\/cuernavaca.gob.mx\/wp-content\/uploads\/2022\/12\/papalote-museo-del-nin\u0303o-cuernavaca-10-768x512.jpg 768w, https:\/\/cuernavaca.gob.mx\/wp-content\/uploads\/2022\/12\/papalote-museo-del-nin\u0303o-cuernavaca-10-600x400.jpg 600w, https:\/\/cuernavaca.gob.mx\/wp-content\/uploads\/2022\/12\/papalote-museo-del-nin\u0303o-cuernavaca-10-560x373.jpg 560w, https:\/\/cuernavaca.gob.mx\/wp-content\/uploads\/2022\/12\/papalote-museo-del-nin\u0303o-cuernavaca-10.jpg 1280w\" sizes=\"(max-width: 1024px) 100vw, 1024px\" \/><\/figure>\n\n\n\n<figure class=\"wp-block-image size-large\"><img loading=\"lazy\" width=\"1024\" height=\"682\" data-id=\"23050\"  src=\"https:\/\/cuernavaca.gob.mx\/wp-content\/uploads\/2022\/12\/papalote-museo-del-nin\u0303o-cuernavaca-11-1024x682.jpg\" alt=\"\" class=\"wp-image-23050\" srcset=\"https:\/\/cuernavaca.gob.mx\/wp-content\/uploads\/2022\/12\/papalote-museo-del-nin\u0303o-cuernavaca-11-1024x682.jpg 1024w, https:\/\/cuernavaca.gob.mx\/wp-content\/uploads\/2022\/12\/papalote-museo-del-nin\u0303o-cuernavaca-11-300x200.jpg 300w, https:\/\/cuernavaca.gob.mx\/wp-content\/uploads\/2022\/12\/papalote-museo-del-nin\u0303o-cuernavaca-11-768x512.jpg 768w, https:\/\/cuernavaca.gob.mx\/wp-content\/uploads\/2022\/12\/papalote-museo-del-nin\u0303o-cuernavaca-11-600x400.jpg 600w, https:\/\/cuernavaca.gob.mx\/wp-content\/uploads\/2022\/12\/papalote-museo-del-nin\u0303o-cuernavaca-11-560x373.jpg 560w, https:\/\/cuernavaca.gob.mx\/wp-content\/uploads\/2022\/12\/papalote-museo-del-nin\u0303o-cuernavaca-11.jpg 1280w\" sizes=\"(max-width: 1024px) 100vw, 1024px\" \/><\/figure>\n\n\n\n<figure class=\"wp-block-image size-large\"><img loading=\"lazy\" width=\"1024\" height=\"682\" data-id=\"23055\"  src=\"https:\/\/cuernavaca.gob.mx\/wp-content\/uploads\/2022\/12\/papalote-museo-del-nin\u0303o-cuernavaca-12-1024x682.jpg\" alt=\"\" class=\"wp-image-23055\" srcset=\"https:\/\/cuernavaca.gob.mx\/wp-content\/uploads\/2022\/12\/papalote-museo-del-nin\u0303o-cuernavaca-12-1024x682.jpg 1024w, https:\/\/cuernavaca.gob.mx\/wp-content\/uploads\/2022\/12\/papalote-museo-del-nin\u0303o-cuernavaca-12-300x200.jpg 300w, https:\/\/cuernavaca.gob.mx\/wp-content\/uploads\/2022\/12\/papalote-museo-del-nin\u0303o-cuernavaca-12-768x512.jpg 768w, https:\/\/cuernavaca.gob.mx\/wp-content\/uploads\/2022\/12\/papalote-museo-del-nin\u0303o-cuernavaca-12-600x400.jpg 600w, https:\/\/cuernavaca.gob.mx\/wp-content\/uploads\/2022\/12\/papalote-museo-del-nin\u0303o-cuernavaca-12-560x373.jpg 560w, https:\/\/cuernavaca.gob.mx\/wp-content\/uploads\/2022\/12\/papalote-museo-del-nin\u0303o-cuernavaca-12.jpg 1280w\" sizes=\"(max-width: 1024px) 100vw, 1024px\" \/><\/figure>\n<\/figure>\n","protected":false},"excerpt":{"rendered":"<p>\u2022 El presidente municipal, Jos\u00e9 Luis Uri\u00f3stegui y Luz Mar\u00eda Zagal presidenta del Sistema DIF Cuernavaca, manifestaron su benepl\u00e1cito por la reactivaci\u00f3n representativo para la integraci\u00f3n de la familia \u2022 Despu\u00e9s de m\u00e1s de dos a\u00f1os sin actividades abiertas al p\u00fablico, a partir de este viernes Papalote Museo del Ni\u00f1o Cuernavaca recibe a todas las [&hellip;]<\/p>\n","protected":false},"author":1,"featured_media":23050,"comment_status":"closed","ping_status":"open","sticky":false,"template":"","format":"standard","meta":[],"categories":[2292],"tags":[121,190,1922,2337,417,120,206,844,2747],"aioseo_notices":[],"_links":{"self":[{"href":"https:\/\/cuernavaca.gob.mx\/index.php?rest_route=\/wp\/v2\/posts\/23043"}],"collection":[{"href":"https:\/\/cuernavaca.gob.mx\/index.php?rest_route=\/wp\/v2\/posts"}],"about":[{"href":"https:\/\/cuernavaca.gob.mx\/index.php?rest_route=\/wp\/v2\/types\/post"}],"author":[{"embeddable":true,"href":"https:\/\/cuernavaca.gob.mx\/index.php?rest_route=\/wp\/v2\/users\/1"}],"replies":[{"embeddable":true,"href":"https:\/\/cuernavaca.gob.mx\/index.php?rest_route=%2Fwp%2Fv2%2Fcomments&post=23043"}],"version-history":[{"count":1,"href":"https:\/\/cuernavaca.gob.mx\/index.php?rest_route=\/wp\/v2\/posts\/23043\/revisions"}],"predecessor-version":[{"id":23056,"href":"https:\/\/cuernavaca.gob.mx\/index.php?rest_route=\/wp\/v2\/posts\/23043\/revisions\/23056"}],"wp:featuredmedia":[{"embeddable":true,"href":"https:\/\/cuernavaca.gob.mx\/index.php?rest_route=\/wp\/v2\/media\/23050"}],"wp:attachment":[{"href":"https:\/\/cuernavaca.gob.mx\/index.php?rest_route=%2Fwp%2Fv2%2Fmedia&parent=23043"}],"wp:term":[{"taxonomy":"category","embeddable":true,"href":"https:\/\/cuernavaca.gob.mx\/index.php?rest_route=%2Fwp%2Fv2%2Fcategories&post=23043"},{"taxonomy":"post_tag","embeddable":true,"href":"https:\/\/cuernavaca.gob.mx\/index.php?rest_route=%2Fwp%2Fv2%2Ftags&post=23043"}],"curies":[{"name":"wp","href":"https:\/\/api.w.org\/{rel}","templated":true}]}}