{"id":23058,"date":"2022-12-16T18:15:00","date_gmt":"2022-12-17T00:15:00","guid":{"rendered":"https:\/\/cuernavaca.gob.mx\/?p=23058"},"modified":"2025-05-06T12:25:16","modified_gmt":"2025-05-06T18:25:16","slug":"b597-16-12-22-exhorta-proteccion-civil-cuernavaca-a-evitar-la-compra-y-venta-de-artificios-pirotecnicos","status":"publish","type":"post","link":"https:\/\/cuernavaca.gob.mx\/?p=23058","title":{"rendered":"B597 16\/12\/22 EXHORTA PROTECCI\u00d3N CIVIL CUERNAVACA A EVITAR LA COMPRA Y VENTA DE ARTIFICIOS PIROT\u00c9CNICOS"},"content":{"rendered":"\n<p><strong>\u2022 La Coordinaci\u00f3n Municipal llev\u00f3 a cabo una exhibici\u00f3n de los da\u00f1os que llegan a causar artificios hechos con base a p\u00f3lvora de bajo costo y f\u00e1cil acceso para ni\u00f1as, ni\u00f1os y j\u00f3venes<\/strong><\/p>\n\n\n\n<p><strong>\u2022 Pidi\u00f3 a la ciudadan\u00eda y comerciantes evitar la compra y venta de estos art\u00edculos que puedan ocasionar desde quemaduras, hasta amputaciones y para la poblaci\u00f3n infantil, la perdida de la vida<\/strong><\/p>\n\n\n\n<p>El uso de artificios de pirotecnia no es un juego y su mal manejo puede ocasionar desde quemaduras de segundo grado, amputaciones y particularmente en la poblaci\u00f3n infantil, la perdida de la vida, por lo cual la Coordinaci\u00f3n Municipal de Protecci\u00f3n Civil de Cuernavaca, pidi\u00f3 a la poblaci\u00f3n extremar precauciones y de ser posible evitar su uso en estas festividades de fin de a\u00f1o, cuando es com\u00fan su manejo, para prevenir posibles da\u00f1os y lesiones.<\/p>\n\n\n\n<p>Al encabezar una exposici\u00f3n ante medios de comunicaci\u00f3n de los alcances que tiene este tipo de pirot\u00e9cnica frente a su uso particularmente estas fechas, el encargado de la coordinaci\u00f3n, Sebasti\u00e1n Gardu\u00f1o Amaya, asever\u00f3 que el llamado a la poblaci\u00f3n, particularmente a los padres de familia es a la responsabilidad para impedir que sus hijos adquieran estos artificios pirot\u00e9cnicos que en esta temporada navide\u00f1a se comercializan en mayor medida, toda vez que su uso inadecuado puede ocasionar lesiones, quemaduras, amputaciones y hasta la muerte.<\/p>\n\n\n\n<p>En este exhorto se incluy\u00f3 a los comercios para evitar la comercializaci\u00f3n de dichos productos que representan un riesgo no solo para sus clientes, sino tambi\u00e9n en su almacenamiento, ubic\u00e1ndolos tradicionalmente en los mercados perif\u00e9ricos y el propio Adolfo L\u00f3pez Mateos, donde Protecci\u00f3n Civil Municipal los ha notificado, a trav\u00e9s de sus administradores, sobre la prohibici\u00f3n de este tipo de venta, ya que solo la Secretar\u00eda de la Defensa Nacional (SEDENA) puede otorgar este tipo de permisos en casos muy especiales y cumpliendo una serie de requisitos estrictos para su venta y comercializaci\u00f3n.<\/p>\n\n\n\n<p>\u201cEn esta temporada se utilizan desde como muy b\u00e1sicas como las luces de bengala, cebollitas, y cohetes peque\u00f1os, como otros que pueden significar un riesgo muy grande y que est\u00e1n al alcance de los ni\u00f1os, como los denominados mole, Hulk, cabeza del diablo, huevos de codorniz, y palomas de tama\u00f1o considerable que generan efectos explosivos y que fueron presentados en esta exhibici\u00f3n\u201d, reiter\u00f3.<\/p>\n\n\n\n<p>Sebasti\u00e1n Gardu\u00f1o puntualiz\u00f3 que han llevado a cabo operativos de verificaci\u00f3n al cumplimiento de la no autorizaci\u00f3n de comercializaci\u00f3n de artificios pirot\u00e9cnicos, y si bien hasta el momento no han retirado productos, el castigo podr\u00eda incluir tambi\u00e9n una sanci\u00f3n administrativa relacionada en el caso de comercios establecidos con el apercibimiento o incluso una multa.<\/p>\n\n\n\n<p>Finalmente, pidi\u00f3 a la ciudadan\u00eda comunicarse a la Central de Emergencias para denunciar la quema o venta de artificios pirot\u00e9cnicos, a los tel\u00e9fonos 777 312 1274.<\/p>\n\n\n\n<figure class=\"wp-container-2 wp-block-gallery-1 wp-block-gallery has-nested-images columns-default is-cropped\">\n<figure class=\"wp-block-image size-large\"><img loading=\"lazy\" width=\"1024\" height=\"682\" data-id=\"23059\"  src=\"https:\/\/cuernavaca.gob.mx\/wp-content\/uploads\/2022\/12\/proteccion-civil-cuernavaca-1-1024x682.jpg\" alt=\"\" class=\"wp-image-23059\" srcset=\"https:\/\/cuernavaca.gob.mx\/wp-content\/uploads\/2022\/12\/proteccion-civil-cuernavaca-1-1024x682.jpg 1024w, https:\/\/cuernavaca.gob.mx\/wp-content\/uploads\/2022\/12\/proteccion-civil-cuernavaca-1-300x200.jpg 300w, https:\/\/cuernavaca.gob.mx\/wp-content\/uploads\/2022\/12\/proteccion-civil-cuernavaca-1-768x512.jpg 768w, https:\/\/cuernavaca.gob.mx\/wp-content\/uploads\/2022\/12\/proteccion-civil-cuernavaca-1-600x400.jpg 600w, https:\/\/cuernavaca.gob.mx\/wp-content\/uploads\/2022\/12\/proteccion-civil-cuernavaca-1-560x373.jpg 560w, https:\/\/cuernavaca.gob.mx\/wp-content\/uploads\/2022\/12\/proteccion-civil-cuernavaca-1.jpg 1280w\" sizes=\"(max-width: 1024px) 100vw, 1024px\" \/><\/figure>\n\n\n\n<figure class=\"wp-block-image size-large\"><img loading=\"lazy\" width=\"1024\" height=\"682\" data-id=\"23066\"  src=\"https:\/\/cuernavaca.gob.mx\/wp-content\/uploads\/2022\/12\/proteccion-civil-cuernavaca-2-1024x682.jpg\" alt=\"\" class=\"wp-image-23066\" srcset=\"https:\/\/cuernavaca.gob.mx\/wp-content\/uploads\/2022\/12\/proteccion-civil-cuernavaca-2-1024x682.jpg 1024w, https:\/\/cuernavaca.gob.mx\/wp-content\/uploads\/2022\/12\/proteccion-civil-cuernavaca-2-300x200.jpg 300w, https:\/\/cuernavaca.gob.mx\/wp-content\/uploads\/2022\/12\/proteccion-civil-cuernavaca-2-768x512.jpg 768w, https:\/\/cuernavaca.gob.mx\/wp-content\/uploads\/2022\/12\/proteccion-civil-cuernavaca-2-600x400.jpg 600w, https:\/\/cuernavaca.gob.mx\/wp-content\/uploads\/2022\/12\/proteccion-civil-cuernavaca-2-560x373.jpg 560w, https:\/\/cuernavaca.gob.mx\/wp-content\/uploads\/2022\/12\/proteccion-civil-cuernavaca-2.jpg 1280w\" sizes=\"(max-width: 1024px) 100vw, 1024px\" \/><\/figure>\n\n\n\n<figure class=\"wp-block-image size-large\"><img loading=\"lazy\" width=\"1024\" height=\"682\" data-id=\"23062\"  src=\"https:\/\/cuernavaca.gob.mx\/wp-content\/uploads\/2022\/12\/proteccion-civil-cuernavaca-3-1024x682.jpg\" alt=\"\" class=\"wp-image-23062\" srcset=\"https:\/\/cuernavaca.gob.mx\/wp-content\/uploads\/2022\/12\/proteccion-civil-cuernavaca-3-1024x682.jpg 1024w, https:\/\/cuernavaca.gob.mx\/wp-content\/uploads\/2022\/12\/proteccion-civil-cuernavaca-3-300x200.jpg 300w, https:\/\/cuernavaca.gob.mx\/wp-content\/uploads\/2022\/12\/proteccion-civil-cuernavaca-3-768x512.jpg 768w, https:\/\/cuernavaca.gob.mx\/wp-content\/uploads\/2022\/12\/proteccion-civil-cuernavaca-3-600x400.jpg 600w, https:\/\/cuernavaca.gob.mx\/wp-content\/uploads\/2022\/12\/proteccion-civil-cuernavaca-3-560x373.jpg 560w, https:\/\/cuernavaca.gob.mx\/wp-content\/uploads\/2022\/12\/proteccion-civil-cuernavaca-3.jpg 1280w\" sizes=\"(max-width: 1024px) 100vw, 1024px\" \/><\/figure>\n\n\n\n<figure class=\"wp-block-image size-large\"><img loading=\"lazy\" width=\"1024\" height=\"682\" data-id=\"23068\"  src=\"https:\/\/cuernavaca.gob.mx\/wp-content\/uploads\/2022\/12\/proteccion-civil-cuernavaca-4-1024x682.jpg\" alt=\"\" class=\"wp-image-23068\" srcset=\"https:\/\/cuernavaca.gob.mx\/wp-content\/uploads\/2022\/12\/proteccion-civil-cuernavaca-4-1024x682.jpg 1024w, https:\/\/cuernavaca.gob.mx\/wp-content\/uploads\/2022\/12\/proteccion-civil-cuernavaca-4-300x200.jpg 300w, https:\/\/cuernavaca.gob.mx\/wp-content\/uploads\/2022\/12\/proteccion-civil-cuernavaca-4-768x512.jpg 768w, https:\/\/cuernavaca.gob.mx\/wp-content\/uploads\/2022\/12\/proteccion-civil-cuernavaca-4-600x400.jpg 600w, https:\/\/cuernavaca.gob.mx\/wp-content\/uploads\/2022\/12\/proteccion-civil-cuernavaca-4-560x373.jpg 560w, https:\/\/cuernavaca.gob.mx\/wp-content\/uploads\/2022\/12\/proteccion-civil-cuernavaca-4.jpg 1280w\" sizes=\"(max-width: 1024px) 100vw, 1024px\" \/><\/figure>\n\n\n\n<figure class=\"wp-block-image size-large\"><img loading=\"lazy\" width=\"1024\" height=\"682\" data-id=\"23067\"  src=\"https:\/\/cuernavaca.gob.mx\/wp-content\/uploads\/2022\/12\/proteccion-civil-cuernavaca-5-1024x682.jpg\" alt=\"\" class=\"wp-image-23067\" srcset=\"https:\/\/cuernavaca.gob.mx\/wp-content\/uploads\/2022\/12\/proteccion-civil-cuernavaca-5-1024x682.jpg 1024w, https:\/\/cuernavaca.gob.mx\/wp-content\/uploads\/2022\/12\/proteccion-civil-cuernavaca-5-300x200.jpg 300w, https:\/\/cuernavaca.gob.mx\/wp-content\/uploads\/2022\/12\/proteccion-civil-cuernavaca-5-768x512.jpg 768w, https:\/\/cuernavaca.gob.mx\/wp-content\/uploads\/2022\/12\/proteccion-civil-cuernavaca-5-600x400.jpg 600w, https:\/\/cuernavaca.gob.mx\/wp-content\/uploads\/2022\/12\/proteccion-civil-cuernavaca-5-560x373.jpg 560w, https:\/\/cuernavaca.gob.mx\/wp-content\/uploads\/2022\/12\/proteccion-civil-cuernavaca-5.jpg 1280w\" sizes=\"(max-width: 1024px) 100vw, 1024px\" \/><\/figure>\n\n\n\n<figure class=\"wp-block-image size-large\"><img loading=\"lazy\" width=\"1024\" height=\"682\" data-id=\"23063\"  src=\"https:\/\/cuernavaca.gob.mx\/wp-content\/uploads\/2022\/12\/proteccion-civil-cuernavaca-6-1024x682.jpg\" alt=\"\" class=\"wp-image-23063\" srcset=\"https:\/\/cuernavaca.gob.mx\/wp-content\/uploads\/2022\/12\/proteccion-civil-cuernavaca-6-1024x682.jpg 1024w, https:\/\/cuernavaca.gob.mx\/wp-content\/uploads\/2022\/12\/proteccion-civil-cuernavaca-6-300x200.jpg 300w, https:\/\/cuernavaca.gob.mx\/wp-content\/uploads\/2022\/12\/proteccion-civil-cuernavaca-6-768x512.jpg 768w, https:\/\/cuernavaca.gob.mx\/wp-content\/uploads\/2022\/12\/proteccion-civil-cuernavaca-6-600x400.jpg 600w, https:\/\/cuernavaca.gob.mx\/wp-content\/uploads\/2022\/12\/proteccion-civil-cuernavaca-6-560x373.jpg 560w, https:\/\/cuernavaca.gob.mx\/wp-content\/uploads\/2022\/12\/proteccion-civil-cuernavaca-6.jpg 1280w\" sizes=\"(max-width: 1024px) 100vw, 1024px\" \/><\/figure>\n\n\n\n<figure class=\"wp-block-image size-large\"><img loading=\"lazy\" width=\"1024\" height=\"682\" data-id=\"23061\"  src=\"https:\/\/cuernavaca.gob.mx\/wp-content\/uploads\/2022\/12\/proteccion-civil-cuernavaca-7-1024x682.jpg\" alt=\"\" class=\"wp-image-23061\" srcset=\"https:\/\/cuernavaca.gob.mx\/wp-content\/uploads\/2022\/12\/proteccion-civil-cuernavaca-7-1024x682.jpg 1024w, https:\/\/cuernavaca.gob.mx\/wp-content\/uploads\/2022\/12\/proteccion-civil-cuernavaca-7-300x200.jpg 300w, https:\/\/cuernavaca.gob.mx\/wp-content\/uploads\/2022\/12\/proteccion-civil-cuernavaca-7-768x512.jpg 768w, https:\/\/cuernavaca.gob.mx\/wp-content\/uploads\/2022\/12\/proteccion-civil-cuernavaca-7-600x400.jpg 600w, https:\/\/cuernavaca.gob.mx\/wp-content\/uploads\/2022\/12\/proteccion-civil-cuernavaca-7-560x373.jpg 560w, https:\/\/cuernavaca.gob.mx\/wp-content\/uploads\/2022\/12\/proteccion-civil-cuernavaca-7.jpg 1280w\" sizes=\"(max-width: 1024px) 100vw, 1024px\" \/><\/figure>\n\n\n\n<figure class=\"wp-block-image size-large\"><img loading=\"lazy\" width=\"1024\" height=\"576\" data-id=\"23065\"  src=\"https:\/\/cuernavaca.gob.mx\/wp-content\/uploads\/2022\/12\/proteccion-civil-cuernavaca-8-1024x576.jpg\" alt=\"\" class=\"wp-image-23065\" srcset=\"https:\/\/cuernavaca.gob.mx\/wp-content\/uploads\/2022\/12\/proteccion-civil-cuernavaca-8-1024x576.jpg 1024w, https:\/\/cuernavaca.gob.mx\/wp-content\/uploads\/2022\/12\/proteccion-civil-cuernavaca-8-300x169.jpg 300w, https:\/\/cuernavaca.gob.mx\/wp-content\/uploads\/2022\/12\/proteccion-civil-cuernavaca-8-768x432.jpg 768w, https:\/\/cuernavaca.gob.mx\/wp-content\/uploads\/2022\/12\/proteccion-civil-cuernavaca-8-600x338.jpg 600w, https:\/\/cuernavaca.gob.mx\/wp-content\/uploads\/2022\/12\/proteccion-civil-cuernavaca-8-560x315.jpg 560w, https:\/\/cuernavaca.gob.mx\/wp-content\/uploads\/2022\/12\/proteccion-civil-cuernavaca-8.jpg 1280w\" sizes=\"(max-width: 1024px) 100vw, 1024px\" \/><\/figure>\n\n\n\n<figure class=\"wp-block-image size-large\"><img loading=\"lazy\" width=\"1024\" height=\"682\" data-id=\"23064\"  src=\"https:\/\/cuernavaca.gob.mx\/wp-content\/uploads\/2022\/12\/proteccion-civil-cuernavaca-9-1024x682.jpg\" alt=\"\" class=\"wp-image-23064\" srcset=\"https:\/\/cuernavaca.gob.mx\/wp-content\/uploads\/2022\/12\/proteccion-civil-cuernavaca-9-1024x682.jpg 1024w, https:\/\/cuernavaca.gob.mx\/wp-content\/uploads\/2022\/12\/proteccion-civil-cuernavaca-9-300x200.jpg 300w, https:\/\/cuernavaca.gob.mx\/wp-content\/uploads\/2022\/12\/proteccion-civil-cuernavaca-9-768x512.jpg 768w, https:\/\/cuernavaca.gob.mx\/wp-content\/uploads\/2022\/12\/proteccion-civil-cuernavaca-9-600x400.jpg 600w, https:\/\/cuernavaca.gob.mx\/wp-content\/uploads\/2022\/12\/proteccion-civil-cuernavaca-9-560x373.jpg 560w, https:\/\/cuernavaca.gob.mx\/wp-content\/uploads\/2022\/12\/proteccion-civil-cuernavaca-9.jpg 1280w\" sizes=\"(max-width: 1024px) 100vw, 1024px\" \/><\/figure>\n\n\n\n<figure class=\"wp-block-image size-large\"><img loading=\"lazy\" width=\"1024\" height=\"682\" data-id=\"23060\"  src=\"https:\/\/cuernavaca.gob.mx\/wp-content\/uploads\/2022\/12\/proteccion-civil-cuernavaca-10-1024x682.jpg\" alt=\"\" class=\"wp-image-23060\" srcset=\"https:\/\/cuernavaca.gob.mx\/wp-content\/uploads\/2022\/12\/proteccion-civil-cuernavaca-10-1024x682.jpg 1024w, https:\/\/cuernavaca.gob.mx\/wp-content\/uploads\/2022\/12\/proteccion-civil-cuernavaca-10-300x200.jpg 300w, https:\/\/cuernavaca.gob.mx\/wp-content\/uploads\/2022\/12\/proteccion-civil-cuernavaca-10-768x512.jpg 768w, https:\/\/cuernavaca.gob.mx\/wp-content\/uploads\/2022\/12\/proteccion-civil-cuernavaca-10-600x400.jpg 600w, https:\/\/cuernavaca.gob.mx\/wp-content\/uploads\/2022\/12\/proteccion-civil-cuernavaca-10-560x373.jpg 560w, https:\/\/cuernavaca.gob.mx\/wp-content\/uploads\/2022\/12\/proteccion-civil-cuernavaca-10.jpg 1280w\" sizes=\"(max-width: 1024px) 100vw, 1024px\" \/><\/figure>\n\n\n\n<figure class=\"wp-block-image size-large\"><img loading=\"lazy\" width=\"1024\" height=\"682\" data-id=\"23069\"  src=\"https:\/\/cuernavaca.gob.mx\/wp-content\/uploads\/2022\/12\/proteccion-civil-cuernavaca-11-1024x682.jpg\" alt=\"\" class=\"wp-image-23069\" srcset=\"https:\/\/cuernavaca.gob.mx\/wp-content\/uploads\/2022\/12\/proteccion-civil-cuernavaca-11-1024x682.jpg 1024w, https:\/\/cuernavaca.gob.mx\/wp-content\/uploads\/2022\/12\/proteccion-civil-cuernavaca-11-300x200.jpg 300w, https:\/\/cuernavaca.gob.mx\/wp-content\/uploads\/2022\/12\/proteccion-civil-cuernavaca-11-768x512.jpg 768w, https:\/\/cuernavaca.gob.mx\/wp-content\/uploads\/2022\/12\/proteccion-civil-cuernavaca-11-600x400.jpg 600w, https:\/\/cuernavaca.gob.mx\/wp-content\/uploads\/2022\/12\/proteccion-civil-cuernavaca-11-560x373.jpg 560w, https:\/\/cuernavaca.gob.mx\/wp-content\/uploads\/2022\/12\/proteccion-civil-cuernavaca-11.jpg 1280w\" sizes=\"(max-width: 1024px) 100vw, 1024px\" \/><\/figure>\n\n\n\n<figure class=\"wp-block-image size-large\"><img loading=\"lazy\" width=\"682\" height=\"1024\" data-id=\"23070\"  src=\"https:\/\/cuernavaca.gob.mx\/wp-content\/uploads\/2022\/12\/proteccion-civil-cuernavaca-12-682x1024.jpg\" alt=\"\" class=\"wp-image-23070\" srcset=\"https:\/\/cuernavaca.gob.mx\/wp-content\/uploads\/2022\/12\/proteccion-civil-cuernavaca-12-682x1024.jpg 682w, https:\/\/cuernavaca.gob.mx\/wp-content\/uploads\/2022\/12\/proteccion-civil-cuernavaca-12-200x300.jpg 200w, https:\/\/cuernavaca.gob.mx\/wp-content\/uploads\/2022\/12\/proteccion-civil-cuernavaca-12-768x1152.jpg 768w, https:\/\/cuernavaca.gob.mx\/wp-content\/uploads\/2022\/12\/proteccion-civil-cuernavaca-12-400x600.jpg 400w, https:\/\/cuernavaca.gob.mx\/wp-content\/uploads\/2022\/12\/proteccion-civil-cuernavaca-12-373x560.jpg 373w, https:\/\/cuernavaca.gob.mx\/wp-content\/uploads\/2022\/12\/proteccion-civil-cuernavaca-12.jpg 853w\" sizes=\"(max-width: 682px) 100vw, 682px\" \/><\/figure>\n<\/figure>\n","protected":false},"excerpt":{"rendered":"<p>\u2022 La Coordinaci\u00f3n Municipal llev\u00f3 a cabo una exhibici\u00f3n de los da\u00f1os que llegan a causar artificios hechos con base a p\u00f3lvora de bajo costo y f\u00e1cil acceso para ni\u00f1as, ni\u00f1os y j\u00f3venes \u2022 Pidi\u00f3 a la ciudadan\u00eda y comerciantes evitar la compra y venta de estos art\u00edculos que puedan ocasionar desde quemaduras, hasta amputaciones [&hellip;]<\/p>\n","protected":false},"author":1,"featured_media":23060,"comment_status":"closed","ping_status":"open","sticky":false,"template":"","format":"standard","meta":[],"categories":[2227],"tags":[121,2751,120,2750,206,2749,2748,172,125],"aioseo_notices":[],"_links":{"self":[{"href":"https:\/\/cuernavaca.gob.mx\/index.php?rest_route=\/wp\/v2\/posts\/23058"}],"collection":[{"href":"https:\/\/cuernavaca.gob.mx\/index.php?rest_route=\/wp\/v2\/posts"}],"about":[{"href":"https:\/\/cuernavaca.gob.mx\/index.php?rest_route=\/wp\/v2\/types\/post"}],"author":[{"embeddable":true,"href":"https:\/\/cuernavaca.gob.mx\/index.php?rest_route=\/wp\/v2\/users\/1"}],"replies":[{"embeddable":true,"href":"https:\/\/cuernavaca.gob.mx\/index.php?rest_route=%2Fwp%2Fv2%2Fcomments&post=23058"}],"version-history":[{"count":1,"href":"https:\/\/cuernavaca.gob.mx\/index.php?rest_route=\/wp\/v2\/posts\/23058\/revisions"}],"predecessor-version":[{"id":23071,"href":"https:\/\/cuernavaca.gob.mx\/index.php?rest_route=\/wp\/v2\/posts\/23058\/revisions\/23071"}],"wp:featuredmedia":[{"embeddable":true,"href":"https:\/\/cuernavaca.gob.mx\/index.php?rest_route=\/wp\/v2\/media\/23060"}],"wp:attachment":[{"href":"https:\/\/cuernavaca.gob.mx\/index.php?rest_route=%2Fwp%2Fv2%2Fmedia&parent=23058"}],"wp:term":[{"taxonomy":"category","embeddable":true,"href":"https:\/\/cuernavaca.gob.mx\/index.php?rest_route=%2Fwp%2Fv2%2Fcategories&post=23058"},{"taxonomy":"post_tag","embeddable":true,"href":"https:\/\/cuernavaca.gob.mx\/index.php?rest_route=%2Fwp%2Fv2%2Ftags&post=23058"}],"curies":[{"name":"wp","href":"https:\/\/api.w.org\/{rel}","templated":true}]}}