{"id":23072,"date":"2022-12-17T14:30:00","date_gmt":"2022-12-17T20:30:00","guid":{"rendered":"https:\/\/cuernavaca.gob.mx\/?p=23072"},"modified":"2025-05-06T12:25:15","modified_gmt":"2025-05-06T18:25:15","slug":"b599-17-12-22-refrendara-cuernavaca-hermandad-con-la-ciudad-de-minoh-japon-en-el-marco-del-20-aniversario-de-relacion-amistosa","status":"publish","type":"post","link":"https:\/\/cuernavaca.gob.mx\/?p=23072","title":{"rendered":"B599 17\/12\/22 REFRENDAR\u00c1 CUERNAVACA HERMANDAD CON LA CIUDAD DE MINOH, JAP\u00d3N EN EL MARCO DEL 20 ANIVERSARIO DE RELACI\u00d3N AMISTOSA"},"content":{"rendered":"\n<p><strong>\u2022 El presidente municipal, Jos\u00e9 Luis Uri\u00f3stegui, particip\u00f3 en la celebraci\u00f3n de 30 a\u00f1os de intercambio acad\u00e9mico y cultural entre la UAEM y la ciudad japonesa<\/strong><\/p>\n\n\n\n<p>Con el inter\u00e9s de recuperar los lazos que le permitan a la capital del Morelos, consolidarse como una ciudad cosmopolita, hospitalaria, referente de cultura e impulsora del desarrollo del conocimiento, el presidente municipal Jos\u00e9 Luis Uri\u00f3stegui Salgado, expres\u00f3 su inter\u00e9s de refrendar el hermanamiento y amistad con la ciudad de Minoh, Jap\u00f3n.<\/p>\n\n\n\n<p>Al participar como invitado hace unos d\u00edas en la celebraci\u00f3n de los 30 a\u00f1os de intercambio acad\u00e9mico y cultural entre la Universidad Aut\u00f3noma del Estado de Morelos (UAEM) y la ciudad de Minoh, el presidente municipal de Cuernavaca manifest\u00f3 mediante un enlace virtual a su hom\u00f3logo, el alcalde Kazuhiko Ueshima, que es propicio rescatar los v\u00ednculos que prevalecen, gracias al entendimiento mutuo y de amistad fraterna.<\/p>\n\n\n\n<p>\u201cHe escuchado su inter\u00e9s de visitar Cuernavaca, donde de confirmarse lo recibiremos como se lo merecen como hu\u00e9sped distinguido y celebrar el 20 aniversario del convenio como ciudades internacionales de amistad\u201d, expres\u00f3 Jos\u00e9 Luis Uri\u00f3stegui al presidente municipal de Minoh, Kazuhiko Ueshima, en el evento realizado en el auditorio Emiliano Zapata de la UAEM.<\/p>\n\n\n\n<p>El alcalde de Cuernavaca agradeci\u00f3 la invitaci\u00f3n del rector Gustavo Urquiza Beltr\u00e1n, para participar en esta celebraci\u00f3n que cont\u00f3 con presentaciones art\u00edsticas que caracterizan tanto a M\u00e9xico como a Jap\u00f3n, festejando que a la fecha el intercambio haya permitido que m\u00e1s de 200 alumnos de la UAEM sean beneficiarios del Programa de Intercambio Estudiantil en Minoh, fortaleciendo el hermanamiento de ambas ciudades y la Universidad.<\/p>\n\n\n\n<p>Jos\u00e9 Luis Uri\u00f3stegui tambi\u00e9n aprovecho para enfatizar su agradecimiento al alcalde Kazuhiko Ueshima, por su solidaridad con motivo del accidente registrado el pasado mes de junio en el Puente Ribere\u00f1o, suceso del que autoridades de Minoh estuvieron al pendiente de la recuperaci\u00f3n de las y los lesionados, enviando mensajes de apoyo.<\/p>\n\n\n\n<p>\u201cAprecio su mensaje de solidaridad enviado con motivo del accidente del pasado 7 de junio, su atenci\u00f3n a lo que sucede en Cuernavaca nos fortalece\u201d, concluy\u00f3 el alcalde capitalino.<\/p>\n\n\n\n<figure class=\"wp-container-2 wp-block-gallery-1 wp-block-gallery has-nested-images columns-default is-cropped\">\n<figure class=\"wp-block-image size-large\"><img loading=\"lazy\" width=\"1024\" height=\"682\" data-id=\"23078\"  src=\"https:\/\/cuernavaca.gob.mx\/wp-content\/uploads\/2022\/12\/cuernavaca-japon-1-1024x682.jpg\" alt=\"\" class=\"wp-image-23078\" srcset=\"https:\/\/cuernavaca.gob.mx\/wp-content\/uploads\/2022\/12\/cuernavaca-japon-1-1024x682.jpg 1024w, https:\/\/cuernavaca.gob.mx\/wp-content\/uploads\/2022\/12\/cuernavaca-japon-1-300x200.jpg 300w, https:\/\/cuernavaca.gob.mx\/wp-content\/uploads\/2022\/12\/cuernavaca-japon-1-768x512.jpg 768w, https:\/\/cuernavaca.gob.mx\/wp-content\/uploads\/2022\/12\/cuernavaca-japon-1-600x400.jpg 600w, https:\/\/cuernavaca.gob.mx\/wp-content\/uploads\/2022\/12\/cuernavaca-japon-1-560x373.jpg 560w, https:\/\/cuernavaca.gob.mx\/wp-content\/uploads\/2022\/12\/cuernavaca-japon-1.jpg 1280w\" sizes=\"(max-width: 1024px) 100vw, 1024px\" \/><\/figure>\n\n\n\n<figure class=\"wp-block-image size-large\"><img loading=\"lazy\" width=\"1024\" height=\"682\" data-id=\"23073\"  src=\"https:\/\/cuernavaca.gob.mx\/wp-content\/uploads\/2022\/12\/cuernavaca-japon-2-1024x682.jpg\" alt=\"\" class=\"wp-image-23073\" srcset=\"https:\/\/cuernavaca.gob.mx\/wp-content\/uploads\/2022\/12\/cuernavaca-japon-2-1024x682.jpg 1024w, https:\/\/cuernavaca.gob.mx\/wp-content\/uploads\/2022\/12\/cuernavaca-japon-2-300x200.jpg 300w, https:\/\/cuernavaca.gob.mx\/wp-content\/uploads\/2022\/12\/cuernavaca-japon-2-768x512.jpg 768w, https:\/\/cuernavaca.gob.mx\/wp-content\/uploads\/2022\/12\/cuernavaca-japon-2-600x400.jpg 600w, https:\/\/cuernavaca.gob.mx\/wp-content\/uploads\/2022\/12\/cuernavaca-japon-2-560x373.jpg 560w, https:\/\/cuernavaca.gob.mx\/wp-content\/uploads\/2022\/12\/cuernavaca-japon-2.jpg 1280w\" sizes=\"(max-width: 1024px) 100vw, 1024px\" \/><\/figure>\n\n\n\n<figure class=\"wp-block-image size-large\"><img loading=\"lazy\" width=\"1024\" height=\"682\" data-id=\"23079\"  src=\"https:\/\/cuernavaca.gob.mx\/wp-content\/uploads\/2022\/12\/cuernavaca-japon-3-1024x682.jpg\" alt=\"\" class=\"wp-image-23079\" srcset=\"https:\/\/cuernavaca.gob.mx\/wp-content\/uploads\/2022\/12\/cuernavaca-japon-3-1024x682.jpg 1024w, https:\/\/cuernavaca.gob.mx\/wp-content\/uploads\/2022\/12\/cuernavaca-japon-3-300x200.jpg 300w, https:\/\/cuernavaca.gob.mx\/wp-content\/uploads\/2022\/12\/cuernavaca-japon-3-768x512.jpg 768w, https:\/\/cuernavaca.gob.mx\/wp-content\/uploads\/2022\/12\/cuernavaca-japon-3-600x400.jpg 600w, https:\/\/cuernavaca.gob.mx\/wp-content\/uploads\/2022\/12\/cuernavaca-japon-3-560x373.jpg 560w, https:\/\/cuernavaca.gob.mx\/wp-content\/uploads\/2022\/12\/cuernavaca-japon-3.jpg 1280w\" sizes=\"(max-width: 1024px) 100vw, 1024px\" \/><\/figure>\n\n\n\n<figure class=\"wp-block-image size-large\"><img loading=\"lazy\" width=\"1024\" height=\"682\" data-id=\"23076\"  src=\"https:\/\/cuernavaca.gob.mx\/wp-content\/uploads\/2022\/12\/cuernavaca-japon-4-1024x682.jpg\" alt=\"\" class=\"wp-image-23076\" srcset=\"https:\/\/cuernavaca.gob.mx\/wp-content\/uploads\/2022\/12\/cuernavaca-japon-4-1024x682.jpg 1024w, https:\/\/cuernavaca.gob.mx\/wp-content\/uploads\/2022\/12\/cuernavaca-japon-4-300x200.jpg 300w, https:\/\/cuernavaca.gob.mx\/wp-content\/uploads\/2022\/12\/cuernavaca-japon-4-768x512.jpg 768w, https:\/\/cuernavaca.gob.mx\/wp-content\/uploads\/2022\/12\/cuernavaca-japon-4-600x400.jpg 600w, https:\/\/cuernavaca.gob.mx\/wp-content\/uploads\/2022\/12\/cuernavaca-japon-4-560x373.jpg 560w, https:\/\/cuernavaca.gob.mx\/wp-content\/uploads\/2022\/12\/cuernavaca-japon-4.jpg 1280w\" sizes=\"(max-width: 1024px) 100vw, 1024px\" \/><\/figure>\n\n\n\n<figure class=\"wp-block-image size-large\"><img loading=\"lazy\" width=\"1024\" height=\"682\" data-id=\"23081\"  src=\"https:\/\/cuernavaca.gob.mx\/wp-content\/uploads\/2022\/12\/cuernavaca-japon-5-1024x682.jpg\" alt=\"\" class=\"wp-image-23081\" srcset=\"https:\/\/cuernavaca.gob.mx\/wp-content\/uploads\/2022\/12\/cuernavaca-japon-5-1024x682.jpg 1024w, https:\/\/cuernavaca.gob.mx\/wp-content\/uploads\/2022\/12\/cuernavaca-japon-5-300x200.jpg 300w, https:\/\/cuernavaca.gob.mx\/wp-content\/uploads\/2022\/12\/cuernavaca-japon-5-768x512.jpg 768w, https:\/\/cuernavaca.gob.mx\/wp-content\/uploads\/2022\/12\/cuernavaca-japon-5-600x400.jpg 600w, https:\/\/cuernavaca.gob.mx\/wp-content\/uploads\/2022\/12\/cuernavaca-japon-5-560x373.jpg 560w, https:\/\/cuernavaca.gob.mx\/wp-content\/uploads\/2022\/12\/cuernavaca-japon-5.jpg 1280w\" sizes=\"(max-width: 1024px) 100vw, 1024px\" \/><\/figure>\n\n\n\n<figure class=\"wp-block-image size-large\"><img loading=\"lazy\" width=\"1024\" height=\"682\" data-id=\"23074\"  src=\"https:\/\/cuernavaca.gob.mx\/wp-content\/uploads\/2022\/12\/cuernavaca-japon-6-1024x682.jpg\" alt=\"\" class=\"wp-image-23074\" srcset=\"https:\/\/cuernavaca.gob.mx\/wp-content\/uploads\/2022\/12\/cuernavaca-japon-6-1024x682.jpg 1024w, https:\/\/cuernavaca.gob.mx\/wp-content\/uploads\/2022\/12\/cuernavaca-japon-6-300x200.jpg 300w, https:\/\/cuernavaca.gob.mx\/wp-content\/uploads\/2022\/12\/cuernavaca-japon-6-768x512.jpg 768w, https:\/\/cuernavaca.gob.mx\/wp-content\/uploads\/2022\/12\/cuernavaca-japon-6-600x400.jpg 600w, https:\/\/cuernavaca.gob.mx\/wp-content\/uploads\/2022\/12\/cuernavaca-japon-6-560x373.jpg 560w, https:\/\/cuernavaca.gob.mx\/wp-content\/uploads\/2022\/12\/cuernavaca-japon-6.jpg 1280w\" sizes=\"(max-width: 1024px) 100vw, 1024px\" \/><\/figure>\n\n\n\n<figure class=\"wp-block-image size-large\"><img loading=\"lazy\" width=\"1024\" height=\"682\" data-id=\"23080\"  src=\"https:\/\/cuernavaca.gob.mx\/wp-content\/uploads\/2022\/12\/cuernavaca-japon-7-1024x682.jpg\" alt=\"\" class=\"wp-image-23080\" srcset=\"https:\/\/cuernavaca.gob.mx\/wp-content\/uploads\/2022\/12\/cuernavaca-japon-7-1024x682.jpg 1024w, https:\/\/cuernavaca.gob.mx\/wp-content\/uploads\/2022\/12\/cuernavaca-japon-7-300x200.jpg 300w, https:\/\/cuernavaca.gob.mx\/wp-content\/uploads\/2022\/12\/cuernavaca-japon-7-768x512.jpg 768w, https:\/\/cuernavaca.gob.mx\/wp-content\/uploads\/2022\/12\/cuernavaca-japon-7-600x400.jpg 600w, https:\/\/cuernavaca.gob.mx\/wp-content\/uploads\/2022\/12\/cuernavaca-japon-7-560x373.jpg 560w, https:\/\/cuernavaca.gob.mx\/wp-content\/uploads\/2022\/12\/cuernavaca-japon-7.jpg 1280w\" sizes=\"(max-width: 1024px) 100vw, 1024px\" \/><\/figure>\n\n\n\n<figure class=\"wp-block-image size-large\"><img loading=\"lazy\" width=\"1024\" height=\"682\" data-id=\"23082\"  src=\"https:\/\/cuernavaca.gob.mx\/wp-content\/uploads\/2022\/12\/cuernavaca-japon-8-1024x682.jpg\" alt=\"\" class=\"wp-image-23082\" srcset=\"https:\/\/cuernavaca.gob.mx\/wp-content\/uploads\/2022\/12\/cuernavaca-japon-8-1024x682.jpg 1024w, https:\/\/cuernavaca.gob.mx\/wp-content\/uploads\/2022\/12\/cuernavaca-japon-8-300x200.jpg 300w, https:\/\/cuernavaca.gob.mx\/wp-content\/uploads\/2022\/12\/cuernavaca-japon-8-768x512.jpg 768w, https:\/\/cuernavaca.gob.mx\/wp-content\/uploads\/2022\/12\/cuernavaca-japon-8-600x400.jpg 600w, https:\/\/cuernavaca.gob.mx\/wp-content\/uploads\/2022\/12\/cuernavaca-japon-8-560x373.jpg 560w, https:\/\/cuernavaca.gob.mx\/wp-content\/uploads\/2022\/12\/cuernavaca-japon-8.jpg 1280w\" sizes=\"(max-width: 1024px) 100vw, 1024px\" \/><\/figure>\n\n\n\n<figure class=\"wp-block-image size-large\"><img loading=\"lazy\" width=\"1024\" height=\"682\" data-id=\"23075\"  src=\"https:\/\/cuernavaca.gob.mx\/wp-content\/uploads\/2022\/12\/cuernavaca-japon-9-1024x682.jpg\" alt=\"\" class=\"wp-image-23075\" srcset=\"https:\/\/cuernavaca.gob.mx\/wp-content\/uploads\/2022\/12\/cuernavaca-japon-9-1024x682.jpg 1024w, https:\/\/cuernavaca.gob.mx\/wp-content\/uploads\/2022\/12\/cuernavaca-japon-9-300x200.jpg 300w, https:\/\/cuernavaca.gob.mx\/wp-content\/uploads\/2022\/12\/cuernavaca-japon-9-768x512.jpg 768w, https:\/\/cuernavaca.gob.mx\/wp-content\/uploads\/2022\/12\/cuernavaca-japon-9-600x400.jpg 600w, https:\/\/cuernavaca.gob.mx\/wp-content\/uploads\/2022\/12\/cuernavaca-japon-9-560x373.jpg 560w, https:\/\/cuernavaca.gob.mx\/wp-content\/uploads\/2022\/12\/cuernavaca-japon-9.jpg 1280w\" sizes=\"(max-width: 1024px) 100vw, 1024px\" \/><\/figure>\n\n\n\n<figure class=\"wp-block-image size-large\"><img loading=\"lazy\" width=\"1024\" height=\"682\" data-id=\"23077\"  src=\"https:\/\/cuernavaca.gob.mx\/wp-content\/uploads\/2022\/12\/cuernavaca-japon-10-1024x682.jpg\" alt=\"\" class=\"wp-image-23077\" srcset=\"https:\/\/cuernavaca.gob.mx\/wp-content\/uploads\/2022\/12\/cuernavaca-japon-10-1024x682.jpg 1024w, https:\/\/cuernavaca.gob.mx\/wp-content\/uploads\/2022\/12\/cuernavaca-japon-10-300x200.jpg 300w, https:\/\/cuernavaca.gob.mx\/wp-content\/uploads\/2022\/12\/cuernavaca-japon-10-768x512.jpg 768w, https:\/\/cuernavaca.gob.mx\/wp-content\/uploads\/2022\/12\/cuernavaca-japon-10-600x400.jpg 600w, https:\/\/cuernavaca.gob.mx\/wp-content\/uploads\/2022\/12\/cuernavaca-japon-10-560x373.jpg 560w, https:\/\/cuernavaca.gob.mx\/wp-content\/uploads\/2022\/12\/cuernavaca-japon-10.jpg 1280w\" sizes=\"(max-width: 1024px) 100vw, 1024px\" \/><\/figure>\n<\/figure>\n","protected":false},"excerpt":{"rendered":"<p>\u2022 El presidente municipal, Jos\u00e9 Luis Uri\u00f3stegui, particip\u00f3 en la celebraci\u00f3n de 30 a\u00f1os de intercambio acad\u00e9mico y cultural entre la UAEM y la ciudad japonesa Con el inter\u00e9s de recuperar los lazos que le permitan a la capital del Morelos, consolidarse como una ciudad cosmopolita, hospitalaria, referente de cultura e impulsora del desarrollo del [&hellip;]<\/p>\n","protected":false},"author":1,"featured_media":23073,"comment_status":"closed","ping_status":"open","sticky":false,"template":"","format":"standard","meta":[],"categories":[20],"tags":[854,121,2661,1479,120,2752,206],"aioseo_notices":[],"_links":{"self":[{"href":"https:\/\/cuernavaca.gob.mx\/index.php?rest_route=\/wp\/v2\/posts\/23072"}],"collection":[{"href":"https:\/\/cuernavaca.gob.mx\/index.php?rest_route=\/wp\/v2\/posts"}],"about":[{"href":"https:\/\/cuernavaca.gob.mx\/index.php?rest_route=\/wp\/v2\/types\/post"}],"author":[{"embeddable":true,"href":"https:\/\/cuernavaca.gob.mx\/index.php?rest_route=\/wp\/v2\/users\/1"}],"replies":[{"embeddable":true,"href":"https:\/\/cuernavaca.gob.mx\/index.php?rest_route=%2Fwp%2Fv2%2Fcomments&post=23072"}],"version-history":[{"count":1,"href":"https:\/\/cuernavaca.gob.mx\/index.php?rest_route=\/wp\/v2\/posts\/23072\/revisions"}],"predecessor-version":[{"id":23083,"href":"https:\/\/cuernavaca.gob.mx\/index.php?rest_route=\/wp\/v2\/posts\/23072\/revisions\/23083"}],"wp:featuredmedia":[{"embeddable":true,"href":"https:\/\/cuernavaca.gob.mx\/index.php?rest_route=\/wp\/v2\/media\/23073"}],"wp:attachment":[{"href":"https:\/\/cuernavaca.gob.mx\/index.php?rest_route=%2Fwp%2Fv2%2Fmedia&parent=23072"}],"wp:term":[{"taxonomy":"category","embeddable":true,"href":"https:\/\/cuernavaca.gob.mx\/index.php?rest_route=%2Fwp%2Fv2%2Fcategories&post=23072"},{"taxonomy":"post_tag","embeddable":true,"href":"https:\/\/cuernavaca.gob.mx\/index.php?rest_route=%2Fwp%2Fv2%2Ftags&post=23072"}],"curies":[{"name":"wp","href":"https:\/\/api.w.org\/{rel}","templated":true}]}}