{"id":23085,"date":"2022-12-16T18:40:00","date_gmt":"2022-12-17T00:40:00","guid":{"rendered":"https:\/\/cuernavaca.gob.mx\/?p=23085"},"modified":"2025-05-06T12:25:15","modified_gmt":"2025-05-06T18:25:15","slug":"b334-16-12-22-desea-exito-jose-luis-uriostegui-al-nuevo-magistrado-presidente-del-tribunal-de-justicia-administrativa","status":"publish","type":"post","link":"https:\/\/cuernavaca.gob.mx\/?p=23085","title":{"rendered":"B334 16\/12\/22 DESEA \u00c9XITO JOS\u00c9 LUIS URI\u00d3STEGUI Al NUEVO MAGISTRADO PRESIDENTE DEL TRIBUNAL DE JUSTICIA ADMINISTRATIVA"},"content":{"rendered":"\n<p>El presidente municipal de Cuernavaca, Jos\u00e9 Luis Uri\u00f3stegui Salgado, dese\u00f3 \u00e9xito en su nueva encomienda a Guillermo Arroyo Cruz, quien fue electo y tom\u00f3 protesta este viernes como magistrado presidente del Tribunal de Justicia Administrativa del Estado de Morelos (TJA), para el periodo 2023- 2024.<\/p>\n\n\n\n<p>En el Centro Cultural Teopanzolco (CCT), el edil capitalino asisti\u00f3 como anfitri\u00f3n a la sesi\u00f3n solemne donde por primera vez, mediante votaci\u00f3n, fue elegido por unanimidad Arroyo Cruz, titular de la Segunda Sala de Instrucci\u00f3n del tribunal, y previamente el magistrado presidente actual, Joaqu\u00edn Roque Gonz\u00e1lez Cerezo, rindi\u00f3 un informe con respecto a las actividades realizadas a su cargo durante el periodo 2021- 2022.<\/p>\n\n\n\n<p>Jos\u00e9 Luis Uri\u00f3stegui manifest\u00f3 el respaldo permanente de la presente administraci\u00f3n con el TJA para trabajar en conjunto con objetividad, profesionalismo e imparcialidad en busca de impulsar y fortalecer el estado de derecho en la capital morelense.<\/p>\n\n\n\n<p>Al acto asisti\u00f3 el gobernador Cuauht\u00e9moc Blanco Bravo, el magistrado presidente del Tribunal Superior de Justicia (TSJ) del Estado, Luis Jorge Gamboa Olea; el secretario del Ayuntamiento, Carlos de la Rosa Segura; el Teniente Coronel de Infanter\u00eda, Jorge Rivas Villa, 2\u00ba Comandante del 21\/o Batall\u00f3n de Infanter\u00eda, en representaci\u00f3n del General de Brigada Diplomado de Estado Mayor, Jorge Antonio Maldonado Guevara, Comandante de la 24\/a. Zona Militar, as\u00ed como diputadas locales, senadoras y presidentes municipales.<\/p>\n\n\n\n<figure class=\"wp-container-2 wp-block-gallery-1 wp-block-gallery has-nested-images columns-default is-cropped\">\n<figure class=\"wp-block-image size-large\"><img loading=\"lazy\" width=\"1024\" height=\"682\" data-id=\"23090\"  src=\"https:\/\/cuernavaca.gob.mx\/wp-content\/uploads\/2022\/12\/tribunal-de-justicia-administrativa-cuernavaca-1-1024x682.jpeg\" alt=\"\" class=\"wp-image-23090\" srcset=\"https:\/\/cuernavaca.gob.mx\/wp-content\/uploads\/2022\/12\/tribunal-de-justicia-administrativa-cuernavaca-1-1024x682.jpeg 1024w, https:\/\/cuernavaca.gob.mx\/wp-content\/uploads\/2022\/12\/tribunal-de-justicia-administrativa-cuernavaca-1-300x200.jpeg 300w, https:\/\/cuernavaca.gob.mx\/wp-content\/uploads\/2022\/12\/tribunal-de-justicia-administrativa-cuernavaca-1-768x512.jpeg 768w, https:\/\/cuernavaca.gob.mx\/wp-content\/uploads\/2022\/12\/tribunal-de-justicia-administrativa-cuernavaca-1-600x400.jpeg 600w, https:\/\/cuernavaca.gob.mx\/wp-content\/uploads\/2022\/12\/tribunal-de-justicia-administrativa-cuernavaca-1-560x373.jpeg 560w, https:\/\/cuernavaca.gob.mx\/wp-content\/uploads\/2022\/12\/tribunal-de-justicia-administrativa-cuernavaca-1.jpeg 1280w\" sizes=\"(max-width: 1024px) 100vw, 1024px\" \/><\/figure>\n\n\n\n<figure class=\"wp-block-image size-large\"><img loading=\"lazy\" width=\"1024\" height=\"576\" data-id=\"23086\"  src=\"https:\/\/cuernavaca.gob.mx\/wp-content\/uploads\/2022\/12\/tribunal-de-justicia-administrativa-cuernavaca-2-1024x576.jpeg\" alt=\"\" class=\"wp-image-23086\" srcset=\"https:\/\/cuernavaca.gob.mx\/wp-content\/uploads\/2022\/12\/tribunal-de-justicia-administrativa-cuernavaca-2-1024x576.jpeg 1024w, https:\/\/cuernavaca.gob.mx\/wp-content\/uploads\/2022\/12\/tribunal-de-justicia-administrativa-cuernavaca-2-300x169.jpeg 300w, https:\/\/cuernavaca.gob.mx\/wp-content\/uploads\/2022\/12\/tribunal-de-justicia-administrativa-cuernavaca-2-768x432.jpeg 768w, https:\/\/cuernavaca.gob.mx\/wp-content\/uploads\/2022\/12\/tribunal-de-justicia-administrativa-cuernavaca-2-600x338.jpeg 600w, https:\/\/cuernavaca.gob.mx\/wp-content\/uploads\/2022\/12\/tribunal-de-justicia-administrativa-cuernavaca-2-560x315.jpeg 560w, https:\/\/cuernavaca.gob.mx\/wp-content\/uploads\/2022\/12\/tribunal-de-justicia-administrativa-cuernavaca-2.jpeg 1280w\" sizes=\"(max-width: 1024px) 100vw, 1024px\" \/><\/figure>\n\n\n\n<figure class=\"wp-block-image size-large\"><img loading=\"lazy\" width=\"1024\" height=\"682\" data-id=\"23088\"  src=\"https:\/\/cuernavaca.gob.mx\/wp-content\/uploads\/2022\/12\/tribunal-de-justicia-administrativa-cuernavaca-3-1024x682.jpeg\" alt=\"\" class=\"wp-image-23088\" srcset=\"https:\/\/cuernavaca.gob.mx\/wp-content\/uploads\/2022\/12\/tribunal-de-justicia-administrativa-cuernavaca-3-1024x682.jpeg 1024w, https:\/\/cuernavaca.gob.mx\/wp-content\/uploads\/2022\/12\/tribunal-de-justicia-administrativa-cuernavaca-3-300x200.jpeg 300w, https:\/\/cuernavaca.gob.mx\/wp-content\/uploads\/2022\/12\/tribunal-de-justicia-administrativa-cuernavaca-3-768x512.jpeg 768w, https:\/\/cuernavaca.gob.mx\/wp-content\/uploads\/2022\/12\/tribunal-de-justicia-administrativa-cuernavaca-3-600x400.jpeg 600w, https:\/\/cuernavaca.gob.mx\/wp-content\/uploads\/2022\/12\/tribunal-de-justicia-administrativa-cuernavaca-3-560x373.jpeg 560w, https:\/\/cuernavaca.gob.mx\/wp-content\/uploads\/2022\/12\/tribunal-de-justicia-administrativa-cuernavaca-3.jpeg 1280w\" sizes=\"(max-width: 1024px) 100vw, 1024px\" \/><\/figure>\n\n\n\n<figure class=\"wp-block-image size-large\"><img loading=\"lazy\" width=\"1024\" height=\"682\" data-id=\"23087\"  src=\"https:\/\/cuernavaca.gob.mx\/wp-content\/uploads\/2022\/12\/tribunal-de-justicia-administrativa-cuernavaca-4-1024x682.jpeg\" alt=\"\" class=\"wp-image-23087\" srcset=\"https:\/\/cuernavaca.gob.mx\/wp-content\/uploads\/2022\/12\/tribunal-de-justicia-administrativa-cuernavaca-4-1024x682.jpeg 1024w, https:\/\/cuernavaca.gob.mx\/wp-content\/uploads\/2022\/12\/tribunal-de-justicia-administrativa-cuernavaca-4-300x200.jpeg 300w, https:\/\/cuernavaca.gob.mx\/wp-content\/uploads\/2022\/12\/tribunal-de-justicia-administrativa-cuernavaca-4-768x512.jpeg 768w, https:\/\/cuernavaca.gob.mx\/wp-content\/uploads\/2022\/12\/tribunal-de-justicia-administrativa-cuernavaca-4-600x400.jpeg 600w, https:\/\/cuernavaca.gob.mx\/wp-content\/uploads\/2022\/12\/tribunal-de-justicia-administrativa-cuernavaca-4-560x373.jpeg 560w, https:\/\/cuernavaca.gob.mx\/wp-content\/uploads\/2022\/12\/tribunal-de-justicia-administrativa-cuernavaca-4.jpeg 1280w\" sizes=\"(max-width: 1024px) 100vw, 1024px\" \/><\/figure>\n\n\n\n<figure class=\"wp-block-image size-large\"><img loading=\"lazy\" width=\"1024\" height=\"682\" data-id=\"23089\"  src=\"https:\/\/cuernavaca.gob.mx\/wp-content\/uploads\/2022\/12\/tribunal-de-justicia-administrativa-cuernavaca-5-1024x682.jpeg\" alt=\"\" class=\"wp-image-23089\" srcset=\"https:\/\/cuernavaca.gob.mx\/wp-content\/uploads\/2022\/12\/tribunal-de-justicia-administrativa-cuernavaca-5-1024x682.jpeg 1024w, https:\/\/cuernavaca.gob.mx\/wp-content\/uploads\/2022\/12\/tribunal-de-justicia-administrativa-cuernavaca-5-300x200.jpeg 300w, https:\/\/cuernavaca.gob.mx\/wp-content\/uploads\/2022\/12\/tribunal-de-justicia-administrativa-cuernavaca-5-768x512.jpeg 768w, https:\/\/cuernavaca.gob.mx\/wp-content\/uploads\/2022\/12\/tribunal-de-justicia-administrativa-cuernavaca-5-600x400.jpeg 600w, https:\/\/cuernavaca.gob.mx\/wp-content\/uploads\/2022\/12\/tribunal-de-justicia-administrativa-cuernavaca-5-560x373.jpeg 560w, https:\/\/cuernavaca.gob.mx\/wp-content\/uploads\/2022\/12\/tribunal-de-justicia-administrativa-cuernavaca-5.jpeg 1280w\" sizes=\"(max-width: 1024px) 100vw, 1024px\" \/><\/figure>\n\n\n\n<figure class=\"wp-block-image size-large\"><img loading=\"lazy\" width=\"1024\" height=\"576\" data-id=\"23091\"  src=\"https:\/\/cuernavaca.gob.mx\/wp-content\/uploads\/2022\/12\/tribunal-de-justicia-administrativa-cuernavaca-6-1024x576.jpeg\" alt=\"\" class=\"wp-image-23091\" srcset=\"https:\/\/cuernavaca.gob.mx\/wp-content\/uploads\/2022\/12\/tribunal-de-justicia-administrativa-cuernavaca-6-1024x576.jpeg 1024w, https:\/\/cuernavaca.gob.mx\/wp-content\/uploads\/2022\/12\/tribunal-de-justicia-administrativa-cuernavaca-6-300x169.jpeg 300w, https:\/\/cuernavaca.gob.mx\/wp-content\/uploads\/2022\/12\/tribunal-de-justicia-administrativa-cuernavaca-6-768x432.jpeg 768w, https:\/\/cuernavaca.gob.mx\/wp-content\/uploads\/2022\/12\/tribunal-de-justicia-administrativa-cuernavaca-6-600x338.jpeg 600w, https:\/\/cuernavaca.gob.mx\/wp-content\/uploads\/2022\/12\/tribunal-de-justicia-administrativa-cuernavaca-6-560x315.jpeg 560w, https:\/\/cuernavaca.gob.mx\/wp-content\/uploads\/2022\/12\/tribunal-de-justicia-administrativa-cuernavaca-6.jpeg 1280w\" sizes=\"(max-width: 1024px) 100vw, 1024px\" \/><\/figure>\n<\/figure>\n","protected":false},"excerpt":{"rendered":"<p>El presidente municipal de Cuernavaca, Jos\u00e9 Luis Uri\u00f3stegui Salgado, dese\u00f3 \u00e9xito en su nueva encomienda a Guillermo Arroyo Cruz, quien fue electo y tom\u00f3 protesta este viernes como magistrado presidente del Tribunal de Justicia Administrativa del Estado de Morelos (TJA), para el periodo 2023- 2024. En el Centro Cultural Teopanzolco (CCT), el edil capitalino asisti\u00f3 [&hellip;]<\/p>\n","protected":false},"author":1,"featured_media":23089,"comment_status":"closed","ping_status":"open","sticky":false,"template":"","format":"standard","meta":[],"categories":[20],"tags":[121,1929,120,2266,206,1322],"aioseo_notices":[],"_links":{"self":[{"href":"https:\/\/cuernavaca.gob.mx\/index.php?rest_route=\/wp\/v2\/posts\/23085"}],"collection":[{"href":"https:\/\/cuernavaca.gob.mx\/index.php?rest_route=\/wp\/v2\/posts"}],"about":[{"href":"https:\/\/cuernavaca.gob.mx\/index.php?rest_route=\/wp\/v2\/types\/post"}],"author":[{"embeddable":true,"href":"https:\/\/cuernavaca.gob.mx\/index.php?rest_route=\/wp\/v2\/users\/1"}],"replies":[{"embeddable":true,"href":"https:\/\/cuernavaca.gob.mx\/index.php?rest_route=%2Fwp%2Fv2%2Fcomments&post=23085"}],"version-history":[{"count":1,"href":"https:\/\/cuernavaca.gob.mx\/index.php?rest_route=\/wp\/v2\/posts\/23085\/revisions"}],"predecessor-version":[{"id":23092,"href":"https:\/\/cuernavaca.gob.mx\/index.php?rest_route=\/wp\/v2\/posts\/23085\/revisions\/23092"}],"wp:featuredmedia":[{"embeddable":true,"href":"https:\/\/cuernavaca.gob.mx\/index.php?rest_route=\/wp\/v2\/media\/23089"}],"wp:attachment":[{"href":"https:\/\/cuernavaca.gob.mx\/index.php?rest_route=%2Fwp%2Fv2%2Fmedia&parent=23085"}],"wp:term":[{"taxonomy":"category","embeddable":true,"href":"https:\/\/cuernavaca.gob.mx\/index.php?rest_route=%2Fwp%2Fv2%2Fcategories&post=23085"},{"taxonomy":"post_tag","embeddable":true,"href":"https:\/\/cuernavaca.gob.mx\/index.php?rest_route=%2Fwp%2Fv2%2Ftags&post=23085"}],"curies":[{"name":"wp","href":"https:\/\/api.w.org\/{rel}","templated":true}]}}