{"id":23101,"date":"2022-12-17T15:30:00","date_gmt":"2022-12-17T21:30:00","guid":{"rendered":"https:\/\/cuernavaca.gob.mx\/?p=23101"},"modified":"2025-05-06T12:25:15","modified_gmt":"2025-05-06T18:25:15","slug":"b601-17-12-22-instala-ayuntamiento-de-cuernavaca-comite-de-etica-para-las-y-los-servidores-publicos","status":"publish","type":"post","link":"https:\/\/cuernavaca.gob.mx\/?p=23101","title":{"rendered":"B601 17\/12\/22 INSTALA AYUNTAMIENTO DE CUERNAVACA COMIT\u00c9 DE \u00c9TICA PARA LAS Y LOS SERVIDORES P\u00daBLICOS"},"content":{"rendered":"\n<p><\/p>\n\n\n\n<ul><li><strong>El presidente municipal, Jos\u00e9 Luis Uri\u00f3stegui, resalt\u00f3 que no solo se trata solo de cumplir con un horario y ciertas funciones, sino de realizar cada acto con apego a la <\/strong><\/li><\/ul>\n\n\n\n<p>El Ayuntamiento de Cuernavaca reconoce que para prevenir la corrupci\u00f3n y aumentar la confianza de las y los ciudadanos es indispensable la construcci\u00f3n de una cultura de \u00e9tica que culminen con buenas pr\u00e1cticas dentro de la funci\u00f3n p\u00fablica y, por ende, en la prestaci\u00f3n de mejores servicios para la ciudadan\u00eda, por lo cual instal\u00f3 el Comit\u00e9 de \u00c9tica para las y los servidores p\u00fablicos del Ayuntamiento de Cuernavaca y sus Organismos Descentralizados.<\/p>\n\n\n\n<p>En la sesi\u00f3n de instalaci\u00f3n, el presidente municipal, Jos\u00e9 Luis Uri\u00f3stegui Salgado, resalt\u00f3 que este es un acto de trascendencia para el municipio, al estar relacionado con la conducta de quienes laboran para la presente administraci\u00f3n municipal y los resultados que den a la sociedad, &#8220;No se trata solo de cumplir con un horario y ciertas funciones, sino de realizar cada acto con apego a la ley y buscando siempre la transformaci\u00f3n de las funciones en acciones de beneficio colectivo y la \u00e9tica es fundamental para que la conducta sea reconocida&#8221;.<\/p>\n\n\n\n<p>En presencia de la regidora Mirna Mireya Delgado Romero, la titular del Sistema de Agua Potable y Alcantarillado de Cuernavaca (SAPAC), Evelia Flores Hern\u00e1ndez; el titular de la Contralor\u00eda Social, Francisco Vargas Saavedra; y representantes de Secretar\u00edas y de los sindicatos que tienen calidad de invitados; la contralora municipal, Dolores \u00c1lvarez D\u00edaz, indic\u00f3 que para construir una cultura de \u00e9tica es necesario contar con criterios \u00e9ticos que orienten el actuar de las y los servidores p\u00fablicos, a fin de que transiten dentro del marco de la honestidad, transparencia, integridad y rendici\u00f3n de cuentas, logrando sensibilizarlos sobre el apego a la legalidad y el papel ejemplar que deben desempe\u00f1ar ante la sociedad.<\/p>\n\n\n\n<p>Puntualiz\u00f3 que este \u00f3rgano colegiado tiene su fundamento en el C\u00f3digo de \u00c9tica para las personas al servicio p\u00fablico del Ayuntamiento de Cuernavaca y sus Organismos Descentralizados que fue aprobado en el seno del cuerpo edilicio el pasado 22 de agosto y publicado el 28 de septiembre en el peri\u00f3dico Tierra y Libertad, mismo que fue elaborado conforme a los lineamientos establecidos en el art\u00edculo 16 de la Ley General de Responsabilidades y en cuyo contenido se encuentran los principios, valores, compromisos y reglas de integridad que rigen al servicio p\u00fablico.<\/p>\n\n\n\n<p>En este sentido, la regidora Mireya Delgado Romero, refiri\u00f3 que es por todos conocido que en el pa\u00eds, estado y municipios est\u00e1n inmersos en una falta de crecimiento en sus diferentes rubros y sin duda una de las principales causas, si no es qu\u00e9 la principal, es la corrupci\u00f3n y la impunidad, siendo importante la difusi\u00f3n entre las y los funcionarios p\u00fablicos que forman parte del Ayuntamiento y Organismos Descentralizados los principios, valores, compromisos y reglas de integridad previstos en el C\u00f3digo de \u00c9tica.<\/p>\n\n\n\n<p>&#8220;Tenemos la responsabilidad de vigilar su aplicaci\u00f3n, tambi\u00e9n debemos incidir en su divulgaci\u00f3n bajo la premisa adem\u00e1s, de que las palabras convencen, pero el ejemplo arrasa. Se lo debemos a la ciudadan\u00eda de Cuernavaca que est\u00e1 \u00e1vida de confianza en sus funcionarios, \u00e1vida de resultados que mejoren su entorno social, \u00e1vida de autoridades que sean garantes de su bien vivir, y \u00e1vida de ver a su ciudad renacer&#8221;, afirm\u00f3.<\/p>\n\n\n\n<figure class=\"wp-container-2 wp-block-gallery-1 wp-block-gallery has-nested-images columns-default is-cropped\">\n<figure class=\"wp-block-image size-large\"><img loading=\"lazy\" width=\"1024\" height=\"662\" data-id=\"23104\"  src=\"https:\/\/cuernavaca.gob.mx\/wp-content\/uploads\/2022\/12\/comite-etica-cuernavaca-1-1024x662.jpeg\" alt=\"\" class=\"wp-image-23104\" srcset=\"https:\/\/cuernavaca.gob.mx\/wp-content\/uploads\/2022\/12\/comite-etica-cuernavaca-1-1024x662.jpeg 1024w, https:\/\/cuernavaca.gob.mx\/wp-content\/uploads\/2022\/12\/comite-etica-cuernavaca-1-300x194.jpeg 300w, https:\/\/cuernavaca.gob.mx\/wp-content\/uploads\/2022\/12\/comite-etica-cuernavaca-1-768x497.jpeg 768w, https:\/\/cuernavaca.gob.mx\/wp-content\/uploads\/2022\/12\/comite-etica-cuernavaca-1-600x388.jpeg 600w, https:\/\/cuernavaca.gob.mx\/wp-content\/uploads\/2022\/12\/comite-etica-cuernavaca-1-560x362.jpeg 560w, https:\/\/cuernavaca.gob.mx\/wp-content\/uploads\/2022\/12\/comite-etica-cuernavaca-1.jpeg 1280w\" sizes=\"(max-width: 1024px) 100vw, 1024px\" \/><\/figure>\n\n\n\n<figure class=\"wp-block-image size-large\"><img loading=\"lazy\" width=\"1024\" height=\"682\" data-id=\"23102\"  src=\"https:\/\/cuernavaca.gob.mx\/wp-content\/uploads\/2022\/12\/comite-etica-cuernavaca-2-1024x682.jpeg\" alt=\"\" class=\"wp-image-23102\" srcset=\"https:\/\/cuernavaca.gob.mx\/wp-content\/uploads\/2022\/12\/comite-etica-cuernavaca-2-1024x682.jpeg 1024w, https:\/\/cuernavaca.gob.mx\/wp-content\/uploads\/2022\/12\/comite-etica-cuernavaca-2-300x200.jpeg 300w, https:\/\/cuernavaca.gob.mx\/wp-content\/uploads\/2022\/12\/comite-etica-cuernavaca-2-768x512.jpeg 768w, https:\/\/cuernavaca.gob.mx\/wp-content\/uploads\/2022\/12\/comite-etica-cuernavaca-2-600x400.jpeg 600w, https:\/\/cuernavaca.gob.mx\/wp-content\/uploads\/2022\/12\/comite-etica-cuernavaca-2-560x373.jpeg 560w, https:\/\/cuernavaca.gob.mx\/wp-content\/uploads\/2022\/12\/comite-etica-cuernavaca-2.jpeg 1280w\" sizes=\"(max-width: 1024px) 100vw, 1024px\" \/><\/figure>\n\n\n\n<figure class=\"wp-block-image size-large\"><img loading=\"lazy\" width=\"1024\" height=\"682\" data-id=\"23106\"  src=\"https:\/\/cuernavaca.gob.mx\/wp-content\/uploads\/2022\/12\/comite-etica-cuernavaca-3-1024x682.jpeg\" alt=\"\" class=\"wp-image-23106\" srcset=\"https:\/\/cuernavaca.gob.mx\/wp-content\/uploads\/2022\/12\/comite-etica-cuernavaca-3-1024x682.jpeg 1024w, https:\/\/cuernavaca.gob.mx\/wp-content\/uploads\/2022\/12\/comite-etica-cuernavaca-3-300x200.jpeg 300w, https:\/\/cuernavaca.gob.mx\/wp-content\/uploads\/2022\/12\/comite-etica-cuernavaca-3-768x512.jpeg 768w, https:\/\/cuernavaca.gob.mx\/wp-content\/uploads\/2022\/12\/comite-etica-cuernavaca-3-600x400.jpeg 600w, https:\/\/cuernavaca.gob.mx\/wp-content\/uploads\/2022\/12\/comite-etica-cuernavaca-3-560x373.jpeg 560w, https:\/\/cuernavaca.gob.mx\/wp-content\/uploads\/2022\/12\/comite-etica-cuernavaca-3.jpeg 1280w\" sizes=\"(max-width: 1024px) 100vw, 1024px\" \/><\/figure>\n\n\n\n<figure class=\"wp-block-image size-large\"><img loading=\"lazy\" width=\"1024\" height=\"682\" data-id=\"23103\"  src=\"https:\/\/cuernavaca.gob.mx\/wp-content\/uploads\/2022\/12\/comite-etica-cuernavaca-4-1024x682.jpeg\" alt=\"\" class=\"wp-image-23103\" srcset=\"https:\/\/cuernavaca.gob.mx\/wp-content\/uploads\/2022\/12\/comite-etica-cuernavaca-4-1024x682.jpeg 1024w, https:\/\/cuernavaca.gob.mx\/wp-content\/uploads\/2022\/12\/comite-etica-cuernavaca-4-300x200.jpeg 300w, https:\/\/cuernavaca.gob.mx\/wp-content\/uploads\/2022\/12\/comite-etica-cuernavaca-4-768x512.jpeg 768w, https:\/\/cuernavaca.gob.mx\/wp-content\/uploads\/2022\/12\/comite-etica-cuernavaca-4-600x400.jpeg 600w, https:\/\/cuernavaca.gob.mx\/wp-content\/uploads\/2022\/12\/comite-etica-cuernavaca-4-560x373.jpeg 560w, https:\/\/cuernavaca.gob.mx\/wp-content\/uploads\/2022\/12\/comite-etica-cuernavaca-4.jpeg 1280w\" sizes=\"(max-width: 1024px) 100vw, 1024px\" \/><\/figure>\n\n\n\n<figure class=\"wp-block-image size-large\"><img loading=\"lazy\" width=\"1024\" height=\"642\" data-id=\"23105\"  src=\"https:\/\/cuernavaca.gob.mx\/wp-content\/uploads\/2022\/12\/comite-etica-cuernavaca-5-1024x642.jpeg\" alt=\"\" class=\"wp-image-23105\" srcset=\"https:\/\/cuernavaca.gob.mx\/wp-content\/uploads\/2022\/12\/comite-etica-cuernavaca-5-1024x642.jpeg 1024w, https:\/\/cuernavaca.gob.mx\/wp-content\/uploads\/2022\/12\/comite-etica-cuernavaca-5-300x188.jpeg 300w, https:\/\/cuernavaca.gob.mx\/wp-content\/uploads\/2022\/12\/comite-etica-cuernavaca-5-768x482.jpeg 768w, https:\/\/cuernavaca.gob.mx\/wp-content\/uploads\/2022\/12\/comite-etica-cuernavaca-5-600x376.jpeg 600w, https:\/\/cuernavaca.gob.mx\/wp-content\/uploads\/2022\/12\/comite-etica-cuernavaca-5-560x351.jpeg 560w, https:\/\/cuernavaca.gob.mx\/wp-content\/uploads\/2022\/12\/comite-etica-cuernavaca-5.jpeg 1280w\" sizes=\"(max-width: 1024px) 100vw, 1024px\" \/><\/figure>\n<\/figure>\n","protected":false},"excerpt":{"rendered":"<p>El presidente municipal, Jos\u00e9 Luis Uri\u00f3stegui, resalt\u00f3 que no solo se trata solo de cumplir con un horario y ciertas funciones, sino de realizar cada acto con apego a la El Ayuntamiento de Cuernavaca reconoce que para prevenir la corrupci\u00f3n y aumentar la confianza de las y los ciudadanos es indispensable la construcci\u00f3n de una [&hellip;]<\/p>\n","protected":false},"author":1,"featured_media":23103,"comment_status":"closed","ping_status":"open","sticky":false,"template":"","format":"standard","meta":[],"categories":[20],"tags":[200,158,121,2321,1929,120,206,2755],"aioseo_notices":[],"_links":{"self":[{"href":"https:\/\/cuernavaca.gob.mx\/index.php?rest_route=\/wp\/v2\/posts\/23101"}],"collection":[{"href":"https:\/\/cuernavaca.gob.mx\/index.php?rest_route=\/wp\/v2\/posts"}],"about":[{"href":"https:\/\/cuernavaca.gob.mx\/index.php?rest_route=\/wp\/v2\/types\/post"}],"author":[{"embeddable":true,"href":"https:\/\/cuernavaca.gob.mx\/index.php?rest_route=\/wp\/v2\/users\/1"}],"replies":[{"embeddable":true,"href":"https:\/\/cuernavaca.gob.mx\/index.php?rest_route=%2Fwp%2Fv2%2Fcomments&post=23101"}],"version-history":[{"count":1,"href":"https:\/\/cuernavaca.gob.mx\/index.php?rest_route=\/wp\/v2\/posts\/23101\/revisions"}],"predecessor-version":[{"id":23107,"href":"https:\/\/cuernavaca.gob.mx\/index.php?rest_route=\/wp\/v2\/posts\/23101\/revisions\/23107"}],"wp:featuredmedia":[{"embeddable":true,"href":"https:\/\/cuernavaca.gob.mx\/index.php?rest_route=\/wp\/v2\/media\/23103"}],"wp:attachment":[{"href":"https:\/\/cuernavaca.gob.mx\/index.php?rest_route=%2Fwp%2Fv2%2Fmedia&parent=23101"}],"wp:term":[{"taxonomy":"category","embeddable":true,"href":"https:\/\/cuernavaca.gob.mx\/index.php?rest_route=%2Fwp%2Fv2%2Fcategories&post=23101"},{"taxonomy":"post_tag","embeddable":true,"href":"https:\/\/cuernavaca.gob.mx\/index.php?rest_route=%2Fwp%2Fv2%2Ftags&post=23101"}],"curies":[{"name":"wp","href":"https:\/\/api.w.org\/{rel}","templated":true}]}}