{"id":23129,"date":"2022-12-18T14:45:00","date_gmt":"2022-12-18T20:45:00","guid":{"rendered":"https:\/\/cuernavaca.gob.mx\/?p=23129"},"modified":"2025-05-06T12:25:14","modified_gmt":"2025-05-06T18:25:14","slug":"b603-18-12-22-apuesta-gobierno-municipal-a-la-participacion-para-consolidar-los-procesos-de-construccion-de-paz-en-cuernavaca","status":"publish","type":"post","link":"https:\/\/cuernavaca.gob.mx\/?p=23129","title":{"rendered":"B603 18\/12\/22 APUESTA GOBIERNO MUNICIPAL A LA PARTICIPACI\u00d3N PARA CONSOLIDAR LOS PROCESOS DE CONSTRUCCI\u00d3N DE PAZ EN CUERNAVACA"},"content":{"rendered":"\n<ul><li>A unos d\u00edas de cumplirse un a\u00f1o de la administraci\u00f3n 2022-2024, el Secretariado Ejecutivo del Consejo Municipal de Seguridad registra avances en la recuperaci\u00f3n del tejido social de la mano ciudadana<\/li><li>En los meses de octubre a noviembre beneficiaron de manera directa a ocho mil 600 cuernavacenses en materia de capacitaciones y con la instalaci\u00f3n de comit\u00e9s de consulta y participaci\u00f3n ciudadana<\/li><\/ul>\n\n\n\n<p>En el marco del primer a\u00f1o de administraci\u00f3n encabezada por Jos\u00e9 Luis Uri\u00f3stegui Salgado, el Secretariado Ejecutivo del Consejo Municipal de Seguridad P\u00fablica sigue involucrando a m\u00e1s personas en los procesos de construcci\u00f3n de paz, promoviendo la corresponsabilidad en la prevenci\u00f3n del delito para que Cuernavaca cuente con mejores condiciones de seguridad, recuperando el tejido social.<\/p>\n\n\n\n<p>Al rendir un informe de actividades correspondientes a los meses de octubre y noviembre en el seno del Consejo Municipal de Seguridad, el secretariado ejecutivo, Marco Olvera Benedicto, inform\u00f3 que en este periodo se han beneficiado de manera directa a ocho mil 600 cuernavacenses en materia de capacitaciones y con la instalaci\u00f3n de los comit\u00e9s de consulta y participaci\u00f3n ciudadana, como los Comit\u00e9s de Vigilancia Vecinal (COMVIVES), o Redes de Mujeres Constructoras de Paz (MUCPAZ), los cuales se derivan en la realizaci\u00f3n de marchas exploratorias enfocadas a la prevenci\u00f3n.<\/p>\n\n\n\n<p>En este sentido, explic\u00f3 que siguiendo los lineamientos, no solo a nivel estatal, sino tambi\u00e9n los Modelos de Atenci\u00f3n de la Violencia a nivel mundial, han llevado a cabo m\u00e1s de 30 marchas exploratorias en el presente a\u00f1o, entre seis a ocho cada mes a lo largo y ancho del municipio, mismas que son solicitadas por la propia poblaci\u00f3n de manera directa, a trav\u00e9s de la Secretar\u00eda de Protecci\u00f3n y Auxilio Ciudadano (SEPRAC) o en Cabildos Abiertos donde expresan situaciones de seguridad.<\/p>\n\n\n\n<p>Las marchas exploratorias permiten documentar de manera sistem\u00e1tica y con la ciudadan\u00eda informaci\u00f3n relevante del lugar en donde se origina el problema de seguridad para implementar acciones integrales y eficientes que disminuyan la violencia y delincuencia, manteniendo una cercan\u00eda entre el gobierno y la comunidad.<\/p>\n\n\n\n<p>Ante el presidente municipal, Jos\u00e9 Luis Uri\u00f3stegui; la s\u00edndica municipal, Ver\u00f3nica Atenco P\u00e9rez; la titular de SEPRAC, Alicia V\u00e1zquez Luna; as\u00ed como consejeras y consejeros ciudadanos, puso como ejemplo una marcha exploratoria efectuada el 24 de noviembre en Avenida Universidad, recorriendo alrededor de 1.5 kil\u00f3metros, con una duraci\u00f3n de m\u00e1s de 2 horas, lo anterior coordinada por el Secretariado Ejecutivo y las Regidur\u00edas de Seguridad P\u00fablica y Tr\u00e1nsito y Participaci\u00f3n Ciudadana.<\/p>\n\n\n\n<p>Durante el recorrido se identificaron y atendieron los diferentes puntos que presentan riesgos y vulnerabilidades para la ciudadan\u00eda que transita diariamente por esta arteria, en su mayor\u00eda estudiantes universitarios, por lo cual se cont\u00f3 con la presencia de la Federaci\u00f3n de Estudiantes Universitarios (FEUM).<\/p>\n\n\n\n<p>De igual forma, estuvieron presentes la SEPRAC, el Centro Estatal de Prevenci\u00f3n de la Violencia, la Secretar\u00eda de Desarrollo Humano y Participaci\u00f3n Social, la Secretar\u00eda de Desarrollo Sustentable y Servicios P\u00fablicos, la Secretar\u00eda de Desarrollo Urbano y Obras P\u00fablicas, el Instituto de la Mujer, la Direcci\u00f3n de Proyectos, la Direcci\u00f3n de Verificaci\u00f3n Normativa, SAPAC y Comunicaci\u00f3n Social, como parte de esta supervisi\u00f3n integral.<\/p>\n\n\n\n<figure class=\"wp-container-2 wp-block-gallery-1 wp-block-gallery has-nested-images columns-default is-cropped\">\n<figure class=\"wp-block-image size-large\"><img loading=\"lazy\" width=\"1024\" height=\"682\" data-id=\"23130\"  src=\"https:\/\/cuernavaca.gob.mx\/wp-content\/uploads\/2022\/12\/seguridad-cuernavaca-1-2-1024x682.jpeg\" alt=\"\" class=\"wp-image-23130\" srcset=\"https:\/\/cuernavaca.gob.mx\/wp-content\/uploads\/2022\/12\/seguridad-cuernavaca-1-2-1024x682.jpeg 1024w, https:\/\/cuernavaca.gob.mx\/wp-content\/uploads\/2022\/12\/seguridad-cuernavaca-1-2-300x200.jpeg 300w, https:\/\/cuernavaca.gob.mx\/wp-content\/uploads\/2022\/12\/seguridad-cuernavaca-1-2-768x512.jpeg 768w, https:\/\/cuernavaca.gob.mx\/wp-content\/uploads\/2022\/12\/seguridad-cuernavaca-1-2-600x400.jpeg 600w, https:\/\/cuernavaca.gob.mx\/wp-content\/uploads\/2022\/12\/seguridad-cuernavaca-1-2-560x373.jpeg 560w, https:\/\/cuernavaca.gob.mx\/wp-content\/uploads\/2022\/12\/seguridad-cuernavaca-1-2.jpeg 1280w\" sizes=\"(max-width: 1024px) 100vw, 1024px\" \/><\/figure>\n\n\n\n<figure class=\"wp-block-image size-large\"><img loading=\"lazy\" width=\"1024\" height=\"682\" data-id=\"23131\"  src=\"https:\/\/cuernavaca.gob.mx\/wp-content\/uploads\/2022\/12\/seguridad-cuernavaca-2-2-1024x682.jpeg\" alt=\"\" class=\"wp-image-23131\" srcset=\"https:\/\/cuernavaca.gob.mx\/wp-content\/uploads\/2022\/12\/seguridad-cuernavaca-2-2-1024x682.jpeg 1024w, https:\/\/cuernavaca.gob.mx\/wp-content\/uploads\/2022\/12\/seguridad-cuernavaca-2-2-300x200.jpeg 300w, https:\/\/cuernavaca.gob.mx\/wp-content\/uploads\/2022\/12\/seguridad-cuernavaca-2-2-768x512.jpeg 768w, https:\/\/cuernavaca.gob.mx\/wp-content\/uploads\/2022\/12\/seguridad-cuernavaca-2-2-600x400.jpeg 600w, https:\/\/cuernavaca.gob.mx\/wp-content\/uploads\/2022\/12\/seguridad-cuernavaca-2-2-560x373.jpeg 560w, https:\/\/cuernavaca.gob.mx\/wp-content\/uploads\/2022\/12\/seguridad-cuernavaca-2-2.jpeg 1280w\" sizes=\"(max-width: 1024px) 100vw, 1024px\" \/><\/figure>\n\n\n\n<figure class=\"wp-block-image size-large\"><img loading=\"lazy\" width=\"1024\" height=\"683\" data-id=\"23132\"  src=\"https:\/\/cuernavaca.gob.mx\/wp-content\/uploads\/2022\/12\/seguridad-cuernavaca-3-2-1024x683.jpeg\" alt=\"\" class=\"wp-image-23132\" srcset=\"https:\/\/cuernavaca.gob.mx\/wp-content\/uploads\/2022\/12\/seguridad-cuernavaca-3-2-1024x683.jpeg 1024w, https:\/\/cuernavaca.gob.mx\/wp-content\/uploads\/2022\/12\/seguridad-cuernavaca-3-2-300x200.jpeg 300w, https:\/\/cuernavaca.gob.mx\/wp-content\/uploads\/2022\/12\/seguridad-cuernavaca-3-2-768x512.jpeg 768w, https:\/\/cuernavaca.gob.mx\/wp-content\/uploads\/2022\/12\/seguridad-cuernavaca-3-2-600x400.jpeg 600w, https:\/\/cuernavaca.gob.mx\/wp-content\/uploads\/2022\/12\/seguridad-cuernavaca-3-2-560x373.jpeg 560w, https:\/\/cuernavaca.gob.mx\/wp-content\/uploads\/2022\/12\/seguridad-cuernavaca-3-2.jpeg 1080w\" sizes=\"(max-width: 1024px) 100vw, 1024px\" \/><\/figure>\n\n\n\n<figure class=\"wp-block-image size-large\"><img loading=\"lazy\" width=\"1024\" height=\"683\" data-id=\"23134\"  src=\"https:\/\/cuernavaca.gob.mx\/wp-content\/uploads\/2022\/12\/seguridad-cuernavaca-4-2-1024x683.jpeg\" alt=\"\" class=\"wp-image-23134\" srcset=\"https:\/\/cuernavaca.gob.mx\/wp-content\/uploads\/2022\/12\/seguridad-cuernavaca-4-2-1024x683.jpeg 1024w, https:\/\/cuernavaca.gob.mx\/wp-content\/uploads\/2022\/12\/seguridad-cuernavaca-4-2-300x200.jpeg 300w, https:\/\/cuernavaca.gob.mx\/wp-content\/uploads\/2022\/12\/seguridad-cuernavaca-4-2-768x512.jpeg 768w, https:\/\/cuernavaca.gob.mx\/wp-content\/uploads\/2022\/12\/seguridad-cuernavaca-4-2-600x400.jpeg 600w, https:\/\/cuernavaca.gob.mx\/wp-content\/uploads\/2022\/12\/seguridad-cuernavaca-4-2-560x373.jpeg 560w, https:\/\/cuernavaca.gob.mx\/wp-content\/uploads\/2022\/12\/seguridad-cuernavaca-4-2.jpeg 1080w\" sizes=\"(max-width: 1024px) 100vw, 1024px\" \/><\/figure>\n\n\n\n<figure class=\"wp-block-image size-large\"><img loading=\"lazy\" width=\"1024\" height=\"683\" data-id=\"23136\"  src=\"https:\/\/cuernavaca.gob.mx\/wp-content\/uploads\/2022\/12\/seguridad-cuernavaca-5-2-1024x683.jpeg\" alt=\"\" class=\"wp-image-23136\" srcset=\"https:\/\/cuernavaca.gob.mx\/wp-content\/uploads\/2022\/12\/seguridad-cuernavaca-5-2-1024x683.jpeg 1024w, https:\/\/cuernavaca.gob.mx\/wp-content\/uploads\/2022\/12\/seguridad-cuernavaca-5-2-300x200.jpeg 300w, https:\/\/cuernavaca.gob.mx\/wp-content\/uploads\/2022\/12\/seguridad-cuernavaca-5-2-768x512.jpeg 768w, https:\/\/cuernavaca.gob.mx\/wp-content\/uploads\/2022\/12\/seguridad-cuernavaca-5-2-600x400.jpeg 600w, https:\/\/cuernavaca.gob.mx\/wp-content\/uploads\/2022\/12\/seguridad-cuernavaca-5-2-560x373.jpeg 560w, https:\/\/cuernavaca.gob.mx\/wp-content\/uploads\/2022\/12\/seguridad-cuernavaca-5-2.jpeg 1080w\" sizes=\"(max-width: 1024px) 100vw, 1024px\" \/><\/figure>\n\n\n\n<figure class=\"wp-block-image size-large\"><img loading=\"lazy\" width=\"1024\" height=\"683\" data-id=\"23133\"  src=\"https:\/\/cuernavaca.gob.mx\/wp-content\/uploads\/2022\/12\/seguridad-cuernavaca-6-2-1024x683.jpeg\" alt=\"\" class=\"wp-image-23133\" srcset=\"https:\/\/cuernavaca.gob.mx\/wp-content\/uploads\/2022\/12\/seguridad-cuernavaca-6-2-1024x683.jpeg 1024w, https:\/\/cuernavaca.gob.mx\/wp-content\/uploads\/2022\/12\/seguridad-cuernavaca-6-2-300x200.jpeg 300w, https:\/\/cuernavaca.gob.mx\/wp-content\/uploads\/2022\/12\/seguridad-cuernavaca-6-2-768x512.jpeg 768w, https:\/\/cuernavaca.gob.mx\/wp-content\/uploads\/2022\/12\/seguridad-cuernavaca-6-2-600x400.jpeg 600w, https:\/\/cuernavaca.gob.mx\/wp-content\/uploads\/2022\/12\/seguridad-cuernavaca-6-2-560x373.jpeg 560w, https:\/\/cuernavaca.gob.mx\/wp-content\/uploads\/2022\/12\/seguridad-cuernavaca-6-2.jpeg 1080w\" sizes=\"(max-width: 1024px) 100vw, 1024px\" \/><\/figure>\n\n\n\n<figure class=\"wp-block-image size-large\"><img loading=\"lazy\" width=\"1024\" height=\"682\" data-id=\"23135\"  src=\"https:\/\/cuernavaca.gob.mx\/wp-content\/uploads\/2022\/12\/seguridad-cuernavaca-7-2-1024x682.jpeg\" alt=\"\" class=\"wp-image-23135\" srcset=\"https:\/\/cuernavaca.gob.mx\/wp-content\/uploads\/2022\/12\/seguridad-cuernavaca-7-2-1024x682.jpeg 1024w, https:\/\/cuernavaca.gob.mx\/wp-content\/uploads\/2022\/12\/seguridad-cuernavaca-7-2-300x200.jpeg 300w, https:\/\/cuernavaca.gob.mx\/wp-content\/uploads\/2022\/12\/seguridad-cuernavaca-7-2-768x512.jpeg 768w, https:\/\/cuernavaca.gob.mx\/wp-content\/uploads\/2022\/12\/seguridad-cuernavaca-7-2-600x400.jpeg 600w, https:\/\/cuernavaca.gob.mx\/wp-content\/uploads\/2022\/12\/seguridad-cuernavaca-7-2-560x373.jpeg 560w, https:\/\/cuernavaca.gob.mx\/wp-content\/uploads\/2022\/12\/seguridad-cuernavaca-7-2.jpeg 1280w\" sizes=\"(max-width: 1024px) 100vw, 1024px\" \/><\/figure>\n<\/figure>\n","protected":false},"excerpt":{"rendered":"<p>A unos d\u00edas de cumplirse un a\u00f1o de la administraci\u00f3n 2022-2024, el Secretariado Ejecutivo del Consejo Municipal de Seguridad registra avances en la recuperaci\u00f3n del tejido social de la mano ciudadana En los meses de octubre a noviembre beneficiaron de manera directa a ocho mil 600 cuernavacenses en materia de capacitaciones y con la instalaci\u00f3n [&hellip;]<\/p>\n","protected":false},"author":1,"featured_media":23135,"comment_status":"closed","ping_status":"open","sticky":false,"template":"","format":"standard","meta":[],"categories":[17],"tags":[121,1953,1017,120,206,414,1583,125],"aioseo_notices":[],"_links":{"self":[{"href":"https:\/\/cuernavaca.gob.mx\/index.php?rest_route=\/wp\/v2\/posts\/23129"}],"collection":[{"href":"https:\/\/cuernavaca.gob.mx\/index.php?rest_route=\/wp\/v2\/posts"}],"about":[{"href":"https:\/\/cuernavaca.gob.mx\/index.php?rest_route=\/wp\/v2\/types\/post"}],"author":[{"embeddable":true,"href":"https:\/\/cuernavaca.gob.mx\/index.php?rest_route=\/wp\/v2\/users\/1"}],"replies":[{"embeddable":true,"href":"https:\/\/cuernavaca.gob.mx\/index.php?rest_route=%2Fwp%2Fv2%2Fcomments&post=23129"}],"version-history":[{"count":1,"href":"https:\/\/cuernavaca.gob.mx\/index.php?rest_route=\/wp\/v2\/posts\/23129\/revisions"}],"predecessor-version":[{"id":23137,"href":"https:\/\/cuernavaca.gob.mx\/index.php?rest_route=\/wp\/v2\/posts\/23129\/revisions\/23137"}],"wp:featuredmedia":[{"embeddable":true,"href":"https:\/\/cuernavaca.gob.mx\/index.php?rest_route=\/wp\/v2\/media\/23135"}],"wp:attachment":[{"href":"https:\/\/cuernavaca.gob.mx\/index.php?rest_route=%2Fwp%2Fv2%2Fmedia&parent=23129"}],"wp:term":[{"taxonomy":"category","embeddable":true,"href":"https:\/\/cuernavaca.gob.mx\/index.php?rest_route=%2Fwp%2Fv2%2Fcategories&post=23129"},{"taxonomy":"post_tag","embeddable":true,"href":"https:\/\/cuernavaca.gob.mx\/index.php?rest_route=%2Fwp%2Fv2%2Ftags&post=23129"}],"curies":[{"name":"wp","href":"https:\/\/api.w.org\/{rel}","templated":true}]}}