{"id":23138,"date":"2022-12-18T15:00:00","date_gmt":"2022-12-18T21:00:00","guid":{"rendered":"https:\/\/cuernavaca.gob.mx\/?p=23138"},"modified":"2025-05-06T12:25:14","modified_gmt":"2025-05-06T18:25:14","slug":"b604-ayuntamiento-de-cuernavaca-y-sistema-municipal-dif-se-sumaran-al-modelo-de-la-educacion-dual","status":"publish","type":"post","link":"https:\/\/cuernavaca.gob.mx\/?p=23138","title":{"rendered":"B604 18\/12\/22  AYUNTAMIENTO DE CUERNAVACA Y SISTEMA MUNICIPAL DIF SE SUMAR\u00c1N AL MODELO DE LA EDUCACI\u00d3N DUAL"},"content":{"rendered":"\n<ul><li><strong>Ser\u00e1n los primeros a nivel estatal en implementar esta opci\u00f3n educativa en la administraci\u00f3n p\u00fablica municipal que persigue la vinculaci\u00f3n arm\u00f3nica de la teor\u00eda y la pr\u00e1ctica<\/strong><\/li><\/ul>\n\n\n\n<ul><li><strong>El presidente municipal, Jos\u00e9 Luis Uri\u00f3stegui Salgado, encabez\u00f3 la presentaci\u00f3n del proyecto &#8220;Ampliaci\u00f3n de la educaci\u00f3n dual a las instituciones de la administraci\u00f3n p\u00fablica en M\u00e9xico&#8221;, organizado por la SEP, a trav\u00e9s de la Subsecretar\u00eda de Educaci\u00f3n Media Superior, con el apoyo de la agencia de Cooperaci\u00f3n Alemana al Desarrollo Sostenible GIZ<\/strong><\/li><\/ul>\n\n\n\n<p>El Ayuntamiento de Cuernavaca y el Sistema DIF Municipal ser\u00e1n los primeros a nivel estatal en implementar la educaci\u00f3n dual en la administraci\u00f3n p\u00fablica, como una opci\u00f3n educativa que persigue la vinculaci\u00f3n arm\u00f3nica de la teor\u00eda y la pr\u00e1ctica, fortaleciendo al municipio con el aprendizaje de las y los estudiantes, al mismo tiempo que se generan oportunidades laborales para la juventud.<\/p>\n\n\n\n<p>El presidente municipal de Cuernavaca, Jos\u00e9 Luis Uri\u00f3stegui Salgado, acompa\u00f1ado de su esposa, Luz Mar\u00eda Zagal Guzm\u00e1n, presidenta del Sistema Municipal DIF, abri\u00f3 las puertas de la sede Papagayo para la presentaci\u00f3n del proyecto &#8220;Ampliaci\u00f3n de la educaci\u00f3n dual a las instituciones de la administraci\u00f3n p\u00fablica en M\u00e9xico&#8221;, encabezado por la Secretar\u00eda de Educaci\u00f3n P\u00fablica (SEP), a trav\u00e9s de la Subsecretar\u00eda de Educaci\u00f3n Media Superior, con el apoyo de la agencia de Cooperaci\u00f3n Alemana al Desarrollo Sostenible GIZ.<\/p>\n\n\n\n<p>Al uso de la palabra, el director del Programa para la Consolidaci\u00f3n y Escalamiento del Sistema de Educaci\u00f3n Dual en M\u00e9xico GIZ, Torsten Klinke, asever\u00f3 que despu\u00e9s de seis a\u00f1os de estar apoyando a la SEP en la implementaci\u00f3n del modelo en todo el pa\u00eds, que cuenta a la fecha con m\u00e1s de 27 mil estudiantes que se forman o se han formado en la educaci\u00f3n dual, por fin logran ingresar al estado de Morelos con esta reuni\u00f3n sin precedentes, siendo fundamental que se pueda comenzar a aplicar en la administraci\u00f3n p\u00fablica siguiendo el ejemplo de diversos pa\u00edses europeos.<\/p>\n\n\n\n<p>&#8220;En Alemania, Suiza y Austria es normal que los j\u00f3venes realmente apliquen y realicen sus carreras de forma dual, es decir, est\u00e1n dentro del plantel, pero tambi\u00e9n dentro de las oficinas del sector p\u00fablico y por eso me da mucho gusto estar aqu\u00ed gracias a la invitaci\u00f3n del alcalde&#8221;, expres\u00f3.<\/p>\n\n\n\n<p>A su vez, el mandatario local, Jos\u00e9 Luis Uri\u00f3stegui, se\u00f1al\u00f3 que resulta conveniente para la administraci\u00f3n p\u00fablica municipal ampliar esta opci\u00f3n educativa que abrir\u00e1 escenarios importantes, ya que el contar con una formaci\u00f3n m\u00e1s profunda permitir\u00e1, por un lado garantizar que quienes ingresen al servicio p\u00fablico tengan los conocimientos adecuados, y por otro lado, desde la \u00f3ptica de las instituciones, tener la garant\u00eda de que estas personas van a tener un espacio laboral y un desarrollo de largo plazo.<\/p>\n\n\n\n<p>&#8220;Nos interesa mucho dar oportunidad a quienes est\u00e1n aprendido alg\u00fan conocimiento relacionado con la administraci\u00f3n p\u00fablica municipal en sus ampl\u00edsimos campos porque hoy tenemos desde servicios p\u00fablicos relacionados con agua potable, tratamiento de aguas, aguas pluviales, alumbrado p\u00fablico, panteones, jardines, entre otras \u00e1reas, que se vinculan con temas administrativos de recursos p\u00fablicos, entre otros&#8221;, acot\u00f3.<\/p>\n\n\n\n<p>En el taller participaron por parte del Ayuntamiento capitalino el secretario de Administraci\u00f3n, Israel Y\u00fadico Herrera y el director general del Instituto Municipal de Planeaci\u00f3n (IMPLAN), Carlos Hern\u00e1ndez Ad\u00e1n, as\u00ed como autoridades del Instituto Nacional de Migraci\u00f3n, Conalep Morelos, de la agencia de Cooperaci\u00f3n Alemana al Desarrollo Sostenible GIZ y de la SEP, quienes estuvieron presentes por modalidad en l\u00ednea.<\/p>\n\n\n\n<figure class=\"wp-container-2 wp-block-gallery-1 wp-block-gallery has-nested-images columns-default is-cropped\">\n<figure class=\"wp-block-image size-large\"><img loading=\"lazy\" width=\"1024\" height=\"683\" data-id=\"23139\"  src=\"https:\/\/cuernavaca.gob.mx\/wp-content\/uploads\/2022\/12\/dif-cuernavaca-1-1024x683.jpeg\" alt=\"\" class=\"wp-image-23139\" srcset=\"https:\/\/cuernavaca.gob.mx\/wp-content\/uploads\/2022\/12\/dif-cuernavaca-1-1024x683.jpeg 1024w, https:\/\/cuernavaca.gob.mx\/wp-content\/uploads\/2022\/12\/dif-cuernavaca-1-300x200.jpeg 300w, https:\/\/cuernavaca.gob.mx\/wp-content\/uploads\/2022\/12\/dif-cuernavaca-1-768x512.jpeg 768w, https:\/\/cuernavaca.gob.mx\/wp-content\/uploads\/2022\/12\/dif-cuernavaca-1-1536x1024.jpeg 1536w, https:\/\/cuernavaca.gob.mx\/wp-content\/uploads\/2022\/12\/dif-cuernavaca-1-600x400.jpeg 600w, https:\/\/cuernavaca.gob.mx\/wp-content\/uploads\/2022\/12\/dif-cuernavaca-1-560x373.jpeg 560w, https:\/\/cuernavaca.gob.mx\/wp-content\/uploads\/2022\/12\/dif-cuernavaca-1.jpeg 1599w\" sizes=\"(max-width: 1024px) 100vw, 1024px\" \/><\/figure>\n\n\n\n<figure class=\"wp-block-image size-large\"><img loading=\"lazy\" width=\"1024\" height=\"683\" data-id=\"23143\"  src=\"https:\/\/cuernavaca.gob.mx\/wp-content\/uploads\/2022\/12\/dif-cuernavaca-2-1024x683.jpeg\" alt=\"\" class=\"wp-image-23143\" srcset=\"https:\/\/cuernavaca.gob.mx\/wp-content\/uploads\/2022\/12\/dif-cuernavaca-2-1024x683.jpeg 1024w, https:\/\/cuernavaca.gob.mx\/wp-content\/uploads\/2022\/12\/dif-cuernavaca-2-300x200.jpeg 300w, https:\/\/cuernavaca.gob.mx\/wp-content\/uploads\/2022\/12\/dif-cuernavaca-2-768x512.jpeg 768w, https:\/\/cuernavaca.gob.mx\/wp-content\/uploads\/2022\/12\/dif-cuernavaca-2-1536x1024.jpeg 1536w, https:\/\/cuernavaca.gob.mx\/wp-content\/uploads\/2022\/12\/dif-cuernavaca-2-600x400.jpeg 600w, https:\/\/cuernavaca.gob.mx\/wp-content\/uploads\/2022\/12\/dif-cuernavaca-2-560x373.jpeg 560w, https:\/\/cuernavaca.gob.mx\/wp-content\/uploads\/2022\/12\/dif-cuernavaca-2.jpeg 1599w\" sizes=\"(max-width: 1024px) 100vw, 1024px\" \/><\/figure>\n\n\n\n<figure class=\"wp-block-image size-large\"><img loading=\"lazy\" width=\"1024\" height=\"683\" data-id=\"23141\"  src=\"https:\/\/cuernavaca.gob.mx\/wp-content\/uploads\/2022\/12\/dif-cuernavaca-3-1024x683.jpeg\" alt=\"\" class=\"wp-image-23141\" srcset=\"https:\/\/cuernavaca.gob.mx\/wp-content\/uploads\/2022\/12\/dif-cuernavaca-3-1024x683.jpeg 1024w, https:\/\/cuernavaca.gob.mx\/wp-content\/uploads\/2022\/12\/dif-cuernavaca-3-300x200.jpeg 300w, https:\/\/cuernavaca.gob.mx\/wp-content\/uploads\/2022\/12\/dif-cuernavaca-3-768x512.jpeg 768w, https:\/\/cuernavaca.gob.mx\/wp-content\/uploads\/2022\/12\/dif-cuernavaca-3-1536x1024.jpeg 1536w, https:\/\/cuernavaca.gob.mx\/wp-content\/uploads\/2022\/12\/dif-cuernavaca-3-600x400.jpeg 600w, https:\/\/cuernavaca.gob.mx\/wp-content\/uploads\/2022\/12\/dif-cuernavaca-3-560x373.jpeg 560w, https:\/\/cuernavaca.gob.mx\/wp-content\/uploads\/2022\/12\/dif-cuernavaca-3.jpeg 1599w\" sizes=\"(max-width: 1024px) 100vw, 1024px\" \/><\/figure>\n\n\n\n<figure class=\"wp-block-image size-large\"><img loading=\"lazy\" width=\"1024\" height=\"683\" data-id=\"23140\"  src=\"https:\/\/cuernavaca.gob.mx\/wp-content\/uploads\/2022\/12\/dif-cuernavaca-4-1024x683.jpeg\" alt=\"\" class=\"wp-image-23140\" srcset=\"https:\/\/cuernavaca.gob.mx\/wp-content\/uploads\/2022\/12\/dif-cuernavaca-4-1024x683.jpeg 1024w, https:\/\/cuernavaca.gob.mx\/wp-content\/uploads\/2022\/12\/dif-cuernavaca-4-300x200.jpeg 300w, https:\/\/cuernavaca.gob.mx\/wp-content\/uploads\/2022\/12\/dif-cuernavaca-4-768x512.jpeg 768w, https:\/\/cuernavaca.gob.mx\/wp-content\/uploads\/2022\/12\/dif-cuernavaca-4-1536x1024.jpeg 1536w, https:\/\/cuernavaca.gob.mx\/wp-content\/uploads\/2022\/12\/dif-cuernavaca-4-600x400.jpeg 600w, https:\/\/cuernavaca.gob.mx\/wp-content\/uploads\/2022\/12\/dif-cuernavaca-4-560x373.jpeg 560w, https:\/\/cuernavaca.gob.mx\/wp-content\/uploads\/2022\/12\/dif-cuernavaca-4.jpeg 1599w\" sizes=\"(max-width: 1024px) 100vw, 1024px\" \/><\/figure>\n\n\n\n<figure class=\"wp-block-image size-large\"><img loading=\"lazy\" width=\"1024\" height=\"683\" data-id=\"23144\"  src=\"https:\/\/cuernavaca.gob.mx\/wp-content\/uploads\/2022\/12\/dif-cuernavaca-5-1024x683.jpeg\" alt=\"\" class=\"wp-image-23144\" srcset=\"https:\/\/cuernavaca.gob.mx\/wp-content\/uploads\/2022\/12\/dif-cuernavaca-5-1024x683.jpeg 1024w, https:\/\/cuernavaca.gob.mx\/wp-content\/uploads\/2022\/12\/dif-cuernavaca-5-300x200.jpeg 300w, https:\/\/cuernavaca.gob.mx\/wp-content\/uploads\/2022\/12\/dif-cuernavaca-5-768x512.jpeg 768w, https:\/\/cuernavaca.gob.mx\/wp-content\/uploads\/2022\/12\/dif-cuernavaca-5-1536x1024.jpeg 1536w, https:\/\/cuernavaca.gob.mx\/wp-content\/uploads\/2022\/12\/dif-cuernavaca-5-600x400.jpeg 600w, https:\/\/cuernavaca.gob.mx\/wp-content\/uploads\/2022\/12\/dif-cuernavaca-5-560x373.jpeg 560w, https:\/\/cuernavaca.gob.mx\/wp-content\/uploads\/2022\/12\/dif-cuernavaca-5.jpeg 1599w\" sizes=\"(max-width: 1024px) 100vw, 1024px\" \/><\/figure>\n\n\n\n<figure class=\"wp-block-image size-large\"><img loading=\"lazy\" width=\"1024\" height=\"683\" data-id=\"23146\"  src=\"https:\/\/cuernavaca.gob.mx\/wp-content\/uploads\/2022\/12\/dif-cuernavaca-6-1024x683.jpeg\" alt=\"\" class=\"wp-image-23146\" srcset=\"https:\/\/cuernavaca.gob.mx\/wp-content\/uploads\/2022\/12\/dif-cuernavaca-6-1024x683.jpeg 1024w, https:\/\/cuernavaca.gob.mx\/wp-content\/uploads\/2022\/12\/dif-cuernavaca-6-300x200.jpeg 300w, https:\/\/cuernavaca.gob.mx\/wp-content\/uploads\/2022\/12\/dif-cuernavaca-6-768x512.jpeg 768w, https:\/\/cuernavaca.gob.mx\/wp-content\/uploads\/2022\/12\/dif-cuernavaca-6-1536x1024.jpeg 1536w, https:\/\/cuernavaca.gob.mx\/wp-content\/uploads\/2022\/12\/dif-cuernavaca-6-600x400.jpeg 600w, https:\/\/cuernavaca.gob.mx\/wp-content\/uploads\/2022\/12\/dif-cuernavaca-6-560x373.jpeg 560w, https:\/\/cuernavaca.gob.mx\/wp-content\/uploads\/2022\/12\/dif-cuernavaca-6.jpeg 1599w\" sizes=\"(max-width: 1024px) 100vw, 1024px\" \/><\/figure>\n\n\n\n<figure class=\"wp-block-image size-large\"><img loading=\"lazy\" width=\"1024\" height=\"612\" data-id=\"23145\"  src=\"https:\/\/cuernavaca.gob.mx\/wp-content\/uploads\/2022\/12\/dif-cuernavaca-7-1024x612.jpeg\" alt=\"\" class=\"wp-image-23145\" srcset=\"https:\/\/cuernavaca.gob.mx\/wp-content\/uploads\/2022\/12\/dif-cuernavaca-7-1024x612.jpeg 1024w, https:\/\/cuernavaca.gob.mx\/wp-content\/uploads\/2022\/12\/dif-cuernavaca-7-300x179.jpeg 300w, https:\/\/cuernavaca.gob.mx\/wp-content\/uploads\/2022\/12\/dif-cuernavaca-7-768x459.jpeg 768w, https:\/\/cuernavaca.gob.mx\/wp-content\/uploads\/2022\/12\/dif-cuernavaca-7-1536x918.jpeg 1536w, https:\/\/cuernavaca.gob.mx\/wp-content\/uploads\/2022\/12\/dif-cuernavaca-7-600x359.jpeg 600w, https:\/\/cuernavaca.gob.mx\/wp-content\/uploads\/2022\/12\/dif-cuernavaca-7-560x335.jpeg 560w, https:\/\/cuernavaca.gob.mx\/wp-content\/uploads\/2022\/12\/dif-cuernavaca-7.jpeg 1600w\" sizes=\"(max-width: 1024px) 100vw, 1024px\" \/><\/figure>\n\n\n\n<figure class=\"wp-block-image size-large\"><img loading=\"lazy\" width=\"1024\" height=\"683\" data-id=\"23142\"  src=\"https:\/\/cuernavaca.gob.mx\/wp-content\/uploads\/2022\/12\/dif-cuernavaca-8-1024x683.jpeg\" alt=\"\" class=\"wp-image-23142\" srcset=\"https:\/\/cuernavaca.gob.mx\/wp-content\/uploads\/2022\/12\/dif-cuernavaca-8-1024x683.jpeg 1024w, https:\/\/cuernavaca.gob.mx\/wp-content\/uploads\/2022\/12\/dif-cuernavaca-8-300x200.jpeg 300w, https:\/\/cuernavaca.gob.mx\/wp-content\/uploads\/2022\/12\/dif-cuernavaca-8-768x512.jpeg 768w, https:\/\/cuernavaca.gob.mx\/wp-content\/uploads\/2022\/12\/dif-cuernavaca-8-1536x1024.jpeg 1536w, https:\/\/cuernavaca.gob.mx\/wp-content\/uploads\/2022\/12\/dif-cuernavaca-8-600x400.jpeg 600w, https:\/\/cuernavaca.gob.mx\/wp-content\/uploads\/2022\/12\/dif-cuernavaca-8-560x373.jpeg 560w, https:\/\/cuernavaca.gob.mx\/wp-content\/uploads\/2022\/12\/dif-cuernavaca-8.jpeg 1599w\" sizes=\"(max-width: 1024px) 100vw, 1024px\" \/><\/figure>\n\n\n\n<figure class=\"wp-block-image size-large\"><img loading=\"lazy\" width=\"1024\" height=\"683\" data-id=\"23147\"  src=\"https:\/\/cuernavaca.gob.mx\/wp-content\/uploads\/2022\/12\/dif-cuernavaca-9-1024x683.jpeg\" alt=\"\" class=\"wp-image-23147\" srcset=\"https:\/\/cuernavaca.gob.mx\/wp-content\/uploads\/2022\/12\/dif-cuernavaca-9-1024x683.jpeg 1024w, https:\/\/cuernavaca.gob.mx\/wp-content\/uploads\/2022\/12\/dif-cuernavaca-9-300x200.jpeg 300w, https:\/\/cuernavaca.gob.mx\/wp-content\/uploads\/2022\/12\/dif-cuernavaca-9-768x512.jpeg 768w, https:\/\/cuernavaca.gob.mx\/wp-content\/uploads\/2022\/12\/dif-cuernavaca-9-1536x1024.jpeg 1536w, https:\/\/cuernavaca.gob.mx\/wp-content\/uploads\/2022\/12\/dif-cuernavaca-9-600x400.jpeg 600w, https:\/\/cuernavaca.gob.mx\/wp-content\/uploads\/2022\/12\/dif-cuernavaca-9-560x373.jpeg 560w, https:\/\/cuernavaca.gob.mx\/wp-content\/uploads\/2022\/12\/dif-cuernavaca-9.jpeg 1599w\" sizes=\"(max-width: 1024px) 100vw, 1024px\" \/><\/figure>\n<\/figure>\n","protected":false},"excerpt":{"rendered":"<p>Ser\u00e1n los primeros a nivel estatal en implementar esta opci\u00f3n educativa en la administraci\u00f3n p\u00fablica municipal que persigue la vinculaci\u00f3n arm\u00f3nica de la teor\u00eda y la pr\u00e1ctica El presidente municipal, Jos\u00e9 Luis Uri\u00f3stegui Salgado, encabez\u00f3 la presentaci\u00f3n del proyecto &#8220;Ampliaci\u00f3n de la educaci\u00f3n dual a las instituciones de la administraci\u00f3n p\u00fablica en M\u00e9xico&#8221;, organizado por [&hellip;]<\/p>\n","protected":false},"author":1,"featured_media":23145,"comment_status":"closed","ping_status":"open","sticky":false,"template":"","format":"standard","meta":[],"categories":[16],"tags":[2757,121,339,576,843,120,206],"aioseo_notices":[],"_links":{"self":[{"href":"https:\/\/cuernavaca.gob.mx\/index.php?rest_route=\/wp\/v2\/posts\/23138"}],"collection":[{"href":"https:\/\/cuernavaca.gob.mx\/index.php?rest_route=\/wp\/v2\/posts"}],"about":[{"href":"https:\/\/cuernavaca.gob.mx\/index.php?rest_route=\/wp\/v2\/types\/post"}],"author":[{"embeddable":true,"href":"https:\/\/cuernavaca.gob.mx\/index.php?rest_route=\/wp\/v2\/users\/1"}],"replies":[{"embeddable":true,"href":"https:\/\/cuernavaca.gob.mx\/index.php?rest_route=%2Fwp%2Fv2%2Fcomments&post=23138"}],"version-history":[{"count":2,"href":"https:\/\/cuernavaca.gob.mx\/index.php?rest_route=\/wp\/v2\/posts\/23138\/revisions"}],"predecessor-version":[{"id":23149,"href":"https:\/\/cuernavaca.gob.mx\/index.php?rest_route=\/wp\/v2\/posts\/23138\/revisions\/23149"}],"wp:featuredmedia":[{"embeddable":true,"href":"https:\/\/cuernavaca.gob.mx\/index.php?rest_route=\/wp\/v2\/media\/23145"}],"wp:attachment":[{"href":"https:\/\/cuernavaca.gob.mx\/index.php?rest_route=%2Fwp%2Fv2%2Fmedia&parent=23138"}],"wp:term":[{"taxonomy":"category","embeddable":true,"href":"https:\/\/cuernavaca.gob.mx\/index.php?rest_route=%2Fwp%2Fv2%2Fcategories&post=23138"},{"taxonomy":"post_tag","embeddable":true,"href":"https:\/\/cuernavaca.gob.mx\/index.php?rest_route=%2Fwp%2Fv2%2Ftags&post=23138"}],"curies":[{"name":"wp","href":"https:\/\/api.w.org\/{rel}","templated":true}]}}