{"id":23471,"date":"2022-12-28T19:05:00","date_gmt":"2022-12-29T01:05:00","guid":{"rendered":"https:\/\/cuernavaca.gob.mx\/?p=23471"},"modified":"2025-05-06T12:25:51","modified_gmt":"2025-05-06T18:25:51","slug":"b633-28-12-22-vecinos-de-la-calle-alegria-en-prados-de-cuernavaca-reciben-del-ayuntamiento-de-cuernavaca-rehabilitacion-de-red-de-agua-potable","status":"publish","type":"post","link":"https:\/\/cuernavaca.gob.mx\/?p=23471","title":{"rendered":"B633 28\/12\/22 VECINOS DE LA CALLE ALEGR\u00cdA EN PRADOS DE CUERNAVACA RECIBEN DEL AYUNTAMIENTO DE CUERNAVACA REHABILITACI\u00d3N DE RED DE AGUA POTABLE"},"content":{"rendered":"\n<p><strong>\u2022 En esta obra se ejercieron recursos del Ramo 33 &#8220;Fondo de Aportaciones para la Infraestructura Social Municipal y de las Demarcaciones&#8221; por $199, 998. 92 pesos.<\/strong><\/p>\n\n\n\n<p><strong>\u2022 Se beneficia a cerca de 100 habitantes con infraestructura que les permite contar con agua de manera constante<\/strong><\/p>\n\n\n\n<p>A partir de este mi\u00e9rcoles, vecinos de la calle Alegr\u00eda de la colonia Prados de Cuernavaca, cuentan con la Rehabilitaci\u00f3n de Red de agua potable en la calle Alegr\u00eda, donde el presidente municipal Jos\u00e9 Luis Uri\u00f3stegui Salgado, entreg\u00f3 de manera formal esta obra, que responde a las solicitudes que por m\u00e1s de 10 a\u00f1os ven\u00edan realizando quienes habitan en esta zona.<\/p>\n\n\n\n<p>Acompa\u00f1ado de las regidoras Paz Hern\u00e1ndez Pardo, Mirna Mireya Delgado Romero, Wendi Salinas Ruiz y de la delegada municipal de Benito Ju\u00e1rez Deyanira Hern\u00e1ndez y los titulares de las Secretar\u00edas de Desarrollo Urbano y Obras P\u00fablicas. Alejandro Rosas L\u00f3pez y de Desarrollo Sustentable y Servicios P\u00fablicos; as\u00ed como de de la directora del Instituto de la Mujer del municipio, Lorena Castillo Castillo, el alcalde de la ciudad se\u00f1al\u00f3 que cada una de las obras entregadas por esta administraci\u00f3n llevan un prop\u00f3sito, el mayor beneficio para el mayor n\u00famero de habitantes.<\/p>\n\n\n\n<p>Despu\u00e9s de muchos a\u00f1os de postergarse este proyecto, finalmente se entregaron estos trabajos que forman parte de las 41 obras del Plan Anual aprobado por el Cabildo, que consistieron en la instalaci\u00f3n de 146 metro lineales de tuber\u00eda, rehabilitaci\u00f3n de tomas domiciliarias, con una inversi\u00f3n de $199, 998. 92 pesos provenientes del Ramo 33 Fondo III &#8220;Fondo de Aportaciones para la Infraestructura Social Municipal y de las Demarcaciones, beneficiando a cerca de 100 vecinos, explic\u00f3 el director de Supervisi\u00f3n de Obra de la Secretar\u00eda de Desarrollo Urbano y Obras P\u00fablicas, Daniel L\u00f3pez Salazar.<\/p>\n\n\n\n<p>Jos\u00e9 Luis Uri\u00f3stegui se\u00f1al\u00f3 que lo que se busca con estas acciones es que la ciudadan\u00eda tenga satisfacciones a trav\u00e9s de las obras que se est\u00e1n entregando; se necesita dijo, de una ciudad m\u00e1s amable para la poblaci\u00f3n y en eso se est\u00e1 enfocando el Gobierno Municipal para hacerlo realidad.<\/p>\n\n\n\n<p>Y agreg\u00f3: \u201cEl desarrollo de la ciudad depende de que los servicios p\u00fablicos sean los adecuados y la calidad de vida de los habitantes sea mejor, esos son los principales objetivos que nos hemos trazado\u201d.<\/p>\n\n\n\n<p>En sus intervenciones, las regidoras Paz Hern\u00e1ndez y Wendi Salinas se pronunciaron porque al entregarse estas obras, los vecinos beneficiarios sean corresponsables con el cuidado del agua potable, pagando a tiempo sus contribuciones que son los que se necesitan para contar con m\u00e1s recursos para un mayor n\u00famero de obras, y celebraron que la ciudadan\u00eda de Cuernavaca este constatando que se est\u00e1 ejerciendo el presupuesto como debe ser, ya que son los vecinos los que vigilan el desarrollo de estos trabajos de construcci\u00f3n.<\/p>\n\n\n\n<p>La maestra Yolanda Esqueda, vecina beneficiada as\u00ed como Deyanira Hern\u00e1ndez, delegada Municipal de Benito Ju\u00e1rez, mostraron su agradecimiento a las autoridades municipales, al testimoniar que desde hace muchos a\u00f1os se hab\u00eda requerido esta obra sin respuesta de quienes sab\u00edan de la problem\u00e1tica de esta calle, acotando que aun y con la escasez de recursos, durante esta administraci\u00f3n se logra tener una infraestructura hidr\u00e1ulica que dota de agua a los residentes.<\/p>\n\n\n\n<figure class=\"wp-container-2 wp-block-gallery-1 wp-block-gallery has-nested-images columns-default is-cropped\">\n<figure class=\"wp-block-image size-large\"><img loading=\"lazy\" width=\"1024\" height=\"683\" data-id=\"23478\"  src=\"https:\/\/cuernavaca.gob.mx\/wp-content\/uploads\/2022\/12\/obra-red-de-agua-cuernavaca-1-1024x683.jpeg\" alt=\"\" class=\"wp-image-23478\" srcset=\"https:\/\/cuernavaca.gob.mx\/wp-content\/uploads\/2022\/12\/obra-red-de-agua-cuernavaca-1-1024x683.jpeg 1024w, https:\/\/cuernavaca.gob.mx\/wp-content\/uploads\/2022\/12\/obra-red-de-agua-cuernavaca-1-300x200.jpeg 300w, https:\/\/cuernavaca.gob.mx\/wp-content\/uploads\/2022\/12\/obra-red-de-agua-cuernavaca-1-768x512.jpeg 768w, https:\/\/cuernavaca.gob.mx\/wp-content\/uploads\/2022\/12\/obra-red-de-agua-cuernavaca-1-1536x1024.jpeg 1536w, https:\/\/cuernavaca.gob.mx\/wp-content\/uploads\/2022\/12\/obra-red-de-agua-cuernavaca-1-600x400.jpeg 600w, https:\/\/cuernavaca.gob.mx\/wp-content\/uploads\/2022\/12\/obra-red-de-agua-cuernavaca-1-560x373.jpeg 560w, https:\/\/cuernavaca.gob.mx\/wp-content\/uploads\/2022\/12\/obra-red-de-agua-cuernavaca-1.jpeg 1599w\" sizes=\"(max-width: 1024px) 100vw, 1024px\" \/><\/figure>\n\n\n\n<figure class=\"wp-block-image size-large\"><img loading=\"lazy\" width=\"1024\" height=\"683\" data-id=\"23479\"  src=\"https:\/\/cuernavaca.gob.mx\/wp-content\/uploads\/2022\/12\/obra-red-de-agua-cuernavaca-2-1024x683.jpeg\" alt=\"\" class=\"wp-image-23479\" srcset=\"https:\/\/cuernavaca.gob.mx\/wp-content\/uploads\/2022\/12\/obra-red-de-agua-cuernavaca-2-1024x683.jpeg 1024w, https:\/\/cuernavaca.gob.mx\/wp-content\/uploads\/2022\/12\/obra-red-de-agua-cuernavaca-2-300x200.jpeg 300w, https:\/\/cuernavaca.gob.mx\/wp-content\/uploads\/2022\/12\/obra-red-de-agua-cuernavaca-2-768x512.jpeg 768w, https:\/\/cuernavaca.gob.mx\/wp-content\/uploads\/2022\/12\/obra-red-de-agua-cuernavaca-2-1536x1024.jpeg 1536w, https:\/\/cuernavaca.gob.mx\/wp-content\/uploads\/2022\/12\/obra-red-de-agua-cuernavaca-2-600x400.jpeg 600w, https:\/\/cuernavaca.gob.mx\/wp-content\/uploads\/2022\/12\/obra-red-de-agua-cuernavaca-2-560x373.jpeg 560w, https:\/\/cuernavaca.gob.mx\/wp-content\/uploads\/2022\/12\/obra-red-de-agua-cuernavaca-2.jpeg 1599w\" sizes=\"(max-width: 1024px) 100vw, 1024px\" \/><\/figure>\n\n\n\n<figure class=\"wp-block-image size-large\"><img loading=\"lazy\" width=\"1024\" height=\"683\" data-id=\"23481\"  src=\"https:\/\/cuernavaca.gob.mx\/wp-content\/uploads\/2022\/12\/obra-red-de-agua-cuernavaca-3-1024x683.jpeg\" alt=\"\" class=\"wp-image-23481\" srcset=\"https:\/\/cuernavaca.gob.mx\/wp-content\/uploads\/2022\/12\/obra-red-de-agua-cuernavaca-3-1024x683.jpeg 1024w, https:\/\/cuernavaca.gob.mx\/wp-content\/uploads\/2022\/12\/obra-red-de-agua-cuernavaca-3-300x200.jpeg 300w, https:\/\/cuernavaca.gob.mx\/wp-content\/uploads\/2022\/12\/obra-red-de-agua-cuernavaca-3-768x512.jpeg 768w, https:\/\/cuernavaca.gob.mx\/wp-content\/uploads\/2022\/12\/obra-red-de-agua-cuernavaca-3-1536x1024.jpeg 1536w, https:\/\/cuernavaca.gob.mx\/wp-content\/uploads\/2022\/12\/obra-red-de-agua-cuernavaca-3-600x400.jpeg 600w, https:\/\/cuernavaca.gob.mx\/wp-content\/uploads\/2022\/12\/obra-red-de-agua-cuernavaca-3-560x373.jpeg 560w, https:\/\/cuernavaca.gob.mx\/wp-content\/uploads\/2022\/12\/obra-red-de-agua-cuernavaca-3.jpeg 1599w\" sizes=\"(max-width: 1024px) 100vw, 1024px\" \/><\/figure>\n\n\n\n<figure class=\"wp-block-image size-large\"><img loading=\"lazy\" width=\"1024\" height=\"683\" data-id=\"23480\"  src=\"https:\/\/cuernavaca.gob.mx\/wp-content\/uploads\/2022\/12\/obra-red-de-agua-cuernavaca-4-1024x683.jpeg\" alt=\"\" class=\"wp-image-23480\" srcset=\"https:\/\/cuernavaca.gob.mx\/wp-content\/uploads\/2022\/12\/obra-red-de-agua-cuernavaca-4-1024x683.jpeg 1024w, https:\/\/cuernavaca.gob.mx\/wp-content\/uploads\/2022\/12\/obra-red-de-agua-cuernavaca-4-300x200.jpeg 300w, https:\/\/cuernavaca.gob.mx\/wp-content\/uploads\/2022\/12\/obra-red-de-agua-cuernavaca-4-768x512.jpeg 768w, https:\/\/cuernavaca.gob.mx\/wp-content\/uploads\/2022\/12\/obra-red-de-agua-cuernavaca-4-1536x1024.jpeg 1536w, https:\/\/cuernavaca.gob.mx\/wp-content\/uploads\/2022\/12\/obra-red-de-agua-cuernavaca-4-600x400.jpeg 600w, https:\/\/cuernavaca.gob.mx\/wp-content\/uploads\/2022\/12\/obra-red-de-agua-cuernavaca-4-560x373.jpeg 560w, https:\/\/cuernavaca.gob.mx\/wp-content\/uploads\/2022\/12\/obra-red-de-agua-cuernavaca-4.jpeg 1599w\" sizes=\"(max-width: 1024px) 100vw, 1024px\" \/><\/figure>\n\n\n\n<figure class=\"wp-block-image size-large\"><img loading=\"lazy\" width=\"1024\" height=\"683\" data-id=\"23482\"  src=\"https:\/\/cuernavaca.gob.mx\/wp-content\/uploads\/2022\/12\/obra-red-de-agua-cuernavaca-5-1024x683.jpeg\" alt=\"\" class=\"wp-image-23482\" srcset=\"https:\/\/cuernavaca.gob.mx\/wp-content\/uploads\/2022\/12\/obra-red-de-agua-cuernavaca-5-1024x683.jpeg 1024w, https:\/\/cuernavaca.gob.mx\/wp-content\/uploads\/2022\/12\/obra-red-de-agua-cuernavaca-5-300x200.jpeg 300w, https:\/\/cuernavaca.gob.mx\/wp-content\/uploads\/2022\/12\/obra-red-de-agua-cuernavaca-5-768x512.jpeg 768w, https:\/\/cuernavaca.gob.mx\/wp-content\/uploads\/2022\/12\/obra-red-de-agua-cuernavaca-5-1536x1024.jpeg 1536w, https:\/\/cuernavaca.gob.mx\/wp-content\/uploads\/2022\/12\/obra-red-de-agua-cuernavaca-5-600x400.jpeg 600w, https:\/\/cuernavaca.gob.mx\/wp-content\/uploads\/2022\/12\/obra-red-de-agua-cuernavaca-5-560x373.jpeg 560w, https:\/\/cuernavaca.gob.mx\/wp-content\/uploads\/2022\/12\/obra-red-de-agua-cuernavaca-5.jpeg 1599w\" sizes=\"(max-width: 1024px) 100vw, 1024px\" \/><\/figure>\n\n\n\n<figure class=\"wp-block-image size-large\"><img loading=\"lazy\" width=\"1024\" height=\"683\" data-id=\"23483\"  src=\"https:\/\/cuernavaca.gob.mx\/wp-content\/uploads\/2022\/12\/obra-red-de-agua-cuernavaca-6-1024x683.jpeg\" alt=\"\" class=\"wp-image-23483\" srcset=\"https:\/\/cuernavaca.gob.mx\/wp-content\/uploads\/2022\/12\/obra-red-de-agua-cuernavaca-6-1024x683.jpeg 1024w, https:\/\/cuernavaca.gob.mx\/wp-content\/uploads\/2022\/12\/obra-red-de-agua-cuernavaca-6-300x200.jpeg 300w, https:\/\/cuernavaca.gob.mx\/wp-content\/uploads\/2022\/12\/obra-red-de-agua-cuernavaca-6-768x512.jpeg 768w, https:\/\/cuernavaca.gob.mx\/wp-content\/uploads\/2022\/12\/obra-red-de-agua-cuernavaca-6-1536x1024.jpeg 1536w, https:\/\/cuernavaca.gob.mx\/wp-content\/uploads\/2022\/12\/obra-red-de-agua-cuernavaca-6-600x400.jpeg 600w, https:\/\/cuernavaca.gob.mx\/wp-content\/uploads\/2022\/12\/obra-red-de-agua-cuernavaca-6-560x373.jpeg 560w, https:\/\/cuernavaca.gob.mx\/wp-content\/uploads\/2022\/12\/obra-red-de-agua-cuernavaca-6.jpeg 1599w\" sizes=\"(max-width: 1024px) 100vw, 1024px\" \/><\/figure>\n<\/figure>\n","protected":false},"excerpt":{"rendered":"<p>\u2022 En esta obra se ejercieron recursos del Ramo 33 &#8220;Fondo de Aportaciones para la Infraestructura Social Municipal y de las Demarcaciones&#8221; por $199, 998. 92 pesos. \u2022 Se beneficia a cerca de 100 habitantes con infraestructura que les permite contar con agua de manera constante A partir de este mi\u00e9rcoles, vecinos de la calle [&hellip;]<\/p>\n","protected":false},"author":1,"featured_media":23478,"comment_status":"closed","ping_status":"open","sticky":false,"template":"","format":"standard","meta":[],"categories":[18],"tags":[120,2288,206,356,2790],"aioseo_notices":[],"_links":{"self":[{"href":"https:\/\/cuernavaca.gob.mx\/index.php?rest_route=\/wp\/v2\/posts\/23471"}],"collection":[{"href":"https:\/\/cuernavaca.gob.mx\/index.php?rest_route=\/wp\/v2\/posts"}],"about":[{"href":"https:\/\/cuernavaca.gob.mx\/index.php?rest_route=\/wp\/v2\/types\/post"}],"author":[{"embeddable":true,"href":"https:\/\/cuernavaca.gob.mx\/index.php?rest_route=\/wp\/v2\/users\/1"}],"replies":[{"embeddable":true,"href":"https:\/\/cuernavaca.gob.mx\/index.php?rest_route=%2Fwp%2Fv2%2Fcomments&post=23471"}],"version-history":[{"count":1,"href":"https:\/\/cuernavaca.gob.mx\/index.php?rest_route=\/wp\/v2\/posts\/23471\/revisions"}],"predecessor-version":[{"id":23484,"href":"https:\/\/cuernavaca.gob.mx\/index.php?rest_route=\/wp\/v2\/posts\/23471\/revisions\/23484"}],"wp:featuredmedia":[{"embeddable":true,"href":"https:\/\/cuernavaca.gob.mx\/index.php?rest_route=\/wp\/v2\/media\/23478"}],"wp:attachment":[{"href":"https:\/\/cuernavaca.gob.mx\/index.php?rest_route=%2Fwp%2Fv2%2Fmedia&parent=23471"}],"wp:term":[{"taxonomy":"category","embeddable":true,"href":"https:\/\/cuernavaca.gob.mx\/index.php?rest_route=%2Fwp%2Fv2%2Fcategories&post=23471"},{"taxonomy":"post_tag","embeddable":true,"href":"https:\/\/cuernavaca.gob.mx\/index.php?rest_route=%2Fwp%2Fv2%2Ftags&post=23471"}],"curies":[{"name":"wp","href":"https:\/\/api.w.org\/{rel}","templated":true}]}}