{"id":23485,"date":"2022-12-29T13:00:00","date_gmt":"2022-12-29T19:00:00","guid":{"rendered":"https:\/\/cuernavaca.gob.mx\/?p=23485"},"modified":"2025-05-06T12:25:50","modified_gmt":"2025-05-06T18:25:50","slug":"b635-29-12-22-gobierno-de-cuernavaca-cumple-en-tiempo-y-forma-con-la-apertura-de-los-cabildos-abiertos-a-toda-la-poblacion","status":"publish","type":"post","link":"https:\/\/cuernavaca.gob.mx\/?p=23485","title":{"rendered":"B635 29\/12\/22 GOBIERNO DE CUERNAVACA CUMPLE EN TIEMPO Y FORMA CON LA APERTURA DE LOS CABILDOS ABIERTOS A TODA LA POBLACI\u00d3N"},"content":{"rendered":"\n<p><strong>\u2022\u00a0\u00a0En la \u00faltima sesi\u00f3n de Cabildo Abierto del 2022, el presidente municipal, Jos\u00e9 Luis Uri\u00f3stegui afirm\u00f3 que durante el primer a\u00f1o de administraci\u00f3n se foment\u00f3 la participaci\u00f3n ciudadana a lo largo y ancho de la ciudad<\/strong><\/p>\n\n\n\n<p>En este primer a\u00f1o de la administraci\u00f3n encabezada por Jos\u00e9 Luis Uri\u00f3stegui Salgado, se le dio cabal cumplimiento a la Ley de Participaci\u00f3n Ciudadana al abrir los Cabildos Abiertos a la ciudadan\u00eda de los distintos poblados de Cuernavaca, llev\u00e1ndolos a cabo sin falta el \u00faltimo viernes de cada mes, lo cual consolid\u00f3 la pol\u00edtica de puertas abiertas y trabajo coordinado con los cuernavacenses.<\/p>\n\n\n\n<p>Teniendo como sede la avenida Reforma, justo a un costado de la glorieta Gustavo Baz, que fue rescatada hace unas semanas por las autoridades municipales como parte del corredor cultural que se ha creado en la capital morelense, el presidente municipal, acompa\u00f1ado de la s\u00edndica, Ver\u00f3nica Atenco P\u00e9rez; del secretario del Ayuntamiento, Carlos de la Rosa Segura; as\u00ed como de las y los regidores Wendi Salinas Ruiz, Mirna Mireya Delgado Romero, Ximena Gisela Rom\u00e1n Peralta, Paz Hern\u00e1ndez Pardo, Fernando Carrillo Alvarado, Adri\u00e1n Mart\u00ednez Terrazas, V\u00edctor Manzo God\u00ednez,&nbsp; Debendrenath Salazar Solorio, Jes\u00fas Tlacaelel Rosales Puebla y Christian Mishell P\u00e9rez Jaimes, atendieron de primera mano las peticiones ciudadanas.<\/p>\n\n\n\n<p>En la \u00faltima sesi\u00f3n de Cabildo Abierto del a\u00f1o, colonos de Reforma y Vista Hermosa; adem\u00e1s de representantes del corredor Teopanzolco, realizaron diversas peticiones, aunque principalmente coincidieron en solicitar la revisi\u00f3n de las licencias de los negocios denominados \u201ccon giro rojo\u201d que les han causado afectaciones, as\u00ed como en la revisi\u00f3n de la planeaci\u00f3n urbana y usos de suelo, requiriendo que alg\u00fan residente sin conflicto de intereses pueda integrarse al Comit\u00e9 de Zonificaci\u00f3n del Ayuntamiento capitalino.<\/p>\n\n\n\n<p>Tras ser atendidos de manera particular por el Cabildo y Gabinete, el alcalde Jos\u00e9 Luis Uri\u00f3stegui, agradeci\u00f3 la presencia de los vecinos que dieron fe de los trabajos que ha llevado a cabo el cuerpo edilicio, de quienes reconoci\u00f3 su disposici\u00f3n permanente para que Cuernavaca hoy est\u00e9 dando buenas cuentas y teniendo un impacto social m\u00e1s visible de manera positiva, ya que a pesar de ser un a\u00f1o complejo y en el cual les ha tocado tomar decisiones dif\u00edciles, las han enfrentado con entereza y con la m\u00e1s ampl\u00eda sabidur\u00eda de que pueden disponer para no perjudicar los intereses generales.<\/p>\n\n\n\n<p>Resalt\u00f3 que gracias al trabajo en equipo durante este casi primer a\u00f1o de gobierno lograron cumplir con el compromiso de llevar los Cabildos Abiertos a distintas sedes sin repetir lugares, teniendo presencia en la sede Papagayo, y en los poblados de Amatitl\u00e1n, Chipitl\u00e1n, Acapantzingo, Buenavista del Monte, Chamilpa, y Santa Mar\u00eda, as\u00ed como en la colonia Antonio Barona y la delegaci\u00f3n L\u00e1zaro C\u00e1rdenas del R\u00edo, &#8220;seguiremos haci\u00e9ndolo de esta manera porque la gente debe saber c\u00f3mo trabajamos y que pueden acercarse a ser escuchados&#8221;.<\/p>\n\n\n\n<p>Al uso de la palabra, los miembros del cuerpo edilicio, como las regidoras Ximena Rom\u00e1n Peralta y Wendi Salinas Ruiz, as\u00ed como los regidores V\u00edctor Manzo God\u00ednez, Debendrenath Salazar Solorio y Adri\u00e1n Mart\u00ednez Terrazas, reconocieron la importancia que han tenido los Cabildos Abiertos para mantener un gobierno abierto a la ciudadana, con gobernanza participativa donde pueden incidir en las pol\u00edticas p\u00fablicas, programas y proyectos que esta emprendido la administraci\u00f3n municipal, al mismo tiempo que atienden sus necesidades, dese\u00e1ndoles un pr\u00f3spero A\u00f1o Nuevo y la voluntad para seguir trabajando en conjunto. Cabe se\u00f1alar que como ha ocurrido en cada uno de los Cabildos Abiertos que encabeza la presente administraci\u00f3n, se cont\u00f3 con la presencia de la presidenta del Sistema Municipal DIF Cuernavaca, Luz Mar\u00eda Zagal Guzm\u00e1n, y de las y los secretarios de Desarrollo Urbano y Obras P\u00fablicas, Protecci\u00f3n y Auxilio Ciudadano (SEPRAC), Desarrollo Humano y Participaci\u00f3n Social, Desarrollo Econ\u00f3mico y Turismo, Desarrollo Sustentable y Servicios P\u00fablicos, del Secretariado Ejecutivo de Seguridad P\u00fablica, as\u00ed como los directivos de SAPAC, COMPLADEMUN, Servicios P\u00fablicos y Normatividad, a fin de que las peticiones ciudadanas sean vinculantes.<\/p>\n\n\n\n<figure class=\"wp-container-2 wp-block-gallery-1 wp-block-gallery has-nested-images columns-default is-cropped\">\n<figure class=\"wp-block-image size-large\"><img loading=\"lazy\" width=\"1024\" height=\"682\" data-id=\"23487\"  src=\"https:\/\/cuernavaca.gob.mx\/wp-content\/uploads\/2022\/12\/cabildos-abiertos-cuernavaca-1-1024x682.jpg\" alt=\"\" class=\"wp-image-23487\" srcset=\"https:\/\/cuernavaca.gob.mx\/wp-content\/uploads\/2022\/12\/cabildos-abiertos-cuernavaca-1-1024x682.jpg 1024w, https:\/\/cuernavaca.gob.mx\/wp-content\/uploads\/2022\/12\/cabildos-abiertos-cuernavaca-1-300x200.jpg 300w, https:\/\/cuernavaca.gob.mx\/wp-content\/uploads\/2022\/12\/cabildos-abiertos-cuernavaca-1-768x512.jpg 768w, https:\/\/cuernavaca.gob.mx\/wp-content\/uploads\/2022\/12\/cabildos-abiertos-cuernavaca-1-600x400.jpg 600w, https:\/\/cuernavaca.gob.mx\/wp-content\/uploads\/2022\/12\/cabildos-abiertos-cuernavaca-1-560x373.jpg 560w, https:\/\/cuernavaca.gob.mx\/wp-content\/uploads\/2022\/12\/cabildos-abiertos-cuernavaca-1.jpg 1280w\" sizes=\"(max-width: 1024px) 100vw, 1024px\" \/><\/figure>\n\n\n\n<figure class=\"wp-block-image size-large\"><img loading=\"lazy\" width=\"1024\" height=\"682\" data-id=\"23490\"  src=\"https:\/\/cuernavaca.gob.mx\/wp-content\/uploads\/2022\/12\/cabildos-abiertos-cuernavaca-2-1024x682.jpg\" alt=\"\" class=\"wp-image-23490\" srcset=\"https:\/\/cuernavaca.gob.mx\/wp-content\/uploads\/2022\/12\/cabildos-abiertos-cuernavaca-2-1024x682.jpg 1024w, https:\/\/cuernavaca.gob.mx\/wp-content\/uploads\/2022\/12\/cabildos-abiertos-cuernavaca-2-300x200.jpg 300w, https:\/\/cuernavaca.gob.mx\/wp-content\/uploads\/2022\/12\/cabildos-abiertos-cuernavaca-2-768x512.jpg 768w, https:\/\/cuernavaca.gob.mx\/wp-content\/uploads\/2022\/12\/cabildos-abiertos-cuernavaca-2-600x400.jpg 600w, https:\/\/cuernavaca.gob.mx\/wp-content\/uploads\/2022\/12\/cabildos-abiertos-cuernavaca-2-560x373.jpg 560w, https:\/\/cuernavaca.gob.mx\/wp-content\/uploads\/2022\/12\/cabildos-abiertos-cuernavaca-2.jpg 1280w\" sizes=\"(max-width: 1024px) 100vw, 1024px\" \/><\/figure>\n\n\n\n<figure class=\"wp-block-image size-large\"><img loading=\"lazy\" width=\"1024\" height=\"682\" data-id=\"23493\"  src=\"https:\/\/cuernavaca.gob.mx\/wp-content\/uploads\/2022\/12\/cabildos-abiertos-cuernavaca-3-1024x682.jpg\" alt=\"\" class=\"wp-image-23493\" srcset=\"https:\/\/cuernavaca.gob.mx\/wp-content\/uploads\/2022\/12\/cabildos-abiertos-cuernavaca-3-1024x682.jpg 1024w, https:\/\/cuernavaca.gob.mx\/wp-content\/uploads\/2022\/12\/cabildos-abiertos-cuernavaca-3-300x200.jpg 300w, https:\/\/cuernavaca.gob.mx\/wp-content\/uploads\/2022\/12\/cabildos-abiertos-cuernavaca-3-768x512.jpg 768w, https:\/\/cuernavaca.gob.mx\/wp-content\/uploads\/2022\/12\/cabildos-abiertos-cuernavaca-3-600x400.jpg 600w, https:\/\/cuernavaca.gob.mx\/wp-content\/uploads\/2022\/12\/cabildos-abiertos-cuernavaca-3-560x373.jpg 560w, https:\/\/cuernavaca.gob.mx\/wp-content\/uploads\/2022\/12\/cabildos-abiertos-cuernavaca-3.jpg 1280w\" sizes=\"(max-width: 1024px) 100vw, 1024px\" \/><\/figure>\n\n\n\n<figure class=\"wp-block-image size-large\"><img loading=\"lazy\" width=\"1024\" height=\"682\" data-id=\"23492\"  src=\"https:\/\/cuernavaca.gob.mx\/wp-content\/uploads\/2022\/12\/cabildos-abiertos-cuernavaca-4-1024x682.jpg\" alt=\"\" class=\"wp-image-23492\" srcset=\"https:\/\/cuernavaca.gob.mx\/wp-content\/uploads\/2022\/12\/cabildos-abiertos-cuernavaca-4-1024x682.jpg 1024w, https:\/\/cuernavaca.gob.mx\/wp-content\/uploads\/2022\/12\/cabildos-abiertos-cuernavaca-4-300x200.jpg 300w, https:\/\/cuernavaca.gob.mx\/wp-content\/uploads\/2022\/12\/cabildos-abiertos-cuernavaca-4-768x512.jpg 768w, https:\/\/cuernavaca.gob.mx\/wp-content\/uploads\/2022\/12\/cabildos-abiertos-cuernavaca-4-600x400.jpg 600w, https:\/\/cuernavaca.gob.mx\/wp-content\/uploads\/2022\/12\/cabildos-abiertos-cuernavaca-4-560x373.jpg 560w, https:\/\/cuernavaca.gob.mx\/wp-content\/uploads\/2022\/12\/cabildos-abiertos-cuernavaca-4.jpg 1280w\" sizes=\"(max-width: 1024px) 100vw, 1024px\" \/><\/figure>\n\n\n\n<figure class=\"wp-block-image size-large\"><img loading=\"lazy\" width=\"1024\" height=\"682\" data-id=\"23489\"  src=\"https:\/\/cuernavaca.gob.mx\/wp-content\/uploads\/2022\/12\/cabildos-abiertos-cuernavaca-5-1024x682.jpg\" alt=\"\" class=\"wp-image-23489\" srcset=\"https:\/\/cuernavaca.gob.mx\/wp-content\/uploads\/2022\/12\/cabildos-abiertos-cuernavaca-5-1024x682.jpg 1024w, https:\/\/cuernavaca.gob.mx\/wp-content\/uploads\/2022\/12\/cabildos-abiertos-cuernavaca-5-300x200.jpg 300w, https:\/\/cuernavaca.gob.mx\/wp-content\/uploads\/2022\/12\/cabildos-abiertos-cuernavaca-5-768x512.jpg 768w, https:\/\/cuernavaca.gob.mx\/wp-content\/uploads\/2022\/12\/cabildos-abiertos-cuernavaca-5-600x400.jpg 600w, https:\/\/cuernavaca.gob.mx\/wp-content\/uploads\/2022\/12\/cabildos-abiertos-cuernavaca-5-560x373.jpg 560w, https:\/\/cuernavaca.gob.mx\/wp-content\/uploads\/2022\/12\/cabildos-abiertos-cuernavaca-5.jpg 1280w\" sizes=\"(max-width: 1024px) 100vw, 1024px\" \/><\/figure>\n\n\n\n<figure class=\"wp-block-image size-large\"><img loading=\"lazy\" width=\"1024\" height=\"682\" data-id=\"23486\"  src=\"https:\/\/cuernavaca.gob.mx\/wp-content\/uploads\/2022\/12\/cabildos-abiertos-cuernavaca-6-1024x682.jpg\" alt=\"\" class=\"wp-image-23486\" srcset=\"https:\/\/cuernavaca.gob.mx\/wp-content\/uploads\/2022\/12\/cabildos-abiertos-cuernavaca-6-1024x682.jpg 1024w, https:\/\/cuernavaca.gob.mx\/wp-content\/uploads\/2022\/12\/cabildos-abiertos-cuernavaca-6-300x200.jpg 300w, https:\/\/cuernavaca.gob.mx\/wp-content\/uploads\/2022\/12\/cabildos-abiertos-cuernavaca-6-768x512.jpg 768w, https:\/\/cuernavaca.gob.mx\/wp-content\/uploads\/2022\/12\/cabildos-abiertos-cuernavaca-6-600x400.jpg 600w, https:\/\/cuernavaca.gob.mx\/wp-content\/uploads\/2022\/12\/cabildos-abiertos-cuernavaca-6-560x373.jpg 560w, https:\/\/cuernavaca.gob.mx\/wp-content\/uploads\/2022\/12\/cabildos-abiertos-cuernavaca-6.jpg 1280w\" sizes=\"(max-width: 1024px) 100vw, 1024px\" \/><\/figure>\n\n\n\n<figure class=\"wp-block-image size-large\"><img loading=\"lazy\" width=\"1024\" height=\"682\" data-id=\"23488\"  src=\"https:\/\/cuernavaca.gob.mx\/wp-content\/uploads\/2022\/12\/cabildos-abiertos-cuernavaca-7-1024x682.jpg\" alt=\"\" class=\"wp-image-23488\" srcset=\"https:\/\/cuernavaca.gob.mx\/wp-content\/uploads\/2022\/12\/cabildos-abiertos-cuernavaca-7-1024x682.jpg 1024w, https:\/\/cuernavaca.gob.mx\/wp-content\/uploads\/2022\/12\/cabildos-abiertos-cuernavaca-7-300x200.jpg 300w, https:\/\/cuernavaca.gob.mx\/wp-content\/uploads\/2022\/12\/cabildos-abiertos-cuernavaca-7-768x512.jpg 768w, https:\/\/cuernavaca.gob.mx\/wp-content\/uploads\/2022\/12\/cabildos-abiertos-cuernavaca-7-600x400.jpg 600w, https:\/\/cuernavaca.gob.mx\/wp-content\/uploads\/2022\/12\/cabildos-abiertos-cuernavaca-7-560x373.jpg 560w, https:\/\/cuernavaca.gob.mx\/wp-content\/uploads\/2022\/12\/cabildos-abiertos-cuernavaca-7.jpg 1280w\" sizes=\"(max-width: 1024px) 100vw, 1024px\" \/><\/figure>\n\n\n\n<figure class=\"wp-block-image size-large\"><img loading=\"lazy\" width=\"1024\" height=\"682\" data-id=\"23491\"  src=\"https:\/\/cuernavaca.gob.mx\/wp-content\/uploads\/2022\/12\/cabildos-abiertos-cuernavaca-8-1024x682.jpg\" alt=\"\" class=\"wp-image-23491\" srcset=\"https:\/\/cuernavaca.gob.mx\/wp-content\/uploads\/2022\/12\/cabildos-abiertos-cuernavaca-8-1024x682.jpg 1024w, https:\/\/cuernavaca.gob.mx\/wp-content\/uploads\/2022\/12\/cabildos-abiertos-cuernavaca-8-300x200.jpg 300w, https:\/\/cuernavaca.gob.mx\/wp-content\/uploads\/2022\/12\/cabildos-abiertos-cuernavaca-8-768x512.jpg 768w, https:\/\/cuernavaca.gob.mx\/wp-content\/uploads\/2022\/12\/cabildos-abiertos-cuernavaca-8-600x400.jpg 600w, https:\/\/cuernavaca.gob.mx\/wp-content\/uploads\/2022\/12\/cabildos-abiertos-cuernavaca-8-560x373.jpg 560w, https:\/\/cuernavaca.gob.mx\/wp-content\/uploads\/2022\/12\/cabildos-abiertos-cuernavaca-8.jpg 1280w\" sizes=\"(max-width: 1024px) 100vw, 1024px\" \/><\/figure>\n\n\n\n<figure class=\"wp-block-image size-large\"><img loading=\"lazy\" width=\"1024\" height=\"682\" data-id=\"23494\"  src=\"https:\/\/cuernavaca.gob.mx\/wp-content\/uploads\/2022\/12\/cabildos-abiertos-cuernavaca-9-1024x682.jpg\" alt=\"\" class=\"wp-image-23494\" srcset=\"https:\/\/cuernavaca.gob.mx\/wp-content\/uploads\/2022\/12\/cabildos-abiertos-cuernavaca-9-1024x682.jpg 1024w, https:\/\/cuernavaca.gob.mx\/wp-content\/uploads\/2022\/12\/cabildos-abiertos-cuernavaca-9-300x200.jpg 300w, https:\/\/cuernavaca.gob.mx\/wp-content\/uploads\/2022\/12\/cabildos-abiertos-cuernavaca-9-768x512.jpg 768w, https:\/\/cuernavaca.gob.mx\/wp-content\/uploads\/2022\/12\/cabildos-abiertos-cuernavaca-9-600x400.jpg 600w, https:\/\/cuernavaca.gob.mx\/wp-content\/uploads\/2022\/12\/cabildos-abiertos-cuernavaca-9-560x373.jpg 560w, https:\/\/cuernavaca.gob.mx\/wp-content\/uploads\/2022\/12\/cabildos-abiertos-cuernavaca-9.jpg 1280w\" sizes=\"(max-width: 1024px) 100vw, 1024px\" \/><\/figure>\n<\/figure>\n","protected":false},"excerpt":{"rendered":"<p>\u2022\u00a0\u00a0En la \u00faltima sesi\u00f3n de Cabildo Abierto del 2022, el presidente municipal, Jos\u00e9 Luis Uri\u00f3stegui afirm\u00f3 que durante el primer a\u00f1o de administraci\u00f3n se foment\u00f3 la participaci\u00f3n ciudadana a lo largo y ancho de la ciudad En este primer a\u00f1o de la administraci\u00f3n encabezada por Jos\u00e9 Luis Uri\u00f3stegui Salgado, se le dio cabal cumplimiento a [&hellip;]<\/p>\n","protected":false},"author":1,"featured_media":23490,"comment_status":"closed","ping_status":"open","sticky":false,"template":"","format":"standard","meta":[],"categories":[20],"tags":[158,988,121,120,206,1098,1727],"aioseo_notices":[],"_links":{"self":[{"href":"https:\/\/cuernavaca.gob.mx\/index.php?rest_route=\/wp\/v2\/posts\/23485"}],"collection":[{"href":"https:\/\/cuernavaca.gob.mx\/index.php?rest_route=\/wp\/v2\/posts"}],"about":[{"href":"https:\/\/cuernavaca.gob.mx\/index.php?rest_route=\/wp\/v2\/types\/post"}],"author":[{"embeddable":true,"href":"https:\/\/cuernavaca.gob.mx\/index.php?rest_route=\/wp\/v2\/users\/1"}],"replies":[{"embeddable":true,"href":"https:\/\/cuernavaca.gob.mx\/index.php?rest_route=%2Fwp%2Fv2%2Fcomments&post=23485"}],"version-history":[{"count":1,"href":"https:\/\/cuernavaca.gob.mx\/index.php?rest_route=\/wp\/v2\/posts\/23485\/revisions"}],"predecessor-version":[{"id":23495,"href":"https:\/\/cuernavaca.gob.mx\/index.php?rest_route=\/wp\/v2\/posts\/23485\/revisions\/23495"}],"wp:featuredmedia":[{"embeddable":true,"href":"https:\/\/cuernavaca.gob.mx\/index.php?rest_route=\/wp\/v2\/media\/23490"}],"wp:attachment":[{"href":"https:\/\/cuernavaca.gob.mx\/index.php?rest_route=%2Fwp%2Fv2%2Fmedia&parent=23485"}],"wp:term":[{"taxonomy":"category","embeddable":true,"href":"https:\/\/cuernavaca.gob.mx\/index.php?rest_route=%2Fwp%2Fv2%2Fcategories&post=23485"},{"taxonomy":"post_tag","embeddable":true,"href":"https:\/\/cuernavaca.gob.mx\/index.php?rest_route=%2Fwp%2Fv2%2Ftags&post=23485"}],"curies":[{"name":"wp","href":"https:\/\/api.w.org\/{rel}","templated":true}]}}