{"id":23620,"date":"2023-01-02T14:00:00","date_gmt":"2023-01-02T20:00:00","guid":{"rendered":"https:\/\/cuernavaca.gob.mx\/?p=23620"},"modified":"2025-05-06T12:25:47","modified_gmt":"2025-05-06T18:25:47","slug":"b646-02-01-23-promueve-el-alcalde-jose-luis-uriostegui-consensos-para-actualizar-del-plan-municipal-de-desarrollo-urbano-en-cuernavaca","status":"publish","type":"post","link":"https:\/\/cuernavaca.gob.mx\/?p=23620","title":{"rendered":"B646 02\/01\/23 PROMUEVE EL ALCALDE JOS\u00c9 LUIS URI\u00d3STEGUI CONSENSOS PARA ACTUALIZAR DEL PLAN MUNICIPAL DE DESARROLLO URBANO EN CUERNAVACA"},"content":{"rendered":"\n<p><strong>\u2022 El presidente municipal se reuni\u00f3 con representantes de diversas organizaciones civiles, de profesionistas y la academia para sumar opiniones y propuestas a favor de la actualizaci\u00f3n de este ordenamiento<\/strong><\/p>\n\n\n\n<p>Para consolidar a Cuernavaca como una ciudad competitiva, productiva y sustentable, elevando la calidad de vida de la poblaci\u00f3n; el presidente municipal, Jos\u00e9 Luis Uri\u00f3stegui Salgado, encabez\u00f3 un nuevo foro de participaci\u00f3n ciudadana, en esta ocasi\u00f3n integrado por representantes de diversas organizaciones civiles, de profesionistas y la academia para sumar opiniones y propuestas a favor de la actualizaci\u00f3n del Plan Municipal de Desarrollo Urbano.<\/p>\n\n\n\n<p>En el patio del Museo de la Ciudad, que en el a\u00f1o 2022 se posicion\u00f3 como un espacio relevante de toma de decisiones en el municipio, resalt\u00f3 que con su acompa\u00f1amiento, asesor\u00eda t\u00e9cnica y experiencia lograr\u00e1n llevar a cabo el an\u00e1lisis correcto sobre la regularizaci\u00f3n del crecimiento urbano en la ciudad y hacia donde se tiene que encaminar, d\u00e1ndole al uso de suelo de la tierra que todav\u00eda puede ocuparse un aprovechamiento ben\u00e9fico para el inter\u00e9s general, mientras que \u00e1reas que a\u00fan pueden reordenarse dentro de la zona urbana hacerlo de forma adecuada y sustentable.<\/p>\n\n\n\n<p>Precis\u00f3 que el objetivo del encuentro fue comenzar a definir el uso de suelo de las regiones de Cuernavaca para dar certeza a la poblaci\u00f3n sobre las zonas en las cuales definitivamente no podr\u00e1n llevar a cabo un desarrollo y en las cuales s\u00ed proceda evitar obstaculizar el proceso bajo el razonamiento de que es fundamental reducir los plazos en la realizaci\u00f3n de tr\u00e1mites.<\/p>\n\n\n\n<p>Al avalar que la creaci\u00f3n de foros de participaci\u00f3n ciudadana es primordial para complementar y fortalecer programas y acciones desde un punto de vista colectivo, como autoridades municipales electas en 2021 los integrantes del Cabildo, liderados por el alcalde capitalino, celebraron diversos foros de consulta en distintos rubros, registrando la participaci\u00f3n de m\u00e1s de 250 personas, siendo la tem\u00e1tica de desarrollo sustentable una de la m\u00e1s concurridas con 50 ponencias.<\/p>\n\n\n\n<p>De igual forma, al elaborar el Plan Municipal de Desarrollo 2022-2024 se efectuaron seis Foros de Consulta Ciudadana, incluyendo en esta herramienta, no solo opiniones y propuestas de especialistas, sino tambi\u00e9n de toda la poblaci\u00f3n con el argumento de que la planeaci\u00f3n del desarrollo es un proceso de concurrencias, de saberes, habilidades y capacidades entre toda la ciudadan\u00eda.<\/p>\n\n\n\n<p>Ante arquitectos e ingenieros, Jos\u00e9 Luis Uri\u00f3stegui Salgado precis\u00f3 que, si bien tras la realizaci\u00f3n de estos foros de consulta recibieron propuestas importantes que se han sumado a la experiencia y propios perfiles profesionales de los servidores p\u00fablicos que han aportado ideas y sugerencias, es necesario complementarlas con la visi\u00f3n de quienes desde afuera requieren los servicios de la administraci\u00f3n municipal, quienes hoy llevan a cabo desarrollos en la ciudad.<\/p>\n\n\n\n<p>&#8220;Nos interesa una planeaci\u00f3n de la ciudad integral con la zona metropolitana, pero no podemos avanzar al exterior si no ponemos orden al interior y por eso empezamos con Catastro en la identificaci\u00f3n de inmuebles y ahora en la identificaci\u00f3n de colonias&#8221;, acot\u00f3.<\/p>\n\n\n\n<p>Dentro de este primer foro de participaci\u00f3n ciudadana, la directora general del Sistema de Agua Potable y Alcantarillado de Cuernavaca (SAPAC), Evelia Flores Hern\u00e1ndez; el secretario de Desarrollo Sustentable y Servicios P\u00fablicos, Israel Albavera V\u00e1zquez; el director general de Catastro e Impuesto Predial, Fernando Streber Montagne y en representaci\u00f3n de la Secretar\u00eda de Desarrollo Urbano y Obras P\u00fablicas, el director de Uso de Suelo, Fraccionamientos, Condominios y Conjuntos Urbanos quienes , expusieron algunos datos generales que sus \u00e1reas han encabezado encaminadas al reordenamiento de la ciudad, como un eje primordial en la presente administraci\u00f3n.<\/p>\n\n\n\n<figure class=\"wp-container-2 wp-block-gallery-1 wp-block-gallery has-nested-images columns-default is-cropped\">\n<figure class=\"wp-block-image size-large\"><img loading=\"lazy\" width=\"1024\" height=\"682\" data-id=\"23621\"  src=\"https:\/\/cuernavaca.gob.mx\/wp-content\/uploads\/2023\/01\/plan-de-desarrollo-cuernavaca-1-1024x682.jpg\" alt=\"\" class=\"wp-image-23621\" srcset=\"https:\/\/cuernavaca.gob.mx\/wp-content\/uploads\/2023\/01\/plan-de-desarrollo-cuernavaca-1-1024x682.jpg 1024w, https:\/\/cuernavaca.gob.mx\/wp-content\/uploads\/2023\/01\/plan-de-desarrollo-cuernavaca-1-300x200.jpg 300w, https:\/\/cuernavaca.gob.mx\/wp-content\/uploads\/2023\/01\/plan-de-desarrollo-cuernavaca-1-768x512.jpg 768w, https:\/\/cuernavaca.gob.mx\/wp-content\/uploads\/2023\/01\/plan-de-desarrollo-cuernavaca-1-600x400.jpg 600w, https:\/\/cuernavaca.gob.mx\/wp-content\/uploads\/2023\/01\/plan-de-desarrollo-cuernavaca-1-560x373.jpg 560w, https:\/\/cuernavaca.gob.mx\/wp-content\/uploads\/2023\/01\/plan-de-desarrollo-cuernavaca-1.jpg 1280w\" sizes=\"(max-width: 1024px) 100vw, 1024px\" \/><\/figure>\n\n\n\n<figure class=\"wp-block-image size-large\"><img loading=\"lazy\" width=\"1024\" height=\"682\" data-id=\"23622\"  src=\"https:\/\/cuernavaca.gob.mx\/wp-content\/uploads\/2023\/01\/plan-de-desarrollo-cuernavaca-2-1024x682.jpg\" alt=\"\" class=\"wp-image-23622\" srcset=\"https:\/\/cuernavaca.gob.mx\/wp-content\/uploads\/2023\/01\/plan-de-desarrollo-cuernavaca-2-1024x682.jpg 1024w, https:\/\/cuernavaca.gob.mx\/wp-content\/uploads\/2023\/01\/plan-de-desarrollo-cuernavaca-2-300x200.jpg 300w, https:\/\/cuernavaca.gob.mx\/wp-content\/uploads\/2023\/01\/plan-de-desarrollo-cuernavaca-2-768x512.jpg 768w, https:\/\/cuernavaca.gob.mx\/wp-content\/uploads\/2023\/01\/plan-de-desarrollo-cuernavaca-2-600x400.jpg 600w, https:\/\/cuernavaca.gob.mx\/wp-content\/uploads\/2023\/01\/plan-de-desarrollo-cuernavaca-2-560x373.jpg 560w, https:\/\/cuernavaca.gob.mx\/wp-content\/uploads\/2023\/01\/plan-de-desarrollo-cuernavaca-2.jpg 1280w\" sizes=\"(max-width: 1024px) 100vw, 1024px\" \/><\/figure>\n\n\n\n<figure class=\"wp-block-image size-large\"><img loading=\"lazy\" width=\"1024\" height=\"682\" data-id=\"23623\"  src=\"https:\/\/cuernavaca.gob.mx\/wp-content\/uploads\/2023\/01\/plan-de-desarrollo-cuernavaca-3-1024x682.jpg\" alt=\"\" class=\"wp-image-23623\" srcset=\"https:\/\/cuernavaca.gob.mx\/wp-content\/uploads\/2023\/01\/plan-de-desarrollo-cuernavaca-3-1024x682.jpg 1024w, https:\/\/cuernavaca.gob.mx\/wp-content\/uploads\/2023\/01\/plan-de-desarrollo-cuernavaca-3-300x200.jpg 300w, https:\/\/cuernavaca.gob.mx\/wp-content\/uploads\/2023\/01\/plan-de-desarrollo-cuernavaca-3-768x512.jpg 768w, https:\/\/cuernavaca.gob.mx\/wp-content\/uploads\/2023\/01\/plan-de-desarrollo-cuernavaca-3-600x400.jpg 600w, https:\/\/cuernavaca.gob.mx\/wp-content\/uploads\/2023\/01\/plan-de-desarrollo-cuernavaca-3-560x373.jpg 560w, https:\/\/cuernavaca.gob.mx\/wp-content\/uploads\/2023\/01\/plan-de-desarrollo-cuernavaca-3.jpg 1280w\" sizes=\"(max-width: 1024px) 100vw, 1024px\" \/><\/figure>\n\n\n\n<figure class=\"wp-block-image size-large\"><img loading=\"lazy\" width=\"1024\" height=\"682\" data-id=\"23627\"  src=\"https:\/\/cuernavaca.gob.mx\/wp-content\/uploads\/2023\/01\/plan-de-desarrollo-cuernavaca-4-1024x682.jpg\" alt=\"\" class=\"wp-image-23627\" srcset=\"https:\/\/cuernavaca.gob.mx\/wp-content\/uploads\/2023\/01\/plan-de-desarrollo-cuernavaca-4-1024x682.jpg 1024w, https:\/\/cuernavaca.gob.mx\/wp-content\/uploads\/2023\/01\/plan-de-desarrollo-cuernavaca-4-300x200.jpg 300w, https:\/\/cuernavaca.gob.mx\/wp-content\/uploads\/2023\/01\/plan-de-desarrollo-cuernavaca-4-768x512.jpg 768w, https:\/\/cuernavaca.gob.mx\/wp-content\/uploads\/2023\/01\/plan-de-desarrollo-cuernavaca-4-600x400.jpg 600w, https:\/\/cuernavaca.gob.mx\/wp-content\/uploads\/2023\/01\/plan-de-desarrollo-cuernavaca-4-560x373.jpg 560w, https:\/\/cuernavaca.gob.mx\/wp-content\/uploads\/2023\/01\/plan-de-desarrollo-cuernavaca-4.jpg 1280w\" sizes=\"(max-width: 1024px) 100vw, 1024px\" \/><\/figure>\n\n\n\n<figure class=\"wp-block-image size-large\"><img loading=\"lazy\" width=\"1024\" height=\"682\" data-id=\"23626\"  src=\"https:\/\/cuernavaca.gob.mx\/wp-content\/uploads\/2023\/01\/plan-de-desarrollo-cuernavaca-5-1024x682.jpg\" alt=\"\" class=\"wp-image-23626\" srcset=\"https:\/\/cuernavaca.gob.mx\/wp-content\/uploads\/2023\/01\/plan-de-desarrollo-cuernavaca-5-1024x682.jpg 1024w, https:\/\/cuernavaca.gob.mx\/wp-content\/uploads\/2023\/01\/plan-de-desarrollo-cuernavaca-5-300x200.jpg 300w, https:\/\/cuernavaca.gob.mx\/wp-content\/uploads\/2023\/01\/plan-de-desarrollo-cuernavaca-5-768x512.jpg 768w, https:\/\/cuernavaca.gob.mx\/wp-content\/uploads\/2023\/01\/plan-de-desarrollo-cuernavaca-5-600x400.jpg 600w, https:\/\/cuernavaca.gob.mx\/wp-content\/uploads\/2023\/01\/plan-de-desarrollo-cuernavaca-5-560x373.jpg 560w, https:\/\/cuernavaca.gob.mx\/wp-content\/uploads\/2023\/01\/plan-de-desarrollo-cuernavaca-5.jpg 1280w\" sizes=\"(max-width: 1024px) 100vw, 1024px\" \/><\/figure>\n\n\n\n<figure class=\"wp-block-image size-large\"><img loading=\"lazy\" width=\"1024\" height=\"682\" data-id=\"23629\"  src=\"https:\/\/cuernavaca.gob.mx\/wp-content\/uploads\/2023\/01\/plan-de-desarrollo-cuernavaca-6-1024x682.jpg\" alt=\"\" class=\"wp-image-23629\" srcset=\"https:\/\/cuernavaca.gob.mx\/wp-content\/uploads\/2023\/01\/plan-de-desarrollo-cuernavaca-6-1024x682.jpg 1024w, https:\/\/cuernavaca.gob.mx\/wp-content\/uploads\/2023\/01\/plan-de-desarrollo-cuernavaca-6-300x200.jpg 300w, https:\/\/cuernavaca.gob.mx\/wp-content\/uploads\/2023\/01\/plan-de-desarrollo-cuernavaca-6-768x512.jpg 768w, https:\/\/cuernavaca.gob.mx\/wp-content\/uploads\/2023\/01\/plan-de-desarrollo-cuernavaca-6-600x400.jpg 600w, https:\/\/cuernavaca.gob.mx\/wp-content\/uploads\/2023\/01\/plan-de-desarrollo-cuernavaca-6-560x373.jpg 560w, https:\/\/cuernavaca.gob.mx\/wp-content\/uploads\/2023\/01\/plan-de-desarrollo-cuernavaca-6.jpg 1280w\" sizes=\"(max-width: 1024px) 100vw, 1024px\" \/><\/figure>\n\n\n\n<figure class=\"wp-block-image size-large\"><img loading=\"lazy\" width=\"1024\" height=\"682\" data-id=\"23625\"  src=\"https:\/\/cuernavaca.gob.mx\/wp-content\/uploads\/2023\/01\/plan-de-desarrollo-cuernavaca-7-1024x682.jpg\" alt=\"\" class=\"wp-image-23625\" srcset=\"https:\/\/cuernavaca.gob.mx\/wp-content\/uploads\/2023\/01\/plan-de-desarrollo-cuernavaca-7-1024x682.jpg 1024w, https:\/\/cuernavaca.gob.mx\/wp-content\/uploads\/2023\/01\/plan-de-desarrollo-cuernavaca-7-300x200.jpg 300w, https:\/\/cuernavaca.gob.mx\/wp-content\/uploads\/2023\/01\/plan-de-desarrollo-cuernavaca-7-768x512.jpg 768w, https:\/\/cuernavaca.gob.mx\/wp-content\/uploads\/2023\/01\/plan-de-desarrollo-cuernavaca-7-600x400.jpg 600w, https:\/\/cuernavaca.gob.mx\/wp-content\/uploads\/2023\/01\/plan-de-desarrollo-cuernavaca-7-560x373.jpg 560w, https:\/\/cuernavaca.gob.mx\/wp-content\/uploads\/2023\/01\/plan-de-desarrollo-cuernavaca-7.jpg 1280w\" sizes=\"(max-width: 1024px) 100vw, 1024px\" \/><\/figure>\n\n\n\n<figure class=\"wp-block-image size-large\"><img loading=\"lazy\" width=\"1024\" height=\"682\" data-id=\"23628\"  src=\"https:\/\/cuernavaca.gob.mx\/wp-content\/uploads\/2023\/01\/plan-de-desarrollo-cuernavaca-8-1024x682.jpg\" alt=\"\" class=\"wp-image-23628\" srcset=\"https:\/\/cuernavaca.gob.mx\/wp-content\/uploads\/2023\/01\/plan-de-desarrollo-cuernavaca-8-1024x682.jpg 1024w, https:\/\/cuernavaca.gob.mx\/wp-content\/uploads\/2023\/01\/plan-de-desarrollo-cuernavaca-8-300x200.jpg 300w, https:\/\/cuernavaca.gob.mx\/wp-content\/uploads\/2023\/01\/plan-de-desarrollo-cuernavaca-8-768x512.jpg 768w, https:\/\/cuernavaca.gob.mx\/wp-content\/uploads\/2023\/01\/plan-de-desarrollo-cuernavaca-8-600x400.jpg 600w, https:\/\/cuernavaca.gob.mx\/wp-content\/uploads\/2023\/01\/plan-de-desarrollo-cuernavaca-8-560x373.jpg 560w, https:\/\/cuernavaca.gob.mx\/wp-content\/uploads\/2023\/01\/plan-de-desarrollo-cuernavaca-8.jpg 1280w\" sizes=\"(max-width: 1024px) 100vw, 1024px\" \/><\/figure>\n\n\n\n<figure class=\"wp-block-image size-large\"><img loading=\"lazy\" width=\"1024\" height=\"682\" data-id=\"23630\"  src=\"https:\/\/cuernavaca.gob.mx\/wp-content\/uploads\/2023\/01\/plan-de-desarrollo-cuernavaca-9-1024x682.jpg\" alt=\"\" class=\"wp-image-23630\" srcset=\"https:\/\/cuernavaca.gob.mx\/wp-content\/uploads\/2023\/01\/plan-de-desarrollo-cuernavaca-9-1024x682.jpg 1024w, https:\/\/cuernavaca.gob.mx\/wp-content\/uploads\/2023\/01\/plan-de-desarrollo-cuernavaca-9-300x200.jpg 300w, https:\/\/cuernavaca.gob.mx\/wp-content\/uploads\/2023\/01\/plan-de-desarrollo-cuernavaca-9-768x512.jpg 768w, https:\/\/cuernavaca.gob.mx\/wp-content\/uploads\/2023\/01\/plan-de-desarrollo-cuernavaca-9-600x400.jpg 600w, https:\/\/cuernavaca.gob.mx\/wp-content\/uploads\/2023\/01\/plan-de-desarrollo-cuernavaca-9-560x373.jpg 560w, https:\/\/cuernavaca.gob.mx\/wp-content\/uploads\/2023\/01\/plan-de-desarrollo-cuernavaca-9.jpg 1280w\" sizes=\"(max-width: 1024px) 100vw, 1024px\" \/><\/figure>\n\n\n\n<figure class=\"wp-block-image size-large\"><img loading=\"lazy\" width=\"1024\" height=\"682\" data-id=\"23624\"  src=\"https:\/\/cuernavaca.gob.mx\/wp-content\/uploads\/2023\/01\/plan-de-desarrollo-cuernavaca-10-1024x682.jpg\" alt=\"\" class=\"wp-image-23624\" srcset=\"https:\/\/cuernavaca.gob.mx\/wp-content\/uploads\/2023\/01\/plan-de-desarrollo-cuernavaca-10-1024x682.jpg 1024w, https:\/\/cuernavaca.gob.mx\/wp-content\/uploads\/2023\/01\/plan-de-desarrollo-cuernavaca-10-300x200.jpg 300w, https:\/\/cuernavaca.gob.mx\/wp-content\/uploads\/2023\/01\/plan-de-desarrollo-cuernavaca-10-768x512.jpg 768w, https:\/\/cuernavaca.gob.mx\/wp-content\/uploads\/2023\/01\/plan-de-desarrollo-cuernavaca-10-600x400.jpg 600w, https:\/\/cuernavaca.gob.mx\/wp-content\/uploads\/2023\/01\/plan-de-desarrollo-cuernavaca-10-560x373.jpg 560w, https:\/\/cuernavaca.gob.mx\/wp-content\/uploads\/2023\/01\/plan-de-desarrollo-cuernavaca-10.jpg 1280w\" sizes=\"(max-width: 1024px) 100vw, 1024px\" \/><\/figure>\n<\/figure>\n","protected":false},"excerpt":{"rendered":"<p>\u2022 El presidente municipal se reuni\u00f3 con representantes de diversas organizaciones civiles, de profesionistas y la academia para sumar opiniones y propuestas a favor de la actualizaci\u00f3n de este ordenamiento Para consolidar a Cuernavaca como una ciudad competitiva, productiva y sustentable, elevando la calidad de vida de la poblaci\u00f3n; el presidente municipal, Jos\u00e9 Luis Uri\u00f3stegui [&hellip;]<\/p>\n","protected":false},"author":1,"featured_media":23621,"comment_status":"closed","ping_status":"open","sticky":false,"template":"","format":"standard","meta":[],"categories":[20],"tags":[121,2802,120,206,2801,1699],"aioseo_notices":[],"_links":{"self":[{"href":"https:\/\/cuernavaca.gob.mx\/index.php?rest_route=\/wp\/v2\/posts\/23620"}],"collection":[{"href":"https:\/\/cuernavaca.gob.mx\/index.php?rest_route=\/wp\/v2\/posts"}],"about":[{"href":"https:\/\/cuernavaca.gob.mx\/index.php?rest_route=\/wp\/v2\/types\/post"}],"author":[{"embeddable":true,"href":"https:\/\/cuernavaca.gob.mx\/index.php?rest_route=\/wp\/v2\/users\/1"}],"replies":[{"embeddable":true,"href":"https:\/\/cuernavaca.gob.mx\/index.php?rest_route=%2Fwp%2Fv2%2Fcomments&post=23620"}],"version-history":[{"count":1,"href":"https:\/\/cuernavaca.gob.mx\/index.php?rest_route=\/wp\/v2\/posts\/23620\/revisions"}],"predecessor-version":[{"id":23631,"href":"https:\/\/cuernavaca.gob.mx\/index.php?rest_route=\/wp\/v2\/posts\/23620\/revisions\/23631"}],"wp:featuredmedia":[{"embeddable":true,"href":"https:\/\/cuernavaca.gob.mx\/index.php?rest_route=\/wp\/v2\/media\/23621"}],"wp:attachment":[{"href":"https:\/\/cuernavaca.gob.mx\/index.php?rest_route=%2Fwp%2Fv2%2Fmedia&parent=23620"}],"wp:term":[{"taxonomy":"category","embeddable":true,"href":"https:\/\/cuernavaca.gob.mx\/index.php?rest_route=%2Fwp%2Fv2%2Fcategories&post=23620"},{"taxonomy":"post_tag","embeddable":true,"href":"https:\/\/cuernavaca.gob.mx\/index.php?rest_route=%2Fwp%2Fv2%2Ftags&post=23620"}],"curies":[{"name":"wp","href":"https:\/\/api.w.org\/{rel}","templated":true}]}}