{"id":23669,"date":"2023-01-03T13:15:00","date_gmt":"2023-01-03T19:15:00","guid":{"rendered":"https:\/\/cuernavaca.gob.mx\/?p=23669"},"modified":"2025-05-06T12:25:46","modified_gmt":"2025-05-06T18:25:46","slug":"b650-03-01-22-ante-aumento-de-enfermedades-respiratorias-en-esta-temporada-la-direccion-de-salud-de-cuernavaca-recomienda-medidas-preventivas","status":"publish","type":"post","link":"https:\/\/cuernavaca.gob.mx\/?p=23669","title":{"rendered":"B650 03\/01\/22 ANTE AUMENTO DE ENFERMEDADES RESPIRATORIAS EN ESTA TEMPORADA, LA DIRECCI\u00d3N DE SALUD DE CUERNAVACA RECOMIENDA MEDIDAS PREVENTIVAS"},"content":{"rendered":"\n<p><strong>\u2022 El director general de Salud y Educaci\u00f3n de Cuernavaca, Josu\u00e9 Larios Morales, recomend\u00f3 a la poblaci\u00f3n no bajar la guardia y usar el cubrebocas<\/strong><\/p>\n\n\n\n<p><strong>\u2022 En Cuernavaca el incremento de casos positivos de COVID-19 ha sido m\u00e1s controlado en comparaci\u00f3n a los otros repuntes; en esta sexta ola fueron menos riesgosos en cuanto a decesos<\/strong><\/p>\n\n\n\n<p>Ante el aumento de casos positivos de COVID-19 durante esta temporada de fr\u00edo, la Direcci\u00f3n General de Salud y Educaci\u00f3n del Ayuntamiento de Cuernavaca, recomienda a la poblaci\u00f3n mantener las medidas preventivas que se han implementado durante la pandemia y que han demostrado su eficiencia para reducir los contagios, no solo de este padecimiento, sino tambi\u00e9n de otras enfermedades respiratorias, como el uso del cubrebocas y cumplir con el esquema de vacunaci\u00f3n.<\/p>\n\n\n\n<p>El titular de Salud y Educaci\u00f3n, Josu\u00e9 Larios Morales, se\u00f1al\u00f3 que en Cuernavaca el incremento de casos positivos de COVID-19 ha sido m\u00e1s controlado en comparaci\u00f3n a los otros repuntes, ya que en esta sexta ola fueron menos riesgosos en cuanto a decesos; en t\u00e9rmino de contagios las nuevas subvariantes de \u00d3micron escapan a la inmunidad de las primeras vacunas, lo que hace susceptible a la poblaci\u00f3n en general y particularmente a los adultos mayores a que se contagien.<\/p>\n\n\n\n<p>\u201cEl exhorto es que para que, en t\u00e9rminos generales, tanto para ni\u00f1os como la poblaci\u00f3n en general, si nos hacen falta nuestras dosis acudamos a vacunarnos, y ahorita no se debe descartar la parte de influenza. Las medidas de excelencia en salud p\u00fablica a nivel mundial siguen siendo las vacunas, entonces s\u00ed tenemos esa posibilidad hay que hacerlo\u201d, resalt\u00f3.<\/p>\n\n\n\n<p>De acuerdo con la Secretar\u00eda de Salud del estado hasta este lunes en Morelos se ten\u00eda un acumulado de 93 mil 978 personas contagiadas, de los cuales 113 fueron nuevos contagios, de esta cifra 40 correspond\u00edan a Cuernavaca, pero, no se registraron defunciones durante las \u00faltimas 24 horas.<\/p>\n\n\n\n<p>Larios Morales puntualiz\u00f3 que frente a cualquier tipo de enfermedad respiratoria es fundamental acompa\u00f1arse de la opini\u00f3n de un experto del personal m\u00e9dico, de quienes reconoci\u00f3 su importante labor para tratar de disminuir estos impactos en la salud.<\/p>\n\n\n\n<p>Cabe mencionar que, durante esta semana, hasta el viernes 06 de enero, continuar\u00e1 la vacunaci\u00f3n contra COVID-19 a ni\u00f1as y ni\u00f1os de 5 a 11 a\u00f1os de edad en un horario de 09:00 a 16:00 horas. En Cuernavaca el punto de inoculaci\u00f3n es el Centro de Salud Tlaltenango en avenida Emiliano Zapata.<\/p>\n\n\n\n<p>Las y los menores de edad deben ir acompa\u00f1ados de un adulto, presentar el expediente de vacunaci\u00f3n impreso del infante, el cual se puede descargar en la plataforma https:\/\/mivacuna.salud.gob.mx\/<\/p>\n\n\n\n<p>En tanto que esta semana, se ha informado por los Servicios de Salud de Morelos la operaci\u00f3n de un m\u00f3dulo de pruebas antig\u00e9nicas gratuitas en la Unidad Deportiva \u201cMiguel Alem\u00e1n\u201d de Cuernavaca para la poblaci\u00f3n en general a partir de los cinco a\u00f1os de edad en un horario de 09:00 a 14:00 horas.<\/p>\n\n\n\n<p><\/p>\n\n\n\n<figure class=\"wp-container-2 wp-block-gallery-1 wp-block-gallery has-nested-images columns-default is-cropped\">\n<figure class=\"wp-block-image size-large\"><img loading=\"lazy\" width=\"1024\" height=\"682\" data-id=\"23672\"  src=\"https:\/\/cuernavaca.gob.mx\/wp-content\/uploads\/2023\/01\/recomendaciones-salud-cuernavaca-1-1024x682.jpg\" alt=\"\" class=\"wp-image-23672\" srcset=\"https:\/\/cuernavaca.gob.mx\/wp-content\/uploads\/2023\/01\/recomendaciones-salud-cuernavaca-1-1024x682.jpg 1024w, https:\/\/cuernavaca.gob.mx\/wp-content\/uploads\/2023\/01\/recomendaciones-salud-cuernavaca-1-300x200.jpg 300w, https:\/\/cuernavaca.gob.mx\/wp-content\/uploads\/2023\/01\/recomendaciones-salud-cuernavaca-1-768x512.jpg 768w, https:\/\/cuernavaca.gob.mx\/wp-content\/uploads\/2023\/01\/recomendaciones-salud-cuernavaca-1-600x400.jpg 600w, https:\/\/cuernavaca.gob.mx\/wp-content\/uploads\/2023\/01\/recomendaciones-salud-cuernavaca-1-560x373.jpg 560w, https:\/\/cuernavaca.gob.mx\/wp-content\/uploads\/2023\/01\/recomendaciones-salud-cuernavaca-1.jpg 1280w\" sizes=\"(max-width: 1024px) 100vw, 1024px\" \/><\/figure>\n\n\n\n<figure class=\"wp-block-image size-large\"><img loading=\"lazy\" width=\"1024\" height=\"682\" data-id=\"23671\"  src=\"https:\/\/cuernavaca.gob.mx\/wp-content\/uploads\/2023\/01\/recomendaciones-salud-cuernavaca-2-1024x682.jpg\" alt=\"\" class=\"wp-image-23671\" srcset=\"https:\/\/cuernavaca.gob.mx\/wp-content\/uploads\/2023\/01\/recomendaciones-salud-cuernavaca-2-1024x682.jpg 1024w, https:\/\/cuernavaca.gob.mx\/wp-content\/uploads\/2023\/01\/recomendaciones-salud-cuernavaca-2-300x200.jpg 300w, https:\/\/cuernavaca.gob.mx\/wp-content\/uploads\/2023\/01\/recomendaciones-salud-cuernavaca-2-768x512.jpg 768w, https:\/\/cuernavaca.gob.mx\/wp-content\/uploads\/2023\/01\/recomendaciones-salud-cuernavaca-2-600x400.jpg 600w, https:\/\/cuernavaca.gob.mx\/wp-content\/uploads\/2023\/01\/recomendaciones-salud-cuernavaca-2-560x373.jpg 560w, https:\/\/cuernavaca.gob.mx\/wp-content\/uploads\/2023\/01\/recomendaciones-salud-cuernavaca-2.jpg 1280w\" sizes=\"(max-width: 1024px) 100vw, 1024px\" \/><\/figure>\n\n\n\n<figure class=\"wp-block-image size-large\"><img loading=\"lazy\" width=\"1024\" height=\"682\" data-id=\"23670\"  src=\"https:\/\/cuernavaca.gob.mx\/wp-content\/uploads\/2023\/01\/recomendaciones-salud-cuernavaca-3-1024x682.jpg\" alt=\"\" class=\"wp-image-23670\" srcset=\"https:\/\/cuernavaca.gob.mx\/wp-content\/uploads\/2023\/01\/recomendaciones-salud-cuernavaca-3-1024x682.jpg 1024w, https:\/\/cuernavaca.gob.mx\/wp-content\/uploads\/2023\/01\/recomendaciones-salud-cuernavaca-3-300x200.jpg 300w, https:\/\/cuernavaca.gob.mx\/wp-content\/uploads\/2023\/01\/recomendaciones-salud-cuernavaca-3-768x512.jpg 768w, https:\/\/cuernavaca.gob.mx\/wp-content\/uploads\/2023\/01\/recomendaciones-salud-cuernavaca-3-600x400.jpg 600w, https:\/\/cuernavaca.gob.mx\/wp-content\/uploads\/2023\/01\/recomendaciones-salud-cuernavaca-3-560x373.jpg 560w, https:\/\/cuernavaca.gob.mx\/wp-content\/uploads\/2023\/01\/recomendaciones-salud-cuernavaca-3.jpg 1280w\" sizes=\"(max-width: 1024px) 100vw, 1024px\" \/><\/figure>\n<\/figure>\n","protected":false},"excerpt":{"rendered":"<p>\u2022 El director general de Salud y Educaci\u00f3n de Cuernavaca, Josu\u00e9 Larios Morales, recomend\u00f3 a la poblaci\u00f3n no bajar la guardia y usar el cubrebocas \u2022 En Cuernavaca el incremento de casos positivos de COVID-19 ha sido m\u00e1s controlado en comparaci\u00f3n a los otros repuntes; en esta sexta ola fueron menos riesgosos en cuanto a [&hellip;]<\/p>\n","protected":false},"author":1,"featured_media":23672,"comment_status":"closed","ping_status":"open","sticky":false,"template":"","format":"standard","meta":[],"categories":[899],"tags":[2467,167,354,121,120,206,2812,2718,154,2813],"aioseo_notices":[],"_links":{"self":[{"href":"https:\/\/cuernavaca.gob.mx\/index.php?rest_route=\/wp\/v2\/posts\/23669"}],"collection":[{"href":"https:\/\/cuernavaca.gob.mx\/index.php?rest_route=\/wp\/v2\/posts"}],"about":[{"href":"https:\/\/cuernavaca.gob.mx\/index.php?rest_route=\/wp\/v2\/types\/post"}],"author":[{"embeddable":true,"href":"https:\/\/cuernavaca.gob.mx\/index.php?rest_route=\/wp\/v2\/users\/1"}],"replies":[{"embeddable":true,"href":"https:\/\/cuernavaca.gob.mx\/index.php?rest_route=%2Fwp%2Fv2%2Fcomments&post=23669"}],"version-history":[{"count":1,"href":"https:\/\/cuernavaca.gob.mx\/index.php?rest_route=\/wp\/v2\/posts\/23669\/revisions"}],"predecessor-version":[{"id":23673,"href":"https:\/\/cuernavaca.gob.mx\/index.php?rest_route=\/wp\/v2\/posts\/23669\/revisions\/23673"}],"wp:featuredmedia":[{"embeddable":true,"href":"https:\/\/cuernavaca.gob.mx\/index.php?rest_route=\/wp\/v2\/media\/23672"}],"wp:attachment":[{"href":"https:\/\/cuernavaca.gob.mx\/index.php?rest_route=%2Fwp%2Fv2%2Fmedia&parent=23669"}],"wp:term":[{"taxonomy":"category","embeddable":true,"href":"https:\/\/cuernavaca.gob.mx\/index.php?rest_route=%2Fwp%2Fv2%2Fcategories&post=23669"},{"taxonomy":"post_tag","embeddable":true,"href":"https:\/\/cuernavaca.gob.mx\/index.php?rest_route=%2Fwp%2Fv2%2Ftags&post=23669"}],"curies":[{"name":"wp","href":"https:\/\/api.w.org\/{rel}","templated":true}]}}