{"id":23780,"date":"2023-01-07T16:15:00","date_gmt":"2023-01-07T22:15:00","guid":{"rendered":"https:\/\/cuernavaca.gob.mx\/?p=23780"},"modified":"2025-05-06T12:26:26","modified_gmt":"2025-05-06T18:26:26","slug":"b661-07-03-23-cuernavaca-integra-un-corredor-cultural-que-atrae-las-miradas-con-obras-de-arte","status":"publish","type":"post","link":"https:\/\/cuernavaca.gob.mx\/?p=23780","title":{"rendered":"B661 07\/03\/23 CUERNAVACA INTEGRA UN CORREDOR CULTURAL QUE ATRAE LAS MIRADAS CON OBRAS DE ARTE"},"content":{"rendered":"\n<p><strong>\u2022 En un trabajo coordinado con artistas pl\u00e1sticos reconocidos internacionalmente, el Ayuntamiento de Cuernavaca ha concretado este corredor donde se muestran esculturas de gran relieve<\/strong><\/p>\n\n\n\n<p><strong>\u2022 Parte desde la Paloma de La Paz hasta Diana, donde diversas expresiones art\u00edsticas est\u00e1n presentes fortaleciendo la denominaci\u00f3n de la Eterna Primavera<\/strong><\/p>\n\n\n\n<p>En menos de un a\u00f1o, el Ayuntamiento de Cuernavaca ha logrado concretar un corredor cultural al interior de la capital morelense a trav\u00e9s de un trabajo coordinado y entre pares con artistas pl\u00e1sticos reconocidos internacionalmente, mostrando en diferentes espacios p\u00fablicos, mismos que fueron rescatados, alguna de sus obras que resaltan la fama de la ciudad con historia, arquitectura, arte y cultura.<\/p>\n\n\n\n<p>La primera obra que fue punto de arranque de este importante y ambicioso proyecto fue el \u201cQuetzalc\u00f3atl, encuentro de dos culturas\u201d, escultura hecha por el maestro V\u00edctor Manuel Contreras y la cual fue donada por el mismo artista y que se encuentra en la glorieta ubicada en la convergencia de varias calles en la colonia Vista Hermosa, entre ellas R\u00edo Mayo y Amacuzac.<\/p>\n\n\n\n<p>Posteriormente, el Cabildo autoriz\u00f3 la reconstrucci\u00f3n de la escultura \u201cEl Carro del Sol\u201d, de la maestra Miriam P\u00e9rez, que hab\u00eda sido abandonada por pasadas administraciones y que hoy fue reubicada en la esquina de las calles de R\u00edo Balsas y Poder Legislativo en la colonia Vista Hermosa, donde se muestra en todo su esplendor como una alusi\u00f3n a la Eterna Primavera.<\/p>\n\n\n\n<p>Y finalmente el a\u00f1o pasado fue reubicada la escultura \u201cHermandad\u201d, del maestro Carlos Pi\u00f1ar, ahora localizada en la glorieta Gustavo Baz en la colonia Reforma, misma que fue rescatada, donde se remoz\u00f3 el espacio y se volvi\u00f3 a poner en funcionamiento la fuente ah\u00ed existente por mucho tiempo vandalizada y olvidada.<\/p>\n\n\n\n<p>Con estas obras que se integran a las que ya se encontraban en este trayecto, como son \u201cLos Caballos\u201d y \u201cLas Musas\u201d de Rio Mayo, el Gobierno Municipal 2022- 2024 est\u00e1 trabajando para lograr convertir esta zona en un corredor cultural que sirva para exponer diversas manifestaciones de arte elaboradas por artistas nativos o avecindados en Cuernavaca, recuperando la fama de la ciudad, no solo de eterna primavera, sino cultural que muestra lo que su gente es capaz de hacer en beneficio de la humanidad.<\/p>\n\n\n\n<p>En este contexto, la ciudad capital recibi\u00f3 en menos de 12 meses las distinguidas visitas de los excelent\u00edsimos embajadores de Reino Unido, Jon Benjamin; de Polonia, Maciej Zietara; y de Italia, Luigi de Chiara, circunstancia que seguramente incidir\u00e1 en que sus connacionales reciban excelentes referencias de Cuernavaca y sus habitantes, fortaleciendo la cultura y claro el turismo.<\/p>\n\n\n\n<figure class=\"wp-container-2 wp-block-gallery-1 wp-block-gallery has-nested-images columns-default is-cropped\">\n<figure class=\"wp-block-image size-large\"><img loading=\"lazy\" width=\"1024\" height=\"682\" data-id=\"23781\"  src=\"https:\/\/cuernavaca.gob.mx\/wp-content\/uploads\/2023\/01\/corredor-cultura-cuernavaca-1-1024x682.jpg\" alt=\"\" class=\"wp-image-23781\" srcset=\"https:\/\/cuernavaca.gob.mx\/wp-content\/uploads\/2023\/01\/corredor-cultura-cuernavaca-1-1024x682.jpg 1024w, https:\/\/cuernavaca.gob.mx\/wp-content\/uploads\/2023\/01\/corredor-cultura-cuernavaca-1-300x200.jpg 300w, https:\/\/cuernavaca.gob.mx\/wp-content\/uploads\/2023\/01\/corredor-cultura-cuernavaca-1-768x512.jpg 768w, https:\/\/cuernavaca.gob.mx\/wp-content\/uploads\/2023\/01\/corredor-cultura-cuernavaca-1-600x400.jpg 600w, https:\/\/cuernavaca.gob.mx\/wp-content\/uploads\/2023\/01\/corredor-cultura-cuernavaca-1-560x373.jpg 560w, https:\/\/cuernavaca.gob.mx\/wp-content\/uploads\/2023\/01\/corredor-cultura-cuernavaca-1.jpg 1280w\" sizes=\"(max-width: 1024px) 100vw, 1024px\" \/><\/figure>\n\n\n\n<figure class=\"wp-block-image size-large\"><img loading=\"lazy\" width=\"682\" height=\"1024\" data-id=\"23784\"  src=\"https:\/\/cuernavaca.gob.mx\/wp-content\/uploads\/2023\/01\/corredor-cultura-cuernavaca-2-682x1024.jpg\" alt=\"\" class=\"wp-image-23784\" srcset=\"https:\/\/cuernavaca.gob.mx\/wp-content\/uploads\/2023\/01\/corredor-cultura-cuernavaca-2-682x1024.jpg 682w, https:\/\/cuernavaca.gob.mx\/wp-content\/uploads\/2023\/01\/corredor-cultura-cuernavaca-2-200x300.jpg 200w, https:\/\/cuernavaca.gob.mx\/wp-content\/uploads\/2023\/01\/corredor-cultura-cuernavaca-2-768x1152.jpg 768w, https:\/\/cuernavaca.gob.mx\/wp-content\/uploads\/2023\/01\/corredor-cultura-cuernavaca-2-400x600.jpg 400w, https:\/\/cuernavaca.gob.mx\/wp-content\/uploads\/2023\/01\/corredor-cultura-cuernavaca-2-373x560.jpg 373w, https:\/\/cuernavaca.gob.mx\/wp-content\/uploads\/2023\/01\/corredor-cultura-cuernavaca-2.jpg 853w\" sizes=\"(max-width: 682px) 100vw, 682px\" \/><\/figure>\n\n\n\n<figure class=\"wp-block-image size-large\"><img loading=\"lazy\" width=\"1024\" height=\"682\" data-id=\"23785\"  src=\"https:\/\/cuernavaca.gob.mx\/wp-content\/uploads\/2023\/01\/corredor-cultura-cuernavaca-3-1024x682.jpg\" alt=\"\" class=\"wp-image-23785\" srcset=\"https:\/\/cuernavaca.gob.mx\/wp-content\/uploads\/2023\/01\/corredor-cultura-cuernavaca-3-1024x682.jpg 1024w, https:\/\/cuernavaca.gob.mx\/wp-content\/uploads\/2023\/01\/corredor-cultura-cuernavaca-3-300x200.jpg 300w, https:\/\/cuernavaca.gob.mx\/wp-content\/uploads\/2023\/01\/corredor-cultura-cuernavaca-3-768x512.jpg 768w, https:\/\/cuernavaca.gob.mx\/wp-content\/uploads\/2023\/01\/corredor-cultura-cuernavaca-3-600x400.jpg 600w, https:\/\/cuernavaca.gob.mx\/wp-content\/uploads\/2023\/01\/corredor-cultura-cuernavaca-3-560x373.jpg 560w, https:\/\/cuernavaca.gob.mx\/wp-content\/uploads\/2023\/01\/corredor-cultura-cuernavaca-3.jpg 1280w\" sizes=\"(max-width: 1024px) 100vw, 1024px\" \/><\/figure>\n\n\n\n<figure class=\"wp-block-image size-large\"><img loading=\"lazy\" width=\"1024\" height=\"816\" data-id=\"23783\"  src=\"https:\/\/cuernavaca.gob.mx\/wp-content\/uploads\/2023\/01\/corredor-cultura-cuernavaca-4-1024x816.jpg\" alt=\"\" class=\"wp-image-23783\" srcset=\"https:\/\/cuernavaca.gob.mx\/wp-content\/uploads\/2023\/01\/corredor-cultura-cuernavaca-4-1024x816.jpg 1024w, https:\/\/cuernavaca.gob.mx\/wp-content\/uploads\/2023\/01\/corredor-cultura-cuernavaca-4-300x239.jpg 300w, https:\/\/cuernavaca.gob.mx\/wp-content\/uploads\/2023\/01\/corredor-cultura-cuernavaca-4-768x612.jpg 768w, https:\/\/cuernavaca.gob.mx\/wp-content\/uploads\/2023\/01\/corredor-cultura-cuernavaca-4-600x478.jpg 600w, https:\/\/cuernavaca.gob.mx\/wp-content\/uploads\/2023\/01\/corredor-cultura-cuernavaca-4-560x446.jpg 560w, https:\/\/cuernavaca.gob.mx\/wp-content\/uploads\/2023\/01\/corredor-cultura-cuernavaca-4.jpg 1280w\" sizes=\"(max-width: 1024px) 100vw, 1024px\" \/><\/figure>\n\n\n\n<figure class=\"wp-block-image size-large\"><img loading=\"lazy\" width=\"1024\" height=\"682\" data-id=\"23782\"  src=\"https:\/\/cuernavaca.gob.mx\/wp-content\/uploads\/2023\/01\/corredor-cultura-cuernavaca-5-1024x682.jpg\" alt=\"\" class=\"wp-image-23782\" srcset=\"https:\/\/cuernavaca.gob.mx\/wp-content\/uploads\/2023\/01\/corredor-cultura-cuernavaca-5-1024x682.jpg 1024w, https:\/\/cuernavaca.gob.mx\/wp-content\/uploads\/2023\/01\/corredor-cultura-cuernavaca-5-300x200.jpg 300w, https:\/\/cuernavaca.gob.mx\/wp-content\/uploads\/2023\/01\/corredor-cultura-cuernavaca-5-768x512.jpg 768w, https:\/\/cuernavaca.gob.mx\/wp-content\/uploads\/2023\/01\/corredor-cultura-cuernavaca-5-600x400.jpg 600w, https:\/\/cuernavaca.gob.mx\/wp-content\/uploads\/2023\/01\/corredor-cultura-cuernavaca-5-560x373.jpg 560w, https:\/\/cuernavaca.gob.mx\/wp-content\/uploads\/2023\/01\/corredor-cultura-cuernavaca-5.jpg 1280w\" sizes=\"(max-width: 1024px) 100vw, 1024px\" \/><\/figure>\n<\/figure>\n","protected":false},"excerpt":{"rendered":"<p>\u2022 En un trabajo coordinado con artistas pl\u00e1sticos reconocidos internacionalmente, el Ayuntamiento de Cuernavaca ha concretado este corredor donde se muestran esculturas de gran relieve \u2022 Parte desde la Paloma de La Paz hasta Diana, donde diversas expresiones art\u00edsticas est\u00e1n presentes fortaleciendo la denominaci\u00f3n de la Eterna Primavera En menos de un a\u00f1o, el Ayuntamiento [&hellip;]<\/p>\n","protected":false},"author":1,"featured_media":23783,"comment_status":"closed","ping_status":"open","sticky":false,"template":"","format":"standard","meta":[],"categories":[21],"tags":[1300,2132,2825,2716,121,2824,120,206,194],"aioseo_notices":[],"_links":{"self":[{"href":"https:\/\/cuernavaca.gob.mx\/index.php?rest_route=\/wp\/v2\/posts\/23780"}],"collection":[{"href":"https:\/\/cuernavaca.gob.mx\/index.php?rest_route=\/wp\/v2\/posts"}],"about":[{"href":"https:\/\/cuernavaca.gob.mx\/index.php?rest_route=\/wp\/v2\/types\/post"}],"author":[{"embeddable":true,"href":"https:\/\/cuernavaca.gob.mx\/index.php?rest_route=\/wp\/v2\/users\/1"}],"replies":[{"embeddable":true,"href":"https:\/\/cuernavaca.gob.mx\/index.php?rest_route=%2Fwp%2Fv2%2Fcomments&post=23780"}],"version-history":[{"count":1,"href":"https:\/\/cuernavaca.gob.mx\/index.php?rest_route=\/wp\/v2\/posts\/23780\/revisions"}],"predecessor-version":[{"id":23786,"href":"https:\/\/cuernavaca.gob.mx\/index.php?rest_route=\/wp\/v2\/posts\/23780\/revisions\/23786"}],"wp:featuredmedia":[{"embeddable":true,"href":"https:\/\/cuernavaca.gob.mx\/index.php?rest_route=\/wp\/v2\/media\/23783"}],"wp:attachment":[{"href":"https:\/\/cuernavaca.gob.mx\/index.php?rest_route=%2Fwp%2Fv2%2Fmedia&parent=23780"}],"wp:term":[{"taxonomy":"category","embeddable":true,"href":"https:\/\/cuernavaca.gob.mx\/index.php?rest_route=%2Fwp%2Fv2%2Fcategories&post=23780"},{"taxonomy":"post_tag","embeddable":true,"href":"https:\/\/cuernavaca.gob.mx\/index.php?rest_route=%2Fwp%2Fv2%2Ftags&post=23780"}],"curies":[{"name":"wp","href":"https:\/\/api.w.org\/{rel}","templated":true}]}}