{"id":23808,"date":"2023-01-08T16:30:00","date_gmt":"2023-01-08T22:30:00","guid":{"rendered":"https:\/\/cuernavaca.gob.mx\/?p=23808"},"modified":"2025-05-06T12:26:25","modified_gmt":"2025-05-06T18:26:25","slug":"b665-recomienda-ayuntamiento-no-bajar-la-guardia-en-materia-de-salud-con-el-regreso-a-clases-en-cuernavaca","status":"publish","type":"post","link":"https:\/\/cuernavaca.gob.mx\/?p=23808","title":{"rendered":"B665 RECOMIENDA AYUNTAMIENTO NO BAJAR LA GUARDIA EN MATERIA DE SALUD CON EL REGRESO A CLASES EN CUERNAVACA"},"content":{"rendered":"\n<ul><li><strong>La Direcci\u00f3n de Salud y Educaci\u00f3n llam\u00f3 a la poblaci\u00f3n estudiantil y personal educativo a mantener las medidas preventivas para reducir los contagios, no solo de COVID- 19, sino tambi\u00e9n de otras enfermedades respiratorias<\/strong><\/li><\/ul>\n\n\n\n<ul><li><strong>El uso del cubrebocas y privilegiar los espacios abiertos principalmente<\/strong><\/li><\/ul>\n\n\n\n<p>Con el regreso a clases este lunes tras las vacaciones de invierno, el Ayuntamiento de Cuernavaca, a trav\u00e9s de la Direcci\u00f3n de Salud y Educaci\u00f3n, adscrita a la Secretar\u00eda de Desarrollo Humano y Participaci\u00f3n, recomienda a la poblaci\u00f3n estudiantil y personal educativo a redoblar las medidas sanitarias contra el COVID- 19 y otras enfermedades respiratorias que incrementaron sus contagios particularmente en esta temporada de fr\u00edo.<\/p>\n\n\n\n<p>El titular de Salud y Educaci\u00f3n, Josu\u00e9 Larios Morales, se\u00f1al\u00f3 que es necesario que nadie baje la guardia ante estas enfermedades, siguiendo las normas de higiene y sanidad para la prevenci\u00f3n de contagios, usar el cubrebocas, alcohol en gel y mantener los espacios abiertos; adem\u00e1s de contar con un esquema completo de vacunaci\u00f3n contra COVID- 19.<\/p>\n\n\n\n<p>Precis\u00f3 que estas recomendaciones son emanadas de la propia Academia de Ciencias de Morelos (ACMor), con quienes han consolidado una sinergia de trabajo a favor de la poblaci\u00f3n a partir del Comit\u00e9 de Emergencias Sanitarias (CMES), las cuales han dado a conocer al sector educativo.<\/p>\n\n\n\n<p>Destac\u00f3 que en la ciudad han visto el esfuerzo de algunos planteles educativos en mejorar sus condiciones de manera preventiva, sobre todo para abrir ventanas donde no las hab\u00eda, mantener las puertas abiertas y hasta combinar horarios para disminuir la afluencia de educandos.<\/p>\n\n\n\n<p>Finalmente, Josu\u00e9 Larios subray\u00f3 que el exhorto para los docentes es que ante la detecci\u00f3n de estudiantes con alg\u00fan problema respiratorio, o s\u00edntomas como fluido nasal, estornudo o tos referirlos directamente con sus padres para que puedan recibir la atenci\u00f3n m\u00e9dica correspondiente y tener un regreso a clases seguro.<\/p>\n\n\n\n<figure class=\"wp-block-image size-large\"><img loading=\"lazy\" width=\"1024\" height=\"682\" src=\"https:\/\/cuernavaca.gob.mx\/wp-content\/uploads\/2023\/01\/recomendaciones-salud-cuernavaca-1024x682.jpeg\" alt=\"\" class=\"wp-image-23809\" srcset=\"https:\/\/cuernavaca.gob.mx\/wp-content\/uploads\/2023\/01\/recomendaciones-salud-cuernavaca-1024x682.jpeg 1024w, https:\/\/cuernavaca.gob.mx\/wp-content\/uploads\/2023\/01\/recomendaciones-salud-cuernavaca-300x200.jpeg 300w, https:\/\/cuernavaca.gob.mx\/wp-content\/uploads\/2023\/01\/recomendaciones-salud-cuernavaca-768x512.jpeg 768w, https:\/\/cuernavaca.gob.mx\/wp-content\/uploads\/2023\/01\/recomendaciones-salud-cuernavaca-600x400.jpeg 600w, https:\/\/cuernavaca.gob.mx\/wp-content\/uploads\/2023\/01\/recomendaciones-salud-cuernavaca-560x373.jpeg 560w, https:\/\/cuernavaca.gob.mx\/wp-content\/uploads\/2023\/01\/recomendaciones-salud-cuernavaca.jpeg 1280w\" sizes=\"(max-width: 1024px) 100vw, 1024px\" \/><\/figure>\n","protected":false},"excerpt":{"rendered":"<p>La Direcci\u00f3n de Salud y Educaci\u00f3n llam\u00f3 a la poblaci\u00f3n estudiantil y personal educativo a mantener las medidas preventivas para reducir los contagios, no solo de COVID- 19, sino tambi\u00e9n de otras enfermedades respiratorias El uso del cubrebocas y privilegiar los espacios abiertos principalmente Con el regreso a clases este lunes tras las vacaciones de [&hellip;]<\/p>\n","protected":false},"author":1,"featured_media":23809,"comment_status":"closed","ping_status":"open","sticky":false,"template":"","format":"standard","meta":[],"categories":[899],"tags":[186,354,121,120,2830,206,403,154],"aioseo_notices":[],"_links":{"self":[{"href":"https:\/\/cuernavaca.gob.mx\/index.php?rest_route=\/wp\/v2\/posts\/23808"}],"collection":[{"href":"https:\/\/cuernavaca.gob.mx\/index.php?rest_route=\/wp\/v2\/posts"}],"about":[{"href":"https:\/\/cuernavaca.gob.mx\/index.php?rest_route=\/wp\/v2\/types\/post"}],"author":[{"embeddable":true,"href":"https:\/\/cuernavaca.gob.mx\/index.php?rest_route=\/wp\/v2\/users\/1"}],"replies":[{"embeddable":true,"href":"https:\/\/cuernavaca.gob.mx\/index.php?rest_route=%2Fwp%2Fv2%2Fcomments&post=23808"}],"version-history":[{"count":1,"href":"https:\/\/cuernavaca.gob.mx\/index.php?rest_route=\/wp\/v2\/posts\/23808\/revisions"}],"predecessor-version":[{"id":23810,"href":"https:\/\/cuernavaca.gob.mx\/index.php?rest_route=\/wp\/v2\/posts\/23808\/revisions\/23810"}],"wp:featuredmedia":[{"embeddable":true,"href":"https:\/\/cuernavaca.gob.mx\/index.php?rest_route=\/wp\/v2\/media\/23809"}],"wp:attachment":[{"href":"https:\/\/cuernavaca.gob.mx\/index.php?rest_route=%2Fwp%2Fv2%2Fmedia&parent=23808"}],"wp:term":[{"taxonomy":"category","embeddable":true,"href":"https:\/\/cuernavaca.gob.mx\/index.php?rest_route=%2Fwp%2Fv2%2Fcategories&post=23808"},{"taxonomy":"post_tag","embeddable":true,"href":"https:\/\/cuernavaca.gob.mx\/index.php?rest_route=%2Fwp%2Fv2%2Ftags&post=23808"}],"curies":[{"name":"wp","href":"https:\/\/api.w.org\/{rel}","templated":true}]}}