{"id":24036,"date":"2023-01-16T18:00:00","date_gmt":"2023-01-17T00:00:00","guid":{"rendered":"https:\/\/cuernavaca.gob.mx\/?p=24036"},"modified":"2025-05-06T12:26:55","modified_gmt":"2025-05-06T18:26:55","slug":"f341-16-01-23-respondera-seprac-ante-instancias-por-detencion-de-conductora-que-se-resistio-a-ser-infraccionada-y-trato-de-evadir-a-agentes-de-vialidad","status":"publish","type":"post","link":"https:\/\/cuernavaca.gob.mx\/?p=24036","title":{"rendered":"F341 16\/01\/23 RESPONDER\u00c1 SEPRAC ANTE INSTANCIAS POR DETENCI\u00d3N DE CONDUCTORA QUE SE RESISTI\u00d3 A SER INFRACCIONADA Y TRAT\u00d3 DE EVADIR A AGENTES DE VIALIDAD"},"content":{"rendered":"\n<p>La Secretar\u00eda de Protecci\u00f3n y Auxilio Ciudadano (SEPRAC) de Cuernavaca, reiter\u00f3 su disposici\u00f3n para atender los requerimientos que realizan instancias como la Fiscal\u00eda Especializada en Combate a la Corrupci\u00f3n, la Contralor\u00eda Municipal, Asuntos Internos y las dependencias que as\u00ed lo soliciten, para hacer las precisiones sobre los hechos registrados el pasado viernes 13 de enero, cuando a trav\u00e9s de redes sociales se difundi\u00f3 un video de un presunto caso de abuso policial.<\/p>\n\n\n\n<p>En rueda de prensa, Alicia V\u00e1zquez Luna, acompa\u00f1ada de la Regidora Paz Hern\u00e1ndez Pardo, presidenta de la Comisi\u00f3n de Gobernaci\u00f3n del Cabildo de Cuernavaca, inform\u00f3 que el suceso registrado en calles del centro de la ciudad, cuando la conductora que fue puesta a disposici\u00f3n de un Juzgado C\u00edvico tras resistirse a ser infraccionada por hablar por tel\u00e9fono mientras conduc\u00eda, buscar evadirse en su veh\u00edculo lo que motivo una persecuci\u00f3n y termin\u00f3 cuando impact\u00f3 el auto por detr\u00e1s de una patrulla, es una situaci\u00f3n que est\u00e1 a revisi\u00f3n de Asuntos Internos de la SEPRAC para determinar el actuar de los agentes policiales, tal y como marca el procedimiento.<\/p>\n\n\n\n<p>Se precis\u00f3 que la ciudadana que forceje\u00f3 luego de no atender el llamado de mujeres polic\u00edas que le solicitaron descender de su autom\u00f3vil luego de la persecuci\u00f3n tras cometer las faltas para ser ingresada a la patrulla, enfrenta cargos por \u201cPoner en peligro la integridad f\u00edsica, moral y patrimonial de los habitantes\u201d de acuerdo a lo que se\u00f1ala el Bando de Polic\u00eda y Buen Gobierno del Municipio de Cuernavaca en su Art\u00edculo 129 que se\u00f1ala que: \u201cSon infracciones al orden p\u00fablico, a las buenas costumbres y a la moral\u201d en su Fracci\u00f3n Tercera \u2013 \u201cPoner en peligro la integridad f\u00edsica, moral o patrimonial de los habitantes del municipio\u201d.<\/p>\n\n\n\n<p>La detenida fue revisada por el m\u00e9dico legista y no present\u00f3 ninguna lesi\u00f3n tras su aseguramiento, fue notificada de las faltas administrativas cometidas para responder conforme lo marca la norma jur\u00eddica.<\/p>\n\n\n\n<figure class=\"wp-container-2 wp-block-gallery-1 wp-block-gallery has-nested-images columns-default is-cropped\">\n<figure class=\"wp-block-image size-large\"><img loading=\"lazy\" width=\"1024\" height=\"683\" data-id=\"24040\"  src=\"https:\/\/cuernavaca.gob.mx\/wp-content\/uploads\/2023\/01\/seguridad-cuernavaca-1-2-1024x683.jpeg\" alt=\"\" class=\"wp-image-24040\" srcset=\"https:\/\/cuernavaca.gob.mx\/wp-content\/uploads\/2023\/01\/seguridad-cuernavaca-1-2-1024x683.jpeg 1024w, https:\/\/cuernavaca.gob.mx\/wp-content\/uploads\/2023\/01\/seguridad-cuernavaca-1-2-300x200.jpeg 300w, https:\/\/cuernavaca.gob.mx\/wp-content\/uploads\/2023\/01\/seguridad-cuernavaca-1-2-768x512.jpeg 768w, https:\/\/cuernavaca.gob.mx\/wp-content\/uploads\/2023\/01\/seguridad-cuernavaca-1-2-1536x1024.jpeg 1536w, https:\/\/cuernavaca.gob.mx\/wp-content\/uploads\/2023\/01\/seguridad-cuernavaca-1-2-600x400.jpeg 600w, https:\/\/cuernavaca.gob.mx\/wp-content\/uploads\/2023\/01\/seguridad-cuernavaca-1-2-560x373.jpeg 560w, https:\/\/cuernavaca.gob.mx\/wp-content\/uploads\/2023\/01\/seguridad-cuernavaca-1-2.jpeg 1599w\" sizes=\"(max-width: 1024px) 100vw, 1024px\" \/><\/figure>\n\n\n\n<figure class=\"wp-block-image size-large\"><img loading=\"lazy\" width=\"205\" height=\"457\" data-id=\"24037\"  src=\"https:\/\/cuernavaca.gob.mx\/wp-content\/uploads\/2023\/01\/seguridad-cuernavaca-2-2.jpeg\" alt=\"\" class=\"wp-image-24037\" srcset=\"https:\/\/cuernavaca.gob.mx\/wp-content\/uploads\/2023\/01\/seguridad-cuernavaca-2-2.jpeg 205w, https:\/\/cuernavaca.gob.mx\/wp-content\/uploads\/2023\/01\/seguridad-cuernavaca-2-2-135x300.jpeg 135w\" sizes=\"(max-width: 205px) 100vw, 205px\" \/><\/figure>\n\n\n\n<figure class=\"wp-block-image size-large\"><img loading=\"lazy\" width=\"640\" height=\"360\" data-id=\"24039\"  src=\"https:\/\/cuernavaca.gob.mx\/wp-content\/uploads\/2023\/01\/seguridad-cuernavaca-3-2.jpeg\" alt=\"\" class=\"wp-image-24039\" srcset=\"https:\/\/cuernavaca.gob.mx\/wp-content\/uploads\/2023\/01\/seguridad-cuernavaca-3-2.jpeg 640w, https:\/\/cuernavaca.gob.mx\/wp-content\/uploads\/2023\/01\/seguridad-cuernavaca-3-2-300x169.jpeg 300w, https:\/\/cuernavaca.gob.mx\/wp-content\/uploads\/2023\/01\/seguridad-cuernavaca-3-2-600x338.jpeg 600w, https:\/\/cuernavaca.gob.mx\/wp-content\/uploads\/2023\/01\/seguridad-cuernavaca-3-2-560x315.jpeg 560w\" sizes=\"(max-width: 640px) 100vw, 640px\" \/><\/figure>\n\n\n\n<figure class=\"wp-block-image size-large\"><img loading=\"lazy\" width=\"1024\" height=\"683\" data-id=\"24038\"  src=\"https:\/\/cuernavaca.gob.mx\/wp-content\/uploads\/2023\/01\/seguridad-cuernavaca-4-2-1024x683.jpeg\" alt=\"\" class=\"wp-image-24038\" srcset=\"https:\/\/cuernavaca.gob.mx\/wp-content\/uploads\/2023\/01\/seguridad-cuernavaca-4-2-1024x683.jpeg 1024w, https:\/\/cuernavaca.gob.mx\/wp-content\/uploads\/2023\/01\/seguridad-cuernavaca-4-2-300x200.jpeg 300w, https:\/\/cuernavaca.gob.mx\/wp-content\/uploads\/2023\/01\/seguridad-cuernavaca-4-2-768x512.jpeg 768w, https:\/\/cuernavaca.gob.mx\/wp-content\/uploads\/2023\/01\/seguridad-cuernavaca-4-2-1536x1024.jpeg 1536w, https:\/\/cuernavaca.gob.mx\/wp-content\/uploads\/2023\/01\/seguridad-cuernavaca-4-2-600x400.jpeg 600w, https:\/\/cuernavaca.gob.mx\/wp-content\/uploads\/2023\/01\/seguridad-cuernavaca-4-2-560x373.jpeg 560w, https:\/\/cuernavaca.gob.mx\/wp-content\/uploads\/2023\/01\/seguridad-cuernavaca-4-2.jpeg 1599w\" sizes=\"(max-width: 1024px) 100vw, 1024px\" \/><\/figure>\n<\/figure>\n","protected":false},"excerpt":{"rendered":"<p>La Secretar\u00eda de Protecci\u00f3n y Auxilio Ciudadano (SEPRAC) de Cuernavaca, reiter\u00f3 su disposici\u00f3n para atender los requerimientos que realizan instancias como la Fiscal\u00eda Especializada en Combate a la Corrupci\u00f3n, la Contralor\u00eda Municipal, Asuntos Internos y las dependencias que as\u00ed lo soliciten, para hacer las precisiones sobre los hechos registrados el pasado viernes 13 de enero, [&hellip;]<\/p>\n","protected":false},"author":1,"featured_media":24039,"comment_status":"closed","ping_status":"open","sticky":false,"template":"","format":"standard","meta":[],"categories":[17],"tags":[121,120,125,252],"aioseo_notices":[],"_links":{"self":[{"href":"https:\/\/cuernavaca.gob.mx\/index.php?rest_route=\/wp\/v2\/posts\/24036"}],"collection":[{"href":"https:\/\/cuernavaca.gob.mx\/index.php?rest_route=\/wp\/v2\/posts"}],"about":[{"href":"https:\/\/cuernavaca.gob.mx\/index.php?rest_route=\/wp\/v2\/types\/post"}],"author":[{"embeddable":true,"href":"https:\/\/cuernavaca.gob.mx\/index.php?rest_route=\/wp\/v2\/users\/1"}],"replies":[{"embeddable":true,"href":"https:\/\/cuernavaca.gob.mx\/index.php?rest_route=%2Fwp%2Fv2%2Fcomments&post=24036"}],"version-history":[{"count":1,"href":"https:\/\/cuernavaca.gob.mx\/index.php?rest_route=\/wp\/v2\/posts\/24036\/revisions"}],"predecessor-version":[{"id":24041,"href":"https:\/\/cuernavaca.gob.mx\/index.php?rest_route=\/wp\/v2\/posts\/24036\/revisions\/24041"}],"wp:featuredmedia":[{"embeddable":true,"href":"https:\/\/cuernavaca.gob.mx\/index.php?rest_route=\/wp\/v2\/media\/24039"}],"wp:attachment":[{"href":"https:\/\/cuernavaca.gob.mx\/index.php?rest_route=%2Fwp%2Fv2%2Fmedia&parent=24036"}],"wp:term":[{"taxonomy":"category","embeddable":true,"href":"https:\/\/cuernavaca.gob.mx\/index.php?rest_route=%2Fwp%2Fv2%2Fcategories&post=24036"},{"taxonomy":"post_tag","embeddable":true,"href":"https:\/\/cuernavaca.gob.mx\/index.php?rest_route=%2Fwp%2Fv2%2Ftags&post=24036"}],"curies":[{"name":"wp","href":"https:\/\/api.w.org\/{rel}","templated":true}]}}