{"id":24043,"date":"2023-01-17T13:00:00","date_gmt":"2023-01-17T19:00:00","guid":{"rendered":"https:\/\/cuernavaca.gob.mx\/?p=24043"},"modified":"2025-05-06T12:26:55","modified_gmt":"2025-05-06T18:26:55","slug":"b688-17-01-23-respalda-cabildo-de-cuernavaca-reconocimiento-a-la-poblacion-afromexicana","status":"publish","type":"post","link":"https:\/\/cuernavaca.gob.mx\/?p=24043","title":{"rendered":"B688 17\/01\/23 RESPALDA CABILDO DE CUERNAVACA RECONOCIMIENTO A LA POBLACI\u00d3N AFROMEXICANA"},"content":{"rendered":"\n<p><strong>*Como Cabildo Constituyente avalaron esta reforma constitucional enviada por el Congreso del Estado<\/strong><\/p>\n\n\n\n<p>El Cabildo de Cuernavaca aprob\u00f3 la Reforma Constitucional remitida por el Congreso del Estado, que fortalecer\u00e1 las pol\u00edticas p\u00fablicas que ha implementado el municipio para la inclusi\u00f3n y el respeto de los derechos humanos de todas las personas.<\/p>\n\n\n\n<p>En este sentido, integrantes del Cabildo aprobaron por unanimidad el proyecto de decreto por el cual se modifica el art\u00edculo 2 Bis de la Constituci\u00f3n Pol\u00edtica del Estado en materia de reconocimiento a la poblaci\u00f3n afromexicana, como un tema de justicia social a la libre determinaci\u00f3n de este sector tan vulnerado.<\/p>\n\n\n\n<p>Tras explicar los antecedentes y el contenido de la iniciativa, la consejera jur\u00eddica, Nadia Luz Lara Ch\u00e1vez, indic\u00f3 que, al no contravenir a la Constituci\u00f3n Pol\u00edtica Federal, ya que su \u00fanica finalidad es generar congruencia y precisi\u00f3n en el art\u00edculo que se pretende modificar reconociendo a plenitud los derechos de las personas afromexicanas que forman parte de la poblaci\u00f3n de la entidad, consideran que el proyecto de decreto es viable, toda vez que en entidades como Oaxaca, Veracruz, Ciudad de M\u00e9xico y Coahuila se contemplan en sus respectivas constituciones este reconocimiento, garantizando as\u00ed todos sus derechos.<\/p>\n\n\n\n<p>En su intervenci\u00f3n, el presidente municipal, Jos\u00e9 Luis Uri\u00f3stegui Salgado, se\u00f1al\u00f3 que desde el primer a\u00f1o de gobierno han dado cabal cumplimiento a la Ley para Prevenir y Eliminar la Discriminaci\u00f3n, la cual impuso a los municipios la obligaci\u00f3n de crear un reglamento y la comisi\u00f3n respectiva para promover el respeto a los derechos humanos de la poblaci\u00f3n afrodescendiente, por lo cual en congruencia con los trabajos que han desarrollado estim\u00f3 procedente la aprobaci\u00f3n de esta reforma constitucional.<\/p>\n\n\n\n<p>Por su lado, la regidora Wendi Salinas Ruiz, afirm\u00f3 que para la administraci\u00f3n municipal la inclusi\u00f3n ha sido fundamental en las pol\u00edticas p\u00fablicas, programas y proyectos, dejando de lado las distinciones entre grupos y dando prioridad a los derechos humanos y al respeto de todas las personas como una acci\u00f3n inmediata a atender; solicit\u00f3 formar parte de las mesas de trabajo que se desarrollen para definir la creaci\u00f3n de reglamentos en la materia, al haber presentado un c\u00famulo de propuestas en materia de derechos humanos.<\/p>\n\n\n\n<p>A su vez, el regidor Fernando Carrillo Alvarado, se\u00f1al\u00f3 que, bajo la representaci\u00f3n de este tema como miembro del cuerpo edilicio, la aprobaci\u00f3n del proyecto de decreto habla de una ciudad de vanguardia que est\u00e1 renaciendo con el pleno reconocimiento de este sector, lo que distinguir\u00e1 a\u00fan m\u00e1s a la capital morelense.<\/p>\n\n\n\n<p>Record\u00f3 que fue en el a\u00f1o 2001 cuando por primera ocasi\u00f3n el Instituto Nacional de Estad\u00edstica y Geograf\u00eda (INEGI) genera la inclusi\u00f3n de este grupo poblacional en un censo, que representa el 1.2 de la poblaci\u00f3n en el pa\u00eds con alguna afrodescendencia, de los cuales 705 mil son mujeres y menos de 650 mil son hombres, destacando que en Cuernavaca se cuenta con un porcentaje similar a la media nacional.<\/p>\n\n\n\n<p>El acuerdo ser\u00e1 turnado al Congreso de Morelos para su conocimiento y efectos legales conducentes.<\/p>\n\n\n\n<figure class=\"wp-container-2 wp-block-gallery-1 wp-block-gallery has-nested-images columns-default is-cropped\">\n<figure class=\"wp-block-image size-large\"><img loading=\"lazy\" width=\"1024\" height=\"682\" data-id=\"24044\"  src=\"https:\/\/cuernavaca.gob.mx\/wp-content\/uploads\/2023\/01\/afrodescendientes-cuernavaca-1-1024x682.jpg\" alt=\"\" class=\"wp-image-24044\" srcset=\"https:\/\/cuernavaca.gob.mx\/wp-content\/uploads\/2023\/01\/afrodescendientes-cuernavaca-1-1024x682.jpg 1024w, https:\/\/cuernavaca.gob.mx\/wp-content\/uploads\/2023\/01\/afrodescendientes-cuernavaca-1-300x200.jpg 300w, https:\/\/cuernavaca.gob.mx\/wp-content\/uploads\/2023\/01\/afrodescendientes-cuernavaca-1-768x512.jpg 768w, https:\/\/cuernavaca.gob.mx\/wp-content\/uploads\/2023\/01\/afrodescendientes-cuernavaca-1-600x400.jpg 600w, https:\/\/cuernavaca.gob.mx\/wp-content\/uploads\/2023\/01\/afrodescendientes-cuernavaca-1-560x373.jpg 560w, https:\/\/cuernavaca.gob.mx\/wp-content\/uploads\/2023\/01\/afrodescendientes-cuernavaca-1.jpg 1280w\" sizes=\"(max-width: 1024px) 100vw, 1024px\" \/><\/figure>\n\n\n\n<figure class=\"wp-block-image size-large\"><img loading=\"lazy\" width=\"1024\" height=\"682\" data-id=\"24046\"  src=\"https:\/\/cuernavaca.gob.mx\/wp-content\/uploads\/2023\/01\/afrodescendientes-cuernavaca-2-1024x682.jpg\" alt=\"\" class=\"wp-image-24046\" srcset=\"https:\/\/cuernavaca.gob.mx\/wp-content\/uploads\/2023\/01\/afrodescendientes-cuernavaca-2-1024x682.jpg 1024w, https:\/\/cuernavaca.gob.mx\/wp-content\/uploads\/2023\/01\/afrodescendientes-cuernavaca-2-300x200.jpg 300w, https:\/\/cuernavaca.gob.mx\/wp-content\/uploads\/2023\/01\/afrodescendientes-cuernavaca-2-768x512.jpg 768w, https:\/\/cuernavaca.gob.mx\/wp-content\/uploads\/2023\/01\/afrodescendientes-cuernavaca-2-600x400.jpg 600w, https:\/\/cuernavaca.gob.mx\/wp-content\/uploads\/2023\/01\/afrodescendientes-cuernavaca-2-560x373.jpg 560w, https:\/\/cuernavaca.gob.mx\/wp-content\/uploads\/2023\/01\/afrodescendientes-cuernavaca-2.jpg 1280w\" sizes=\"(max-width: 1024px) 100vw, 1024px\" \/><\/figure>\n\n\n\n<figure class=\"wp-block-image size-large\"><img loading=\"lazy\" width=\"1024\" height=\"682\" data-id=\"24047\"  src=\"https:\/\/cuernavaca.gob.mx\/wp-content\/uploads\/2023\/01\/afrodescendientes-cuernavaca-3-1024x682.jpg\" alt=\"\" class=\"wp-image-24047\" srcset=\"https:\/\/cuernavaca.gob.mx\/wp-content\/uploads\/2023\/01\/afrodescendientes-cuernavaca-3-1024x682.jpg 1024w, https:\/\/cuernavaca.gob.mx\/wp-content\/uploads\/2023\/01\/afrodescendientes-cuernavaca-3-300x200.jpg 300w, https:\/\/cuernavaca.gob.mx\/wp-content\/uploads\/2023\/01\/afrodescendientes-cuernavaca-3-768x512.jpg 768w, https:\/\/cuernavaca.gob.mx\/wp-content\/uploads\/2023\/01\/afrodescendientes-cuernavaca-3-600x400.jpg 600w, https:\/\/cuernavaca.gob.mx\/wp-content\/uploads\/2023\/01\/afrodescendientes-cuernavaca-3-560x373.jpg 560w, https:\/\/cuernavaca.gob.mx\/wp-content\/uploads\/2023\/01\/afrodescendientes-cuernavaca-3.jpg 1280w\" sizes=\"(max-width: 1024px) 100vw, 1024px\" \/><\/figure>\n\n\n\n<figure class=\"wp-block-image size-large\"><img loading=\"lazy\" width=\"1024\" height=\"682\" data-id=\"24045\"  src=\"https:\/\/cuernavaca.gob.mx\/wp-content\/uploads\/2023\/01\/afrodescendientes-cuernavaca-4-1024x682.jpg\" alt=\"\" class=\"wp-image-24045\" srcset=\"https:\/\/cuernavaca.gob.mx\/wp-content\/uploads\/2023\/01\/afrodescendientes-cuernavaca-4-1024x682.jpg 1024w, https:\/\/cuernavaca.gob.mx\/wp-content\/uploads\/2023\/01\/afrodescendientes-cuernavaca-4-300x200.jpg 300w, https:\/\/cuernavaca.gob.mx\/wp-content\/uploads\/2023\/01\/afrodescendientes-cuernavaca-4-768x512.jpg 768w, https:\/\/cuernavaca.gob.mx\/wp-content\/uploads\/2023\/01\/afrodescendientes-cuernavaca-4-600x400.jpg 600w, https:\/\/cuernavaca.gob.mx\/wp-content\/uploads\/2023\/01\/afrodescendientes-cuernavaca-4-560x373.jpg 560w, https:\/\/cuernavaca.gob.mx\/wp-content\/uploads\/2023\/01\/afrodescendientes-cuernavaca-4.jpg 1280w\" sizes=\"(max-width: 1024px) 100vw, 1024px\" \/><\/figure>\n<\/figure>\n","protected":false},"excerpt":{"rendered":"<p>*Como Cabildo Constituyente avalaron esta reforma constitucional enviada por el Congreso del Estado El Cabildo de Cuernavaca aprob\u00f3 la Reforma Constitucional remitida por el Congreso del Estado, que fortalecer\u00e1 las pol\u00edticas p\u00fablicas que ha implementado el municipio para la inclusi\u00f3n y el respeto de los derechos humanos de todas las personas. En este sentido, integrantes [&hellip;]<\/p>\n","protected":false},"author":1,"featured_media":24047,"comment_status":"closed","ping_status":"open","sticky":false,"template":"","format":"standard","meta":[],"categories":[20],"tags":[2846,121,120,206,1625,1438],"aioseo_notices":[],"_links":{"self":[{"href":"https:\/\/cuernavaca.gob.mx\/index.php?rest_route=\/wp\/v2\/posts\/24043"}],"collection":[{"href":"https:\/\/cuernavaca.gob.mx\/index.php?rest_route=\/wp\/v2\/posts"}],"about":[{"href":"https:\/\/cuernavaca.gob.mx\/index.php?rest_route=\/wp\/v2\/types\/post"}],"author":[{"embeddable":true,"href":"https:\/\/cuernavaca.gob.mx\/index.php?rest_route=\/wp\/v2\/users\/1"}],"replies":[{"embeddable":true,"href":"https:\/\/cuernavaca.gob.mx\/index.php?rest_route=%2Fwp%2Fv2%2Fcomments&post=24043"}],"version-history":[{"count":1,"href":"https:\/\/cuernavaca.gob.mx\/index.php?rest_route=\/wp\/v2\/posts\/24043\/revisions"}],"predecessor-version":[{"id":24048,"href":"https:\/\/cuernavaca.gob.mx\/index.php?rest_route=\/wp\/v2\/posts\/24043\/revisions\/24048"}],"wp:featuredmedia":[{"embeddable":true,"href":"https:\/\/cuernavaca.gob.mx\/index.php?rest_route=\/wp\/v2\/media\/24047"}],"wp:attachment":[{"href":"https:\/\/cuernavaca.gob.mx\/index.php?rest_route=%2Fwp%2Fv2%2Fmedia&parent=24043"}],"wp:term":[{"taxonomy":"category","embeddable":true,"href":"https:\/\/cuernavaca.gob.mx\/index.php?rest_route=%2Fwp%2Fv2%2Fcategories&post=24043"},{"taxonomy":"post_tag","embeddable":true,"href":"https:\/\/cuernavaca.gob.mx\/index.php?rest_route=%2Fwp%2Fv2%2Ftags&post=24043"}],"curies":[{"name":"wp","href":"https:\/\/api.w.org\/{rel}","templated":true}]}}