{"id":24119,"date":"2023-01-19T15:00:00","date_gmt":"2023-01-19T21:00:00","guid":{"rendered":"https:\/\/cuernavaca.gob.mx\/?p=24119"},"modified":"2025-05-06T12:26:53","modified_gmt":"2025-05-06T18:26:53","slug":"b673-19-01-23-realiza-cabildo-de-cuernavaca-evaluacion-de-titulares-de-secretarias-y-areas-operativas-del-gobierno-municipal","status":"publish","type":"post","link":"https:\/\/cuernavaca.gob.mx\/?p=24119","title":{"rendered":"B673 19\/01\/23 REALIZA CABILDO DE CUERNAVACA EVALUACI\u00d3N DE TITULARES DE SECRETAR\u00cdAS Y AREAS OPERATIVAS DEL GOBIERNO MUNICIPAL"},"content":{"rendered":"\n<p><strong>\u2022 El presidente municipal, Jos\u00e9 Luis Uri\u00f3stegui inform\u00f3 que a partir de esta semana secretarias y secretarios, as\u00ed como la Consejera Jur\u00eddica y la Contralora Municipal comparecen ante Cabildo<\/strong><\/p>\n\n\n\n<p><strong>\u2022 La pr\u00f3xima semana se dar\u00e1n a conocer los resultados de las evaluaciones y posibles ajustes al presupuesto para mejorar programas de acci\u00f3n a favor de la ciudad<\/strong><\/p>\n\n\n\n<p>El presidente municipal de Cuernavaca, Jos\u00e9 Luis Uri\u00f3stegui Salgado, inform\u00f3 que, en cumplimiento a uno de los compromisos adquiridos desde el 01 de enero de 2022, en esta semana se realizan evaluaciones de cada uno de los titulares de las Secretar\u00edas que integran la administraci\u00f3n municipal, as\u00ed como de la Consejer\u00eda Jur\u00eddica, Tesorer\u00eda y de la Contralor\u00eda Municipal, para conocer m\u00e1s a detalle lo que est\u00e1 sucediendo en cada dependencia y tomar las decisiones correspondientes para seguir dando resultados a la poblaci\u00f3n.<\/p>\n\n\n\n<p>Explic\u00f3 que en un ejercicio de rendici\u00f3n de cuentas ante los integrantes del Cabildo han comparecido ya los titulares de las Secretar\u00edas de Desarrollo Econ\u00f3mico y Turismo, del Ayuntamiento, de Protecci\u00f3n y Auxilio Ciudadano, de Desarrollo Urbano y Obras P\u00fablicas, as\u00ed como de la Consejer\u00eda Jur\u00eddica, la Contralor\u00eda y la Tesorer\u00eda, a fin de verificar la eficiencia en los trabajos de sus dependencias y en su caso, saber porque no han alcanzado algunas metas, no solo para determinar si se ratifican o no a los titulares, sino a directores y encargados de \u00e1reas, adem\u00e1s de revisar temas presupuestales que permitan dotar de recursos materiales y humanos para fortalecer su trabajo.<\/p>\n\n\n\n<p>\u201cNo solo es personal, es entrar al d\u00eda al d\u00eda del trabajo de cada \u00e1rea y tambi\u00e9n ver porque no ha funcionado bien alguna y como es que ha funcionado bien otra y que elementos dispone cada quien, porque hay \u00e1reas como el secretario de Desarrollo Urbano que ha logrado obtener de empresarios asfalto gratuito para no parar el bacheo, entre otras cosas, y en Desarrollo Sustentable se ha conseguido maquinaria para la poda de \u00e1rboles. Entonces hay temas que van m\u00e1s all\u00e1 que el cumplimiento del deber\u201d, exclam\u00f3.<\/p>\n\n\n\n<p>En este sentido, puntualiz\u00f3 que la evaluaci\u00f3n contemplar\u00e1 tambi\u00e9n ajustes presupuestales y la adquisici\u00f3n de equipamiento, ya que \u00e1reas como la Consejer\u00eda Jur\u00eddica y la Contralor\u00eda requieren de equipos de c\u00f3mputo adecuados debido a que muchos de ellos se encuentran obsoletos, requiriendo el a\u00f1o pasado sustituir 50 computadoras.<\/p>\n\n\n\n<p>Jos\u00e9 Luis Uri\u00f3stegui resalt\u00f3 que este ejercicio es en estricto apego a la legalidad, dejando claro que la evaluaci\u00f3n de desempe\u00f1o que har\u00e1 el cuerpo edilicio la pr\u00f3xima semana no solo considera a secretarios, sino tambi\u00e9n a los responsables de direcciones y jefaturas, lo cual derivar\u00e1 en su permanencia, o bien separaci\u00f3n del cargo.<\/p>\n\n\n\n<figure class=\"wp-container-2 wp-block-gallery-1 wp-block-gallery has-nested-images columns-default is-cropped\">\n<figure class=\"wp-block-image size-large\"><img loading=\"lazy\" width=\"1024\" height=\"683\" data-id=\"24122\"  src=\"https:\/\/cuernavaca.gob.mx\/wp-content\/uploads\/2023\/01\/evaluacion-funcionarios-cuernavaca-1-1024x683.jpg\" alt=\"\" class=\"wp-image-24122\" srcset=\"https:\/\/cuernavaca.gob.mx\/wp-content\/uploads\/2023\/01\/evaluacion-funcionarios-cuernavaca-1-1024x683.jpg 1024w, https:\/\/cuernavaca.gob.mx\/wp-content\/uploads\/2023\/01\/evaluacion-funcionarios-cuernavaca-1-300x200.jpg 300w, https:\/\/cuernavaca.gob.mx\/wp-content\/uploads\/2023\/01\/evaluacion-funcionarios-cuernavaca-1-768x512.jpg 768w, https:\/\/cuernavaca.gob.mx\/wp-content\/uploads\/2023\/01\/evaluacion-funcionarios-cuernavaca-1-1536x1024.jpg 1536w, https:\/\/cuernavaca.gob.mx\/wp-content\/uploads\/2023\/01\/evaluacion-funcionarios-cuernavaca-1-600x400.jpg 600w, https:\/\/cuernavaca.gob.mx\/wp-content\/uploads\/2023\/01\/evaluacion-funcionarios-cuernavaca-1-560x373.jpg 560w, https:\/\/cuernavaca.gob.mx\/wp-content\/uploads\/2023\/01\/evaluacion-funcionarios-cuernavaca-1.jpg 1599w\" sizes=\"(max-width: 1024px) 100vw, 1024px\" \/><\/figure>\n\n\n\n<figure class=\"wp-block-image size-large\"><img loading=\"lazy\" width=\"1024\" height=\"683\" data-id=\"24121\"  src=\"https:\/\/cuernavaca.gob.mx\/wp-content\/uploads\/2023\/01\/evaluacion-funcionarios-cuernavaca-2-1024x683.jpg\" alt=\"\" class=\"wp-image-24121\" srcset=\"https:\/\/cuernavaca.gob.mx\/wp-content\/uploads\/2023\/01\/evaluacion-funcionarios-cuernavaca-2-1024x683.jpg 1024w, https:\/\/cuernavaca.gob.mx\/wp-content\/uploads\/2023\/01\/evaluacion-funcionarios-cuernavaca-2-300x200.jpg 300w, https:\/\/cuernavaca.gob.mx\/wp-content\/uploads\/2023\/01\/evaluacion-funcionarios-cuernavaca-2-768x512.jpg 768w, https:\/\/cuernavaca.gob.mx\/wp-content\/uploads\/2023\/01\/evaluacion-funcionarios-cuernavaca-2-1536x1024.jpg 1536w, https:\/\/cuernavaca.gob.mx\/wp-content\/uploads\/2023\/01\/evaluacion-funcionarios-cuernavaca-2-600x400.jpg 600w, https:\/\/cuernavaca.gob.mx\/wp-content\/uploads\/2023\/01\/evaluacion-funcionarios-cuernavaca-2-560x373.jpg 560w, https:\/\/cuernavaca.gob.mx\/wp-content\/uploads\/2023\/01\/evaluacion-funcionarios-cuernavaca-2.jpg 1599w\" sizes=\"(max-width: 1024px) 100vw, 1024px\" \/><\/figure>\n\n\n\n<figure class=\"wp-block-image size-large\"><img loading=\"lazy\" width=\"1024\" height=\"682\" data-id=\"24129\"  src=\"https:\/\/cuernavaca.gob.mx\/wp-content\/uploads\/2023\/01\/evaluacion-funcionarios-cuernavaca-3-1024x682.jpg\" alt=\"\" class=\"wp-image-24129\" srcset=\"https:\/\/cuernavaca.gob.mx\/wp-content\/uploads\/2023\/01\/evaluacion-funcionarios-cuernavaca-3-1024x682.jpg 1024w, https:\/\/cuernavaca.gob.mx\/wp-content\/uploads\/2023\/01\/evaluacion-funcionarios-cuernavaca-3-300x200.jpg 300w, https:\/\/cuernavaca.gob.mx\/wp-content\/uploads\/2023\/01\/evaluacion-funcionarios-cuernavaca-3-768x512.jpg 768w, https:\/\/cuernavaca.gob.mx\/wp-content\/uploads\/2023\/01\/evaluacion-funcionarios-cuernavaca-3-600x400.jpg 600w, https:\/\/cuernavaca.gob.mx\/wp-content\/uploads\/2023\/01\/evaluacion-funcionarios-cuernavaca-3-560x373.jpg 560w, https:\/\/cuernavaca.gob.mx\/wp-content\/uploads\/2023\/01\/evaluacion-funcionarios-cuernavaca-3.jpg 1280w\" sizes=\"(max-width: 1024px) 100vw, 1024px\" \/><\/figure>\n\n\n\n<figure class=\"wp-block-image size-large\"><img loading=\"lazy\" width=\"1024\" height=\"683\" data-id=\"24120\"  src=\"https:\/\/cuernavaca.gob.mx\/wp-content\/uploads\/2023\/01\/evaluacion-funcionarios-cuernavaca-4-1024x683.jpg\" alt=\"\" class=\"wp-image-24120\" srcset=\"https:\/\/cuernavaca.gob.mx\/wp-content\/uploads\/2023\/01\/evaluacion-funcionarios-cuernavaca-4-1024x683.jpg 1024w, https:\/\/cuernavaca.gob.mx\/wp-content\/uploads\/2023\/01\/evaluacion-funcionarios-cuernavaca-4-300x200.jpg 300w, https:\/\/cuernavaca.gob.mx\/wp-content\/uploads\/2023\/01\/evaluacion-funcionarios-cuernavaca-4-768x512.jpg 768w, https:\/\/cuernavaca.gob.mx\/wp-content\/uploads\/2023\/01\/evaluacion-funcionarios-cuernavaca-4-1536x1024.jpg 1536w, https:\/\/cuernavaca.gob.mx\/wp-content\/uploads\/2023\/01\/evaluacion-funcionarios-cuernavaca-4-600x400.jpg 600w, https:\/\/cuernavaca.gob.mx\/wp-content\/uploads\/2023\/01\/evaluacion-funcionarios-cuernavaca-4-560x373.jpg 560w, https:\/\/cuernavaca.gob.mx\/wp-content\/uploads\/2023\/01\/evaluacion-funcionarios-cuernavaca-4.jpg 1599w\" sizes=\"(max-width: 1024px) 100vw, 1024px\" \/><\/figure>\n\n\n\n<figure class=\"wp-block-image size-large\"><img loading=\"lazy\" width=\"1024\" height=\"682\" data-id=\"24126\"  src=\"https:\/\/cuernavaca.gob.mx\/wp-content\/uploads\/2023\/01\/evaluacion-funcionarios-cuernavaca-5-1024x682.jpg\" alt=\"\" class=\"wp-image-24126\" srcset=\"https:\/\/cuernavaca.gob.mx\/wp-content\/uploads\/2023\/01\/evaluacion-funcionarios-cuernavaca-5-1024x682.jpg 1024w, https:\/\/cuernavaca.gob.mx\/wp-content\/uploads\/2023\/01\/evaluacion-funcionarios-cuernavaca-5-300x200.jpg 300w, https:\/\/cuernavaca.gob.mx\/wp-content\/uploads\/2023\/01\/evaluacion-funcionarios-cuernavaca-5-768x512.jpg 768w, https:\/\/cuernavaca.gob.mx\/wp-content\/uploads\/2023\/01\/evaluacion-funcionarios-cuernavaca-5-600x400.jpg 600w, https:\/\/cuernavaca.gob.mx\/wp-content\/uploads\/2023\/01\/evaluacion-funcionarios-cuernavaca-5-560x373.jpg 560w, https:\/\/cuernavaca.gob.mx\/wp-content\/uploads\/2023\/01\/evaluacion-funcionarios-cuernavaca-5.jpg 1280w\" sizes=\"(max-width: 1024px) 100vw, 1024px\" \/><\/figure>\n\n\n\n<figure class=\"wp-block-image size-large\"><img loading=\"lazy\" width=\"1024\" height=\"683\" data-id=\"24128\"  src=\"https:\/\/cuernavaca.gob.mx\/wp-content\/uploads\/2023\/01\/evaluacion-funcionarios-cuernavaca-6-1024x683.jpg\" alt=\"\" class=\"wp-image-24128\" srcset=\"https:\/\/cuernavaca.gob.mx\/wp-content\/uploads\/2023\/01\/evaluacion-funcionarios-cuernavaca-6-1024x683.jpg 1024w, https:\/\/cuernavaca.gob.mx\/wp-content\/uploads\/2023\/01\/evaluacion-funcionarios-cuernavaca-6-300x200.jpg 300w, https:\/\/cuernavaca.gob.mx\/wp-content\/uploads\/2023\/01\/evaluacion-funcionarios-cuernavaca-6-768x512.jpg 768w, https:\/\/cuernavaca.gob.mx\/wp-content\/uploads\/2023\/01\/evaluacion-funcionarios-cuernavaca-6-1536x1024.jpg 1536w, https:\/\/cuernavaca.gob.mx\/wp-content\/uploads\/2023\/01\/evaluacion-funcionarios-cuernavaca-6-600x400.jpg 600w, https:\/\/cuernavaca.gob.mx\/wp-content\/uploads\/2023\/01\/evaluacion-funcionarios-cuernavaca-6-560x373.jpg 560w, https:\/\/cuernavaca.gob.mx\/wp-content\/uploads\/2023\/01\/evaluacion-funcionarios-cuernavaca-6.jpg 1599w\" sizes=\"(max-width: 1024px) 100vw, 1024px\" \/><\/figure>\n\n\n\n<figure class=\"wp-block-image size-large\"><img loading=\"lazy\" width=\"1024\" height=\"682\" data-id=\"24125\"  src=\"https:\/\/cuernavaca.gob.mx\/wp-content\/uploads\/2023\/01\/evaluacion-funcionarios-cuernavaca-7-1024x682.jpg\" alt=\"\" class=\"wp-image-24125\" srcset=\"https:\/\/cuernavaca.gob.mx\/wp-content\/uploads\/2023\/01\/evaluacion-funcionarios-cuernavaca-7-1024x682.jpg 1024w, https:\/\/cuernavaca.gob.mx\/wp-content\/uploads\/2023\/01\/evaluacion-funcionarios-cuernavaca-7-300x200.jpg 300w, https:\/\/cuernavaca.gob.mx\/wp-content\/uploads\/2023\/01\/evaluacion-funcionarios-cuernavaca-7-768x512.jpg 768w, https:\/\/cuernavaca.gob.mx\/wp-content\/uploads\/2023\/01\/evaluacion-funcionarios-cuernavaca-7-600x400.jpg 600w, https:\/\/cuernavaca.gob.mx\/wp-content\/uploads\/2023\/01\/evaluacion-funcionarios-cuernavaca-7-560x373.jpg 560w, https:\/\/cuernavaca.gob.mx\/wp-content\/uploads\/2023\/01\/evaluacion-funcionarios-cuernavaca-7.jpg 1280w\" sizes=\"(max-width: 1024px) 100vw, 1024px\" \/><\/figure>\n\n\n\n<figure class=\"wp-block-image size-large\"><img loading=\"lazy\" width=\"1024\" height=\"683\" data-id=\"24123\"  src=\"https:\/\/cuernavaca.gob.mx\/wp-content\/uploads\/2023\/01\/evaluacion-funcionarios-cuernavaca-8-1024x683.jpg\" alt=\"\" class=\"wp-image-24123\" srcset=\"https:\/\/cuernavaca.gob.mx\/wp-content\/uploads\/2023\/01\/evaluacion-funcionarios-cuernavaca-8-1024x683.jpg 1024w, https:\/\/cuernavaca.gob.mx\/wp-content\/uploads\/2023\/01\/evaluacion-funcionarios-cuernavaca-8-300x200.jpg 300w, https:\/\/cuernavaca.gob.mx\/wp-content\/uploads\/2023\/01\/evaluacion-funcionarios-cuernavaca-8-768x512.jpg 768w, https:\/\/cuernavaca.gob.mx\/wp-content\/uploads\/2023\/01\/evaluacion-funcionarios-cuernavaca-8-1536x1024.jpg 1536w, https:\/\/cuernavaca.gob.mx\/wp-content\/uploads\/2023\/01\/evaluacion-funcionarios-cuernavaca-8-600x400.jpg 600w, https:\/\/cuernavaca.gob.mx\/wp-content\/uploads\/2023\/01\/evaluacion-funcionarios-cuernavaca-8-560x373.jpg 560w, https:\/\/cuernavaca.gob.mx\/wp-content\/uploads\/2023\/01\/evaluacion-funcionarios-cuernavaca-8.jpg 1599w\" sizes=\"(max-width: 1024px) 100vw, 1024px\" \/><\/figure>\n\n\n\n<figure class=\"wp-block-image size-large\"><img loading=\"lazy\" width=\"1024\" height=\"683\" data-id=\"24131\"  src=\"https:\/\/cuernavaca.gob.mx\/wp-content\/uploads\/2023\/01\/evaluacion-funcionarios-cuernavaca-9-1024x683.jpg\" alt=\"\" class=\"wp-image-24131\" srcset=\"https:\/\/cuernavaca.gob.mx\/wp-content\/uploads\/2023\/01\/evaluacion-funcionarios-cuernavaca-9-1024x683.jpg 1024w, https:\/\/cuernavaca.gob.mx\/wp-content\/uploads\/2023\/01\/evaluacion-funcionarios-cuernavaca-9-300x200.jpg 300w, https:\/\/cuernavaca.gob.mx\/wp-content\/uploads\/2023\/01\/evaluacion-funcionarios-cuernavaca-9-768x512.jpg 768w, https:\/\/cuernavaca.gob.mx\/wp-content\/uploads\/2023\/01\/evaluacion-funcionarios-cuernavaca-9-1536x1024.jpg 1536w, https:\/\/cuernavaca.gob.mx\/wp-content\/uploads\/2023\/01\/evaluacion-funcionarios-cuernavaca-9-600x400.jpg 600w, https:\/\/cuernavaca.gob.mx\/wp-content\/uploads\/2023\/01\/evaluacion-funcionarios-cuernavaca-9-560x373.jpg 560w, https:\/\/cuernavaca.gob.mx\/wp-content\/uploads\/2023\/01\/evaluacion-funcionarios-cuernavaca-9.jpg 1599w\" sizes=\"(max-width: 1024px) 100vw, 1024px\" \/><\/figure>\n\n\n\n<figure class=\"wp-block-image size-large\"><img loading=\"lazy\" width=\"1024\" height=\"683\" data-id=\"24124\"  src=\"https:\/\/cuernavaca.gob.mx\/wp-content\/uploads\/2023\/01\/evaluacion-funcionarios-cuernavaca-10-1024x683.jpg\" alt=\"\" class=\"wp-image-24124\" srcset=\"https:\/\/cuernavaca.gob.mx\/wp-content\/uploads\/2023\/01\/evaluacion-funcionarios-cuernavaca-10-1024x683.jpg 1024w, https:\/\/cuernavaca.gob.mx\/wp-content\/uploads\/2023\/01\/evaluacion-funcionarios-cuernavaca-10-300x200.jpg 300w, https:\/\/cuernavaca.gob.mx\/wp-content\/uploads\/2023\/01\/evaluacion-funcionarios-cuernavaca-10-768x512.jpg 768w, https:\/\/cuernavaca.gob.mx\/wp-content\/uploads\/2023\/01\/evaluacion-funcionarios-cuernavaca-10-1536x1024.jpg 1536w, https:\/\/cuernavaca.gob.mx\/wp-content\/uploads\/2023\/01\/evaluacion-funcionarios-cuernavaca-10-600x400.jpg 600w, https:\/\/cuernavaca.gob.mx\/wp-content\/uploads\/2023\/01\/evaluacion-funcionarios-cuernavaca-10-560x373.jpg 560w, https:\/\/cuernavaca.gob.mx\/wp-content\/uploads\/2023\/01\/evaluacion-funcionarios-cuernavaca-10.jpg 1599w\" sizes=\"(max-width: 1024px) 100vw, 1024px\" \/><\/figure>\n\n\n\n<figure class=\"wp-block-image size-large\"><img loading=\"lazy\" width=\"1024\" height=\"682\" data-id=\"24130\"  src=\"https:\/\/cuernavaca.gob.mx\/wp-content\/uploads\/2023\/01\/evaluacion-funcionarios-cuernavaca-11-1024x682.jpg\" alt=\"\" class=\"wp-image-24130\" srcset=\"https:\/\/cuernavaca.gob.mx\/wp-content\/uploads\/2023\/01\/evaluacion-funcionarios-cuernavaca-11-1024x682.jpg 1024w, https:\/\/cuernavaca.gob.mx\/wp-content\/uploads\/2023\/01\/evaluacion-funcionarios-cuernavaca-11-300x200.jpg 300w, https:\/\/cuernavaca.gob.mx\/wp-content\/uploads\/2023\/01\/evaluacion-funcionarios-cuernavaca-11-768x512.jpg 768w, https:\/\/cuernavaca.gob.mx\/wp-content\/uploads\/2023\/01\/evaluacion-funcionarios-cuernavaca-11-600x400.jpg 600w, https:\/\/cuernavaca.gob.mx\/wp-content\/uploads\/2023\/01\/evaluacion-funcionarios-cuernavaca-11-560x373.jpg 560w, https:\/\/cuernavaca.gob.mx\/wp-content\/uploads\/2023\/01\/evaluacion-funcionarios-cuernavaca-11.jpg 1280w\" sizes=\"(max-width: 1024px) 100vw, 1024px\" \/><\/figure>\n\n\n\n<figure class=\"wp-block-image size-large\"><img loading=\"lazy\" width=\"1024\" height=\"683\" data-id=\"24127\"  src=\"https:\/\/cuernavaca.gob.mx\/wp-content\/uploads\/2023\/01\/evaluacion-funcionarios-cuernavaca-12-1024x683.jpg\" alt=\"\" class=\"wp-image-24127\" srcset=\"https:\/\/cuernavaca.gob.mx\/wp-content\/uploads\/2023\/01\/evaluacion-funcionarios-cuernavaca-12-1024x683.jpg 1024w, https:\/\/cuernavaca.gob.mx\/wp-content\/uploads\/2023\/01\/evaluacion-funcionarios-cuernavaca-12-300x200.jpg 300w, https:\/\/cuernavaca.gob.mx\/wp-content\/uploads\/2023\/01\/evaluacion-funcionarios-cuernavaca-12-768x512.jpg 768w, https:\/\/cuernavaca.gob.mx\/wp-content\/uploads\/2023\/01\/evaluacion-funcionarios-cuernavaca-12-1536x1024.jpg 1536w, https:\/\/cuernavaca.gob.mx\/wp-content\/uploads\/2023\/01\/evaluacion-funcionarios-cuernavaca-12-600x400.jpg 600w, https:\/\/cuernavaca.gob.mx\/wp-content\/uploads\/2023\/01\/evaluacion-funcionarios-cuernavaca-12-560x373.jpg 560w, https:\/\/cuernavaca.gob.mx\/wp-content\/uploads\/2023\/01\/evaluacion-funcionarios-cuernavaca-12.jpg 1599w\" sizes=\"(max-width: 1024px) 100vw, 1024px\" \/><\/figure>\n<\/figure>\n","protected":false},"excerpt":{"rendered":"<p>\u2022 El presidente municipal, Jos\u00e9 Luis Uri\u00f3stegui inform\u00f3 que a partir de esta semana secretarias y secretarios, as\u00ed como la Consejera Jur\u00eddica y la Contralora Municipal comparecen ante Cabildo \u2022 La pr\u00f3xima semana se dar\u00e1n a conocer los resultados de las evaluaciones y posibles ajustes al presupuesto para mejorar programas de acci\u00f3n a favor de [&hellip;]<\/p>\n","protected":false},"author":1,"featured_media":24123,"comment_status":"closed","ping_status":"open","sticky":false,"template":"","format":"standard","meta":[],"categories":[20],"tags":[158,121,2848,641,784,120,206],"aioseo_notices":[],"_links":{"self":[{"href":"https:\/\/cuernavaca.gob.mx\/index.php?rest_route=\/wp\/v2\/posts\/24119"}],"collection":[{"href":"https:\/\/cuernavaca.gob.mx\/index.php?rest_route=\/wp\/v2\/posts"}],"about":[{"href":"https:\/\/cuernavaca.gob.mx\/index.php?rest_route=\/wp\/v2\/types\/post"}],"author":[{"embeddable":true,"href":"https:\/\/cuernavaca.gob.mx\/index.php?rest_route=\/wp\/v2\/users\/1"}],"replies":[{"embeddable":true,"href":"https:\/\/cuernavaca.gob.mx\/index.php?rest_route=%2Fwp%2Fv2%2Fcomments&post=24119"}],"version-history":[{"count":1,"href":"https:\/\/cuernavaca.gob.mx\/index.php?rest_route=\/wp\/v2\/posts\/24119\/revisions"}],"predecessor-version":[{"id":24132,"href":"https:\/\/cuernavaca.gob.mx\/index.php?rest_route=\/wp\/v2\/posts\/24119\/revisions\/24132"}],"wp:featuredmedia":[{"embeddable":true,"href":"https:\/\/cuernavaca.gob.mx\/index.php?rest_route=\/wp\/v2\/media\/24123"}],"wp:attachment":[{"href":"https:\/\/cuernavaca.gob.mx\/index.php?rest_route=%2Fwp%2Fv2%2Fmedia&parent=24119"}],"wp:term":[{"taxonomy":"category","embeddable":true,"href":"https:\/\/cuernavaca.gob.mx\/index.php?rest_route=%2Fwp%2Fv2%2Fcategories&post=24119"},{"taxonomy":"post_tag","embeddable":true,"href":"https:\/\/cuernavaca.gob.mx\/index.php?rest_route=%2Fwp%2Fv2%2Ftags&post=24119"}],"curies":[{"name":"wp","href":"https:\/\/api.w.org\/{rel}","templated":true}]}}