{"id":24142,"date":"2023-01-19T16:45:00","date_gmt":"2023-01-19T22:45:00","guid":{"rendered":"https:\/\/cuernavaca.gob.mx\/?p=24142"},"modified":"2025-05-06T12:26:53","modified_gmt":"2025-05-06T18:26:53","slug":"b674-19-01-23-invita-la-secretaria-de-proteccion-y-auxilio-ciudadano-a-denunciar-robos-de-autopartes-y-llantas-para-inhibir-el-delito","status":"publish","type":"post","link":"https:\/\/cuernavaca.gob.mx\/?p=24142","title":{"rendered":"B674 19\/01\/23 INVITA LA SECRETAR\u00cdA DE PROTECCI\u00d3N Y AUXILIO CIUDADANO A DENUNCIAR ROBOS DE AUTOPARTES Y LLANTAS PARA INHIBIR EL DELITO"},"content":{"rendered":"\n<p><strong>\u2022 La titular de SEPRAC, Alicia V\u00e1zquez se\u00f1al\u00f3 que el fen\u00f3meno que se est\u00e1 presentando en \u00faltimas fechas dentro de fraccionamientos y condominios donde cuentan con seguridad privada<\/strong><\/p>\n\n\n\n<p><strong>\u2022 Solicit\u00f3 a la poblaci\u00f3n reforzar las medidas de seguridad al interior de estas zonas habitacionales y denunciar para combatir en conjunto a la delincuencia<\/strong><\/p>\n\n\n\n<p>La Secretar\u00eda de Protecci\u00f3n y Auxilio Ciudadano de Cuernavaca (SEPRAC) invit\u00f3 a la ciudadan\u00eda a privilegiar la denuncia para inhibir el robo de autopartes y llantas de veh\u00edculos que se estacionan en aceras p\u00fablicas, fraccionamientos y en condominios, reforzando, a la par, las labores de vigilancia de la gente que ingresa a dichas unidades habitacionales.<\/p>\n\n\n\n<p>La titular de SEPRAC, Alicia V\u00e1zquez Luna, se\u00f1al\u00f3 que a pesar de que han detenido a muchas personas que roban veh\u00edculos motorizados y autopartes, el fen\u00f3meno que se est\u00e1 presentando en la ciudad es dentro de los condominios y pese a que cuentan con seguridad privada y portones el\u00e9ctricos, se registra este delito, encontrando en algunos recorridos dentro de estas unidades hasta bares.<\/p>\n\n\n\n<p>Por ello, resalt\u00f3 que es necesario que exista una revisi\u00f3n permanente de las personas que entran y salen, verificar las cajuelas, medidas b\u00e1sicas de prevenci\u00f3n que deben tomar en cuenta.<\/p>\n\n\n\n<p>Indic\u00f3 que en el caso de la v\u00eda p\u00fablica si bien existen muchas personas a las que no tienen donde resguardar sus veh\u00edculos, considerando alarmas sensibles y efectivas, ya que los maleantes est\u00e1n a todas horas del d\u00eda vigilando la actuaci\u00f3n, incluso de la polic\u00eda, por lo cual es fundamental para inhibir este delito y cualquier otro que presenten su denuncia ante el Ministerio P\u00fablico y aquellos que tengan c\u00e1maras permitan que el Ministerio P\u00fablico procese sus videos para que de esa forma puedan solicitar las ordenes de aprehensi\u00f3n y detener a los delincuentes.<br>Record\u00f3 a los cuernavacenses que para denunciar alguna incidencia o solicitar apoyo de la polic\u00eda municipal pueden marcar a la Central de Emergencias Cuernavaca al 777 312 1274 o al WhatsApp 777 44 78 082.<\/p>\n\n\n\n<figure class=\"wp-block-image size-large\"><img loading=\"lazy\" width=\"1024\" height=\"683\" src=\"https:\/\/cuernavaca.gob.mx\/wp-content\/uploads\/2023\/01\/secretaria-de-seguridad-publica-cuernavaca-1024x683.jpeg\" alt=\"\" class=\"wp-image-24143\" srcset=\"https:\/\/cuernavaca.gob.mx\/wp-content\/uploads\/2023\/01\/secretaria-de-seguridad-publica-cuernavaca-1024x683.jpeg 1024w, https:\/\/cuernavaca.gob.mx\/wp-content\/uploads\/2023\/01\/secretaria-de-seguridad-publica-cuernavaca-300x200.jpeg 300w, https:\/\/cuernavaca.gob.mx\/wp-content\/uploads\/2023\/01\/secretaria-de-seguridad-publica-cuernavaca-768x512.jpeg 768w, https:\/\/cuernavaca.gob.mx\/wp-content\/uploads\/2023\/01\/secretaria-de-seguridad-publica-cuernavaca-1536x1024.jpeg 1536w, https:\/\/cuernavaca.gob.mx\/wp-content\/uploads\/2023\/01\/secretaria-de-seguridad-publica-cuernavaca-600x400.jpeg 600w, https:\/\/cuernavaca.gob.mx\/wp-content\/uploads\/2023\/01\/secretaria-de-seguridad-publica-cuernavaca-560x373.jpeg 560w, https:\/\/cuernavaca.gob.mx\/wp-content\/uploads\/2023\/01\/secretaria-de-seguridad-publica-cuernavaca.jpeg 1599w\" sizes=\"(max-width: 1024px) 100vw, 1024px\" \/><\/figure>\n","protected":false},"excerpt":{"rendered":"<p>\u2022 La titular de SEPRAC, Alicia V\u00e1zquez se\u00f1al\u00f3 que el fen\u00f3meno que se est\u00e1 presentando en \u00faltimas fechas dentro de fraccionamientos y condominios donde cuentan con seguridad privada \u2022 Solicit\u00f3 a la poblaci\u00f3n reforzar las medidas de seguridad al interior de estas zonas habitacionales y denunciar para combatir en conjunto a la delincuencia La Secretar\u00eda [&hellip;]<\/p>\n","protected":false},"author":1,"featured_media":24143,"comment_status":"closed","ping_status":"open","sticky":false,"template":"","format":"standard","meta":[],"categories":[17],"tags":[121,2850,120,206,240,125,252],"aioseo_notices":[],"_links":{"self":[{"href":"https:\/\/cuernavaca.gob.mx\/index.php?rest_route=\/wp\/v2\/posts\/24142"}],"collection":[{"href":"https:\/\/cuernavaca.gob.mx\/index.php?rest_route=\/wp\/v2\/posts"}],"about":[{"href":"https:\/\/cuernavaca.gob.mx\/index.php?rest_route=\/wp\/v2\/types\/post"}],"author":[{"embeddable":true,"href":"https:\/\/cuernavaca.gob.mx\/index.php?rest_route=\/wp\/v2\/users\/1"}],"replies":[{"embeddable":true,"href":"https:\/\/cuernavaca.gob.mx\/index.php?rest_route=%2Fwp%2Fv2%2Fcomments&post=24142"}],"version-history":[{"count":1,"href":"https:\/\/cuernavaca.gob.mx\/index.php?rest_route=\/wp\/v2\/posts\/24142\/revisions"}],"predecessor-version":[{"id":24144,"href":"https:\/\/cuernavaca.gob.mx\/index.php?rest_route=\/wp\/v2\/posts\/24142\/revisions\/24144"}],"wp:featuredmedia":[{"embeddable":true,"href":"https:\/\/cuernavaca.gob.mx\/index.php?rest_route=\/wp\/v2\/media\/24143"}],"wp:attachment":[{"href":"https:\/\/cuernavaca.gob.mx\/index.php?rest_route=%2Fwp%2Fv2%2Fmedia&parent=24142"}],"wp:term":[{"taxonomy":"category","embeddable":true,"href":"https:\/\/cuernavaca.gob.mx\/index.php?rest_route=%2Fwp%2Fv2%2Fcategories&post=24142"},{"taxonomy":"post_tag","embeddable":true,"href":"https:\/\/cuernavaca.gob.mx\/index.php?rest_route=%2Fwp%2Fv2%2Ftags&post=24142"}],"curies":[{"name":"wp","href":"https:\/\/api.w.org\/{rel}","templated":true}]}}