{"id":24198,"date":"2023-01-22T13:15:00","date_gmt":"2023-01-22T19:15:00","guid":{"rendered":"https:\/\/cuernavaca.gob.mx\/?p=24198"},"modified":"2025-05-06T12:26:51","modified_gmt":"2025-05-06T18:26:51","slug":"b680-22-01-23-invita-secretaria-de-desarrollo-sustentable-y-servicios-publicos-a-reciclar-los-arboles-de-navidad","status":"publish","type":"post","link":"https:\/\/cuernavaca.gob.mx\/?p=24198","title":{"rendered":"B680 22\/01\/23 INVITA SECRETAR\u00cdA DE DESARROLLO SUSTENTABLE Y SERVICIOS P\u00daBLICOS A RECICLAR LOS \u00c1RBOLES DE NAVIDAD"},"content":{"rendered":"\n<p><strong>\u2022 Se est\u00e1 generando una sinergia con la Secretar\u00eda de Desarrollo Sustentable del estado para fomentar entre la poblaci\u00f3n la importancia del reciclaje de estas especies arb\u00f3reas<\/strong><\/p>\n\n\n\n<p><strong>\u2022 Lo que se busca darles una vida \u00fatil y un uso responsable a trav\u00e9s de la econom\u00eda circular, convirti\u00e9ndolos en material compostable y abono org\u00e1nico<\/strong><\/p>\n\n\n\n<p>Como parte de las acciones de reeducaci\u00f3n a la poblaci\u00f3n para seguir combatiendo al cambio clim\u00e1tico, la Secretar\u00eda de Desarrollo Sustentable y Servicios P\u00fablicos de Cuernavaca convoca a la ciudadan\u00eda a participar en la campa\u00f1a de acopio de \u00e1rboles de navidad que se est\u00e1 llevando a cabo en el parque Luis Donaldo Colosio \u201cAlameda Solidaridad\u201d, en coadyuvancia con la Secretar\u00eda de Desarrollo Sustentable del estado.<\/p>\n\n\n\n<p>El secretario de Desarrollo Sustentable y Servicios P\u00fablicos, Omar Albavera V\u00e1zquez, explic\u00f3 que el objetivo de esta campa\u00f1a, para la cual hasta el momento han recibido alrededor de 75 ejemplares, es evitar que los \u00e1rboles de navidad se tiren en la v\u00eda p\u00fablica o se quemen, como ha ocurrido en a\u00f1os pasados, d\u00e1ndoles una vida \u00fatil y un uso responsable a trav\u00e9s de la econom\u00eda circular, convirti\u00e9ndolos en material compostable y abono org\u00e1nico para nutrir los terrenos de viveros y de ciertas plantas que se deben cuidar.<\/p>\n\n\n\n<p>Mencion\u00f3 que, si bien la campa\u00f1a concluir\u00e1 hasta el 10 de febrero, continuar\u00e1n recibi\u00e9ndolos en los centros de compostaje de manera indefinida, uno de ellos es la Alameda Solidaridad donde durante todo el a\u00f1o aceptan plantas y desechos org\u00e1nicos, ya que aqu\u00ed se hacen cargo de los viveros del municipio, reproduciendo plantas y \u00e1rboles para las reforestaciones peri\u00f3dicas que hace la administraci\u00f3n municipal en barrancas y zonas boscosas; adem\u00e1s de que se encargan de las restituciones ecol\u00f3gicas por permisos de afectaciones arb\u00f3rea.<\/p>\n\n\n\n<p>Se\u00f1al\u00f3 que, si la poblaci\u00f3n est\u00e1 interesada en adoptar \u00e1rboles y plantas ornamentales, pueden acudir a este centro de compostaje solo deben llevar su credencial de elector para generar el vale de a quien se le entreg\u00f3, a fin de garantizar que no se har\u00e1 un mal uso o una mal distribuci\u00f3n.<\/p>\n\n\n\n<p>&#8220;Se tiene que borrar una huella de carbono que est\u00e1 muy fuerte en el mundo y es parte de irnos sumando e ir generando sinergia a favor del medio ambiente. Es un compromiso que debemos tener como ciudadanos y como autoridades que debemos cuidar, promoviendo el reciclaje&#8221;, afirm\u00f3.<\/p>\n\n\n\n<p>El centro de compostaje del municipio se encuentra abierta en un horario de lunes a viernes de 08:00 a 16:00 horas en el parque Luis Donaldo Colosio &#8220;Alameda Solidaridad&#8221;.<\/p>\n\n\n\n<figure class=\"wp-container-2 wp-block-gallery-1 wp-block-gallery has-nested-images columns-default is-cropped\">\n<figure class=\"wp-block-image size-large\"><img loading=\"lazy\" width=\"1024\" height=\"682\" data-id=\"24199\"  src=\"https:\/\/cuernavaca.gob.mx\/wp-content\/uploads\/2023\/01\/reciclaje-arboles-navidad-cuernavaca-1-1024x682.jpeg\" alt=\"\" class=\"wp-image-24199\" srcset=\"https:\/\/cuernavaca.gob.mx\/wp-content\/uploads\/2023\/01\/reciclaje-arboles-navidad-cuernavaca-1-1024x682.jpeg 1024w, https:\/\/cuernavaca.gob.mx\/wp-content\/uploads\/2023\/01\/reciclaje-arboles-navidad-cuernavaca-1-300x200.jpeg 300w, https:\/\/cuernavaca.gob.mx\/wp-content\/uploads\/2023\/01\/reciclaje-arboles-navidad-cuernavaca-1-768x512.jpeg 768w, https:\/\/cuernavaca.gob.mx\/wp-content\/uploads\/2023\/01\/reciclaje-arboles-navidad-cuernavaca-1-600x400.jpeg 600w, https:\/\/cuernavaca.gob.mx\/wp-content\/uploads\/2023\/01\/reciclaje-arboles-navidad-cuernavaca-1-560x373.jpeg 560w, https:\/\/cuernavaca.gob.mx\/wp-content\/uploads\/2023\/01\/reciclaje-arboles-navidad-cuernavaca-1.jpeg 1280w\" sizes=\"(max-width: 1024px) 100vw, 1024px\" \/><\/figure>\n\n\n\n<figure class=\"wp-block-image size-large\"><img loading=\"lazy\" width=\"1024\" height=\"1024\" data-id=\"24200\"  src=\"https:\/\/cuernavaca.gob.mx\/wp-content\/uploads\/2023\/01\/reciclaje-arboles-navidad-cuernavaca-2-1024x1024.jpeg\" alt=\"\" class=\"wp-image-24200\" srcset=\"https:\/\/cuernavaca.gob.mx\/wp-content\/uploads\/2023\/01\/reciclaje-arboles-navidad-cuernavaca-2-1024x1024.jpeg 1024w, https:\/\/cuernavaca.gob.mx\/wp-content\/uploads\/2023\/01\/reciclaje-arboles-navidad-cuernavaca-2-300x300.jpeg 300w, https:\/\/cuernavaca.gob.mx\/wp-content\/uploads\/2023\/01\/reciclaje-arboles-navidad-cuernavaca-2-150x150.jpeg 150w, https:\/\/cuernavaca.gob.mx\/wp-content\/uploads\/2023\/01\/reciclaje-arboles-navidad-cuernavaca-2-768x768.jpeg 768w, https:\/\/cuernavaca.gob.mx\/wp-content\/uploads\/2023\/01\/reciclaje-arboles-navidad-cuernavaca-2-600x600.jpeg 600w, https:\/\/cuernavaca.gob.mx\/wp-content\/uploads\/2023\/01\/reciclaje-arboles-navidad-cuernavaca-2-560x560.jpeg 560w, https:\/\/cuernavaca.gob.mx\/wp-content\/uploads\/2023\/01\/reciclaje-arboles-navidad-cuernavaca-2.jpeg 1080w\" sizes=\"(max-width: 1024px) 100vw, 1024px\" \/><\/figure>\n<\/figure>\n","protected":false},"excerpt":{"rendered":"<p>\u2022 Se est\u00e1 generando una sinergia con la Secretar\u00eda de Desarrollo Sustentable del estado para fomentar entre la poblaci\u00f3n la importancia del reciclaje de estas especies arb\u00f3reas \u2022 Lo que se busca darles una vida \u00fatil y un uso responsable a trav\u00e9s de la econom\u00eda circular, convirti\u00e9ndolos en material compostable y abono org\u00e1nico Como parte [&hellip;]<\/p>\n","protected":false},"author":1,"featured_media":24200,"comment_status":"closed","ping_status":"open","sticky":false,"template":"","format":"standard","meta":[],"categories":[2271],"tags":[2857,121,120,422,206,2658,626],"aioseo_notices":[],"_links":{"self":[{"href":"https:\/\/cuernavaca.gob.mx\/index.php?rest_route=\/wp\/v2\/posts\/24198"}],"collection":[{"href":"https:\/\/cuernavaca.gob.mx\/index.php?rest_route=\/wp\/v2\/posts"}],"about":[{"href":"https:\/\/cuernavaca.gob.mx\/index.php?rest_route=\/wp\/v2\/types\/post"}],"author":[{"embeddable":true,"href":"https:\/\/cuernavaca.gob.mx\/index.php?rest_route=\/wp\/v2\/users\/1"}],"replies":[{"embeddable":true,"href":"https:\/\/cuernavaca.gob.mx\/index.php?rest_route=%2Fwp%2Fv2%2Fcomments&post=24198"}],"version-history":[{"count":1,"href":"https:\/\/cuernavaca.gob.mx\/index.php?rest_route=\/wp\/v2\/posts\/24198\/revisions"}],"predecessor-version":[{"id":24201,"href":"https:\/\/cuernavaca.gob.mx\/index.php?rest_route=\/wp\/v2\/posts\/24198\/revisions\/24201"}],"wp:featuredmedia":[{"embeddable":true,"href":"https:\/\/cuernavaca.gob.mx\/index.php?rest_route=\/wp\/v2\/media\/24200"}],"wp:attachment":[{"href":"https:\/\/cuernavaca.gob.mx\/index.php?rest_route=%2Fwp%2Fv2%2Fmedia&parent=24198"}],"wp:term":[{"taxonomy":"category","embeddable":true,"href":"https:\/\/cuernavaca.gob.mx\/index.php?rest_route=%2Fwp%2Fv2%2Fcategories&post=24198"},{"taxonomy":"post_tag","embeddable":true,"href":"https:\/\/cuernavaca.gob.mx\/index.php?rest_route=%2Fwp%2Fv2%2Ftags&post=24198"}],"curies":[{"name":"wp","href":"https:\/\/api.w.org\/{rel}","templated":true}]}}