{"id":24450,"date":"2023-01-26T18:05:00","date_gmt":"2023-01-27T00:05:00","guid":{"rendered":"https:\/\/cuernavaca.gob.mx\/?p=24450"},"modified":"2025-05-06T12:27:30","modified_gmt":"2025-05-06T18:27:30","slug":"f345-26-01-23-cabildo-de-cuernavaca-autoriza-estimulos-fiscales-que-den-certeza-juridica-a-la-poblacion-sobre-sus-viviendas","status":"publish","type":"post","link":"https:\/\/cuernavaca.gob.mx\/?p=24450","title":{"rendered":"F345 26\/01\/23 CABILDO DE CUERNAVACA AUTORIZA EST\u00cdMULOS FISCALES QUE DEN CERTEZA JUR\u00cdDICA A LA POBLACI\u00d3N SOBRE SUS VIVIENDAS"},"content":{"rendered":"\n<p>Con el prop\u00f3sito de seguir abonando a que la poblaci\u00f3n tenga certeza jur\u00eddica sobre sus viviendas con un catastro m\u00e1s actualizado, el Cabildo de Cuernavaca autoriz\u00f3 darle seguimiento a dos campa\u00f1as de descuentos que el a\u00f1o pasado fueron bien recibidas y necesarias, el programa de regularizaci\u00f3n de predios con construcciones ocultas a la acci\u00f3n fiscal y el programa de incorporaci\u00f3n de predios ejidales y comunales de uso habitacional al catastro.<\/p>\n\n\n\n<p>En el caso del primer apoyo, el programa de regularizaci\u00f3n de predios con construcci\u00f3n oculta a la acci\u00f3n fiscal se estar\u00e1 otorgando el beneficio de cubrir \u00fanicamente el pago correspondiente al ejercicio fiscal 2023, aplicando dicho est\u00edmulo fiscal conforme a la tabla de valores unitarios de 2007, el cual no transgrede la norma de uso de suelo y tendr\u00e1 una vigencia al 31 de marzo del 2023.<\/p>\n\n\n\n<p>En cuanto al programa de incorporaci\u00f3n de predios ejidales y comunales de uso habitacional al catastro podr\u00e1n cubrir \u00fanicamente el ejercicio fiscal 2023, brindando un est\u00edmulo fiscal en el pago de cinco a\u00f1os anteriores con una vigencia al 31 de diciembre del 2023.<\/p>\n\n\n\n<p>Cabe mencionar que la Direcci\u00f3n General de Catastro e Impuesto Predial se ubica al interior del edificio de Tesorer\u00eda en calle Cuauhtemotzin #4, en el centro de Cuernavaca.<\/p>\n\n\n\n<figure class=\"wp-container-2 wp-block-gallery-1 wp-block-gallery has-nested-images columns-default is-cropped\">\n<figure class=\"wp-block-image size-large\"><img loading=\"lazy\" width=\"1024\" height=\"683\" data-id=\"24451\"  src=\"https:\/\/cuernavaca.gob.mx\/wp-content\/uploads\/2023\/01\/cabidlo-cuernavaca-1-1024x683.jpeg\" alt=\"\" class=\"wp-image-24451\" srcset=\"https:\/\/cuernavaca.gob.mx\/wp-content\/uploads\/2023\/01\/cabidlo-cuernavaca-1-1024x683.jpeg 1024w, https:\/\/cuernavaca.gob.mx\/wp-content\/uploads\/2023\/01\/cabidlo-cuernavaca-1-300x200.jpeg 300w, https:\/\/cuernavaca.gob.mx\/wp-content\/uploads\/2023\/01\/cabidlo-cuernavaca-1-768x512.jpeg 768w, https:\/\/cuernavaca.gob.mx\/wp-content\/uploads\/2023\/01\/cabidlo-cuernavaca-1-1536x1024.jpeg 1536w, https:\/\/cuernavaca.gob.mx\/wp-content\/uploads\/2023\/01\/cabidlo-cuernavaca-1-600x400.jpeg 600w, https:\/\/cuernavaca.gob.mx\/wp-content\/uploads\/2023\/01\/cabidlo-cuernavaca-1-560x373.jpeg 560w, https:\/\/cuernavaca.gob.mx\/wp-content\/uploads\/2023\/01\/cabidlo-cuernavaca-1.jpeg 1599w\" sizes=\"(max-width: 1024px) 100vw, 1024px\" \/><\/figure>\n\n\n\n<figure class=\"wp-block-image size-large\"><img loading=\"lazy\" width=\"1024\" height=\"683\" data-id=\"24453\"  src=\"https:\/\/cuernavaca.gob.mx\/wp-content\/uploads\/2023\/01\/cabidlo-cuernavaca-2-1024x683.jpeg\" alt=\"\" class=\"wp-image-24453\" srcset=\"https:\/\/cuernavaca.gob.mx\/wp-content\/uploads\/2023\/01\/cabidlo-cuernavaca-2-1024x683.jpeg 1024w, https:\/\/cuernavaca.gob.mx\/wp-content\/uploads\/2023\/01\/cabidlo-cuernavaca-2-300x200.jpeg 300w, https:\/\/cuernavaca.gob.mx\/wp-content\/uploads\/2023\/01\/cabidlo-cuernavaca-2-768x512.jpeg 768w, https:\/\/cuernavaca.gob.mx\/wp-content\/uploads\/2023\/01\/cabidlo-cuernavaca-2-1536x1024.jpeg 1536w, https:\/\/cuernavaca.gob.mx\/wp-content\/uploads\/2023\/01\/cabidlo-cuernavaca-2-600x400.jpeg 600w, https:\/\/cuernavaca.gob.mx\/wp-content\/uploads\/2023\/01\/cabidlo-cuernavaca-2-560x373.jpeg 560w, https:\/\/cuernavaca.gob.mx\/wp-content\/uploads\/2023\/01\/cabidlo-cuernavaca-2.jpeg 1599w\" sizes=\"(max-width: 1024px) 100vw, 1024px\" \/><\/figure>\n\n\n\n<figure class=\"wp-block-image size-large\"><img loading=\"lazy\" width=\"1024\" height=\"683\" data-id=\"24452\"  src=\"https:\/\/cuernavaca.gob.mx\/wp-content\/uploads\/2023\/01\/cabidlo-cuernavaca-3-1024x683.jpeg\" alt=\"\" class=\"wp-image-24452\" srcset=\"https:\/\/cuernavaca.gob.mx\/wp-content\/uploads\/2023\/01\/cabidlo-cuernavaca-3-1024x683.jpeg 1024w, https:\/\/cuernavaca.gob.mx\/wp-content\/uploads\/2023\/01\/cabidlo-cuernavaca-3-300x200.jpeg 300w, https:\/\/cuernavaca.gob.mx\/wp-content\/uploads\/2023\/01\/cabidlo-cuernavaca-3-768x512.jpeg 768w, https:\/\/cuernavaca.gob.mx\/wp-content\/uploads\/2023\/01\/cabidlo-cuernavaca-3-1536x1024.jpeg 1536w, https:\/\/cuernavaca.gob.mx\/wp-content\/uploads\/2023\/01\/cabidlo-cuernavaca-3-600x400.jpeg 600w, https:\/\/cuernavaca.gob.mx\/wp-content\/uploads\/2023\/01\/cabidlo-cuernavaca-3-560x373.jpeg 560w, https:\/\/cuernavaca.gob.mx\/wp-content\/uploads\/2023\/01\/cabidlo-cuernavaca-3.jpeg 1599w\" sizes=\"(max-width: 1024px) 100vw, 1024px\" \/><\/figure>\n\n\n\n<figure class=\"wp-block-image size-large\"><img loading=\"lazy\" width=\"1024\" height=\"683\" data-id=\"24454\"  src=\"https:\/\/cuernavaca.gob.mx\/wp-content\/uploads\/2023\/01\/cabidlo-cuernavaca-4-1024x683.jpeg\" alt=\"\" class=\"wp-image-24454\" srcset=\"https:\/\/cuernavaca.gob.mx\/wp-content\/uploads\/2023\/01\/cabidlo-cuernavaca-4-1024x683.jpeg 1024w, https:\/\/cuernavaca.gob.mx\/wp-content\/uploads\/2023\/01\/cabidlo-cuernavaca-4-300x200.jpeg 300w, https:\/\/cuernavaca.gob.mx\/wp-content\/uploads\/2023\/01\/cabidlo-cuernavaca-4-768x512.jpeg 768w, https:\/\/cuernavaca.gob.mx\/wp-content\/uploads\/2023\/01\/cabidlo-cuernavaca-4-1536x1024.jpeg 1536w, https:\/\/cuernavaca.gob.mx\/wp-content\/uploads\/2023\/01\/cabidlo-cuernavaca-4-600x400.jpeg 600w, https:\/\/cuernavaca.gob.mx\/wp-content\/uploads\/2023\/01\/cabidlo-cuernavaca-4-560x373.jpeg 560w, https:\/\/cuernavaca.gob.mx\/wp-content\/uploads\/2023\/01\/cabidlo-cuernavaca-4.jpeg 1599w\" sizes=\"(max-width: 1024px) 100vw, 1024px\" \/><\/figure>\n<\/figure>\n","protected":false},"excerpt":{"rendered":"<p>Con el prop\u00f3sito de seguir abonando a que la poblaci\u00f3n tenga certeza jur\u00eddica sobre sus viviendas con un catastro m\u00e1s actualizado, el Cabildo de Cuernavaca autoriz\u00f3 darle seguimiento a dos campa\u00f1as de descuentos que el a\u00f1o pasado fueron bien recibidas y necesarias, el programa de regularizaci\u00f3n de predios con construcciones ocultas a la acci\u00f3n fiscal [&hellip;]<\/p>\n","protected":false},"author":1,"featured_media":24453,"comment_status":"closed","ping_status":"open","sticky":false,"template":"","format":"standard","meta":[],"categories":[20],"tags":[158,622,121,120,206,137,567,2535],"aioseo_notices":[],"_links":{"self":[{"href":"https:\/\/cuernavaca.gob.mx\/index.php?rest_route=\/wp\/v2\/posts\/24450"}],"collection":[{"href":"https:\/\/cuernavaca.gob.mx\/index.php?rest_route=\/wp\/v2\/posts"}],"about":[{"href":"https:\/\/cuernavaca.gob.mx\/index.php?rest_route=\/wp\/v2\/types\/post"}],"author":[{"embeddable":true,"href":"https:\/\/cuernavaca.gob.mx\/index.php?rest_route=\/wp\/v2\/users\/1"}],"replies":[{"embeddable":true,"href":"https:\/\/cuernavaca.gob.mx\/index.php?rest_route=%2Fwp%2Fv2%2Fcomments&post=24450"}],"version-history":[{"count":1,"href":"https:\/\/cuernavaca.gob.mx\/index.php?rest_route=\/wp\/v2\/posts\/24450\/revisions"}],"predecessor-version":[{"id":24455,"href":"https:\/\/cuernavaca.gob.mx\/index.php?rest_route=\/wp\/v2\/posts\/24450\/revisions\/24455"}],"wp:featuredmedia":[{"embeddable":true,"href":"https:\/\/cuernavaca.gob.mx\/index.php?rest_route=\/wp\/v2\/media\/24453"}],"wp:attachment":[{"href":"https:\/\/cuernavaca.gob.mx\/index.php?rest_route=%2Fwp%2Fv2%2Fmedia&parent=24450"}],"wp:term":[{"taxonomy":"category","embeddable":true,"href":"https:\/\/cuernavaca.gob.mx\/index.php?rest_route=%2Fwp%2Fv2%2Fcategories&post=24450"},{"taxonomy":"post_tag","embeddable":true,"href":"https:\/\/cuernavaca.gob.mx\/index.php?rest_route=%2Fwp%2Fv2%2Ftags&post=24450"}],"curies":[{"name":"wp","href":"https:\/\/api.w.org\/{rel}","templated":true}]}}