{"id":24470,"date":"2023-01-27T17:18:00","date_gmt":"2023-01-27T23:18:00","guid":{"rendered":"https:\/\/cuernavaca.gob.mx\/?p=24470"},"modified":"2025-05-06T12:27:30","modified_gmt":"2025-05-06T18:27:30","slug":"b195-27-01-23-cuernavaca-mantiene-articulacion-interinstitucional-para-erradicar-la-violencia-contra-las-mujeres","status":"publish","type":"post","link":"https:\/\/cuernavaca.gob.mx\/?p=24470","title":{"rendered":"B195 27\/01\/23 CUERNAVACA MANTIENE ARTICULACI\u00d3N INTERINSTITUCIONAL PARA ERRADICAR LA VIOLENCIA CONTRA LAS MUJERES"},"content":{"rendered":"\n<p><strong>\u2022 Participan la titular de SEPRAC, la secretaria de Desarrollo Humano y Participaci\u00f3n Social y la directora general del Instituto de la Mujer en la Mesa Regional Cuernavaca y Jiutepec para la Construcci\u00f3n de Paz y Seguridad<\/strong><\/p>\n\n\n\n<p><strong>\u2022 Refrendaron la disposici\u00f3n del Gobierno Municipal por sumarse a todas las acciones y gestiones que logren salvaguardar la integridad de las mujeres<\/strong><\/p>\n\n\n\n<p>Como parte de la articulaci\u00f3n interinstitucional que ha mantenido el Ayuntamiento de Cuernavaca para seguir abonando a la erradicaci\u00f3n de la violencia contra las mujeres, atendiendo cada uno de los indicadores que emanan de la Alerta de Violencia de G\u00e9nero (AVG), este viernes la secretaria de Protecci\u00f3n y Auxilio Ciudadano (SEPRAC), Alicia V\u00e1zquez Luna; la directora general del Instituto de la Mujer (IMC), Lorena Castillo Castillo y la secretaria de Desarrollo Humano y Participaci\u00f3n Social, Laura Hern\u00e1ndez Cruz, participaron en la Mesa Regional Cuernavaca y Jiutepec para la Construcci\u00f3n de Paz y Seguridad.<\/p>\n\n\n\n<p>La titular de SEPRAC, Alicia V\u00e1zquez, refiri\u00f3 que en esta sesi\u00f3n que tuvo como sede el Instituto de la Mujer del Estado de Morelos (IMM), cada una y uno de sus participantes expusieron la problem\u00e1tica municipal que enfrentan relacionada a la violencia de g\u00e9nero, siendo el delito con mayor incidencia la violencia familiar, registrando casos donde la vida de las mujeres est\u00e1 en riesgo y si bien forma parte de los encargos de los institutos de las mujeres, se plante\u00f3 la posibilidad de lograr en esta mesa un espacio para cada municipio donde puedan albergar a las mujeres.<\/p>\n\n\n\n<p>Precis\u00f3 que para ello se buscar\u00e1 una cooperaci\u00f3n en los tres niveles de gobierno debido a que los municipios no cuentan con recursos para instalarlos; adem\u00e1s se mencionaron otros temas relacionados al d\u00eda a d\u00eda de la seguridad p\u00fablica en todos los municipios de estas dos regiones, del avance que est\u00e1 teniendo, y la informaci\u00f3n que pueden compartir para hacer operativos intermunicipales.<\/p>\n\n\n\n<p>En este contexto, la secretaria de Desarrollo Humano y Participaci\u00f3n Social, Laura Hern\u00e1ndez, indic\u00f3 que se establecieron los mecanismos de coordinaci\u00f3n para que cuando surjan algunos casos que requieran de una atenci\u00f3n prioritaria en la ciudad se pueda mantener el enlace directo con la Fiscal\u00eda General del Estado (FGE) y las diversas autoridades en materia de seguridad, garantizando su pronta atenci\u00f3n que les permita salvaguardar la integridad f\u00edsica de las mujeres, pero sobre todo que les brinde el tiempo necesario para tomar alg\u00fan otra medida de protecci\u00f3n tambi\u00e9n en t\u00e9rmino de sus dependientes econ\u00f3micos, como hijas e hijos o adultos mayores.<\/p>\n\n\n\n<p>Al dar la bienvenida, Isela Ch\u00e1vez Cardoso, presidenta del IMM, puso en relieve la importancia de la articulaci\u00f3n interinstitucional para responder a las necesidades de las mujeres con base en las competencias de cada dependencia, generar pol\u00edticas p\u00fablicas y programas de prevenci\u00f3n de violencias e igualdad de g\u00e9nero.<\/p>\n\n\n\n<p>Otros de los temas abordados fueron, seguimiento a los avances en carpetas de investigaci\u00f3n de feminicidio, establecer enlaces las 24 horas en cada municipio para la atenci\u00f3n de violencia contra mujeres y brindar una pronta atenci\u00f3n a los casos de emergencia por estas situaciones de riesgo.<\/p>\n\n\n\n<p>En esta Mesa Regional Cuernavaca y Jiutepec para la Construcci\u00f3n de Paz y Seguridad comparecieron todos los secretarios y directores de seguridad municipal, el Ej\u00e9rcito, representantes de la Secretar\u00eda de Seguridad y Protecci\u00f3n Ciudadana (SSPC) del Gobierno Federal, los presidentes municipales de Huitzilac, Rafael Vargas Mu\u00f1oz y de Xochitepec, Roberto Gonzalo Flores Z\u00fa\u00f1iga, as\u00ed como el secretario municipal de Temixco, Carlos Caltenco Serrano, en representaci\u00f3n de la alcaldesa, Juanita Ocampo Bahena.<\/p>\n\n\n\n<figure class=\"wp-container-2 wp-block-gallery-1 wp-block-gallery has-nested-images columns-default is-cropped\">\n<figure class=\"wp-block-image size-large\"><img loading=\"lazy\" width=\"1024\" height=\"671\" data-id=\"24474\"  src=\"https:\/\/cuernavaca.gob.mx\/wp-content\/uploads\/2023\/01\/mesa-seguridad-cuernavaca-1-1024x671.jpeg\" alt=\"\" class=\"wp-image-24474\" srcset=\"https:\/\/cuernavaca.gob.mx\/wp-content\/uploads\/2023\/01\/mesa-seguridad-cuernavaca-1-1024x671.jpeg 1024w, https:\/\/cuernavaca.gob.mx\/wp-content\/uploads\/2023\/01\/mesa-seguridad-cuernavaca-1-300x197.jpeg 300w, https:\/\/cuernavaca.gob.mx\/wp-content\/uploads\/2023\/01\/mesa-seguridad-cuernavaca-1-768x504.jpeg 768w, https:\/\/cuernavaca.gob.mx\/wp-content\/uploads\/2023\/01\/mesa-seguridad-cuernavaca-1-600x393.jpeg 600w, https:\/\/cuernavaca.gob.mx\/wp-content\/uploads\/2023\/01\/mesa-seguridad-cuernavaca-1-560x367.jpeg 560w, https:\/\/cuernavaca.gob.mx\/wp-content\/uploads\/2023\/01\/mesa-seguridad-cuernavaca-1.jpeg 1060w\" sizes=\"(max-width: 1024px) 100vw, 1024px\" \/><\/figure>\n\n\n\n<figure class=\"wp-block-image size-large\"><img loading=\"lazy\" width=\"1024\" height=\"682\" data-id=\"24478\"  src=\"https:\/\/cuernavaca.gob.mx\/wp-content\/uploads\/2023\/01\/mesa-seguridad-cuernavaca-2-1024x682.jpeg\" alt=\"\" class=\"wp-image-24478\" srcset=\"https:\/\/cuernavaca.gob.mx\/wp-content\/uploads\/2023\/01\/mesa-seguridad-cuernavaca-2-1024x682.jpeg 1024w, https:\/\/cuernavaca.gob.mx\/wp-content\/uploads\/2023\/01\/mesa-seguridad-cuernavaca-2-300x200.jpeg 300w, https:\/\/cuernavaca.gob.mx\/wp-content\/uploads\/2023\/01\/mesa-seguridad-cuernavaca-2-768x512.jpeg 768w, https:\/\/cuernavaca.gob.mx\/wp-content\/uploads\/2023\/01\/mesa-seguridad-cuernavaca-2-600x400.jpeg 600w, https:\/\/cuernavaca.gob.mx\/wp-content\/uploads\/2023\/01\/mesa-seguridad-cuernavaca-2-560x373.jpeg 560w, https:\/\/cuernavaca.gob.mx\/wp-content\/uploads\/2023\/01\/mesa-seguridad-cuernavaca-2.jpeg 1280w\" sizes=\"(max-width: 1024px) 100vw, 1024px\" \/><\/figure>\n\n\n\n<figure class=\"wp-block-image size-large\"><img loading=\"lazy\" width=\"1024\" height=\"682\" data-id=\"24479\"  src=\"https:\/\/cuernavaca.gob.mx\/wp-content\/uploads\/2023\/01\/mesa-seguridad-cuernavaca-3-1024x682.jpeg\" alt=\"\" class=\"wp-image-24479\" srcset=\"https:\/\/cuernavaca.gob.mx\/wp-content\/uploads\/2023\/01\/mesa-seguridad-cuernavaca-3-1024x682.jpeg 1024w, https:\/\/cuernavaca.gob.mx\/wp-content\/uploads\/2023\/01\/mesa-seguridad-cuernavaca-3-300x200.jpeg 300w, https:\/\/cuernavaca.gob.mx\/wp-content\/uploads\/2023\/01\/mesa-seguridad-cuernavaca-3-768x512.jpeg 768w, https:\/\/cuernavaca.gob.mx\/wp-content\/uploads\/2023\/01\/mesa-seguridad-cuernavaca-3-600x400.jpeg 600w, https:\/\/cuernavaca.gob.mx\/wp-content\/uploads\/2023\/01\/mesa-seguridad-cuernavaca-3-560x373.jpeg 560w, https:\/\/cuernavaca.gob.mx\/wp-content\/uploads\/2023\/01\/mesa-seguridad-cuernavaca-3.jpeg 1280w\" sizes=\"(max-width: 1024px) 100vw, 1024px\" \/><\/figure>\n\n\n\n<figure class=\"wp-block-image size-large\"><img loading=\"lazy\" width=\"1024\" height=\"605\" data-id=\"24476\"  src=\"https:\/\/cuernavaca.gob.mx\/wp-content\/uploads\/2023\/01\/mesa-seguridad-cuernavaca-4-1024x605.jpeg\" alt=\"\" class=\"wp-image-24476\" srcset=\"https:\/\/cuernavaca.gob.mx\/wp-content\/uploads\/2023\/01\/mesa-seguridad-cuernavaca-4-1024x605.jpeg 1024w, https:\/\/cuernavaca.gob.mx\/wp-content\/uploads\/2023\/01\/mesa-seguridad-cuernavaca-4-300x177.jpeg 300w, https:\/\/cuernavaca.gob.mx\/wp-content\/uploads\/2023\/01\/mesa-seguridad-cuernavaca-4-768x454.jpeg 768w, https:\/\/cuernavaca.gob.mx\/wp-content\/uploads\/2023\/01\/mesa-seguridad-cuernavaca-4-600x354.jpeg 600w, https:\/\/cuernavaca.gob.mx\/wp-content\/uploads\/2023\/01\/mesa-seguridad-cuernavaca-4-560x331.jpeg 560w, https:\/\/cuernavaca.gob.mx\/wp-content\/uploads\/2023\/01\/mesa-seguridad-cuernavaca-4.jpeg 1102w\" sizes=\"(max-width: 1024px) 100vw, 1024px\" \/><\/figure>\n\n\n\n<figure class=\"wp-block-image size-large\"><img loading=\"lazy\" width=\"1024\" height=\"682\" data-id=\"24475\"  src=\"https:\/\/cuernavaca.gob.mx\/wp-content\/uploads\/2023\/01\/mesa-seguridad-cuernavaca-5-1024x682.jpeg\" alt=\"\" class=\"wp-image-24475\" srcset=\"https:\/\/cuernavaca.gob.mx\/wp-content\/uploads\/2023\/01\/mesa-seguridad-cuernavaca-5-1024x682.jpeg 1024w, https:\/\/cuernavaca.gob.mx\/wp-content\/uploads\/2023\/01\/mesa-seguridad-cuernavaca-5-300x200.jpeg 300w, https:\/\/cuernavaca.gob.mx\/wp-content\/uploads\/2023\/01\/mesa-seguridad-cuernavaca-5-768x512.jpeg 768w, https:\/\/cuernavaca.gob.mx\/wp-content\/uploads\/2023\/01\/mesa-seguridad-cuernavaca-5-600x400.jpeg 600w, https:\/\/cuernavaca.gob.mx\/wp-content\/uploads\/2023\/01\/mesa-seguridad-cuernavaca-5-560x373.jpeg 560w, https:\/\/cuernavaca.gob.mx\/wp-content\/uploads\/2023\/01\/mesa-seguridad-cuernavaca-5.jpeg 1280w\" sizes=\"(max-width: 1024px) 100vw, 1024px\" \/><\/figure>\n\n\n\n<figure class=\"wp-block-image size-large\"><img loading=\"lazy\" width=\"1024\" height=\"685\" data-id=\"24477\"  src=\"https:\/\/cuernavaca.gob.mx\/wp-content\/uploads\/2023\/01\/mesa-seguridad-cuernavaca-6--1024x685.jpeg\" alt=\"\" class=\"wp-image-24477\" srcset=\"https:\/\/cuernavaca.gob.mx\/wp-content\/uploads\/2023\/01\/mesa-seguridad-cuernavaca-6--1024x685.jpeg 1024w, https:\/\/cuernavaca.gob.mx\/wp-content\/uploads\/2023\/01\/mesa-seguridad-cuernavaca-6--300x201.jpeg 300w, https:\/\/cuernavaca.gob.mx\/wp-content\/uploads\/2023\/01\/mesa-seguridad-cuernavaca-6--768x514.jpeg 768w, https:\/\/cuernavaca.gob.mx\/wp-content\/uploads\/2023\/01\/mesa-seguridad-cuernavaca-6--1536x1028.jpeg 1536w, https:\/\/cuernavaca.gob.mx\/wp-content\/uploads\/2023\/01\/mesa-seguridad-cuernavaca-6--600x402.jpeg 600w, https:\/\/cuernavaca.gob.mx\/wp-content\/uploads\/2023\/01\/mesa-seguridad-cuernavaca-6--560x375.jpeg 560w, https:\/\/cuernavaca.gob.mx\/wp-content\/uploads\/2023\/01\/mesa-seguridad-cuernavaca-6-.jpeg 1600w\" sizes=\"(max-width: 1024px) 100vw, 1024px\" \/><\/figure>\n<\/figure>\n","protected":false},"excerpt":{"rendered":"<p>\u2022 Participan la titular de SEPRAC, la secretaria de Desarrollo Humano y Participaci\u00f3n Social y la directora general del Instituto de la Mujer en la Mesa Regional Cuernavaca y Jiutepec para la Construcci\u00f3n de Paz y Seguridad \u2022 Refrendaron la disposici\u00f3n del Gobierno Municipal por sumarse a todas las acciones y gestiones que logren salvaguardar [&hellip;]<\/p>\n","protected":false},"author":1,"featured_media":24478,"comment_status":"closed","ping_status":"open","sticky":false,"template":"","format":"standard","meta":[],"categories":[17],"tags":[121,120,2864,206,388,414,125,252],"aioseo_notices":[],"_links":{"self":[{"href":"https:\/\/cuernavaca.gob.mx\/index.php?rest_route=\/wp\/v2\/posts\/24470"}],"collection":[{"href":"https:\/\/cuernavaca.gob.mx\/index.php?rest_route=\/wp\/v2\/posts"}],"about":[{"href":"https:\/\/cuernavaca.gob.mx\/index.php?rest_route=\/wp\/v2\/types\/post"}],"author":[{"embeddable":true,"href":"https:\/\/cuernavaca.gob.mx\/index.php?rest_route=\/wp\/v2\/users\/1"}],"replies":[{"embeddable":true,"href":"https:\/\/cuernavaca.gob.mx\/index.php?rest_route=%2Fwp%2Fv2%2Fcomments&post=24470"}],"version-history":[{"count":1,"href":"https:\/\/cuernavaca.gob.mx\/index.php?rest_route=\/wp\/v2\/posts\/24470\/revisions"}],"predecessor-version":[{"id":24480,"href":"https:\/\/cuernavaca.gob.mx\/index.php?rest_route=\/wp\/v2\/posts\/24470\/revisions\/24480"}],"wp:featuredmedia":[{"embeddable":true,"href":"https:\/\/cuernavaca.gob.mx\/index.php?rest_route=\/wp\/v2\/media\/24478"}],"wp:attachment":[{"href":"https:\/\/cuernavaca.gob.mx\/index.php?rest_route=%2Fwp%2Fv2%2Fmedia&parent=24470"}],"wp:term":[{"taxonomy":"category","embeddable":true,"href":"https:\/\/cuernavaca.gob.mx\/index.php?rest_route=%2Fwp%2Fv2%2Fcategories&post=24470"},{"taxonomy":"post_tag","embeddable":true,"href":"https:\/\/cuernavaca.gob.mx\/index.php?rest_route=%2Fwp%2Fv2%2Ftags&post=24470"}],"curies":[{"name":"wp","href":"https:\/\/api.w.org\/{rel}","templated":true}]}}