{"id":24494,"date":"2023-01-27T18:15:00","date_gmt":"2023-01-28T00:15:00","guid":{"rendered":"https:\/\/cuernavaca.gob.mx\/?p=24494"},"modified":"2025-05-06T12:27:30","modified_gmt":"2025-05-06T18:27:30","slug":"b196-27-01-23-mantiene-ayuntamiento-de-cuernavaca-sinergia-y-trabajo-coordinado-con-ciudadanos-a-traves-de-cabildos-abiertos","status":"publish","type":"post","link":"https:\/\/cuernavaca.gob.mx\/?p=24494","title":{"rendered":"B196 27\/01\/23 MANTIENE AYUNTAMIENTO DE CUERNAVACA SINERGIA Y TRABAJO COORDINADO CON CIUDADANOS A TRAV\u00c9S DE CABILDOS ABIERTOS"},"content":{"rendered":"\n<p><strong>\u2022 En la primera sesi\u00f3n de Cabildo Abierto del 2023, el presidente municipal, Jos\u00e9 Luis Uri\u00f3stegui, asever\u00f3 que este a\u00f1o la administraci\u00f3n municipal inicio con una renovada sinergia gracias al esfuerzo de austeridad, control financiero y canalizaci\u00f3n de recursos<\/strong><\/p>\n\n\n\n<p>\u201cEste a\u00f1o la administraci\u00f3n municipal de Cuernavaca inicio con una renovada sinergia gracias al esfuerzo de austeridad, control financiero y canalizaci\u00f3n de recursos a donde se necesitaban que se ejerci\u00f3 en el 2022, logrando comenzar a atender las necesidades m\u00e1s apremiantes de la poblaci\u00f3n y que en ciertos casos, por varios a\u00f1os estuvieron esperando\u201d, expres\u00f3 el presidente municipal, Jos\u00e9 Luis Uri\u00f3stegui Salgado.<\/p>\n\n\n\n<p>En el marco de la primera sesi\u00f3n de Cabildo Abierto del presente ejercicio fiscal, la cual tuvo como escenario la cancha de usos m\u00faltiples de la colonia Ciudad Chapultepec en la delegaci\u00f3n Miguel Hidalgo, el alcalde precis\u00f3 que, as\u00ed como las obras p\u00fablicas que realizaron el a\u00f1o pasado tienen un sentido de comunicaci\u00f3n que no beneficiaron a determinado grupo de personas o de comunidades, el actuar del municipio se ha encaminado a beneficiar a toda la poblaci\u00f3n.<\/p>\n\n\n\n<p>Por ello, resalt\u00f3, han generado acciones que no solo buscan atender sus necesidades en materia de servicios u obras p\u00fablicas, sino tambi\u00e9n darles todas las herramientas para regularizarse en sus obligaciones fiscales, otorg\u00e1ndole certeza jur\u00eddica a sus predios, esto a trav\u00e9s de diversos est\u00edmulos fiscales, como de hasta un 75 por ciento de descuento en multas y recargos y de hasta un 90 por ciento a personas titulares de la tercera edad por concepto de impuesto predial y servicios p\u00fablicos municipales omitidos en los \u00faltimos cinco a\u00f1os, teniendo vigencia al 30 de abril del 2023.<\/p>\n\n\n\n<p>\u201cHa habido un abandono sin duda desde hace varios a\u00f1os, nuestra labor consiste en mejorar el funcionamiento de la administraci\u00f3n municipal, que desde el Cabildo tomemos las mejores decisiones con responsabilidad para la mejor administraci\u00f3n de los recursos y eficientar el trabajo de cada uno de las \u00e1reas. Lo que ustedes nos plantean en Cabildo Abierto nos permite medir si estamos dando resultados o no los damos\u201d, acot\u00f3.<\/p>\n\n\n\n<p>En esta sesi\u00f3n de Cabildo Abierto los regidores Patricia Torres Rosales, Mirna Delgado Romero, Lucero Cuenca Noria, Paz Hern\u00e1ndez Pardo, Wendi Salinas Ruiz, Debendrenath Salazar Solorio, Jes\u00fas Rosales Puebla, V\u00edctor Manzo God\u00ednez, Adri\u00e1n Mart\u00ednez Terrazas, Fernando Carrillo Alvarado y Christian P\u00e9rez Jaimes, as\u00ed como el secretario del Ayuntamiento, Carlos de la Rosa Segura, escucharon y atendieron cada una de las solicitudes ciudadanas que emanaron de Ciudad Chapultepec, pero tambi\u00e9n de otras colonias como Lotes Alegr\u00eda, la reci\u00e9n reconocida Para\u00edso de las Flores antes Para\u00edso Montessori, Teopanzolco, M\u00e1rtires de R\u00edo Blanco, Revoluci\u00f3n, Flores Mag\u00f3n, Orillas de V\u00edas del Ferrocarril y el poblado de Ahuatepec.<\/p>\n\n\n\n<p>Los temas expuestos por la ciudadan\u00eda fueron relacionados a la atenci\u00f3n de bacheo y pavimentaci\u00f3n, la revisi\u00f3n de la infraestructura hidr\u00e1ulica como drenajes, la colocaci\u00f3n de topes para evitar accidentes y luminarias, hacer operativos de seguridad por la realizaci\u00f3n de arrancones clandestinos de motocicletas y la presencia de personas que presuntamente incurren en hechos il\u00edcitos, la poda de \u00e1rboles, limpieza de barrancas, fugas y mejorar el tandeo en el suministro del agua potable, as\u00ed como tambi\u00e9n la intervenci\u00f3n del municipio en el ordenamiento del tianguis en Ciudad Chapultepec que ha generado diversas afectaciones a los colonos.<\/p>\n\n\n\n<p>Si bien las solicitudes fueron diversas, los vecinos coincidieron en el reconocimiento al presidente municipal sobre los cambios que se han tenido en Cuernavaca en tan solo un a\u00f1o de gobierno, sabiendo que la situaci\u00f3n financiera que enfrenta la capital morelense es complicada, pero le apostaron a seguir apoyando a la administraci\u00f3n, siendo la mejor forma, regularizarse en sus impuestos, aprovechando las campa\u00f1as de descuentos que est\u00e1n vigentes actualmente.<\/p>\n\n\n\n<p>Al uso de la palabra, los regidores Patricia Torres Rosales, Fernando Carrillo Alvarado, Debendrenath Salazar Solorio y Adri\u00e1n Mart\u00ednez Terrazas, reiteraron su compromiso a favor del bienestar de los cuernavacenses, afirmando que el actual Ayuntamiento no trabaja condicionando colores de partidos, como muestra el Programa Anual de Obras 2022 y las obras emergentes que se realizaron el a\u00f1o pasado en diversas colonias de la ciudad que han mejorado la calidad de vida de los habitantes y usuarios.<\/p>\n\n\n\n<p>Al agradecer la presencia de los ciudadanos, pidieron que se tomen en cuenta a las colonias que desde este mi\u00e9rcoles fueron reconocidas por Cabildo en el Programa Anual de Obras 2023 y tambi\u00e9n que se puedan etiquetar recursos para llevar a cabo exclusivamente las solicitudes hechas en Cabildo Abierto.<\/p>\n\n\n\n<p>Cabe se\u00f1alar que como ha ocurrido en cada uno de los Cabildos Abiertos que encabeza la presente administraci\u00f3n, se cont\u00f3 con la presencia de la presidenta del Sistema Municipal DIF Cuernavaca, Luz Mar\u00eda Zagal Guzm\u00e1n, y de las y los secretarios de Desarrollo Urbano y Obras P\u00fablicas, Protecci\u00f3n y Auxilio Ciudadano (SEPRAC), Desarrollo Humano y Participaci\u00f3n Social, Desarrollo Econ\u00f3mico y Turismo, Desarrollo Sustentable y Servicios P\u00fablicos, del Secretariado Ejecutivo de Seguridad P\u00fablica, as\u00ed como los directivos de SAPAC, COPLADEMUN, y Servicios P\u00fablicos, a fin de que las peticiones ciudadanas sean vinculantes.<\/p>\n\n\n\n<figure class=\"wp-container-2 wp-block-gallery-1 wp-block-gallery has-nested-images columns-default is-cropped\">\n<figure class=\"wp-block-image size-large\"><img loading=\"lazy\" width=\"1024\" height=\"682\" data-id=\"24495\"  src=\"https:\/\/cuernavaca.gob.mx\/wp-content\/uploads\/2023\/01\/cabildo-abierto-cuernavaca-enero-2023-1-1024x682.jpeg\" alt=\"\" class=\"wp-image-24495\" srcset=\"https:\/\/cuernavaca.gob.mx\/wp-content\/uploads\/2023\/01\/cabildo-abierto-cuernavaca-enero-2023-1-1024x682.jpeg 1024w, https:\/\/cuernavaca.gob.mx\/wp-content\/uploads\/2023\/01\/cabildo-abierto-cuernavaca-enero-2023-1-300x200.jpeg 300w, https:\/\/cuernavaca.gob.mx\/wp-content\/uploads\/2023\/01\/cabildo-abierto-cuernavaca-enero-2023-1-768x512.jpeg 768w, https:\/\/cuernavaca.gob.mx\/wp-content\/uploads\/2023\/01\/cabildo-abierto-cuernavaca-enero-2023-1-1536x1023.jpeg 1536w, https:\/\/cuernavaca.gob.mx\/wp-content\/uploads\/2023\/01\/cabildo-abierto-cuernavaca-enero-2023-1-600x400.jpeg 600w, https:\/\/cuernavaca.gob.mx\/wp-content\/uploads\/2023\/01\/cabildo-abierto-cuernavaca-enero-2023-1-560x373.jpeg 560w, https:\/\/cuernavaca.gob.mx\/wp-content\/uploads\/2023\/01\/cabildo-abierto-cuernavaca-enero-2023-1.jpeg 1600w\" sizes=\"(max-width: 1024px) 100vw, 1024px\" \/><\/figure>\n\n\n\n<figure class=\"wp-block-image size-large\"><img loading=\"lazy\" width=\"1024\" height=\"682\" data-id=\"24496\"  src=\"https:\/\/cuernavaca.gob.mx\/wp-content\/uploads\/2023\/01\/cabildo-abierto-cuernavaca-enero-2023-2-1024x682.jpeg\" alt=\"\" class=\"wp-image-24496\" srcset=\"https:\/\/cuernavaca.gob.mx\/wp-content\/uploads\/2023\/01\/cabildo-abierto-cuernavaca-enero-2023-2-1024x682.jpeg 1024w, https:\/\/cuernavaca.gob.mx\/wp-content\/uploads\/2023\/01\/cabildo-abierto-cuernavaca-enero-2023-2-300x200.jpeg 300w, https:\/\/cuernavaca.gob.mx\/wp-content\/uploads\/2023\/01\/cabildo-abierto-cuernavaca-enero-2023-2-768x512.jpeg 768w, https:\/\/cuernavaca.gob.mx\/wp-content\/uploads\/2023\/01\/cabildo-abierto-cuernavaca-enero-2023-2-1536x1023.jpeg 1536w, https:\/\/cuernavaca.gob.mx\/wp-content\/uploads\/2023\/01\/cabildo-abierto-cuernavaca-enero-2023-2-600x400.jpeg 600w, https:\/\/cuernavaca.gob.mx\/wp-content\/uploads\/2023\/01\/cabildo-abierto-cuernavaca-enero-2023-2-560x373.jpeg 560w, https:\/\/cuernavaca.gob.mx\/wp-content\/uploads\/2023\/01\/cabildo-abierto-cuernavaca-enero-2023-2.jpeg 1600w\" sizes=\"(max-width: 1024px) 100vw, 1024px\" \/><\/figure>\n\n\n\n<figure class=\"wp-block-image size-large\"><img loading=\"lazy\" width=\"1024\" height=\"682\" data-id=\"24502\"  src=\"https:\/\/cuernavaca.gob.mx\/wp-content\/uploads\/2023\/01\/cabildo-abierto-cuernavaca-enero-2023-3-1024x682.jpeg\" alt=\"\" class=\"wp-image-24502\" srcset=\"https:\/\/cuernavaca.gob.mx\/wp-content\/uploads\/2023\/01\/cabildo-abierto-cuernavaca-enero-2023-3-1024x682.jpeg 1024w, https:\/\/cuernavaca.gob.mx\/wp-content\/uploads\/2023\/01\/cabildo-abierto-cuernavaca-enero-2023-3-300x200.jpeg 300w, https:\/\/cuernavaca.gob.mx\/wp-content\/uploads\/2023\/01\/cabildo-abierto-cuernavaca-enero-2023-3-768x512.jpeg 768w, https:\/\/cuernavaca.gob.mx\/wp-content\/uploads\/2023\/01\/cabildo-abierto-cuernavaca-enero-2023-3-1536x1023.jpeg 1536w, https:\/\/cuernavaca.gob.mx\/wp-content\/uploads\/2023\/01\/cabildo-abierto-cuernavaca-enero-2023-3-600x400.jpeg 600w, https:\/\/cuernavaca.gob.mx\/wp-content\/uploads\/2023\/01\/cabildo-abierto-cuernavaca-enero-2023-3-560x373.jpeg 560w, https:\/\/cuernavaca.gob.mx\/wp-content\/uploads\/2023\/01\/cabildo-abierto-cuernavaca-enero-2023-3.jpeg 1600w\" sizes=\"(max-width: 1024px) 100vw, 1024px\" \/><\/figure>\n\n\n\n<figure class=\"wp-block-image size-large\"><img loading=\"lazy\" width=\"1024\" height=\"682\" data-id=\"24504\"  src=\"https:\/\/cuernavaca.gob.mx\/wp-content\/uploads\/2023\/01\/cabildo-abierto-cuernavaca-enero-2023-4-1024x682.jpeg\" alt=\"\" class=\"wp-image-24504\" srcset=\"https:\/\/cuernavaca.gob.mx\/wp-content\/uploads\/2023\/01\/cabildo-abierto-cuernavaca-enero-2023-4-1024x682.jpeg 1024w, https:\/\/cuernavaca.gob.mx\/wp-content\/uploads\/2023\/01\/cabildo-abierto-cuernavaca-enero-2023-4-300x200.jpeg 300w, https:\/\/cuernavaca.gob.mx\/wp-content\/uploads\/2023\/01\/cabildo-abierto-cuernavaca-enero-2023-4-768x512.jpeg 768w, https:\/\/cuernavaca.gob.mx\/wp-content\/uploads\/2023\/01\/cabildo-abierto-cuernavaca-enero-2023-4-1536x1023.jpeg 1536w, https:\/\/cuernavaca.gob.mx\/wp-content\/uploads\/2023\/01\/cabildo-abierto-cuernavaca-enero-2023-4-600x400.jpeg 600w, https:\/\/cuernavaca.gob.mx\/wp-content\/uploads\/2023\/01\/cabildo-abierto-cuernavaca-enero-2023-4-560x373.jpeg 560w, https:\/\/cuernavaca.gob.mx\/wp-content\/uploads\/2023\/01\/cabildo-abierto-cuernavaca-enero-2023-4.jpeg 1600w\" sizes=\"(max-width: 1024px) 100vw, 1024px\" \/><\/figure>\n\n\n\n<figure class=\"wp-block-image size-large\"><img loading=\"lazy\" width=\"1024\" height=\"682\" data-id=\"24503\"  src=\"https:\/\/cuernavaca.gob.mx\/wp-content\/uploads\/2023\/01\/cabildo-abierto-cuernavaca-enero-2023-5-1024x682.jpeg\" alt=\"\" class=\"wp-image-24503\" srcset=\"https:\/\/cuernavaca.gob.mx\/wp-content\/uploads\/2023\/01\/cabildo-abierto-cuernavaca-enero-2023-5-1024x682.jpeg 1024w, https:\/\/cuernavaca.gob.mx\/wp-content\/uploads\/2023\/01\/cabildo-abierto-cuernavaca-enero-2023-5-300x200.jpeg 300w, https:\/\/cuernavaca.gob.mx\/wp-content\/uploads\/2023\/01\/cabildo-abierto-cuernavaca-enero-2023-5-768x512.jpeg 768w, https:\/\/cuernavaca.gob.mx\/wp-content\/uploads\/2023\/01\/cabildo-abierto-cuernavaca-enero-2023-5-1536x1023.jpeg 1536w, https:\/\/cuernavaca.gob.mx\/wp-content\/uploads\/2023\/01\/cabildo-abierto-cuernavaca-enero-2023-5-600x400.jpeg 600w, https:\/\/cuernavaca.gob.mx\/wp-content\/uploads\/2023\/01\/cabildo-abierto-cuernavaca-enero-2023-5-560x373.jpeg 560w, https:\/\/cuernavaca.gob.mx\/wp-content\/uploads\/2023\/01\/cabildo-abierto-cuernavaca-enero-2023-5.jpeg 1600w\" sizes=\"(max-width: 1024px) 100vw, 1024px\" \/><\/figure>\n\n\n\n<figure class=\"wp-block-image size-large\"><img loading=\"lazy\" width=\"1024\" height=\"682\" data-id=\"24511\"  src=\"https:\/\/cuernavaca.gob.mx\/wp-content\/uploads\/2023\/01\/cabildo-abierto-cuernavaca-enero-2023-6-1024x682.jpeg\" alt=\"\" class=\"wp-image-24511\" srcset=\"https:\/\/cuernavaca.gob.mx\/wp-content\/uploads\/2023\/01\/cabildo-abierto-cuernavaca-enero-2023-6-1024x682.jpeg 1024w, https:\/\/cuernavaca.gob.mx\/wp-content\/uploads\/2023\/01\/cabildo-abierto-cuernavaca-enero-2023-6-300x200.jpeg 300w, https:\/\/cuernavaca.gob.mx\/wp-content\/uploads\/2023\/01\/cabildo-abierto-cuernavaca-enero-2023-6-768x512.jpeg 768w, https:\/\/cuernavaca.gob.mx\/wp-content\/uploads\/2023\/01\/cabildo-abierto-cuernavaca-enero-2023-6-1536x1023.jpeg 1536w, https:\/\/cuernavaca.gob.mx\/wp-content\/uploads\/2023\/01\/cabildo-abierto-cuernavaca-enero-2023-6-600x400.jpeg 600w, https:\/\/cuernavaca.gob.mx\/wp-content\/uploads\/2023\/01\/cabildo-abierto-cuernavaca-enero-2023-6-560x373.jpeg 560w, https:\/\/cuernavaca.gob.mx\/wp-content\/uploads\/2023\/01\/cabildo-abierto-cuernavaca-enero-2023-6.jpeg 1600w\" sizes=\"(max-width: 1024px) 100vw, 1024px\" \/><\/figure>\n\n\n\n<figure class=\"wp-block-image size-large\"><img loading=\"lazy\" width=\"1024\" height=\"682\" data-id=\"24514\"  src=\"https:\/\/cuernavaca.gob.mx\/wp-content\/uploads\/2023\/01\/cabildo-abierto-cuernavaca-enero-2023-7-1024x682.jpeg\" alt=\"\" class=\"wp-image-24514\" srcset=\"https:\/\/cuernavaca.gob.mx\/wp-content\/uploads\/2023\/01\/cabildo-abierto-cuernavaca-enero-2023-7-1024x682.jpeg 1024w, https:\/\/cuernavaca.gob.mx\/wp-content\/uploads\/2023\/01\/cabildo-abierto-cuernavaca-enero-2023-7-300x200.jpeg 300w, https:\/\/cuernavaca.gob.mx\/wp-content\/uploads\/2023\/01\/cabildo-abierto-cuernavaca-enero-2023-7-768x512.jpeg 768w, https:\/\/cuernavaca.gob.mx\/wp-content\/uploads\/2023\/01\/cabildo-abierto-cuernavaca-enero-2023-7-1536x1023.jpeg 1536w, https:\/\/cuernavaca.gob.mx\/wp-content\/uploads\/2023\/01\/cabildo-abierto-cuernavaca-enero-2023-7-600x400.jpeg 600w, https:\/\/cuernavaca.gob.mx\/wp-content\/uploads\/2023\/01\/cabildo-abierto-cuernavaca-enero-2023-7-560x373.jpeg 560w, https:\/\/cuernavaca.gob.mx\/wp-content\/uploads\/2023\/01\/cabildo-abierto-cuernavaca-enero-2023-7.jpeg 1600w\" sizes=\"(max-width: 1024px) 100vw, 1024px\" \/><\/figure>\n\n\n\n<figure class=\"wp-block-image size-large\"><img loading=\"lazy\" width=\"1024\" height=\"682\" data-id=\"24507\"  src=\"https:\/\/cuernavaca.gob.mx\/wp-content\/uploads\/2023\/01\/cabildo-abierto-cuernavaca-enero-2023-8-1024x682.jpeg\" alt=\"\" class=\"wp-image-24507\" srcset=\"https:\/\/cuernavaca.gob.mx\/wp-content\/uploads\/2023\/01\/cabildo-abierto-cuernavaca-enero-2023-8-1024x682.jpeg 1024w, https:\/\/cuernavaca.gob.mx\/wp-content\/uploads\/2023\/01\/cabildo-abierto-cuernavaca-enero-2023-8-300x200.jpeg 300w, https:\/\/cuernavaca.gob.mx\/wp-content\/uploads\/2023\/01\/cabildo-abierto-cuernavaca-enero-2023-8-768x512.jpeg 768w, https:\/\/cuernavaca.gob.mx\/wp-content\/uploads\/2023\/01\/cabildo-abierto-cuernavaca-enero-2023-8-1536x1023.jpeg 1536w, https:\/\/cuernavaca.gob.mx\/wp-content\/uploads\/2023\/01\/cabildo-abierto-cuernavaca-enero-2023-8-600x400.jpeg 600w, https:\/\/cuernavaca.gob.mx\/wp-content\/uploads\/2023\/01\/cabildo-abierto-cuernavaca-enero-2023-8-560x373.jpeg 560w, https:\/\/cuernavaca.gob.mx\/wp-content\/uploads\/2023\/01\/cabildo-abierto-cuernavaca-enero-2023-8.jpeg 1600w\" sizes=\"(max-width: 1024px) 100vw, 1024px\" \/><\/figure>\n\n\n\n<figure class=\"wp-block-image size-large\"><img loading=\"lazy\" width=\"1024\" height=\"682\" data-id=\"24505\"  src=\"https:\/\/cuernavaca.gob.mx\/wp-content\/uploads\/2023\/01\/cabildo-abierto-cuernavaca-enero-2023-9-1024x682.jpeg\" alt=\"\" class=\"wp-image-24505\" srcset=\"https:\/\/cuernavaca.gob.mx\/wp-content\/uploads\/2023\/01\/cabildo-abierto-cuernavaca-enero-2023-9-1024x682.jpeg 1024w, https:\/\/cuernavaca.gob.mx\/wp-content\/uploads\/2023\/01\/cabildo-abierto-cuernavaca-enero-2023-9-300x200.jpeg 300w, https:\/\/cuernavaca.gob.mx\/wp-content\/uploads\/2023\/01\/cabildo-abierto-cuernavaca-enero-2023-9-768x512.jpeg 768w, https:\/\/cuernavaca.gob.mx\/wp-content\/uploads\/2023\/01\/cabildo-abierto-cuernavaca-enero-2023-9-1536x1023.jpeg 1536w, https:\/\/cuernavaca.gob.mx\/wp-content\/uploads\/2023\/01\/cabildo-abierto-cuernavaca-enero-2023-9-600x400.jpeg 600w, https:\/\/cuernavaca.gob.mx\/wp-content\/uploads\/2023\/01\/cabildo-abierto-cuernavaca-enero-2023-9-560x373.jpeg 560w, https:\/\/cuernavaca.gob.mx\/wp-content\/uploads\/2023\/01\/cabildo-abierto-cuernavaca-enero-2023-9.jpeg 1600w\" sizes=\"(max-width: 1024px) 100vw, 1024px\" \/><\/figure>\n\n\n\n<figure class=\"wp-block-image size-large\"><img loading=\"lazy\" width=\"1024\" height=\"682\" data-id=\"24510\"  src=\"https:\/\/cuernavaca.gob.mx\/wp-content\/uploads\/2023\/01\/cabildo-abierto-cuernavaca-enero-2023-10-1024x682.jpeg\" alt=\"\" class=\"wp-image-24510\" srcset=\"https:\/\/cuernavaca.gob.mx\/wp-content\/uploads\/2023\/01\/cabildo-abierto-cuernavaca-enero-2023-10-1024x682.jpeg 1024w, https:\/\/cuernavaca.gob.mx\/wp-content\/uploads\/2023\/01\/cabildo-abierto-cuernavaca-enero-2023-10-300x200.jpeg 300w, https:\/\/cuernavaca.gob.mx\/wp-content\/uploads\/2023\/01\/cabildo-abierto-cuernavaca-enero-2023-10-768x512.jpeg 768w, https:\/\/cuernavaca.gob.mx\/wp-content\/uploads\/2023\/01\/cabildo-abierto-cuernavaca-enero-2023-10-1536x1023.jpeg 1536w, https:\/\/cuernavaca.gob.mx\/wp-content\/uploads\/2023\/01\/cabildo-abierto-cuernavaca-enero-2023-10-600x400.jpeg 600w, https:\/\/cuernavaca.gob.mx\/wp-content\/uploads\/2023\/01\/cabildo-abierto-cuernavaca-enero-2023-10-560x373.jpeg 560w, https:\/\/cuernavaca.gob.mx\/wp-content\/uploads\/2023\/01\/cabildo-abierto-cuernavaca-enero-2023-10.jpeg 1600w\" sizes=\"(max-width: 1024px) 100vw, 1024px\" \/><\/figure>\n\n\n\n<figure class=\"wp-block-image size-large\"><img loading=\"lazy\" width=\"1024\" height=\"682\" data-id=\"24497\"  src=\"https:\/\/cuernavaca.gob.mx\/wp-content\/uploads\/2023\/01\/cabildo-abierto-cuernavaca-enero-2023-11-1024x682.jpeg\" alt=\"\" class=\"wp-image-24497\" srcset=\"https:\/\/cuernavaca.gob.mx\/wp-content\/uploads\/2023\/01\/cabildo-abierto-cuernavaca-enero-2023-11-1024x682.jpeg 1024w, https:\/\/cuernavaca.gob.mx\/wp-content\/uploads\/2023\/01\/cabildo-abierto-cuernavaca-enero-2023-11-300x200.jpeg 300w, https:\/\/cuernavaca.gob.mx\/wp-content\/uploads\/2023\/01\/cabildo-abierto-cuernavaca-enero-2023-11-768x512.jpeg 768w, https:\/\/cuernavaca.gob.mx\/wp-content\/uploads\/2023\/01\/cabildo-abierto-cuernavaca-enero-2023-11-1536x1023.jpeg 1536w, https:\/\/cuernavaca.gob.mx\/wp-content\/uploads\/2023\/01\/cabildo-abierto-cuernavaca-enero-2023-11-600x400.jpeg 600w, https:\/\/cuernavaca.gob.mx\/wp-content\/uploads\/2023\/01\/cabildo-abierto-cuernavaca-enero-2023-11-560x373.jpeg 560w, https:\/\/cuernavaca.gob.mx\/wp-content\/uploads\/2023\/01\/cabildo-abierto-cuernavaca-enero-2023-11.jpeg 1600w\" sizes=\"(max-width: 1024px) 100vw, 1024px\" \/><\/figure>\n\n\n\n<figure class=\"wp-block-image size-large\"><img loading=\"lazy\" width=\"1024\" height=\"682\" data-id=\"24512\"  src=\"https:\/\/cuernavaca.gob.mx\/wp-content\/uploads\/2023\/01\/cabildo-abierto-cuernavaca-enero-2023-12-1024x682.jpeg\" alt=\"\" class=\"wp-image-24512\" srcset=\"https:\/\/cuernavaca.gob.mx\/wp-content\/uploads\/2023\/01\/cabildo-abierto-cuernavaca-enero-2023-12-1024x682.jpeg 1024w, https:\/\/cuernavaca.gob.mx\/wp-content\/uploads\/2023\/01\/cabildo-abierto-cuernavaca-enero-2023-12-300x200.jpeg 300w, https:\/\/cuernavaca.gob.mx\/wp-content\/uploads\/2023\/01\/cabildo-abierto-cuernavaca-enero-2023-12-768x512.jpeg 768w, https:\/\/cuernavaca.gob.mx\/wp-content\/uploads\/2023\/01\/cabildo-abierto-cuernavaca-enero-2023-12-1536x1023.jpeg 1536w, https:\/\/cuernavaca.gob.mx\/wp-content\/uploads\/2023\/01\/cabildo-abierto-cuernavaca-enero-2023-12-600x400.jpeg 600w, https:\/\/cuernavaca.gob.mx\/wp-content\/uploads\/2023\/01\/cabildo-abierto-cuernavaca-enero-2023-12-560x373.jpeg 560w, https:\/\/cuernavaca.gob.mx\/wp-content\/uploads\/2023\/01\/cabildo-abierto-cuernavaca-enero-2023-12.jpeg 1600w\" sizes=\"(max-width: 1024px) 100vw, 1024px\" \/><\/figure>\n\n\n\n<figure class=\"wp-block-image size-large\"><img loading=\"lazy\" width=\"1024\" height=\"682\" data-id=\"24521\"  src=\"https:\/\/cuernavaca.gob.mx\/wp-content\/uploads\/2023\/01\/cabildo-abierto-cuernavaca-enero-2023-13-1024x682.jpeg\" alt=\"\" class=\"wp-image-24521\" srcset=\"https:\/\/cuernavaca.gob.mx\/wp-content\/uploads\/2023\/01\/cabildo-abierto-cuernavaca-enero-2023-13-1024x682.jpeg 1024w, https:\/\/cuernavaca.gob.mx\/wp-content\/uploads\/2023\/01\/cabildo-abierto-cuernavaca-enero-2023-13-300x200.jpeg 300w, https:\/\/cuernavaca.gob.mx\/wp-content\/uploads\/2023\/01\/cabildo-abierto-cuernavaca-enero-2023-13-768x512.jpeg 768w, https:\/\/cuernavaca.gob.mx\/wp-content\/uploads\/2023\/01\/cabildo-abierto-cuernavaca-enero-2023-13-1536x1023.jpeg 1536w, https:\/\/cuernavaca.gob.mx\/wp-content\/uploads\/2023\/01\/cabildo-abierto-cuernavaca-enero-2023-13-600x400.jpeg 600w, https:\/\/cuernavaca.gob.mx\/wp-content\/uploads\/2023\/01\/cabildo-abierto-cuernavaca-enero-2023-13-560x373.jpeg 560w, https:\/\/cuernavaca.gob.mx\/wp-content\/uploads\/2023\/01\/cabildo-abierto-cuernavaca-enero-2023-13.jpeg 1600w\" sizes=\"(max-width: 1024px) 100vw, 1024px\" \/><\/figure>\n\n\n\n<figure class=\"wp-block-image size-large\"><img loading=\"lazy\" width=\"1024\" height=\"822\" data-id=\"24524\"  src=\"https:\/\/cuernavaca.gob.mx\/wp-content\/uploads\/2023\/01\/cabildo-abierto-cuernavaca-enero-2023-14-1024x822.jpeg\" alt=\"\" class=\"wp-image-24524\" srcset=\"https:\/\/cuernavaca.gob.mx\/wp-content\/uploads\/2023\/01\/cabildo-abierto-cuernavaca-enero-2023-14-1024x822.jpeg 1024w, https:\/\/cuernavaca.gob.mx\/wp-content\/uploads\/2023\/01\/cabildo-abierto-cuernavaca-enero-2023-14-300x241.jpeg 300w, https:\/\/cuernavaca.gob.mx\/wp-content\/uploads\/2023\/01\/cabildo-abierto-cuernavaca-enero-2023-14-768x617.jpeg 768w, https:\/\/cuernavaca.gob.mx\/wp-content\/uploads\/2023\/01\/cabildo-abierto-cuernavaca-enero-2023-14-1536x1234.jpeg 1536w, https:\/\/cuernavaca.gob.mx\/wp-content\/uploads\/2023\/01\/cabildo-abierto-cuernavaca-enero-2023-14-600x482.jpeg 600w, https:\/\/cuernavaca.gob.mx\/wp-content\/uploads\/2023\/01\/cabildo-abierto-cuernavaca-enero-2023-14-560x450.jpeg 560w, https:\/\/cuernavaca.gob.mx\/wp-content\/uploads\/2023\/01\/cabildo-abierto-cuernavaca-enero-2023-14.jpeg 1600w\" sizes=\"(max-width: 1024px) 100vw, 1024px\" \/><\/figure>\n\n\n\n<figure class=\"wp-block-image size-large\"><img loading=\"lazy\" width=\"1024\" height=\"682\" data-id=\"24519\"  src=\"https:\/\/cuernavaca.gob.mx\/wp-content\/uploads\/2023\/01\/cabildo-abierto-cuernavaca-enero-2023-15-1024x682.jpeg\" alt=\"\" class=\"wp-image-24519\" srcset=\"https:\/\/cuernavaca.gob.mx\/wp-content\/uploads\/2023\/01\/cabildo-abierto-cuernavaca-enero-2023-15-1024x682.jpeg 1024w, https:\/\/cuernavaca.gob.mx\/wp-content\/uploads\/2023\/01\/cabildo-abierto-cuernavaca-enero-2023-15-300x200.jpeg 300w, https:\/\/cuernavaca.gob.mx\/wp-content\/uploads\/2023\/01\/cabildo-abierto-cuernavaca-enero-2023-15-768x512.jpeg 768w, https:\/\/cuernavaca.gob.mx\/wp-content\/uploads\/2023\/01\/cabildo-abierto-cuernavaca-enero-2023-15-1536x1023.jpeg 1536w, https:\/\/cuernavaca.gob.mx\/wp-content\/uploads\/2023\/01\/cabildo-abierto-cuernavaca-enero-2023-15-600x400.jpeg 600w, https:\/\/cuernavaca.gob.mx\/wp-content\/uploads\/2023\/01\/cabildo-abierto-cuernavaca-enero-2023-15-560x373.jpeg 560w, https:\/\/cuernavaca.gob.mx\/wp-content\/uploads\/2023\/01\/cabildo-abierto-cuernavaca-enero-2023-15.jpeg 1600w\" sizes=\"(max-width: 1024px) 100vw, 1024px\" \/><\/figure>\n\n\n\n<figure class=\"wp-block-image size-large\"><img loading=\"lazy\" width=\"1024\" height=\"682\" data-id=\"24523\"  src=\"https:\/\/cuernavaca.gob.mx\/wp-content\/uploads\/2023\/01\/cabildo-abierto-cuernavaca-enero-2023-16-1024x682.jpeg\" alt=\"\" class=\"wp-image-24523\" srcset=\"https:\/\/cuernavaca.gob.mx\/wp-content\/uploads\/2023\/01\/cabildo-abierto-cuernavaca-enero-2023-16-1024x682.jpeg 1024w, https:\/\/cuernavaca.gob.mx\/wp-content\/uploads\/2023\/01\/cabildo-abierto-cuernavaca-enero-2023-16-300x200.jpeg 300w, https:\/\/cuernavaca.gob.mx\/wp-content\/uploads\/2023\/01\/cabildo-abierto-cuernavaca-enero-2023-16-768x512.jpeg 768w, https:\/\/cuernavaca.gob.mx\/wp-content\/uploads\/2023\/01\/cabildo-abierto-cuernavaca-enero-2023-16-1536x1023.jpeg 1536w, https:\/\/cuernavaca.gob.mx\/wp-content\/uploads\/2023\/01\/cabildo-abierto-cuernavaca-enero-2023-16-600x400.jpeg 600w, https:\/\/cuernavaca.gob.mx\/wp-content\/uploads\/2023\/01\/cabildo-abierto-cuernavaca-enero-2023-16-560x373.jpeg 560w, https:\/\/cuernavaca.gob.mx\/wp-content\/uploads\/2023\/01\/cabildo-abierto-cuernavaca-enero-2023-16.jpeg 1600w\" sizes=\"(max-width: 1024px) 100vw, 1024px\" \/><\/figure>\n\n\n\n<figure class=\"wp-block-image size-large\"><img loading=\"lazy\" width=\"1024\" height=\"682\" data-id=\"24520\"  src=\"https:\/\/cuernavaca.gob.mx\/wp-content\/uploads\/2023\/01\/cabildo-abierto-cuernavaca-enero-2023-17-1024x682.jpeg\" alt=\"\" class=\"wp-image-24520\" srcset=\"https:\/\/cuernavaca.gob.mx\/wp-content\/uploads\/2023\/01\/cabildo-abierto-cuernavaca-enero-2023-17-1024x682.jpeg 1024w, https:\/\/cuernavaca.gob.mx\/wp-content\/uploads\/2023\/01\/cabildo-abierto-cuernavaca-enero-2023-17-300x200.jpeg 300w, https:\/\/cuernavaca.gob.mx\/wp-content\/uploads\/2023\/01\/cabildo-abierto-cuernavaca-enero-2023-17-768x512.jpeg 768w, https:\/\/cuernavaca.gob.mx\/wp-content\/uploads\/2023\/01\/cabildo-abierto-cuernavaca-enero-2023-17-1536x1023.jpeg 1536w, https:\/\/cuernavaca.gob.mx\/wp-content\/uploads\/2023\/01\/cabildo-abierto-cuernavaca-enero-2023-17-600x400.jpeg 600w, https:\/\/cuernavaca.gob.mx\/wp-content\/uploads\/2023\/01\/cabildo-abierto-cuernavaca-enero-2023-17-560x373.jpeg 560w, https:\/\/cuernavaca.gob.mx\/wp-content\/uploads\/2023\/01\/cabildo-abierto-cuernavaca-enero-2023-17.jpeg 1600w\" sizes=\"(max-width: 1024px) 100vw, 1024px\" \/><\/figure>\n\n\n\n<figure class=\"wp-block-image size-large\"><img loading=\"lazy\" width=\"1024\" height=\"682\" data-id=\"24513\"  src=\"https:\/\/cuernavaca.gob.mx\/wp-content\/uploads\/2023\/01\/cabildo-abierto-cuernavaca-enero-2023-18-1024x682.jpeg\" alt=\"\" class=\"wp-image-24513\" srcset=\"https:\/\/cuernavaca.gob.mx\/wp-content\/uploads\/2023\/01\/cabildo-abierto-cuernavaca-enero-2023-18-1024x682.jpeg 1024w, https:\/\/cuernavaca.gob.mx\/wp-content\/uploads\/2023\/01\/cabildo-abierto-cuernavaca-enero-2023-18-300x200.jpeg 300w, https:\/\/cuernavaca.gob.mx\/wp-content\/uploads\/2023\/01\/cabildo-abierto-cuernavaca-enero-2023-18-768x512.jpeg 768w, https:\/\/cuernavaca.gob.mx\/wp-content\/uploads\/2023\/01\/cabildo-abierto-cuernavaca-enero-2023-18-1536x1023.jpeg 1536w, https:\/\/cuernavaca.gob.mx\/wp-content\/uploads\/2023\/01\/cabildo-abierto-cuernavaca-enero-2023-18-600x400.jpeg 600w, https:\/\/cuernavaca.gob.mx\/wp-content\/uploads\/2023\/01\/cabildo-abierto-cuernavaca-enero-2023-18-560x373.jpeg 560w, https:\/\/cuernavaca.gob.mx\/wp-content\/uploads\/2023\/01\/cabildo-abierto-cuernavaca-enero-2023-18.jpeg 1600w\" sizes=\"(max-width: 1024px) 100vw, 1024px\" \/><\/figure>\n\n\n\n<figure class=\"wp-block-image size-large\"><img loading=\"lazy\" width=\"1024\" height=\"682\" data-id=\"24500\"  src=\"https:\/\/cuernavaca.gob.mx\/wp-content\/uploads\/2023\/01\/cabildo-abierto-cuernavaca-enero-2023-19-1024x682.jpeg\" alt=\"\" class=\"wp-image-24500\" srcset=\"https:\/\/cuernavaca.gob.mx\/wp-content\/uploads\/2023\/01\/cabildo-abierto-cuernavaca-enero-2023-19-1024x682.jpeg 1024w, https:\/\/cuernavaca.gob.mx\/wp-content\/uploads\/2023\/01\/cabildo-abierto-cuernavaca-enero-2023-19-300x200.jpeg 300w, https:\/\/cuernavaca.gob.mx\/wp-content\/uploads\/2023\/01\/cabildo-abierto-cuernavaca-enero-2023-19-768x512.jpeg 768w, https:\/\/cuernavaca.gob.mx\/wp-content\/uploads\/2023\/01\/cabildo-abierto-cuernavaca-enero-2023-19-1536x1023.jpeg 1536w, https:\/\/cuernavaca.gob.mx\/wp-content\/uploads\/2023\/01\/cabildo-abierto-cuernavaca-enero-2023-19-600x400.jpeg 600w, https:\/\/cuernavaca.gob.mx\/wp-content\/uploads\/2023\/01\/cabildo-abierto-cuernavaca-enero-2023-19-560x373.jpeg 560w, https:\/\/cuernavaca.gob.mx\/wp-content\/uploads\/2023\/01\/cabildo-abierto-cuernavaca-enero-2023-19.jpeg 1600w\" sizes=\"(max-width: 1024px) 100vw, 1024px\" \/><\/figure>\n\n\n\n<figure class=\"wp-block-image size-large\"><img loading=\"lazy\" width=\"1024\" height=\"682\" data-id=\"24522\"  src=\"https:\/\/cuernavaca.gob.mx\/wp-content\/uploads\/2023\/01\/cabildo-abierto-cuernavaca-enero-2023-20-1024x682.jpeg\" alt=\"\" class=\"wp-image-24522\" srcset=\"https:\/\/cuernavaca.gob.mx\/wp-content\/uploads\/2023\/01\/cabildo-abierto-cuernavaca-enero-2023-20-1024x682.jpeg 1024w, https:\/\/cuernavaca.gob.mx\/wp-content\/uploads\/2023\/01\/cabildo-abierto-cuernavaca-enero-2023-20-300x200.jpeg 300w, https:\/\/cuernavaca.gob.mx\/wp-content\/uploads\/2023\/01\/cabildo-abierto-cuernavaca-enero-2023-20-768x512.jpeg 768w, https:\/\/cuernavaca.gob.mx\/wp-content\/uploads\/2023\/01\/cabildo-abierto-cuernavaca-enero-2023-20-1536x1023.jpeg 1536w, https:\/\/cuernavaca.gob.mx\/wp-content\/uploads\/2023\/01\/cabildo-abierto-cuernavaca-enero-2023-20-600x400.jpeg 600w, https:\/\/cuernavaca.gob.mx\/wp-content\/uploads\/2023\/01\/cabildo-abierto-cuernavaca-enero-2023-20-560x373.jpeg 560w, https:\/\/cuernavaca.gob.mx\/wp-content\/uploads\/2023\/01\/cabildo-abierto-cuernavaca-enero-2023-20.jpeg 1600w\" sizes=\"(max-width: 1024px) 100vw, 1024px\" \/><\/figure>\n\n\n\n<figure class=\"wp-block-image size-large\"><img loading=\"lazy\" width=\"1024\" height=\"682\" data-id=\"24509\"  src=\"https:\/\/cuernavaca.gob.mx\/wp-content\/uploads\/2023\/01\/cabildo-abierto-cuernavaca-enero-2023-21-1024x682.jpeg\" alt=\"\" class=\"wp-image-24509\" srcset=\"https:\/\/cuernavaca.gob.mx\/wp-content\/uploads\/2023\/01\/cabildo-abierto-cuernavaca-enero-2023-21-1024x682.jpeg 1024w, https:\/\/cuernavaca.gob.mx\/wp-content\/uploads\/2023\/01\/cabildo-abierto-cuernavaca-enero-2023-21-300x200.jpeg 300w, https:\/\/cuernavaca.gob.mx\/wp-content\/uploads\/2023\/01\/cabildo-abierto-cuernavaca-enero-2023-21-768x512.jpeg 768w, https:\/\/cuernavaca.gob.mx\/wp-content\/uploads\/2023\/01\/cabildo-abierto-cuernavaca-enero-2023-21-1536x1023.jpeg 1536w, https:\/\/cuernavaca.gob.mx\/wp-content\/uploads\/2023\/01\/cabildo-abierto-cuernavaca-enero-2023-21-600x400.jpeg 600w, https:\/\/cuernavaca.gob.mx\/wp-content\/uploads\/2023\/01\/cabildo-abierto-cuernavaca-enero-2023-21-560x373.jpeg 560w, https:\/\/cuernavaca.gob.mx\/wp-content\/uploads\/2023\/01\/cabildo-abierto-cuernavaca-enero-2023-21.jpeg 1600w\" sizes=\"(max-width: 1024px) 100vw, 1024px\" \/><\/figure>\n\n\n\n<figure class=\"wp-block-image size-large\"><img loading=\"lazy\" width=\"1024\" height=\"682\" data-id=\"24515\"  src=\"https:\/\/cuernavaca.gob.mx\/wp-content\/uploads\/2023\/01\/cabildo-abierto-cuernavaca-enero-2023-22-1024x682.jpeg\" alt=\"\" class=\"wp-image-24515\" srcset=\"https:\/\/cuernavaca.gob.mx\/wp-content\/uploads\/2023\/01\/cabildo-abierto-cuernavaca-enero-2023-22-1024x682.jpeg 1024w, https:\/\/cuernavaca.gob.mx\/wp-content\/uploads\/2023\/01\/cabildo-abierto-cuernavaca-enero-2023-22-300x200.jpeg 300w, https:\/\/cuernavaca.gob.mx\/wp-content\/uploads\/2023\/01\/cabildo-abierto-cuernavaca-enero-2023-22-768x512.jpeg 768w, https:\/\/cuernavaca.gob.mx\/wp-content\/uploads\/2023\/01\/cabildo-abierto-cuernavaca-enero-2023-22-1536x1023.jpeg 1536w, https:\/\/cuernavaca.gob.mx\/wp-content\/uploads\/2023\/01\/cabildo-abierto-cuernavaca-enero-2023-22-600x400.jpeg 600w, https:\/\/cuernavaca.gob.mx\/wp-content\/uploads\/2023\/01\/cabildo-abierto-cuernavaca-enero-2023-22-560x373.jpeg 560w, https:\/\/cuernavaca.gob.mx\/wp-content\/uploads\/2023\/01\/cabildo-abierto-cuernavaca-enero-2023-22.jpeg 1600w\" sizes=\"(max-width: 1024px) 100vw, 1024px\" \/><\/figure>\n\n\n\n<figure class=\"wp-block-image size-large\"><img loading=\"lazy\" width=\"1024\" height=\"682\" data-id=\"24516\"  src=\"https:\/\/cuernavaca.gob.mx\/wp-content\/uploads\/2023\/01\/cabildo-abierto-cuernavaca-enero-2023-23-1024x682.jpeg\" alt=\"\" class=\"wp-image-24516\" srcset=\"https:\/\/cuernavaca.gob.mx\/wp-content\/uploads\/2023\/01\/cabildo-abierto-cuernavaca-enero-2023-23-1024x682.jpeg 1024w, https:\/\/cuernavaca.gob.mx\/wp-content\/uploads\/2023\/01\/cabildo-abierto-cuernavaca-enero-2023-23-300x200.jpeg 300w, https:\/\/cuernavaca.gob.mx\/wp-content\/uploads\/2023\/01\/cabildo-abierto-cuernavaca-enero-2023-23-768x512.jpeg 768w, https:\/\/cuernavaca.gob.mx\/wp-content\/uploads\/2023\/01\/cabildo-abierto-cuernavaca-enero-2023-23-1536x1023.jpeg 1536w, https:\/\/cuernavaca.gob.mx\/wp-content\/uploads\/2023\/01\/cabildo-abierto-cuernavaca-enero-2023-23-600x400.jpeg 600w, https:\/\/cuernavaca.gob.mx\/wp-content\/uploads\/2023\/01\/cabildo-abierto-cuernavaca-enero-2023-23-560x373.jpeg 560w, https:\/\/cuernavaca.gob.mx\/wp-content\/uploads\/2023\/01\/cabildo-abierto-cuernavaca-enero-2023-23.jpeg 1600w\" sizes=\"(max-width: 1024px) 100vw, 1024px\" \/><\/figure>\n\n\n\n<figure class=\"wp-block-image size-large\"><img loading=\"lazy\" width=\"1024\" height=\"682\" data-id=\"24508\"  src=\"https:\/\/cuernavaca.gob.mx\/wp-content\/uploads\/2023\/01\/cabildo-abierto-cuernavaca-enero-2023-24-1024x682.jpeg\" alt=\"\" class=\"wp-image-24508\" srcset=\"https:\/\/cuernavaca.gob.mx\/wp-content\/uploads\/2023\/01\/cabildo-abierto-cuernavaca-enero-2023-24-1024x682.jpeg 1024w, https:\/\/cuernavaca.gob.mx\/wp-content\/uploads\/2023\/01\/cabildo-abierto-cuernavaca-enero-2023-24-300x200.jpeg 300w, https:\/\/cuernavaca.gob.mx\/wp-content\/uploads\/2023\/01\/cabildo-abierto-cuernavaca-enero-2023-24-768x512.jpeg 768w, https:\/\/cuernavaca.gob.mx\/wp-content\/uploads\/2023\/01\/cabildo-abierto-cuernavaca-enero-2023-24-1536x1023.jpeg 1536w, https:\/\/cuernavaca.gob.mx\/wp-content\/uploads\/2023\/01\/cabildo-abierto-cuernavaca-enero-2023-24-600x400.jpeg 600w, https:\/\/cuernavaca.gob.mx\/wp-content\/uploads\/2023\/01\/cabildo-abierto-cuernavaca-enero-2023-24-560x373.jpeg 560w, https:\/\/cuernavaca.gob.mx\/wp-content\/uploads\/2023\/01\/cabildo-abierto-cuernavaca-enero-2023-24.jpeg 1600w\" sizes=\"(max-width: 1024px) 100vw, 1024px\" \/><\/figure>\n\n\n\n<figure class=\"wp-block-image size-large\"><img loading=\"lazy\" width=\"1024\" height=\"682\" data-id=\"24499\"  src=\"https:\/\/cuernavaca.gob.mx\/wp-content\/uploads\/2023\/01\/cabildo-abierto-cuernavaca-enero-2023-25-1024x682.jpeg\" alt=\"\" class=\"wp-image-24499\" srcset=\"https:\/\/cuernavaca.gob.mx\/wp-content\/uploads\/2023\/01\/cabildo-abierto-cuernavaca-enero-2023-25-1024x682.jpeg 1024w, https:\/\/cuernavaca.gob.mx\/wp-content\/uploads\/2023\/01\/cabildo-abierto-cuernavaca-enero-2023-25-300x200.jpeg 300w, https:\/\/cuernavaca.gob.mx\/wp-content\/uploads\/2023\/01\/cabildo-abierto-cuernavaca-enero-2023-25-768x512.jpeg 768w, https:\/\/cuernavaca.gob.mx\/wp-content\/uploads\/2023\/01\/cabildo-abierto-cuernavaca-enero-2023-25-1536x1023.jpeg 1536w, https:\/\/cuernavaca.gob.mx\/wp-content\/uploads\/2023\/01\/cabildo-abierto-cuernavaca-enero-2023-25-600x400.jpeg 600w, https:\/\/cuernavaca.gob.mx\/wp-content\/uploads\/2023\/01\/cabildo-abierto-cuernavaca-enero-2023-25-560x373.jpeg 560w, https:\/\/cuernavaca.gob.mx\/wp-content\/uploads\/2023\/01\/cabildo-abierto-cuernavaca-enero-2023-25.jpeg 1600w\" sizes=\"(max-width: 1024px) 100vw, 1024px\" \/><\/figure>\n\n\n\n<figure class=\"wp-block-image size-large\"><img loading=\"lazy\" width=\"1024\" height=\"682\" data-id=\"24506\"  src=\"https:\/\/cuernavaca.gob.mx\/wp-content\/uploads\/2023\/01\/cabildo-abierto-cuernavaca-enero-2023-26-1024x682.jpeg\" alt=\"\" class=\"wp-image-24506\" srcset=\"https:\/\/cuernavaca.gob.mx\/wp-content\/uploads\/2023\/01\/cabildo-abierto-cuernavaca-enero-2023-26-1024x682.jpeg 1024w, https:\/\/cuernavaca.gob.mx\/wp-content\/uploads\/2023\/01\/cabildo-abierto-cuernavaca-enero-2023-26-300x200.jpeg 300w, https:\/\/cuernavaca.gob.mx\/wp-content\/uploads\/2023\/01\/cabildo-abierto-cuernavaca-enero-2023-26-768x512.jpeg 768w, https:\/\/cuernavaca.gob.mx\/wp-content\/uploads\/2023\/01\/cabildo-abierto-cuernavaca-enero-2023-26-1536x1023.jpeg 1536w, https:\/\/cuernavaca.gob.mx\/wp-content\/uploads\/2023\/01\/cabildo-abierto-cuernavaca-enero-2023-26-600x400.jpeg 600w, https:\/\/cuernavaca.gob.mx\/wp-content\/uploads\/2023\/01\/cabildo-abierto-cuernavaca-enero-2023-26-560x373.jpeg 560w, https:\/\/cuernavaca.gob.mx\/wp-content\/uploads\/2023\/01\/cabildo-abierto-cuernavaca-enero-2023-26.jpeg 1600w\" sizes=\"(max-width: 1024px) 100vw, 1024px\" \/><\/figure>\n\n\n\n<figure class=\"wp-block-image size-large\"><img loading=\"lazy\" width=\"1024\" height=\"682\" data-id=\"24518\"  src=\"https:\/\/cuernavaca.gob.mx\/wp-content\/uploads\/2023\/01\/cabildo-abierto-cuernavaca-enero-2023-27-1024x682.jpeg\" alt=\"\" class=\"wp-image-24518\" srcset=\"https:\/\/cuernavaca.gob.mx\/wp-content\/uploads\/2023\/01\/cabildo-abierto-cuernavaca-enero-2023-27-1024x682.jpeg 1024w, https:\/\/cuernavaca.gob.mx\/wp-content\/uploads\/2023\/01\/cabildo-abierto-cuernavaca-enero-2023-27-300x200.jpeg 300w, https:\/\/cuernavaca.gob.mx\/wp-content\/uploads\/2023\/01\/cabildo-abierto-cuernavaca-enero-2023-27-768x512.jpeg 768w, https:\/\/cuernavaca.gob.mx\/wp-content\/uploads\/2023\/01\/cabildo-abierto-cuernavaca-enero-2023-27-1536x1023.jpeg 1536w, https:\/\/cuernavaca.gob.mx\/wp-content\/uploads\/2023\/01\/cabildo-abierto-cuernavaca-enero-2023-27-600x400.jpeg 600w, https:\/\/cuernavaca.gob.mx\/wp-content\/uploads\/2023\/01\/cabildo-abierto-cuernavaca-enero-2023-27-560x373.jpeg 560w, https:\/\/cuernavaca.gob.mx\/wp-content\/uploads\/2023\/01\/cabildo-abierto-cuernavaca-enero-2023-27.jpeg 1600w\" sizes=\"(max-width: 1024px) 100vw, 1024px\" \/><\/figure>\n\n\n\n<figure class=\"wp-block-image size-large\"><img loading=\"lazy\" width=\"1024\" height=\"682\" data-id=\"24498\"  src=\"https:\/\/cuernavaca.gob.mx\/wp-content\/uploads\/2023\/01\/cabildo-abierto-cuernavaca-enero-2023-28-1024x682.jpeg\" alt=\"\" class=\"wp-image-24498\" srcset=\"https:\/\/cuernavaca.gob.mx\/wp-content\/uploads\/2023\/01\/cabildo-abierto-cuernavaca-enero-2023-28-1024x682.jpeg 1024w, https:\/\/cuernavaca.gob.mx\/wp-content\/uploads\/2023\/01\/cabildo-abierto-cuernavaca-enero-2023-28-300x200.jpeg 300w, https:\/\/cuernavaca.gob.mx\/wp-content\/uploads\/2023\/01\/cabildo-abierto-cuernavaca-enero-2023-28-768x512.jpeg 768w, https:\/\/cuernavaca.gob.mx\/wp-content\/uploads\/2023\/01\/cabildo-abierto-cuernavaca-enero-2023-28-1536x1023.jpeg 1536w, https:\/\/cuernavaca.gob.mx\/wp-content\/uploads\/2023\/01\/cabildo-abierto-cuernavaca-enero-2023-28-600x400.jpeg 600w, https:\/\/cuernavaca.gob.mx\/wp-content\/uploads\/2023\/01\/cabildo-abierto-cuernavaca-enero-2023-28-560x373.jpeg 560w, https:\/\/cuernavaca.gob.mx\/wp-content\/uploads\/2023\/01\/cabildo-abierto-cuernavaca-enero-2023-28.jpeg 1600w\" sizes=\"(max-width: 1024px) 100vw, 1024px\" \/><\/figure>\n\n\n\n<figure class=\"wp-block-image size-large\"><img loading=\"lazy\" width=\"1024\" height=\"682\" data-id=\"24501\"  src=\"https:\/\/cuernavaca.gob.mx\/wp-content\/uploads\/2023\/01\/cabildo-abierto-cuernavaca-enero-2023-29-1024x682.jpeg\" alt=\"\" class=\"wp-image-24501\" srcset=\"https:\/\/cuernavaca.gob.mx\/wp-content\/uploads\/2023\/01\/cabildo-abierto-cuernavaca-enero-2023-29-1024x682.jpeg 1024w, https:\/\/cuernavaca.gob.mx\/wp-content\/uploads\/2023\/01\/cabildo-abierto-cuernavaca-enero-2023-29-300x200.jpeg 300w, https:\/\/cuernavaca.gob.mx\/wp-content\/uploads\/2023\/01\/cabildo-abierto-cuernavaca-enero-2023-29-768x512.jpeg 768w, https:\/\/cuernavaca.gob.mx\/wp-content\/uploads\/2023\/01\/cabildo-abierto-cuernavaca-enero-2023-29-1536x1023.jpeg 1536w, https:\/\/cuernavaca.gob.mx\/wp-content\/uploads\/2023\/01\/cabildo-abierto-cuernavaca-enero-2023-29-600x400.jpeg 600w, https:\/\/cuernavaca.gob.mx\/wp-content\/uploads\/2023\/01\/cabildo-abierto-cuernavaca-enero-2023-29-560x373.jpeg 560w, https:\/\/cuernavaca.gob.mx\/wp-content\/uploads\/2023\/01\/cabildo-abierto-cuernavaca-enero-2023-29.jpeg 1600w\" sizes=\"(max-width: 1024px) 100vw, 1024px\" \/><\/figure>\n\n\n\n<figure class=\"wp-block-image size-large\"><img loading=\"lazy\" width=\"1024\" height=\"682\" data-id=\"24517\"  src=\"https:\/\/cuernavaca.gob.mx\/wp-content\/uploads\/2023\/01\/cabildo-abierto-cuernavaca-enero-2023-30-1024x682.jpeg\" alt=\"\" class=\"wp-image-24517\" srcset=\"https:\/\/cuernavaca.gob.mx\/wp-content\/uploads\/2023\/01\/cabildo-abierto-cuernavaca-enero-2023-30-1024x682.jpeg 1024w, https:\/\/cuernavaca.gob.mx\/wp-content\/uploads\/2023\/01\/cabildo-abierto-cuernavaca-enero-2023-30-300x200.jpeg 300w, https:\/\/cuernavaca.gob.mx\/wp-content\/uploads\/2023\/01\/cabildo-abierto-cuernavaca-enero-2023-30-768x512.jpeg 768w, https:\/\/cuernavaca.gob.mx\/wp-content\/uploads\/2023\/01\/cabildo-abierto-cuernavaca-enero-2023-30-1536x1023.jpeg 1536w, https:\/\/cuernavaca.gob.mx\/wp-content\/uploads\/2023\/01\/cabildo-abierto-cuernavaca-enero-2023-30-600x400.jpeg 600w, https:\/\/cuernavaca.gob.mx\/wp-content\/uploads\/2023\/01\/cabildo-abierto-cuernavaca-enero-2023-30-560x373.jpeg 560w, https:\/\/cuernavaca.gob.mx\/wp-content\/uploads\/2023\/01\/cabildo-abierto-cuernavaca-enero-2023-30.jpeg 1600w\" sizes=\"(max-width: 1024px) 100vw, 1024px\" \/><\/figure>\n<\/figure>\n","protected":false},"excerpt":{"rendered":"<p>\u2022 En la primera sesi\u00f3n de Cabildo Abierto del 2023, el presidente municipal, Jos\u00e9 Luis Uri\u00f3stegui, asever\u00f3 que este a\u00f1o la administraci\u00f3n municipal inicio con una renovada sinergia gracias al esfuerzo de austeridad, control financiero y canalizaci\u00f3n de recursos \u201cEste a\u00f1o la administraci\u00f3n municipal de Cuernavaca inicio con una renovada sinergia gracias al esfuerzo de [&hellip;]<\/p>\n","protected":false},"author":1,"featured_media":24498,"comment_status":"closed","ping_status":"open","sticky":false,"template":"","format":"standard","meta":[],"categories":[20],"tags":[158,988,121,1929,120,206,383],"aioseo_notices":[],"_links":{"self":[{"href":"https:\/\/cuernavaca.gob.mx\/index.php?rest_route=\/wp\/v2\/posts\/24494"}],"collection":[{"href":"https:\/\/cuernavaca.gob.mx\/index.php?rest_route=\/wp\/v2\/posts"}],"about":[{"href":"https:\/\/cuernavaca.gob.mx\/index.php?rest_route=\/wp\/v2\/types\/post"}],"author":[{"embeddable":true,"href":"https:\/\/cuernavaca.gob.mx\/index.php?rest_route=\/wp\/v2\/users\/1"}],"replies":[{"embeddable":true,"href":"https:\/\/cuernavaca.gob.mx\/index.php?rest_route=%2Fwp%2Fv2%2Fcomments&post=24494"}],"version-history":[{"count":1,"href":"https:\/\/cuernavaca.gob.mx\/index.php?rest_route=\/wp\/v2\/posts\/24494\/revisions"}],"predecessor-version":[{"id":24525,"href":"https:\/\/cuernavaca.gob.mx\/index.php?rest_route=\/wp\/v2\/posts\/24494\/revisions\/24525"}],"wp:featuredmedia":[{"embeddable":true,"href":"https:\/\/cuernavaca.gob.mx\/index.php?rest_route=\/wp\/v2\/media\/24498"}],"wp:attachment":[{"href":"https:\/\/cuernavaca.gob.mx\/index.php?rest_route=%2Fwp%2Fv2%2Fmedia&parent=24494"}],"wp:term":[{"taxonomy":"category","embeddable":true,"href":"https:\/\/cuernavaca.gob.mx\/index.php?rest_route=%2Fwp%2Fv2%2Fcategories&post=24494"},{"taxonomy":"post_tag","embeddable":true,"href":"https:\/\/cuernavaca.gob.mx\/index.php?rest_route=%2Fwp%2Fv2%2Ftags&post=24494"}],"curies":[{"name":"wp","href":"https:\/\/api.w.org\/{rel}","templated":true}]}}