{"id":24528,"date":"2023-01-28T14:45:00","date_gmt":"2023-01-28T20:45:00","guid":{"rendered":"https:\/\/cuernavaca.gob.mx\/?p=24528"},"modified":"2025-05-06T12:27:30","modified_gmt":"2025-05-06T18:27:30","slug":"f346-28-01-23-presenta-hugo-salgado-conferencia-a-favor-del-arraigo-y-la-identidad-por-cuernavaca-y-morelos-en-el-museo-de-la-ciudad","status":"publish","type":"post","link":"https:\/\/cuernavaca.gob.mx\/?p=24528","title":{"rendered":"F346 28\/01\/23 PRESENTA HUGO SALGADO CONFERENCIA A FAVOR DEL ARRAIGO Y LA IDENTIDAD POR CUERNAVACA Y MORELOS EN EL MUSEO DE LA CIUDAD"},"content":{"rendered":"\n<p>La importancia de resaltar y preservar la identidad de los oriundos de Cuernavaca y del estado de Morelos, tiene que ver con defender que es m\u00e1s lo que nos une, desarrollar el orgullo de ser morelense, de ser \u201cguayabos\u201d y arraigarnos para transmitir a las nuevas generaciones el compromiso de fortalecer los elementos que construyen la afinidad, fue parte de la conferencia dictada por el Doctor Hugo Salgado Casta\u00f1eda, en el Museo de la Ciudad de Cuernavaca.<\/p>\n\n\n\n<p>Teniendo como anfitri\u00f3n al presidente municipal, Jos\u00e9 Luis Uri\u00f3stegui Salgado, a los regidores Hugo Manzo God\u00ednez y Christian P\u00e9rez Jaimes, y ante invitados de diferentes sectores de la sociedad cuernavacense, Hugo Salgado manifest\u00f3 que en estos d\u00edas de confrontaci\u00f3n y desuni\u00f3n, es importante revalorar y reforzar el amor por la ciudad capital, acrecentando el concepto de \u201cLa Eterna Primavera\u201d que se atribuye al Bar\u00f3n Alexander von Humboldt, naturalista alem\u00e1n que as\u00ed bautizar\u00e1 a Cuernavaca en su corta estancia, que se consolide entre los hijos y familias el amor por la municipio. Tras una extensa narrativa de lo ocurrido en otras naciones donde la identidad fue la causa de uni\u00f3n en tiempos de aciago como en Espa\u00f1a, Catalu\u00f1a y en los Balcanes en guerras civiles y separatistas, Hugo Salgado considero que es momento de fomentar el sentido de pertenencia y pertinencia entre los morelenses y entre los cuernavacenses, y sean los s\u00edmbolos y orgullo del arraigo tlahuica, para hacer frente a dificultades por la falta de id<\/p>\n\n\n\n<figure class=\"wp-container-2 wp-block-gallery-1 wp-block-gallery has-nested-images columns-default is-cropped\">\n<figure class=\"wp-block-image size-large\"><img loading=\"lazy\" width=\"1024\" height=\"682\" data-id=\"24530\"  src=\"https:\/\/cuernavaca.gob.mx\/wp-content\/uploads\/2023\/01\/conferencia-orgullo-cuernavaca-4-1024x682.jpg\" alt=\"\" class=\"wp-image-24530\" srcset=\"https:\/\/cuernavaca.gob.mx\/wp-content\/uploads\/2023\/01\/conferencia-orgullo-cuernavaca-4-1024x682.jpg 1024w, https:\/\/cuernavaca.gob.mx\/wp-content\/uploads\/2023\/01\/conferencia-orgullo-cuernavaca-4-300x200.jpg 300w, https:\/\/cuernavaca.gob.mx\/wp-content\/uploads\/2023\/01\/conferencia-orgullo-cuernavaca-4-768x512.jpg 768w, https:\/\/cuernavaca.gob.mx\/wp-content\/uploads\/2023\/01\/conferencia-orgullo-cuernavaca-4-600x400.jpg 600w, https:\/\/cuernavaca.gob.mx\/wp-content\/uploads\/2023\/01\/conferencia-orgullo-cuernavaca-4-560x373.jpg 560w, https:\/\/cuernavaca.gob.mx\/wp-content\/uploads\/2023\/01\/conferencia-orgullo-cuernavaca-4.jpg 1280w\" sizes=\"(max-width: 1024px) 100vw, 1024px\" \/><\/figure>\n\n\n\n<figure class=\"wp-block-image size-large\"><img loading=\"lazy\" width=\"1024\" height=\"682\" data-id=\"24529\"  src=\"https:\/\/cuernavaca.gob.mx\/wp-content\/uploads\/2023\/01\/conferencia-orgullo-cuernavaca-1-1024x682.jpg\" alt=\"\" class=\"wp-image-24529\" srcset=\"https:\/\/cuernavaca.gob.mx\/wp-content\/uploads\/2023\/01\/conferencia-orgullo-cuernavaca-1-1024x682.jpg 1024w, https:\/\/cuernavaca.gob.mx\/wp-content\/uploads\/2023\/01\/conferencia-orgullo-cuernavaca-1-300x200.jpg 300w, https:\/\/cuernavaca.gob.mx\/wp-content\/uploads\/2023\/01\/conferencia-orgullo-cuernavaca-1-768x512.jpg 768w, https:\/\/cuernavaca.gob.mx\/wp-content\/uploads\/2023\/01\/conferencia-orgullo-cuernavaca-1-600x400.jpg 600w, https:\/\/cuernavaca.gob.mx\/wp-content\/uploads\/2023\/01\/conferencia-orgullo-cuernavaca-1-560x373.jpg 560w, https:\/\/cuernavaca.gob.mx\/wp-content\/uploads\/2023\/01\/conferencia-orgullo-cuernavaca-1.jpg 1280w\" sizes=\"(max-width: 1024px) 100vw, 1024px\" \/><\/figure>\n\n\n\n<figure class=\"wp-block-image size-large\"><img loading=\"lazy\" width=\"1024\" height=\"682\" data-id=\"24531\"  src=\"https:\/\/cuernavaca.gob.mx\/wp-content\/uploads\/2023\/01\/conferencia-orgullo-cuernavaca-2-1024x682.jpg\" alt=\"\" class=\"wp-image-24531\" srcset=\"https:\/\/cuernavaca.gob.mx\/wp-content\/uploads\/2023\/01\/conferencia-orgullo-cuernavaca-2-1024x682.jpg 1024w, https:\/\/cuernavaca.gob.mx\/wp-content\/uploads\/2023\/01\/conferencia-orgullo-cuernavaca-2-300x200.jpg 300w, https:\/\/cuernavaca.gob.mx\/wp-content\/uploads\/2023\/01\/conferencia-orgullo-cuernavaca-2-768x512.jpg 768w, https:\/\/cuernavaca.gob.mx\/wp-content\/uploads\/2023\/01\/conferencia-orgullo-cuernavaca-2-600x400.jpg 600w, https:\/\/cuernavaca.gob.mx\/wp-content\/uploads\/2023\/01\/conferencia-orgullo-cuernavaca-2-560x373.jpg 560w, https:\/\/cuernavaca.gob.mx\/wp-content\/uploads\/2023\/01\/conferencia-orgullo-cuernavaca-2.jpg 1280w\" sizes=\"(max-width: 1024px) 100vw, 1024px\" \/><\/figure>\n\n\n\n<figure class=\"wp-block-image size-large\"><img loading=\"lazy\" width=\"1024\" height=\"682\" data-id=\"24532\"  src=\"https:\/\/cuernavaca.gob.mx\/wp-content\/uploads\/2023\/01\/conferencia-orgullo-cuernavaca-3-1024x682.jpg\" alt=\"\" class=\"wp-image-24532\" srcset=\"https:\/\/cuernavaca.gob.mx\/wp-content\/uploads\/2023\/01\/conferencia-orgullo-cuernavaca-3-1024x682.jpg 1024w, https:\/\/cuernavaca.gob.mx\/wp-content\/uploads\/2023\/01\/conferencia-orgullo-cuernavaca-3-300x200.jpg 300w, https:\/\/cuernavaca.gob.mx\/wp-content\/uploads\/2023\/01\/conferencia-orgullo-cuernavaca-3-768x512.jpg 768w, https:\/\/cuernavaca.gob.mx\/wp-content\/uploads\/2023\/01\/conferencia-orgullo-cuernavaca-3-600x400.jpg 600w, https:\/\/cuernavaca.gob.mx\/wp-content\/uploads\/2023\/01\/conferencia-orgullo-cuernavaca-3-560x373.jpg 560w, https:\/\/cuernavaca.gob.mx\/wp-content\/uploads\/2023\/01\/conferencia-orgullo-cuernavaca-3.jpg 1280w\" sizes=\"(max-width: 1024px) 100vw, 1024px\" \/><\/figure>\n<\/figure>\n","protected":false},"excerpt":{"rendered":"<p>La importancia de resaltar y preservar la identidad de los oriundos de Cuernavaca y del estado de Morelos, tiene que ver con defender que es m\u00e1s lo que nos une, desarrollar el orgullo de ser morelense, de ser \u201cguayabos\u201d y arraigarnos para transmitir a las nuevas generaciones el compromiso de fortalecer los elementos que construyen [&hellip;]<\/p>\n","protected":false},"author":1,"featured_media":24532,"comment_status":"closed","ping_status":"open","sticky":false,"template":"","format":"standard","meta":[],"categories":[21],"tags":[2865,272,121,2460,120,206,2866,194],"aioseo_notices":[],"_links":{"self":[{"href":"https:\/\/cuernavaca.gob.mx\/index.php?rest_route=\/wp\/v2\/posts\/24528"}],"collection":[{"href":"https:\/\/cuernavaca.gob.mx\/index.php?rest_route=\/wp\/v2\/posts"}],"about":[{"href":"https:\/\/cuernavaca.gob.mx\/index.php?rest_route=\/wp\/v2\/types\/post"}],"author":[{"embeddable":true,"href":"https:\/\/cuernavaca.gob.mx\/index.php?rest_route=\/wp\/v2\/users\/1"}],"replies":[{"embeddable":true,"href":"https:\/\/cuernavaca.gob.mx\/index.php?rest_route=%2Fwp%2Fv2%2Fcomments&post=24528"}],"version-history":[{"count":1,"href":"https:\/\/cuernavaca.gob.mx\/index.php?rest_route=\/wp\/v2\/posts\/24528\/revisions"}],"predecessor-version":[{"id":24533,"href":"https:\/\/cuernavaca.gob.mx\/index.php?rest_route=\/wp\/v2\/posts\/24528\/revisions\/24533"}],"wp:featuredmedia":[{"embeddable":true,"href":"https:\/\/cuernavaca.gob.mx\/index.php?rest_route=\/wp\/v2\/media\/24532"}],"wp:attachment":[{"href":"https:\/\/cuernavaca.gob.mx\/index.php?rest_route=%2Fwp%2Fv2%2Fmedia&parent=24528"}],"wp:term":[{"taxonomy":"category","embeddable":true,"href":"https:\/\/cuernavaca.gob.mx\/index.php?rest_route=%2Fwp%2Fv2%2Fcategories&post=24528"},{"taxonomy":"post_tag","embeddable":true,"href":"https:\/\/cuernavaca.gob.mx\/index.php?rest_route=%2Fwp%2Fv2%2Ftags&post=24528"}],"curies":[{"name":"wp","href":"https:\/\/api.w.org\/{rel}","templated":true}]}}