{"id":24602,"date":"2023-01-29T15:00:00","date_gmt":"2023-01-29T21:00:00","guid":{"rendered":"https:\/\/cuernavaca.gob.mx\/?p=24602"},"modified":"2025-05-06T12:27:29","modified_gmt":"2025-05-06T18:27:29","slug":"b698-29-01-23-en-cuernavaca-la-fiscalia-ambiental-sanciona-a-los-negocios-que-rebasan-norma-de-ruido","status":"publish","type":"post","link":"https:\/\/cuernavaca.gob.mx\/?p=24602","title":{"rendered":"B698 29\/01\/23 EN CUERNAVACA LA FISCAL\u00cdA AMBIENTAL SANCIONA A LOS NEGOCIOS QUE REBASAN NORMA DE RUIDO"},"content":{"rendered":"\n<p><strong>\u2022 Para evitar la contaminaci\u00f3n auditiva que afecta a la salud y al medio ambiente se realizan operativos de inspecci\u00f3n a establecimientos para que cumplan con el Reglamento de Ecolog\u00eda y Protecci\u00f3n al Ambiente<\/strong><\/p>\n\n\n\n<p><strong>\u2022 A la fecha han iniciado 10 procedimientos administrativos y cuentan con 31 expedientes en contra particularmente de bares, revisando no solo los niveles de decibeles, sino tambi\u00e9n que tengan sistemas de aislamiento<\/strong><\/p>\n\n\n\n<p>Por instrucciones del presidente municipal de Cuernavaca, Jos\u00e9 Luis Uri\u00f3stegui Salgado, la Fiscal\u00eda Ambiental de la Secretar\u00eda de Desarrollo Sustentable y Servicios P\u00fablicos mantiene operativos de inspecci\u00f3n en la ciudad para evitar las altas emisiones de ruido generadas por establecimientos comerciales y mercantiles que ocasionan una contaminaci\u00f3n auditiva que afecta a la salud y al medio ambiente.<\/p>\n\n\n\n<p>La fiscal ambiental, Laura Garc\u00eda M\u00e9ndez, indic\u00f3 que particularmente se realizan las acciones de inspecci\u00f3n y vigilancia, as\u00ed como la atenci\u00f3n a las denuncias ciudadanas para verificar que los establecimientos cumplan con el nivel de ruido permitido por el Reglamento de Ecolog\u00eda y Protecci\u00f3n al Ambiente del Municipio que indica que los decibeles por encima de 65 son una contaminaci\u00f3n ambiental.<\/p>\n\n\n\n<p>Se\u00f1al\u00f3 que, el procedimiento inicia con una visita de inspecci\u00f3n en donde se miden los niveles de decibeles de los negocios, los cuales de acuerdo al reglamento deben estar dentro de los l\u00edmites de 65 decibeles por la noche, de las 22:00 horas a las 06:00 de la ma\u00f1ana y en el d\u00eda, de las 06:00 de la ma\u00f1ana a las 22:00 de la noche en 68 decibeles.<\/p>\n\n\n\n<p>A la fecha la Fiscal\u00eda Ambiental cuenta con 31 expedientes iniciados en contra particularmente de bares, los cuales se ubican en Boulevard Ju\u00e1rez y en avenidas principales como R\u00edo Mayo y Diana. De acuerdo con la Ley de Ingresos la multa por el exceso de decibeles es de 14 mil pesos, aunado a que pueden ser sancionados tambi\u00e9n por no contar con sistemas de aislamiento.<\/p>\n\n\n\n<p>Garc\u00eda M\u00e9ndez puntualiz\u00f3 que se han iniciado 10 procedimientos administrativos, actualmente en la verificaci\u00f3n de los sistemas de aislamiento, ya que s\u00ed no cumplen con ellos podr\u00edan interponer otras v\u00edas de sanci\u00f3n como denuncias penales debido a que el C\u00f3digo Penal del estado establece como un delito el excederse en los niveles de ruido.<\/p>\n\n\n\n<p>&#8220;Que sepan que los niveles de ruido por encima de 65 decibeles es una contaminaci\u00f3n ambiental que altera el entorno y el desarrollo de fauna natural, pero tambi\u00e9n es una cuesti\u00f3n de salud y de buena convivencia. Pedirles que sean respetuosos con los niveles de decibeles en cuanto a que es una contaminaci\u00f3n ambiental&#8221;, expres\u00f3 la fiscal.<\/p>\n\n\n\n<p>S\u00ed bien la Fiscal\u00eda Ambiental lleva a cabo recorridos de forma permanente para identificar a posibles infractores de la legislaci\u00f3n ambiental en el municipio, tambi\u00e9n ha solicitado el apoyo de la poblaci\u00f3n para denunciar este tipo de actos, al reconocer que la participaci\u00f3n ciudadana es muy importante para preservar el ecosistema y el bienestar animal, lo cual pueden hacer al 777 310 00 00.<\/p>\n\n\n\n<figure class=\"wp-container-2 wp-block-gallery-1 wp-block-gallery has-nested-images columns-default is-cropped\">\n<figure class=\"wp-block-image size-large\"><img loading=\"lazy\" width=\"1024\" height=\"576\" data-id=\"24605\"  src=\"https:\/\/cuernavaca.gob.mx\/wp-content\/uploads\/2023\/01\/operativos-cuernavaca-1.jpeg\" alt=\"\" class=\"wp-image-24605\" srcset=\"https:\/\/cuernavaca.gob.mx\/wp-content\/uploads\/2023\/01\/operativos-cuernavaca-1.jpeg 1024w, https:\/\/cuernavaca.gob.mx\/wp-content\/uploads\/2023\/01\/operativos-cuernavaca-1-300x169.jpeg 300w, https:\/\/cuernavaca.gob.mx\/wp-content\/uploads\/2023\/01\/operativos-cuernavaca-1-768x432.jpeg 768w, https:\/\/cuernavaca.gob.mx\/wp-content\/uploads\/2023\/01\/operativos-cuernavaca-1-600x338.jpeg 600w, https:\/\/cuernavaca.gob.mx\/wp-content\/uploads\/2023\/01\/operativos-cuernavaca-1-560x315.jpeg 560w\" sizes=\"(max-width: 1024px) 100vw, 1024px\" \/><\/figure>\n\n\n\n<figure class=\"wp-block-image size-large\"><img loading=\"lazy\" width=\"1024\" height=\"576\" data-id=\"24603\"  src=\"https:\/\/cuernavaca.gob.mx\/wp-content\/uploads\/2023\/01\/operativos-cuernavaca-2.jpeg\" alt=\"\" class=\"wp-image-24603\" srcset=\"https:\/\/cuernavaca.gob.mx\/wp-content\/uploads\/2023\/01\/operativos-cuernavaca-2.jpeg 1024w, https:\/\/cuernavaca.gob.mx\/wp-content\/uploads\/2023\/01\/operativos-cuernavaca-2-300x169.jpeg 300w, https:\/\/cuernavaca.gob.mx\/wp-content\/uploads\/2023\/01\/operativos-cuernavaca-2-768x432.jpeg 768w, https:\/\/cuernavaca.gob.mx\/wp-content\/uploads\/2023\/01\/operativos-cuernavaca-2-600x338.jpeg 600w, https:\/\/cuernavaca.gob.mx\/wp-content\/uploads\/2023\/01\/operativos-cuernavaca-2-560x315.jpeg 560w\" sizes=\"(max-width: 1024px) 100vw, 1024px\" \/><\/figure>\n\n\n\n<figure class=\"wp-block-image size-large\"><img loading=\"lazy\" width=\"1024\" height=\"576\" data-id=\"24604\"  src=\"https:\/\/cuernavaca.gob.mx\/wp-content\/uploads\/2023\/01\/operativos-cuernavaca-3.jpeg\" alt=\"\" class=\"wp-image-24604\" srcset=\"https:\/\/cuernavaca.gob.mx\/wp-content\/uploads\/2023\/01\/operativos-cuernavaca-3.jpeg 1024w, https:\/\/cuernavaca.gob.mx\/wp-content\/uploads\/2023\/01\/operativos-cuernavaca-3-300x169.jpeg 300w, https:\/\/cuernavaca.gob.mx\/wp-content\/uploads\/2023\/01\/operativos-cuernavaca-3-768x432.jpeg 768w, https:\/\/cuernavaca.gob.mx\/wp-content\/uploads\/2023\/01\/operativos-cuernavaca-3-600x338.jpeg 600w, https:\/\/cuernavaca.gob.mx\/wp-content\/uploads\/2023\/01\/operativos-cuernavaca-3-560x315.jpeg 560w\" sizes=\"(max-width: 1024px) 100vw, 1024px\" \/><\/figure>\n\n\n\n<figure class=\"wp-block-image size-large\"><img loading=\"lazy\" width=\"1024\" height=\"576\" data-id=\"24607\"  src=\"https:\/\/cuernavaca.gob.mx\/wp-content\/uploads\/2023\/01\/operativos-cuernavaca-4.jpeg\" alt=\"\" class=\"wp-image-24607\" srcset=\"https:\/\/cuernavaca.gob.mx\/wp-content\/uploads\/2023\/01\/operativos-cuernavaca-4.jpeg 1024w, https:\/\/cuernavaca.gob.mx\/wp-content\/uploads\/2023\/01\/operativos-cuernavaca-4-300x169.jpeg 300w, https:\/\/cuernavaca.gob.mx\/wp-content\/uploads\/2023\/01\/operativos-cuernavaca-4-768x432.jpeg 768w, https:\/\/cuernavaca.gob.mx\/wp-content\/uploads\/2023\/01\/operativos-cuernavaca-4-600x338.jpeg 600w, https:\/\/cuernavaca.gob.mx\/wp-content\/uploads\/2023\/01\/operativos-cuernavaca-4-560x315.jpeg 560w\" sizes=\"(max-width: 1024px) 100vw, 1024px\" \/><\/figure>\n\n\n\n<figure class=\"wp-block-image size-large\"><img loading=\"lazy\" width=\"1024\" height=\"768\" data-id=\"24606\"  src=\"https:\/\/cuernavaca.gob.mx\/wp-content\/uploads\/2023\/01\/operativos-cuernavaca-5-1024x768.jpeg\" alt=\"\" class=\"wp-image-24606\" srcset=\"https:\/\/cuernavaca.gob.mx\/wp-content\/uploads\/2023\/01\/operativos-cuernavaca-5-1024x768.jpeg 1024w, https:\/\/cuernavaca.gob.mx\/wp-content\/uploads\/2023\/01\/operativos-cuernavaca-5-300x225.jpeg 300w, https:\/\/cuernavaca.gob.mx\/wp-content\/uploads\/2023\/01\/operativos-cuernavaca-5-768x576.jpeg 768w, https:\/\/cuernavaca.gob.mx\/wp-content\/uploads\/2023\/01\/operativos-cuernavaca-5-600x450.jpeg 600w, https:\/\/cuernavaca.gob.mx\/wp-content\/uploads\/2023\/01\/operativos-cuernavaca-5-560x420.jpeg 560w, https:\/\/cuernavaca.gob.mx\/wp-content\/uploads\/2023\/01\/operativos-cuernavaca-5.jpeg 1280w\" sizes=\"(max-width: 1024px) 100vw, 1024px\" \/><\/figure>\n<\/figure>\n","protected":false},"excerpt":{"rendered":"<p>\u2022 Para evitar la contaminaci\u00f3n auditiva que afecta a la salud y al medio ambiente se realizan operativos de inspecci\u00f3n a establecimientos para que cumplan con el Reglamento de Ecolog\u00eda y Protecci\u00f3n al Ambiente \u2022 A la fecha han iniciado 10 procedimientos administrativos y cuentan con 31 expedientes en contra particularmente de bares, revisando no [&hellip;]<\/p>\n","protected":false},"author":1,"featured_media":24603,"comment_status":"closed","ping_status":"open","sticky":false,"template":"","format":"standard","meta":[],"categories":[17],"tags":[2821,2873,121,120,2213,206,1941],"aioseo_notices":[],"_links":{"self":[{"href":"https:\/\/cuernavaca.gob.mx\/index.php?rest_route=\/wp\/v2\/posts\/24602"}],"collection":[{"href":"https:\/\/cuernavaca.gob.mx\/index.php?rest_route=\/wp\/v2\/posts"}],"about":[{"href":"https:\/\/cuernavaca.gob.mx\/index.php?rest_route=\/wp\/v2\/types\/post"}],"author":[{"embeddable":true,"href":"https:\/\/cuernavaca.gob.mx\/index.php?rest_route=\/wp\/v2\/users\/1"}],"replies":[{"embeddable":true,"href":"https:\/\/cuernavaca.gob.mx\/index.php?rest_route=%2Fwp%2Fv2%2Fcomments&post=24602"}],"version-history":[{"count":1,"href":"https:\/\/cuernavaca.gob.mx\/index.php?rest_route=\/wp\/v2\/posts\/24602\/revisions"}],"predecessor-version":[{"id":24608,"href":"https:\/\/cuernavaca.gob.mx\/index.php?rest_route=\/wp\/v2\/posts\/24602\/revisions\/24608"}],"wp:featuredmedia":[{"embeddable":true,"href":"https:\/\/cuernavaca.gob.mx\/index.php?rest_route=\/wp\/v2\/media\/24603"}],"wp:attachment":[{"href":"https:\/\/cuernavaca.gob.mx\/index.php?rest_route=%2Fwp%2Fv2%2Fmedia&parent=24602"}],"wp:term":[{"taxonomy":"category","embeddable":true,"href":"https:\/\/cuernavaca.gob.mx\/index.php?rest_route=%2Fwp%2Fv2%2Fcategories&post=24602"},{"taxonomy":"post_tag","embeddable":true,"href":"https:\/\/cuernavaca.gob.mx\/index.php?rest_route=%2Fwp%2Fv2%2Ftags&post=24602"}],"curies":[{"name":"wp","href":"https:\/\/api.w.org\/{rel}","templated":true}]}}