{"id":24688,"date":"2023-02-01T14:15:00","date_gmt":"2023-02-01T20:15:00","guid":{"rendered":"https:\/\/cuernavaca.gob.mx\/?p=24688"},"modified":"2025-05-06T12:27:27","modified_gmt":"2025-05-06T18:27:27","slug":"b706-01-02-23-se-restablece-en-cuernavaca-el-servicio-de-energia-electrica-en-los-pozos-de-abastecimiento-de-agua-potable","status":"publish","type":"post","link":"https:\/\/cuernavaca.gob.mx\/?p=24688","title":{"rendered":"B706 01\/02\/23 SE RESTABLECE EN CUERNAVACA EL SERVICIO DE ENERG\u00cdA EL\u00c9CTRICA EN LOS POZOS DE ABASTECIMIENTO DE AGUA POTABLE"},"content":{"rendered":"\n<p><strong>\u2022 Tras sostener una reuni\u00f3n con directivos de CFE, el presidente municipal de Cuernavaca, Jos\u00e9 Luis Uri\u00f3stegui, afirm\u00f3 que de manera paulatinamente a partir de hoy de manera paulatina se reactivan 13 pozos<\/strong><\/p>\n\n\n\n<p><strong>\u2022 Acordaron que el pago pendiente de 9 millones de pesos por el consumo regular del servicio de diciembre y enero y abonar al adeudo hist\u00f3rico que fue heredado por las \u00faltimos dos administraciones<\/strong><\/p>\n\n\n\n<p>El Ayuntamiento de Cuernavaca, a trav\u00e9s del Sistema de Agua Potable y Alcantarillado de Cuernavaca (SAPAC), garantiza el servicio de agua potable en la ciudad y el suministro de energ\u00eda en los pozos que abastecen el vital l\u00edquido mediante el di\u00e1logo y acuerdos que la administraci\u00f3n encabezada por Jos\u00e9 Luis Uri\u00f3stegui Salgado logr\u00f3 con autoridades de la Comisi\u00f3n Federal de Electricidad (CFE).<\/p>\n\n\n\n<p>En conferencia de prensa, el alcalde capitalino, acompa\u00f1ado de la directora general de SAPAC, Evelia Flores Hern\u00e1ndez y el secretario del Ayuntamiento, Carlos de la Rosa Segura, inform\u00f3 que en reuni\u00f3n sostenida este mi\u00e9rcoles con directivos de la empresa paraestatal en sus oficinas de Cuernavaca, aceptaron la propuesta del organismo para cubrir en parcialidades los pagos correspondientes al mes de diciembre del 2022 y el mes de enero del 2023, con una primera transferencia de tres millones de pesos que se har\u00e1 este d\u00eda, y el resto, seis millones de pesos, se liquidar\u00e1n el viernes 10 de enero de la semana entrante, cubriendo as\u00ed el adeudo por consumo que se registr\u00f3 en ese periodo.<\/p>\n\n\n\n<p>Precis\u00f3 que, con este acuerdo, la CFE se compromete a reconectar de manera paulatina a partir de hoy, los 13 pozos que hasta esta ma\u00f1ana se reportaban suspendidos por la falta de energ\u00eda el\u00e9ctrica, con lo que se reestablecer\u00e1 el servicio que proporciona SAPAC, as\u00ed como las operaciones en las oficinas centrales ubicadas en avenida Morelos Sur, con el compromiso de la administraci\u00f3n municipal y el organismo de hacer todos los esfuerzos necesarios para que el pago mensual contin\u00fae de manera regular como se efect\u00fao en 2022.<\/p>\n\n\n\n<p>En esta reuni\u00f3n participaron por parte de CFE el encargado del Suministrador de Servicios B\u00e1sicos Divisi\u00f3n Comercial Centro Sur, Lic. Adolfo Amador Salas Luevano; la responsable del Suministrador de Servicios B\u00e1sicos de CFE en la zona comercial de Cuernavaca, Lic. Graciela Ram\u00edrez Popoca; el representante del Departamento Jur\u00eddico, Lic. Miguel Dom\u00ednguez G\u00f3mez; el representante de Procesos Comerciales de la CFE, Lic. Esteban Garc\u00eda Guzm\u00e1n; as\u00ed como directivos.<\/p>\n\n\n\n<p>No obstante, el alcalde capitalino refiri\u00f3 que tambi\u00e9n acordaron hacer un replanteamiento para atender el pago del adeudo hist\u00f3rico heredado por anteriores administraciones que asciende a 298 millones de pesos, de los cuales cerca de 90 millones de pesos corresponden al gobierno municipal 2015- 2018 y m\u00e1s de 200 millones de pesos a la administraci\u00f3n 2019- 2021, por lo cual han tratado de gestionar desde el a\u00f1o pasado una soluci\u00f3n de pago que no emane solamente de SAPAC debido a que carec\u00edan de los recursos econ\u00f3micos para lograrlo.<\/p>\n\n\n\n<p>En este sentido, record\u00f3 que en el mes de abril del 2022 dentro de las pl\u00e1ticas que sostuvieron el Ayuntamiento capitalino, la representaci\u00f3n del Gobierno del Estado, SAPAC y CFE se hab\u00eda esbozado la posibilidad de un pago tripartita, es decir, que mientras que SAPAC y el Gobierno Municipal pagar\u00edan un promedio de cien millones de pesos durante lo que restaba de la administraci\u00f3n, el Poder Ejecutivo pagar\u00eda una tercera parte y CFE asumir\u00eda otra tercera parte, haciendo el planteamiento formal desde el municipio; sin embargo, el Gobierno Estatal decidi\u00f3 no seguir participando y la pl\u00e1tica conciliatoria se suspendi\u00f3.<\/p>\n\n\n\n<p>Ahora al reanudar dicha pl\u00e1tica, SAPAC, el Gobierno Municipal 2022- 2024 y la Comisi\u00f3n Federal de Electricidad trabajar\u00e1n en conjunto para implementar mecanismos que permitan disminuir los costos de consumo de luz en los pozos de agua y as\u00ed abonar al cumplimiento del adeudo hist\u00f3rico, continuando las gestiones ante el Gobierno del Estado, la Presidencia de la Rep\u00fablica, la Secretar\u00eda de Gobernaci\u00f3n y la Direcci\u00f3n General de CFE a nivel federal para resolver de fondo la situaci\u00f3n financiera en la que se encuentra el sistema operador.<\/p>\n\n\n\n<p>Jos\u00e9 Luis Uri\u00f3stegui indic\u00f3 que, si bien el a\u00f1o pasado SAPAC cerr\u00f3 con un monto de 260 millones de pesos en n\u00famero generales de ingresos por el servicio que entrega a la ciudadan\u00eda, superando en casi 30 millones de pesos lo que tradicionalmente se recib\u00eda, en 2022 SAPAC pag\u00f3 110 millones de pesos por el consumo de energ\u00eda el\u00e9ctrica, cuando el a\u00f1o anterior solamente hab\u00edan pagado 45 millones de pesos.<\/p>\n\n\n\n<p>Finalmente, exhort\u00f3 a la poblaci\u00f3n colaborar con personal de la empresa paraestatal, a fin de que no realizar bloqueos en sus instalaciones para que puedan reconectar el servicio de energ\u00eda el\u00e9ctrica en los 13 pozos, \u201cles pedimos su confianza, vamos a seguir trabajando para que SAPAC de un mejor servicio cada d\u00eda\u201d.<\/p>\n\n\n\n<figure class=\"wp-container-2 wp-block-gallery-1 wp-block-gallery has-nested-images columns-default is-cropped\">\n<figure class=\"wp-block-image size-large\"><img loading=\"lazy\" width=\"1024\" height=\"1024\" data-id=\"24691\"  src=\"https:\/\/cuernavaca.gob.mx\/wp-content\/uploads\/2023\/02\/se-resuelve-conflicto-sapac-cfe-cuernavaca-1-1024x1024.jpg\" alt=\"\" class=\"wp-image-24691\" srcset=\"https:\/\/cuernavaca.gob.mx\/wp-content\/uploads\/2023\/02\/se-resuelve-conflicto-sapac-cfe-cuernavaca-1-1024x1024.jpg 1024w, https:\/\/cuernavaca.gob.mx\/wp-content\/uploads\/2023\/02\/se-resuelve-conflicto-sapac-cfe-cuernavaca-1-300x300.jpg 300w, https:\/\/cuernavaca.gob.mx\/wp-content\/uploads\/2023\/02\/se-resuelve-conflicto-sapac-cfe-cuernavaca-1-150x150.jpg 150w, https:\/\/cuernavaca.gob.mx\/wp-content\/uploads\/2023\/02\/se-resuelve-conflicto-sapac-cfe-cuernavaca-1-768x768.jpg 768w, https:\/\/cuernavaca.gob.mx\/wp-content\/uploads\/2023\/02\/se-resuelve-conflicto-sapac-cfe-cuernavaca-1-600x600.jpg 600w, https:\/\/cuernavaca.gob.mx\/wp-content\/uploads\/2023\/02\/se-resuelve-conflicto-sapac-cfe-cuernavaca-1-560x560.jpg 560w, https:\/\/cuernavaca.gob.mx\/wp-content\/uploads\/2023\/02\/se-resuelve-conflicto-sapac-cfe-cuernavaca-1.jpg 1280w\" sizes=\"(max-width: 1024px) 100vw, 1024px\" \/><\/figure>\n\n\n\n<figure class=\"wp-block-image size-large\"><img loading=\"lazy\" width=\"768\" height=\"1024\" data-id=\"24689\"  src=\"https:\/\/cuernavaca.gob.mx\/wp-content\/uploads\/2023\/02\/se-resuelve-conflicto-sapac-cfe-cuernavaca-2-768x1024.jpg\" alt=\"\" class=\"wp-image-24689\" srcset=\"https:\/\/cuernavaca.gob.mx\/wp-content\/uploads\/2023\/02\/se-resuelve-conflicto-sapac-cfe-cuernavaca-2-768x1024.jpg 768w, https:\/\/cuernavaca.gob.mx\/wp-content\/uploads\/2023\/02\/se-resuelve-conflicto-sapac-cfe-cuernavaca-2-225x300.jpg 225w, https:\/\/cuernavaca.gob.mx\/wp-content\/uploads\/2023\/02\/se-resuelve-conflicto-sapac-cfe-cuernavaca-2-450x600.jpg 450w, https:\/\/cuernavaca.gob.mx\/wp-content\/uploads\/2023\/02\/se-resuelve-conflicto-sapac-cfe-cuernavaca-2-420x560.jpg 420w, https:\/\/cuernavaca.gob.mx\/wp-content\/uploads\/2023\/02\/se-resuelve-conflicto-sapac-cfe-cuernavaca-2.jpg 960w\" sizes=\"(max-width: 768px) 100vw, 768px\" \/><\/figure>\n\n\n\n<figure class=\"wp-block-image size-large\"><img loading=\"lazy\" width=\"1024\" height=\"682\" data-id=\"24690\"  src=\"https:\/\/cuernavaca.gob.mx\/wp-content\/uploads\/2023\/02\/se-resuelve-conflicto-sapac-cfe-cuernavaca-3-1024x682.jpg\" alt=\"\" class=\"wp-image-24690\" srcset=\"https:\/\/cuernavaca.gob.mx\/wp-content\/uploads\/2023\/02\/se-resuelve-conflicto-sapac-cfe-cuernavaca-3-1024x682.jpg 1024w, https:\/\/cuernavaca.gob.mx\/wp-content\/uploads\/2023\/02\/se-resuelve-conflicto-sapac-cfe-cuernavaca-3-300x200.jpg 300w, https:\/\/cuernavaca.gob.mx\/wp-content\/uploads\/2023\/02\/se-resuelve-conflicto-sapac-cfe-cuernavaca-3-768x512.jpg 768w, https:\/\/cuernavaca.gob.mx\/wp-content\/uploads\/2023\/02\/se-resuelve-conflicto-sapac-cfe-cuernavaca-3-600x400.jpg 600w, https:\/\/cuernavaca.gob.mx\/wp-content\/uploads\/2023\/02\/se-resuelve-conflicto-sapac-cfe-cuernavaca-3-560x373.jpg 560w, https:\/\/cuernavaca.gob.mx\/wp-content\/uploads\/2023\/02\/se-resuelve-conflicto-sapac-cfe-cuernavaca-3.jpg 1280w\" sizes=\"(max-width: 1024px) 100vw, 1024px\" \/><\/figure>\n\n\n\n<figure class=\"wp-block-image size-large\"><img loading=\"lazy\" width=\"1024\" height=\"682\" data-id=\"24692\"  src=\"https:\/\/cuernavaca.gob.mx\/wp-content\/uploads\/2023\/02\/se-resuelve-conflicto-sapac-cfe-cuernavaca-4-1024x682.jpg\" alt=\"\" class=\"wp-image-24692\" srcset=\"https:\/\/cuernavaca.gob.mx\/wp-content\/uploads\/2023\/02\/se-resuelve-conflicto-sapac-cfe-cuernavaca-4-1024x682.jpg 1024w, https:\/\/cuernavaca.gob.mx\/wp-content\/uploads\/2023\/02\/se-resuelve-conflicto-sapac-cfe-cuernavaca-4-300x200.jpg 300w, https:\/\/cuernavaca.gob.mx\/wp-content\/uploads\/2023\/02\/se-resuelve-conflicto-sapac-cfe-cuernavaca-4-768x512.jpg 768w, https:\/\/cuernavaca.gob.mx\/wp-content\/uploads\/2023\/02\/se-resuelve-conflicto-sapac-cfe-cuernavaca-4-1536x1023.jpg 1536w, https:\/\/cuernavaca.gob.mx\/wp-content\/uploads\/2023\/02\/se-resuelve-conflicto-sapac-cfe-cuernavaca-4-600x400.jpg 600w, https:\/\/cuernavaca.gob.mx\/wp-content\/uploads\/2023\/02\/se-resuelve-conflicto-sapac-cfe-cuernavaca-4-560x373.jpg 560w, https:\/\/cuernavaca.gob.mx\/wp-content\/uploads\/2023\/02\/se-resuelve-conflicto-sapac-cfe-cuernavaca-4.jpg 1600w\" sizes=\"(max-width: 1024px) 100vw, 1024px\" \/><\/figure>\n\n\n\n<figure class=\"wp-block-image size-large\"><img loading=\"lazy\" width=\"1024\" height=\"682\" data-id=\"24693\"  src=\"https:\/\/cuernavaca.gob.mx\/wp-content\/uploads\/2023\/02\/se-resuelve-conflicto-sapac-cfe-cuernavaca-5-1024x682.jpg\" alt=\"\" class=\"wp-image-24693\" srcset=\"https:\/\/cuernavaca.gob.mx\/wp-content\/uploads\/2023\/02\/se-resuelve-conflicto-sapac-cfe-cuernavaca-5-1024x682.jpg 1024w, https:\/\/cuernavaca.gob.mx\/wp-content\/uploads\/2023\/02\/se-resuelve-conflicto-sapac-cfe-cuernavaca-5-300x200.jpg 300w, https:\/\/cuernavaca.gob.mx\/wp-content\/uploads\/2023\/02\/se-resuelve-conflicto-sapac-cfe-cuernavaca-5-768x512.jpg 768w, https:\/\/cuernavaca.gob.mx\/wp-content\/uploads\/2023\/02\/se-resuelve-conflicto-sapac-cfe-cuernavaca-5-1536x1023.jpg 1536w, https:\/\/cuernavaca.gob.mx\/wp-content\/uploads\/2023\/02\/se-resuelve-conflicto-sapac-cfe-cuernavaca-5-600x400.jpg 600w, https:\/\/cuernavaca.gob.mx\/wp-content\/uploads\/2023\/02\/se-resuelve-conflicto-sapac-cfe-cuernavaca-5-560x373.jpg 560w, https:\/\/cuernavaca.gob.mx\/wp-content\/uploads\/2023\/02\/se-resuelve-conflicto-sapac-cfe-cuernavaca-5.jpg 1600w\" sizes=\"(max-width: 1024px) 100vw, 1024px\" \/><\/figure>\n\n\n\n<figure class=\"wp-block-image size-large\"><img loading=\"lazy\" width=\"1024\" height=\"682\" data-id=\"24694\"  src=\"https:\/\/cuernavaca.gob.mx\/wp-content\/uploads\/2023\/02\/se-resuelve-conflicto-sapac-cfe-cuernavaca-6-1024x682.jpg\" alt=\"\" class=\"wp-image-24694\" srcset=\"https:\/\/cuernavaca.gob.mx\/wp-content\/uploads\/2023\/02\/se-resuelve-conflicto-sapac-cfe-cuernavaca-6-1024x682.jpg 1024w, https:\/\/cuernavaca.gob.mx\/wp-content\/uploads\/2023\/02\/se-resuelve-conflicto-sapac-cfe-cuernavaca-6-300x200.jpg 300w, https:\/\/cuernavaca.gob.mx\/wp-content\/uploads\/2023\/02\/se-resuelve-conflicto-sapac-cfe-cuernavaca-6-768x512.jpg 768w, https:\/\/cuernavaca.gob.mx\/wp-content\/uploads\/2023\/02\/se-resuelve-conflicto-sapac-cfe-cuernavaca-6-1536x1023.jpg 1536w, https:\/\/cuernavaca.gob.mx\/wp-content\/uploads\/2023\/02\/se-resuelve-conflicto-sapac-cfe-cuernavaca-6-600x400.jpg 600w, https:\/\/cuernavaca.gob.mx\/wp-content\/uploads\/2023\/02\/se-resuelve-conflicto-sapac-cfe-cuernavaca-6-560x373.jpg 560w, https:\/\/cuernavaca.gob.mx\/wp-content\/uploads\/2023\/02\/se-resuelve-conflicto-sapac-cfe-cuernavaca-6.jpg 1600w\" sizes=\"(max-width: 1024px) 100vw, 1024px\" \/><\/figure>\n<\/figure>\n","protected":false},"excerpt":{"rendered":"<p>\u2022 Tras sostener una reuni\u00f3n con directivos de CFE, el presidente municipal de Cuernavaca, Jos\u00e9 Luis Uri\u00f3stegui, afirm\u00f3 que de manera paulatinamente a partir de hoy de manera paulatina se reactivan 13 pozos \u2022 Acordaron que el pago pendiente de 9 millones de pesos por el consumo regular del servicio de diciembre y enero y [&hellip;]<\/p>\n","protected":false},"author":1,"featured_media":24692,"comment_status":"closed","ping_status":"open","sticky":false,"template":"","format":"standard","meta":[],"categories":[145],"tags":[615,663,1277,121,2881,120,206,942,124],"aioseo_notices":[],"_links":{"self":[{"href":"https:\/\/cuernavaca.gob.mx\/index.php?rest_route=\/wp\/v2\/posts\/24688"}],"collection":[{"href":"https:\/\/cuernavaca.gob.mx\/index.php?rest_route=\/wp\/v2\/posts"}],"about":[{"href":"https:\/\/cuernavaca.gob.mx\/index.php?rest_route=\/wp\/v2\/types\/post"}],"author":[{"embeddable":true,"href":"https:\/\/cuernavaca.gob.mx\/index.php?rest_route=\/wp\/v2\/users\/1"}],"replies":[{"embeddable":true,"href":"https:\/\/cuernavaca.gob.mx\/index.php?rest_route=%2Fwp%2Fv2%2Fcomments&post=24688"}],"version-history":[{"count":1,"href":"https:\/\/cuernavaca.gob.mx\/index.php?rest_route=\/wp\/v2\/posts\/24688\/revisions"}],"predecessor-version":[{"id":24695,"href":"https:\/\/cuernavaca.gob.mx\/index.php?rest_route=\/wp\/v2\/posts\/24688\/revisions\/24695"}],"wp:featuredmedia":[{"embeddable":true,"href":"https:\/\/cuernavaca.gob.mx\/index.php?rest_route=\/wp\/v2\/media\/24692"}],"wp:attachment":[{"href":"https:\/\/cuernavaca.gob.mx\/index.php?rest_route=%2Fwp%2Fv2%2Fmedia&parent=24688"}],"wp:term":[{"taxonomy":"category","embeddable":true,"href":"https:\/\/cuernavaca.gob.mx\/index.php?rest_route=%2Fwp%2Fv2%2Fcategories&post=24688"},{"taxonomy":"post_tag","embeddable":true,"href":"https:\/\/cuernavaca.gob.mx\/index.php?rest_route=%2Fwp%2Fv2%2Ftags&post=24688"}],"curies":[{"name":"wp","href":"https:\/\/api.w.org\/{rel}","templated":true}]}}