{"id":24696,"date":"2023-02-01T14:35:00","date_gmt":"2023-02-01T20:35:00","guid":{"rendered":"https:\/\/cuernavaca.gob.mx\/?p=24696"},"modified":"2025-05-06T12:27:27","modified_gmt":"2025-05-06T18:27:27","slug":"b707-01-02-23-jose-luis-uriostegui-da-la-bienvenida-a-cuernavaca-al-nuevo-comandante-de-la-24-a-zona-militar","status":"publish","type":"post","link":"https:\/\/cuernavaca.gob.mx\/?p=24696","title":{"rendered":"B707 01\/02\/23 JOS\u00c9 LUIS URI\u00d3STEGUI DA LA BIENVENIDA A CUERNAVACA AL NUEVO COMANDANTE DE LA 24\/a ZONA MILITAR"},"content":{"rendered":"\n<p><strong>\u2022 El presidente municipal de Cuernavaca resalt\u00f3 que seguir\u00e1n trabajando de manera coordinada con el General Antonio Ram\u00edrez Escobedo y las autoridades estatales para fortalecer la estrategia de seguridad<\/strong><\/p>\n\n\n\n<p><strong>El presidente municipal de Cuernavaca, Jos\u00e9 Luis Uri\u00f3stegui Salgado, asisti\u00f3 como anfitri\u00f3n a la toma de posesi\u00f3n y protesta de bandera del General de Brigada Diplomado de Estado Mayor, Antonio Ram\u00edrez Escobedo, quien fungir\u00e1 a partir de este 01 de febrero como Comandante de la 24\/a. Zona Militar.<\/strong><\/p>\n\n\n\n<p>La ceremonia tuvo lugar en las instalaciones de la Zona Militar en la colonia Buena Vista, encabezada por el General de Divisi\u00f3n Diplomado Estado Mayor, Ernesto Jos\u00e9 Zapata P\u00e9rez, comandante de la 1ra. Regi\u00f3n Militar y el gobernador, Cuauht\u00e9moc Blanco Bravo.<\/p>\n\n\n\n<p>Al presentarse y darle la bienvenida a la ciudad, el alcalde capitalino afirm\u00f3 que la estrecha comunicaci\u00f3n y los acuerdos establecidos dentro de los esquemas institucionales de cooperaci\u00f3n y coordinaci\u00f3n con las autoridades federales y estatales continuar\u00e1n a favor del bienestar de la poblaci\u00f3n, participando en todas las acciones tendientes a anticipar e inhibir hechos delictivos.<\/p>\n\n\n\n<p>Resalt\u00f3 que la administraci\u00f3n municipal seguir\u00e1 trabajando de manera coordinada con el nuevo mando militar para fortalecer la estrategia de seguridad, la cual est\u00e9 a\u00f1o se seguir\u00e1 priorizando a trav\u00e9s de la instalaci\u00f3n del Centro de Comando, Control, Comunicaci\u00f3n y C\u00f3mputo (C4), que se busca tenga un funcionamiento integral para mejorar e incrementar la capacidad de vigilancia y respuesta de la polic\u00eda municipal.<\/p>\n\n\n\n<p>El General de Brigada Diplomado de Estado Mayor, Antonio Ram\u00edrez Escobedo, Comandante de la 24\/a. Zona Militar, se ha desempe\u00f1ado como Comandante de unidades a nivel Secci\u00f3n, Compa\u00f1\u00eda y Batallones de Ingenieros de Combate y Comandante de las Guarniciones Militar de Matamoros, Tamaulipas y la 46\/a. Zona Militar en el Itsmo de Tehuantepec.<\/p>\n\n\n\n<p>Fue Jefe de Estado Mayor de las 6\/a. y 45\/a. Zonas Militares (Saltillo, Coahuila y Nogales en Sonora), respectivamente y de la XII Regi\u00f3n Militar en Irapuato, Guanajuato, que comprenden los estados de Guadalajara, Quer\u00e9taro y Michoac\u00e1n.<\/p>\n\n\n\n<p>Cabe mencionar que el cambio de mando en la Zona Militar se realiz\u00f3 de conformidad con la pol\u00edtica de manejo de personal de la Secretar\u00eda de la Defensa Nacional como parte de la ruta profesional dentro de la jerarquizaci\u00f3n de los diferentes niveles de mando en el instituto armado.<\/p>\n\n\n\n<p>La ceremonia cont\u00f3 con la presencia del magistrado presidente del TSJ, Jorge Gamboa Olea; el fiscal general, Uriel Carmona G\u00e1ndara; el delegado del Programa de Bienestar para el Estado de Morelos, Ra\u00fal Anaya Rojas; presidentes municipales, entre otras autoridades de los tres \u00f3rdenes de Gobierno<\/p>\n\n\n\n<figure class=\"wp-container-2 wp-block-gallery-1 wp-block-gallery has-nested-images columns-default is-cropped\">\n<figure class=\"wp-block-image size-large\"><img loading=\"lazy\" width=\"1024\" height=\"682\" data-id=\"24699\"  src=\"https:\/\/cuernavaca.gob.mx\/wp-content\/uploads\/2023\/02\/Comandante-de-la-24-Zona-Militar-cuernavaca-1-1024x682.jpg\" alt=\"\" class=\"wp-image-24699\" srcset=\"https:\/\/cuernavaca.gob.mx\/wp-content\/uploads\/2023\/02\/Comandante-de-la-24-Zona-Militar-cuernavaca-1-1024x682.jpg 1024w, https:\/\/cuernavaca.gob.mx\/wp-content\/uploads\/2023\/02\/Comandante-de-la-24-Zona-Militar-cuernavaca-1-300x200.jpg 300w, https:\/\/cuernavaca.gob.mx\/wp-content\/uploads\/2023\/02\/Comandante-de-la-24-Zona-Militar-cuernavaca-1-768x512.jpg 768w, https:\/\/cuernavaca.gob.mx\/wp-content\/uploads\/2023\/02\/Comandante-de-la-24-Zona-Militar-cuernavaca-1-1536x1023.jpg 1536w, https:\/\/cuernavaca.gob.mx\/wp-content\/uploads\/2023\/02\/Comandante-de-la-24-Zona-Militar-cuernavaca-1-600x400.jpg 600w, https:\/\/cuernavaca.gob.mx\/wp-content\/uploads\/2023\/02\/Comandante-de-la-24-Zona-Militar-cuernavaca-1-560x373.jpg 560w, https:\/\/cuernavaca.gob.mx\/wp-content\/uploads\/2023\/02\/Comandante-de-la-24-Zona-Militar-cuernavaca-1.jpg 1600w\" sizes=\"(max-width: 1024px) 100vw, 1024px\" \/><\/figure>\n\n\n\n<figure class=\"wp-block-image size-large\"><img loading=\"lazy\" width=\"1024\" height=\"669\" data-id=\"24697\"  src=\"https:\/\/cuernavaca.gob.mx\/wp-content\/uploads\/2023\/02\/Comandante-de-la-24-Zona-Militar-cuernavaca-2-1024x669.jpg\" alt=\"\" class=\"wp-image-24697\" srcset=\"https:\/\/cuernavaca.gob.mx\/wp-content\/uploads\/2023\/02\/Comandante-de-la-24-Zona-Militar-cuernavaca-2-1024x669.jpg 1024w, https:\/\/cuernavaca.gob.mx\/wp-content\/uploads\/2023\/02\/Comandante-de-la-24-Zona-Militar-cuernavaca-2-300x196.jpg 300w, https:\/\/cuernavaca.gob.mx\/wp-content\/uploads\/2023\/02\/Comandante-de-la-24-Zona-Militar-cuernavaca-2-768x502.jpg 768w, https:\/\/cuernavaca.gob.mx\/wp-content\/uploads\/2023\/02\/Comandante-de-la-24-Zona-Militar-cuernavaca-2-1536x1004.jpg 1536w, https:\/\/cuernavaca.gob.mx\/wp-content\/uploads\/2023\/02\/Comandante-de-la-24-Zona-Militar-cuernavaca-2-600x392.jpg 600w, https:\/\/cuernavaca.gob.mx\/wp-content\/uploads\/2023\/02\/Comandante-de-la-24-Zona-Militar-cuernavaca-2-560x366.jpg 560w, https:\/\/cuernavaca.gob.mx\/wp-content\/uploads\/2023\/02\/Comandante-de-la-24-Zona-Militar-cuernavaca-2.jpg 1600w\" sizes=\"(max-width: 1024px) 100vw, 1024px\" \/><\/figure>\n\n\n\n<figure class=\"wp-block-image size-large\"><img loading=\"lazy\" width=\"1024\" height=\"682\" data-id=\"24698\"  src=\"https:\/\/cuernavaca.gob.mx\/wp-content\/uploads\/2023\/02\/Comandante-de-la-24-Zona-Militar-cuernavaca-3-1024x682.jpg\" alt=\"\" class=\"wp-image-24698\" srcset=\"https:\/\/cuernavaca.gob.mx\/wp-content\/uploads\/2023\/02\/Comandante-de-la-24-Zona-Militar-cuernavaca-3-1024x682.jpg 1024w, https:\/\/cuernavaca.gob.mx\/wp-content\/uploads\/2023\/02\/Comandante-de-la-24-Zona-Militar-cuernavaca-3-300x200.jpg 300w, https:\/\/cuernavaca.gob.mx\/wp-content\/uploads\/2023\/02\/Comandante-de-la-24-Zona-Militar-cuernavaca-3-768x512.jpg 768w, https:\/\/cuernavaca.gob.mx\/wp-content\/uploads\/2023\/02\/Comandante-de-la-24-Zona-Militar-cuernavaca-3-1536x1023.jpg 1536w, https:\/\/cuernavaca.gob.mx\/wp-content\/uploads\/2023\/02\/Comandante-de-la-24-Zona-Militar-cuernavaca-3-600x400.jpg 600w, https:\/\/cuernavaca.gob.mx\/wp-content\/uploads\/2023\/02\/Comandante-de-la-24-Zona-Militar-cuernavaca-3-560x373.jpg 560w, https:\/\/cuernavaca.gob.mx\/wp-content\/uploads\/2023\/02\/Comandante-de-la-24-Zona-Militar-cuernavaca-3.jpg 1600w\" sizes=\"(max-width: 1024px) 100vw, 1024px\" \/><\/figure>\n\n\n\n<figure class=\"wp-block-image size-large\"><img loading=\"lazy\" width=\"1024\" height=\"682\" data-id=\"24701\"  src=\"https:\/\/cuernavaca.gob.mx\/wp-content\/uploads\/2023\/02\/Comandante-de-la-24-Zona-Militar-cuernavaca-4-1024x682.jpg\" alt=\"\" class=\"wp-image-24701\" srcset=\"https:\/\/cuernavaca.gob.mx\/wp-content\/uploads\/2023\/02\/Comandante-de-la-24-Zona-Militar-cuernavaca-4-1024x682.jpg 1024w, https:\/\/cuernavaca.gob.mx\/wp-content\/uploads\/2023\/02\/Comandante-de-la-24-Zona-Militar-cuernavaca-4-300x200.jpg 300w, https:\/\/cuernavaca.gob.mx\/wp-content\/uploads\/2023\/02\/Comandante-de-la-24-Zona-Militar-cuernavaca-4-768x512.jpg 768w, https:\/\/cuernavaca.gob.mx\/wp-content\/uploads\/2023\/02\/Comandante-de-la-24-Zona-Militar-cuernavaca-4-1536x1023.jpg 1536w, https:\/\/cuernavaca.gob.mx\/wp-content\/uploads\/2023\/02\/Comandante-de-la-24-Zona-Militar-cuernavaca-4-600x400.jpg 600w, https:\/\/cuernavaca.gob.mx\/wp-content\/uploads\/2023\/02\/Comandante-de-la-24-Zona-Militar-cuernavaca-4-560x373.jpg 560w, https:\/\/cuernavaca.gob.mx\/wp-content\/uploads\/2023\/02\/Comandante-de-la-24-Zona-Militar-cuernavaca-4.jpg 1600w\" sizes=\"(max-width: 1024px) 100vw, 1024px\" \/><\/figure>\n\n\n\n<figure class=\"wp-block-image size-large\"><img loading=\"lazy\" width=\"1024\" height=\"682\" data-id=\"24700\"  src=\"https:\/\/cuernavaca.gob.mx\/wp-content\/uploads\/2023\/02\/Comandante-de-la-24-Zona-Militar-cuernavaca-5-1024x682.jpg\" alt=\"\" class=\"wp-image-24700\" srcset=\"https:\/\/cuernavaca.gob.mx\/wp-content\/uploads\/2023\/02\/Comandante-de-la-24-Zona-Militar-cuernavaca-5-1024x682.jpg 1024w, https:\/\/cuernavaca.gob.mx\/wp-content\/uploads\/2023\/02\/Comandante-de-la-24-Zona-Militar-cuernavaca-5-300x200.jpg 300w, https:\/\/cuernavaca.gob.mx\/wp-content\/uploads\/2023\/02\/Comandante-de-la-24-Zona-Militar-cuernavaca-5-768x512.jpg 768w, https:\/\/cuernavaca.gob.mx\/wp-content\/uploads\/2023\/02\/Comandante-de-la-24-Zona-Militar-cuernavaca-5-1536x1023.jpg 1536w, https:\/\/cuernavaca.gob.mx\/wp-content\/uploads\/2023\/02\/Comandante-de-la-24-Zona-Militar-cuernavaca-5-600x400.jpg 600w, https:\/\/cuernavaca.gob.mx\/wp-content\/uploads\/2023\/02\/Comandante-de-la-24-Zona-Militar-cuernavaca-5-560x373.jpg 560w, https:\/\/cuernavaca.gob.mx\/wp-content\/uploads\/2023\/02\/Comandante-de-la-24-Zona-Militar-cuernavaca-5.jpg 1600w\" sizes=\"(max-width: 1024px) 100vw, 1024px\" \/><\/figure>\n\n\n\n<figure class=\"wp-block-image size-large\"><img loading=\"lazy\" width=\"1024\" height=\"682\" data-id=\"24703\"  src=\"https:\/\/cuernavaca.gob.mx\/wp-content\/uploads\/2023\/02\/Comandante-de-la-24-Zona-Militar-cuernavaca-6-1024x682.jpg\" alt=\"\" class=\"wp-image-24703\" srcset=\"https:\/\/cuernavaca.gob.mx\/wp-content\/uploads\/2023\/02\/Comandante-de-la-24-Zona-Militar-cuernavaca-6-1024x682.jpg 1024w, https:\/\/cuernavaca.gob.mx\/wp-content\/uploads\/2023\/02\/Comandante-de-la-24-Zona-Militar-cuernavaca-6-300x200.jpg 300w, https:\/\/cuernavaca.gob.mx\/wp-content\/uploads\/2023\/02\/Comandante-de-la-24-Zona-Militar-cuernavaca-6-768x512.jpg 768w, https:\/\/cuernavaca.gob.mx\/wp-content\/uploads\/2023\/02\/Comandante-de-la-24-Zona-Militar-cuernavaca-6-1536x1023.jpg 1536w, https:\/\/cuernavaca.gob.mx\/wp-content\/uploads\/2023\/02\/Comandante-de-la-24-Zona-Militar-cuernavaca-6-600x400.jpg 600w, https:\/\/cuernavaca.gob.mx\/wp-content\/uploads\/2023\/02\/Comandante-de-la-24-Zona-Militar-cuernavaca-6-560x373.jpg 560w, https:\/\/cuernavaca.gob.mx\/wp-content\/uploads\/2023\/02\/Comandante-de-la-24-Zona-Militar-cuernavaca-6.jpg 1600w\" sizes=\"(max-width: 1024px) 100vw, 1024px\" \/><\/figure>\n\n\n\n<figure class=\"wp-block-image size-large\"><img loading=\"lazy\" width=\"1024\" height=\"682\" data-id=\"24702\"  src=\"https:\/\/cuernavaca.gob.mx\/wp-content\/uploads\/2023\/02\/Comandante-de-la-24-Zona-Militar-cuernavaca-7-1024x682.jpg\" alt=\"\" class=\"wp-image-24702\" srcset=\"https:\/\/cuernavaca.gob.mx\/wp-content\/uploads\/2023\/02\/Comandante-de-la-24-Zona-Militar-cuernavaca-7-1024x682.jpg 1024w, https:\/\/cuernavaca.gob.mx\/wp-content\/uploads\/2023\/02\/Comandante-de-la-24-Zona-Militar-cuernavaca-7-300x200.jpg 300w, https:\/\/cuernavaca.gob.mx\/wp-content\/uploads\/2023\/02\/Comandante-de-la-24-Zona-Militar-cuernavaca-7-768x512.jpg 768w, https:\/\/cuernavaca.gob.mx\/wp-content\/uploads\/2023\/02\/Comandante-de-la-24-Zona-Militar-cuernavaca-7-1536x1023.jpg 1536w, https:\/\/cuernavaca.gob.mx\/wp-content\/uploads\/2023\/02\/Comandante-de-la-24-Zona-Militar-cuernavaca-7-600x400.jpg 600w, https:\/\/cuernavaca.gob.mx\/wp-content\/uploads\/2023\/02\/Comandante-de-la-24-Zona-Militar-cuernavaca-7-560x373.jpg 560w, https:\/\/cuernavaca.gob.mx\/wp-content\/uploads\/2023\/02\/Comandante-de-la-24-Zona-Militar-cuernavaca-7.jpg 1600w\" sizes=\"(max-width: 1024px) 100vw, 1024px\" \/><\/figure>\n<\/figure>\n","protected":false},"excerpt":{"rendered":"<p>\u2022 El presidente municipal de Cuernavaca resalt\u00f3 que seguir\u00e1n trabajando de manera coordinada con el General Antonio Ram\u00edrez Escobedo y las autoridades estatales para fortalecer la estrategia de seguridad El presidente municipal de Cuernavaca, Jos\u00e9 Luis Uri\u00f3stegui Salgado, asisti\u00f3 como anfitri\u00f3n a la toma de posesi\u00f3n y protesta de bandera del General de Brigada Diplomado [&hellip;]<\/p>\n","protected":false},"author":1,"featured_media":24697,"comment_status":"closed","ping_status":"open","sticky":false,"template":"","format":"standard","meta":[],"categories":[20],"tags":[121,1023,1284,120,125],"aioseo_notices":[],"_links":{"self":[{"href":"https:\/\/cuernavaca.gob.mx\/index.php?rest_route=\/wp\/v2\/posts\/24696"}],"collection":[{"href":"https:\/\/cuernavaca.gob.mx\/index.php?rest_route=\/wp\/v2\/posts"}],"about":[{"href":"https:\/\/cuernavaca.gob.mx\/index.php?rest_route=\/wp\/v2\/types\/post"}],"author":[{"embeddable":true,"href":"https:\/\/cuernavaca.gob.mx\/index.php?rest_route=\/wp\/v2\/users\/1"}],"replies":[{"embeddable":true,"href":"https:\/\/cuernavaca.gob.mx\/index.php?rest_route=%2Fwp%2Fv2%2Fcomments&post=24696"}],"version-history":[{"count":1,"href":"https:\/\/cuernavaca.gob.mx\/index.php?rest_route=\/wp\/v2\/posts\/24696\/revisions"}],"predecessor-version":[{"id":24704,"href":"https:\/\/cuernavaca.gob.mx\/index.php?rest_route=\/wp\/v2\/posts\/24696\/revisions\/24704"}],"wp:featuredmedia":[{"embeddable":true,"href":"https:\/\/cuernavaca.gob.mx\/index.php?rest_route=\/wp\/v2\/media\/24697"}],"wp:attachment":[{"href":"https:\/\/cuernavaca.gob.mx\/index.php?rest_route=%2Fwp%2Fv2%2Fmedia&parent=24696"}],"wp:term":[{"taxonomy":"category","embeddable":true,"href":"https:\/\/cuernavaca.gob.mx\/index.php?rest_route=%2Fwp%2Fv2%2Fcategories&post=24696"},{"taxonomy":"post_tag","embeddable":true,"href":"https:\/\/cuernavaca.gob.mx\/index.php?rest_route=%2Fwp%2Fv2%2Ftags&post=24696"}],"curies":[{"name":"wp","href":"https:\/\/api.w.org\/{rel}","templated":true}]}}