{"id":24811,"date":"2023-02-03T10:34:00","date_gmt":"2023-02-03T16:34:00","guid":{"rendered":"https:\/\/cuernavaca.gob.mx\/?p=24811"},"modified":"2025-05-06T12:28:05","modified_gmt":"2025-05-06T18:28:05","slug":"b711-03-02-23-ayuntamiento-de-cuernavaca-cumple-con-la-transparencia-en-el-uso-de-los-recursos-generados-por-el-pago-del-predial","status":"publish","type":"post","link":"https:\/\/cuernavaca.gob.mx\/?p=24811","title":{"rendered":"B711 03\/02\/23 AYUNTAMIENTO DE CUERNAVACA CUMPLE CON LA TRANSPARENCIA EN EL USO DE LOS RECURSOS GENERADOS POR EL PAGO DEL PREDIAL"},"content":{"rendered":"\n<p>\u2022 A trav\u00e9s del proyecto \u201cJalar Parejo\u201d en colaboraci\u00f3n con el Centro de Investigaci\u00f3n Morelos Rinde Cuentas, se promueve la rendici\u00f3n de cuentas y participaci\u00f3n ciudadana en obras y servicios p\u00fablicos<\/p>\n\n\n\n<p>\u2022 El Gobierno Municipal avanza en la aplicaci\u00f3n del 40 por ciento de lo recaudado en el predial 2023 a las zonas catastrales de la ciudad, siendo los ciudadanos quienes decidan a que ir\u00e1 orientado<\/p>\n\n\n\n<p>El Ayuntamiento de Cuernavaca ha comenzado a mejorar en solo un a\u00f1o la recaudaci\u00f3n del impuesto predial recuperando la confianza ciudadana a trav\u00e9s de la transparencia y rendici\u00f3n de cuentas en el destino de los recursos p\u00fablicos, esto fue confirmado este viernes por el presidente municipal, Jos\u00e9 Luis Uri\u00f3stegui Salgado y el Centro de Investigaci\u00f3n \u201cMorelos Rinde Cuentas\u201d, con quienes han implementado la propuesta \u201cJalar Parejo\u201d, mediante la cual se busca crear una urbe con calidad de vida y desarrollo en corresponsabilidad con sus habitantes.<\/p>\n\n\n\n<p>Al dar a conocer la primera fase del proyecto, Vera Sisniega Aspe, colaboradora de \u201cMorelos Rinde Cuentas\u201d, reconoci\u00f3 el apoyo brindando por el Gobierno Municipal desde la etapa de transici\u00f3n, al ser el primer municipio en el estado en varios a\u00f1os en darles esta apertura para ejercerlo con plenitud contemplando la participaci\u00f3n ciudadana, la rendici\u00f3n de cuentas y una manera diferente de gobernar, tomando decisiones con la poblaci\u00f3n, quienes decidir\u00e1n en que se debe invertir el 40 por ciento de lo recaudado del pago anticipado del impuesto predial 2023 en su zona catastral.<\/p>\n\n\n\n<p>En este sentido, se\u00f1al\u00f3 que tras preguntar a los contribuyentes en los meses de octubre, noviembre, diciembre y enero sobre c\u00f3mo gastar el predial por medio de una boleta, el 39.5 por ciento consider\u00f3 que deb\u00eda ser destinado para bacheo y pavimentaci\u00f3n, el 19.2 por ciento en c\u00e1maras de vigilancia, el 18.3 por ciento en agua y drenaje, el 14.7 por ciento en alumbrado y el 8.3 por ciento en embellecimiento urbano, cuestionaron que a\u00fan sigue vigente al momento de cumplir con este impuesto.<\/p>\n\n\n\n<p>Indic\u00f3 que se ha recaudado en Cuernavaca un total de 154 millones de pesos, de los cuales 61.6 millones corresponden al pago del 2023 y a la iniciativa aprobada por Cabildo de regresar el 40 por ciento a las zonas catastrales; conf\u00edo en que este a\u00f1o se podr\u00e1 mejorar la recaudaci\u00f3n con respecto al 2022 debido a que la ciudadan\u00eda puede saber a d\u00f3nde va su dinero y participa en la toma de decisiones.<\/p>\n\n\n\n<p>\u201cLa desconfianza de la ciudadan\u00eda al gobierno no se gener\u00f3 en un a\u00f1o, son a\u00f1os y a\u00f1os de desconfianza y revertir ese proceso va a tomar mucho tiempo; sin embargo, estamos poniendo las primeras piedras para que cambie y aqu\u00ed estamos comenzando a ver algunos indicios de mayor confianza en el gobierno que se refleja en una mayor recaudaci\u00f3n\u201d, afirm\u00f3.<\/p>\n\n\n\n<p>Por su lado, el Codirector del Centro de Investigaci\u00f3n, Roberto Salinas Ram\u00edrez, puntualiz\u00f3 que en los \u00faltimos siete a\u00f1os la ciudad no hab\u00eda recibido la inversi\u00f3n suficiente para que se pudiera mantener medianamente bien, ya que del 2015 al 2021 incluso hubo a\u00f1os donde no se destin\u00f3 ni un solo peso de recursos propios; si bien hubo obras fueron con recursos federales que oscilaron entre los 70 a los cien millones de pesos, siendo destinadas a ciertos sectores, por lo cual en muchas zonas de Cuernavaca no se ve\u00eda obra p\u00fablica.<\/p>\n\n\n\n<p>No obstante, destac\u00f3 que en 2022 la situaci\u00f3n cambio, al invertir 60 millones de pesos con recursos del predial, dinero que est\u00e1 regresando a las colonias y que es un est\u00edmulo para que la ciudadan\u00eda cumpla con sus obligaciones fiscales, dando como resultado este a\u00f1o una inversi\u00f3n total de casi 140 millones de pesos con los recursos destinado del Fondo de Aportaciones para la Infraestructura Social (FAIS).<\/p>\n\n\n\n<p>En su mensaje, el presidente municipal, Jos\u00e9 Luis Uri\u00f3stegui Salgado, explic\u00f3 que desde el seno del Cabildo coincidieron en la necesidad de establecer un mecanismo de comunicaci\u00f3n para que la respuesta a los problemas que planteara la ciudadan\u00eda fueran atendidos de manera inmediata, erradicando el manejo discrecional en los recursos recaudados del impuesto predial y servicios p\u00fablicos municipales, recuperando la confianza e informando a la poblaci\u00f3n de manera clara en que se invierte.<\/p>\n\n\n\n<p>Acompa\u00f1ado de la s\u00edndica municipal, Ver\u00f3nica Atenco P\u00e9rez y los regidores Paz Hern\u00e1ndez Pardo, Fernando Carrillo Alvarado y Adri\u00e1n Mart\u00ednez Terrazas, aclar\u00f3 que cuando definieron los conceptos en los cuales podr\u00eda englobarse la inversi\u00f3n del 40 por ciento tomaron en cuenta muchas opiniones y experiencias exitosas de otras ciudades en la aplicaci\u00f3n de recursos p\u00fablicos con una coordinaci\u00f3n entre la poblaci\u00f3n, como el caso de San Pedro Garza Garc\u00eda en Nuevo Le\u00f3n y Bogot\u00e1, Colombia, reuni\u00e9ndose de manera virtual con personas involucradas en estos procesos y con otras \u00e1reas.<\/p>\n\n\n\n<p>\u201cEstamos haciendo esfuerzos importantes para mejorar la aplicaci\u00f3n de recursos econ\u00f3micos, pero los m\u00e1s importante transparentamos, no queremos que haya duda acerca de los ingresos que recibe el ayuntamiento en todos sus rubros y queremos que toda la gente sepa, no solo a trav\u00e9s de la cuenta p\u00fablica que se entrega al Congreso, sino que se ocupa en contratos, adquisiciones materiales, en pago de servicios p\u00fablicos, que todo sea transparente, que no haya duda en lo que estamos gastando y todo tiene un v\u00ednculo con la actividad oficial del ayuntamiento\u201d, acot\u00f3.<\/p>\n\n\n\n<p>Jos\u00e9 Luis Uri\u00f3stegui Salgado subray\u00f3 que ser\u00e1 en el primer trimestre del a\u00f1o cuando se comiencen a ejecutar las obras p\u00fablicas de manera gradual y por medio de este trabajo de colaboraci\u00f3n con los cuernavacenses y Morelos Rinde Cuentas.<\/p>\n\n\n\n<p>En este marco, se inform\u00f3 tambi\u00e9n sobre el micrositio que se puede consultar dentro de la p\u00e1gina web del Municipio de Cuernavaca <a href=\"https:\/\/predial.cuernavaca.gob.mx\/\" title=\"\">predial.cuernavaca.gob.mx<\/a>, donde los habitantes podr\u00e1n encontrar todas estas gr\u00e1ficas presentadas por el Centro de Investigaci\u00f3n sobre la recaudaci\u00f3n y gasto del impuesto predial, as\u00ed como el comportamiento que mensualmente tendr\u00e1 cada zona catastral y colonia, lo cual se estar\u00e1 modificando a partir de que cumplan con esta obligaci\u00f3n fiscal.<\/p>\n\n\n\n<p>En la presentaci\u00f3n se cont\u00f3 con la asistencia del tesorero municipal, Javier Arozarena Salazar; el director general de Castastro e Impuesto Predial, Fernando Strebe<\/p>\n\n\n\n<figure class=\"wp-container-2 wp-block-gallery-1 wp-block-gallery has-nested-images columns-default is-cropped\">\n<figure class=\"wp-block-image size-large\"><img loading=\"lazy\" width=\"1024\" height=\"682\" data-id=\"24814\"  src=\"https:\/\/cuernavaca.gob.mx\/wp-content\/uploads\/2023\/02\/Rinde-cuentas-predial-01-1024x682.jpg\" alt=\"\" class=\"wp-image-24814\" srcset=\"https:\/\/cuernavaca.gob.mx\/wp-content\/uploads\/2023\/02\/Rinde-cuentas-predial-01-1024x682.jpg 1024w, https:\/\/cuernavaca.gob.mx\/wp-content\/uploads\/2023\/02\/Rinde-cuentas-predial-01-300x200.jpg 300w, https:\/\/cuernavaca.gob.mx\/wp-content\/uploads\/2023\/02\/Rinde-cuentas-predial-01-768x512.jpg 768w, https:\/\/cuernavaca.gob.mx\/wp-content\/uploads\/2023\/02\/Rinde-cuentas-predial-01-1536x1023.jpg 1536w, https:\/\/cuernavaca.gob.mx\/wp-content\/uploads\/2023\/02\/Rinde-cuentas-predial-01-600x400.jpg 600w, https:\/\/cuernavaca.gob.mx\/wp-content\/uploads\/2023\/02\/Rinde-cuentas-predial-01-560x373.jpg 560w, https:\/\/cuernavaca.gob.mx\/wp-content\/uploads\/2023\/02\/Rinde-cuentas-predial-01.jpg 1600w\" sizes=\"(max-width: 1024px) 100vw, 1024px\" \/><\/figure>\n\n\n\n<figure class=\"wp-block-image size-large\"><img loading=\"lazy\" width=\"1024\" height=\"682\" data-id=\"24812\"  src=\"https:\/\/cuernavaca.gob.mx\/wp-content\/uploads\/2023\/02\/Rinde-cuentas-predial-02-1024x682.jpg\" alt=\"\" class=\"wp-image-24812\" srcset=\"https:\/\/cuernavaca.gob.mx\/wp-content\/uploads\/2023\/02\/Rinde-cuentas-predial-02-1024x682.jpg 1024w, https:\/\/cuernavaca.gob.mx\/wp-content\/uploads\/2023\/02\/Rinde-cuentas-predial-02-300x200.jpg 300w, https:\/\/cuernavaca.gob.mx\/wp-content\/uploads\/2023\/02\/Rinde-cuentas-predial-02-768x512.jpg 768w, https:\/\/cuernavaca.gob.mx\/wp-content\/uploads\/2023\/02\/Rinde-cuentas-predial-02-1536x1023.jpg 1536w, https:\/\/cuernavaca.gob.mx\/wp-content\/uploads\/2023\/02\/Rinde-cuentas-predial-02-600x400.jpg 600w, https:\/\/cuernavaca.gob.mx\/wp-content\/uploads\/2023\/02\/Rinde-cuentas-predial-02-560x373.jpg 560w, https:\/\/cuernavaca.gob.mx\/wp-content\/uploads\/2023\/02\/Rinde-cuentas-predial-02.jpg 1600w\" sizes=\"(max-width: 1024px) 100vw, 1024px\" \/><\/figure>\n\n\n\n<figure class=\"wp-block-image size-large\"><img loading=\"lazy\" width=\"1024\" height=\"682\" data-id=\"24817\"  src=\"https:\/\/cuernavaca.gob.mx\/wp-content\/uploads\/2023\/02\/Rinde-cuentas-predial-03-1024x682.jpg\" alt=\"\" class=\"wp-image-24817\" srcset=\"https:\/\/cuernavaca.gob.mx\/wp-content\/uploads\/2023\/02\/Rinde-cuentas-predial-03-1024x682.jpg 1024w, https:\/\/cuernavaca.gob.mx\/wp-content\/uploads\/2023\/02\/Rinde-cuentas-predial-03-300x200.jpg 300w, https:\/\/cuernavaca.gob.mx\/wp-content\/uploads\/2023\/02\/Rinde-cuentas-predial-03-768x512.jpg 768w, https:\/\/cuernavaca.gob.mx\/wp-content\/uploads\/2023\/02\/Rinde-cuentas-predial-03-1536x1023.jpg 1536w, https:\/\/cuernavaca.gob.mx\/wp-content\/uploads\/2023\/02\/Rinde-cuentas-predial-03-600x400.jpg 600w, https:\/\/cuernavaca.gob.mx\/wp-content\/uploads\/2023\/02\/Rinde-cuentas-predial-03-560x373.jpg 560w, https:\/\/cuernavaca.gob.mx\/wp-content\/uploads\/2023\/02\/Rinde-cuentas-predial-03.jpg 1600w\" sizes=\"(max-width: 1024px) 100vw, 1024px\" \/><\/figure>\n\n\n\n<figure class=\"wp-block-image size-large\"><img loading=\"lazy\" width=\"1024\" height=\"682\" data-id=\"24816\"  src=\"https:\/\/cuernavaca.gob.mx\/wp-content\/uploads\/2023\/02\/Rinde-cuentas-predial-04-1024x682.jpg\" alt=\"\" class=\"wp-image-24816\" srcset=\"https:\/\/cuernavaca.gob.mx\/wp-content\/uploads\/2023\/02\/Rinde-cuentas-predial-04-1024x682.jpg 1024w, https:\/\/cuernavaca.gob.mx\/wp-content\/uploads\/2023\/02\/Rinde-cuentas-predial-04-300x200.jpg 300w, https:\/\/cuernavaca.gob.mx\/wp-content\/uploads\/2023\/02\/Rinde-cuentas-predial-04-768x512.jpg 768w, https:\/\/cuernavaca.gob.mx\/wp-content\/uploads\/2023\/02\/Rinde-cuentas-predial-04-1536x1023.jpg 1536w, https:\/\/cuernavaca.gob.mx\/wp-content\/uploads\/2023\/02\/Rinde-cuentas-predial-04-600x400.jpg 600w, https:\/\/cuernavaca.gob.mx\/wp-content\/uploads\/2023\/02\/Rinde-cuentas-predial-04-560x373.jpg 560w, https:\/\/cuernavaca.gob.mx\/wp-content\/uploads\/2023\/02\/Rinde-cuentas-predial-04.jpg 1600w\" sizes=\"(max-width: 1024px) 100vw, 1024px\" \/><\/figure>\n\n\n\n<figure class=\"wp-block-image size-large\"><img loading=\"lazy\" width=\"1024\" height=\"682\" data-id=\"24813\"  src=\"https:\/\/cuernavaca.gob.mx\/wp-content\/uploads\/2023\/02\/Rinde-cuentas-predial-05-1024x682.jpg\" alt=\"\" class=\"wp-image-24813\" srcset=\"https:\/\/cuernavaca.gob.mx\/wp-content\/uploads\/2023\/02\/Rinde-cuentas-predial-05-1024x682.jpg 1024w, https:\/\/cuernavaca.gob.mx\/wp-content\/uploads\/2023\/02\/Rinde-cuentas-predial-05-300x200.jpg 300w, https:\/\/cuernavaca.gob.mx\/wp-content\/uploads\/2023\/02\/Rinde-cuentas-predial-05-768x512.jpg 768w, https:\/\/cuernavaca.gob.mx\/wp-content\/uploads\/2023\/02\/Rinde-cuentas-predial-05-1536x1023.jpg 1536w, https:\/\/cuernavaca.gob.mx\/wp-content\/uploads\/2023\/02\/Rinde-cuentas-predial-05-600x400.jpg 600w, https:\/\/cuernavaca.gob.mx\/wp-content\/uploads\/2023\/02\/Rinde-cuentas-predial-05-560x373.jpg 560w, https:\/\/cuernavaca.gob.mx\/wp-content\/uploads\/2023\/02\/Rinde-cuentas-predial-05.jpg 1600w\" sizes=\"(max-width: 1024px) 100vw, 1024px\" \/><\/figure>\n\n\n\n<figure class=\"wp-block-image size-large\"><img loading=\"lazy\" width=\"1024\" height=\"682\" data-id=\"24815\"  src=\"https:\/\/cuernavaca.gob.mx\/wp-content\/uploads\/2023\/02\/Rinde-cuentas-predial-06-1024x682.jpg\" alt=\"\" class=\"wp-image-24815\" srcset=\"https:\/\/cuernavaca.gob.mx\/wp-content\/uploads\/2023\/02\/Rinde-cuentas-predial-06-1024x682.jpg 1024w, https:\/\/cuernavaca.gob.mx\/wp-content\/uploads\/2023\/02\/Rinde-cuentas-predial-06-300x200.jpg 300w, https:\/\/cuernavaca.gob.mx\/wp-content\/uploads\/2023\/02\/Rinde-cuentas-predial-06-768x512.jpg 768w, https:\/\/cuernavaca.gob.mx\/wp-content\/uploads\/2023\/02\/Rinde-cuentas-predial-06-1536x1023.jpg 1536w, https:\/\/cuernavaca.gob.mx\/wp-content\/uploads\/2023\/02\/Rinde-cuentas-predial-06-600x400.jpg 600w, https:\/\/cuernavaca.gob.mx\/wp-content\/uploads\/2023\/02\/Rinde-cuentas-predial-06-560x373.jpg 560w, https:\/\/cuernavaca.gob.mx\/wp-content\/uploads\/2023\/02\/Rinde-cuentas-predial-06.jpg 1600w\" sizes=\"(max-width: 1024px) 100vw, 1024px\" \/><\/figure>\n\n\n\n<figure class=\"wp-block-image size-large\"><img loading=\"lazy\" width=\"1024\" height=\"682\" data-id=\"24818\"  src=\"https:\/\/cuernavaca.gob.mx\/wp-content\/uploads\/2023\/02\/Rinde-cuentas-predial-07-1024x682.jpg\" alt=\"\" class=\"wp-image-24818\" srcset=\"https:\/\/cuernavaca.gob.mx\/wp-content\/uploads\/2023\/02\/Rinde-cuentas-predial-07-1024x682.jpg 1024w, https:\/\/cuernavaca.gob.mx\/wp-content\/uploads\/2023\/02\/Rinde-cuentas-predial-07-300x200.jpg 300w, https:\/\/cuernavaca.gob.mx\/wp-content\/uploads\/2023\/02\/Rinde-cuentas-predial-07-768x512.jpg 768w, https:\/\/cuernavaca.gob.mx\/wp-content\/uploads\/2023\/02\/Rinde-cuentas-predial-07-1536x1023.jpg 1536w, https:\/\/cuernavaca.gob.mx\/wp-content\/uploads\/2023\/02\/Rinde-cuentas-predial-07-600x400.jpg 600w, https:\/\/cuernavaca.gob.mx\/wp-content\/uploads\/2023\/02\/Rinde-cuentas-predial-07-560x373.jpg 560w, https:\/\/cuernavaca.gob.mx\/wp-content\/uploads\/2023\/02\/Rinde-cuentas-predial-07.jpg 1600w\" sizes=\"(max-width: 1024px) 100vw, 1024px\" \/><\/figure>\n<\/figure>\n","protected":false},"excerpt":{"rendered":"<p>\u2022 A trav\u00e9s del proyecto \u201cJalar Parejo\u201d en colaboraci\u00f3n con el Centro de Investigaci\u00f3n Morelos Rinde Cuentas, se promueve la rendici\u00f3n de cuentas y participaci\u00f3n ciudadana en obras y servicios p\u00fablicos \u2022 El Gobierno Municipal avanza en la aplicaci\u00f3n del 40 por ciento de lo recaudado en el predial 2023 a las zonas catastrales de [&hellip;]<\/p>\n","protected":false},"author":1,"featured_media":24815,"comment_status":"closed","ping_status":"closed","sticky":false,"template":"","format":"standard","meta":[],"categories":[2294,20],"tags":[121,120,478,137,2885,1727],"aioseo_notices":[],"_links":{"self":[{"href":"https:\/\/cuernavaca.gob.mx\/index.php?rest_route=\/wp\/v2\/posts\/24811"}],"collection":[{"href":"https:\/\/cuernavaca.gob.mx\/index.php?rest_route=\/wp\/v2\/posts"}],"about":[{"href":"https:\/\/cuernavaca.gob.mx\/index.php?rest_route=\/wp\/v2\/types\/post"}],"author":[{"embeddable":true,"href":"https:\/\/cuernavaca.gob.mx\/index.php?rest_route=\/wp\/v2\/users\/1"}],"replies":[{"embeddable":true,"href":"https:\/\/cuernavaca.gob.mx\/index.php?rest_route=%2Fwp%2Fv2%2Fcomments&post=24811"}],"version-history":[{"count":2,"href":"https:\/\/cuernavaca.gob.mx\/index.php?rest_route=\/wp\/v2\/posts\/24811\/revisions"}],"predecessor-version":[{"id":24820,"href":"https:\/\/cuernavaca.gob.mx\/index.php?rest_route=\/wp\/v2\/posts\/24811\/revisions\/24820"}],"wp:featuredmedia":[{"embeddable":true,"href":"https:\/\/cuernavaca.gob.mx\/index.php?rest_route=\/wp\/v2\/media\/24815"}],"wp:attachment":[{"href":"https:\/\/cuernavaca.gob.mx\/index.php?rest_route=%2Fwp%2Fv2%2Fmedia&parent=24811"}],"wp:term":[{"taxonomy":"category","embeddable":true,"href":"https:\/\/cuernavaca.gob.mx\/index.php?rest_route=%2Fwp%2Fv2%2Fcategories&post=24811"},{"taxonomy":"post_tag","embeddable":true,"href":"https:\/\/cuernavaca.gob.mx\/index.php?rest_route=%2Fwp%2Fv2%2Ftags&post=24811"}],"curies":[{"name":"wp","href":"https:\/\/api.w.org\/{rel}","templated":true}]}}