{"id":24827,"date":"2023-02-04T15:30:00","date_gmt":"2023-02-04T21:30:00","guid":{"rendered":"https:\/\/cuernavaca.gob.mx\/?p=24827"},"modified":"2025-05-06T12:28:04","modified_gmt":"2025-05-06T18:28:04","slug":"b713-04-02-23","status":"publish","type":"post","link":"https:\/\/cuernavaca.gob.mx\/?p=24827","title":{"rendered":"B713 04\/02\/23 CUERNAVACA RENACE CON M\u00c1S INVERSIONES Y DEPORTE, ALBERGANDO EL TORNEO ESTATAL DE P\u00c1DEL MORELOS 2023"},"content":{"rendered":"\n<p><strong>\u2022 El presidente municipal de Cuernavaca, Jos\u00e9 Luis Uri\u00f3stegui asisti\u00f3 como invitado especial a la final del 1er. Torneo Estatal de P\u00e1del Morelos 2023 de la Federaci\u00f3n Mexicana de P\u00e1del<\/strong><\/p>\n\n\n\n<p><strong>\u2022 Cuernavaca cuenta con uno de los clubes deportivos de p\u00e1del m\u00e1s bonitos en el mundo, que refleja a la Eterna Primavera con vegetaci\u00f3n y canchas de clase mundial, +3 P\u00e1del Academy<\/strong><\/p>\n\n\n\n<p>El presidente municipal de Cuernavaca, Jos\u00e9 Luis Uri\u00f3stegui Salgado, asisti\u00f3 como invitado especial a la final del 1er. Torneo Estatal de P\u00e1del Morelos 2023 de la Federaci\u00f3n Mexicana de P\u00e1del, que tuvo como sede +3 P\u00e1del Academy en la ciudad de la Eterna Primavera, el cual reuni\u00f3 a miembros de familias enteras de todas las edades, a quienes les deseo \u00e9xito en las competencias venideras, resaltando la gran importancia que ha tomado esta pr\u00e1ctica para generar comunidad y reconstruir el tejido social.<\/p>\n\n\n\n<p>Acompa\u00f1ado de Mario Estrada Gonz\u00e1lez, Ricardo Estrada Gonz\u00e1lez y Agust\u00edn Castro Ben\u00edtez de +3 Padel Academy, el alcalde recorri\u00f3 este nuevo complejo deportivo, el cual cuenta con cuatro canchas de clase mundial hechas por la empresa P\u00e1del Galis, fabricante de la cancha oficial del World Padel Tour, lo que, sumado al clima y vegetaci\u00f3n de Cuernavaca, en poco tiempo ha logrado posicionarlo como uno de los clubes deportivos en esta rama m\u00e1s bonitos del mundo.<\/p>\n\n\n\n<p>Jos\u00e9 Luis Uri\u00f3stegui celebr\u00f3 que este tipo de inversiones lleguen a la ciudad, ya que abonan a la generaci\u00f3n de espacios que promuevan el deporte entre todas las edades con infraestructura de alta calidad donde la poblaci\u00f3n pueda convivir en familia y comunidad, incidiendo en la reconstrucci\u00f3n del tejido social a trav\u00e9s de un deporte que es cien por ciento mexicano.<\/p>\n\n\n\n<p>Por su lado, Agust\u00edn Castro Ben\u00edtez, expres\u00f3 que el p\u00e1del es un deporte interesante para terminar con las brechas generacionales, puesto que une a familias, espacios y crea momentos como el Torneo Estatal en Cuernavaca, el primero de varios que se realizar\u00e1n a nivel nacional e internacional, teniendo este \u00faltimo como sede Espa\u00f1a.<\/p>\n\n\n\n<p>&#8220;Esto es Cuernavaca, espacios como estos, con vegetaci\u00f3n, con ni\u00f1os y adultos divirti\u00e9ndose, es lo que queremos que se retome en la ciudad. Estamos generando deporte, cultura, generando que los ni\u00f1os tengan espacios donde divertirse, alejarse un poquito del tema de los vicios y el tema de los electr\u00f3nicos para poder tener deporte y cultura en espacios recreativos dentro del propio municipio&#8221;, expres\u00f3.<\/p>\n\n\n\n<p>El empresario agradeci\u00f3 el apoyo obtenido por parte de la administraci\u00f3n municipal que ha simplificado los tr\u00e1mites para que sea m\u00e1s f\u00e1cil invertir en la capital morelense, buscando que renazca con deporte, cultura y comunicaci\u00f3n, pilares fundamentales para que Cuernavaca vuelva a ser como lo era antes.<\/p>\n\n\n\n<p>Las canchas de +3 Padel Academy se ubica en calle Sonora 726, colonia Vista Hermosa en Cuernavaca. En Instagram se encuentra bajo el mismo nombre.<\/p>\n\n\n\n<figure class=\"wp-container-2 wp-block-gallery-1 wp-block-gallery has-nested-images columns-default is-cropped\">\n<figure class=\"wp-block-image size-large\"><img loading=\"lazy\" width=\"1024\" height=\"682\" data-id=\"24832\"  src=\"https:\/\/cuernavaca.gob.mx\/wp-content\/uploads\/2023\/02\/padel-cuernavaca-1-1024x682.jpeg\" alt=\"\" class=\"wp-image-24832\" srcset=\"https:\/\/cuernavaca.gob.mx\/wp-content\/uploads\/2023\/02\/padel-cuernavaca-1-1024x682.jpeg 1024w, https:\/\/cuernavaca.gob.mx\/wp-content\/uploads\/2023\/02\/padel-cuernavaca-1-300x200.jpeg 300w, https:\/\/cuernavaca.gob.mx\/wp-content\/uploads\/2023\/02\/padel-cuernavaca-1-768x512.jpeg 768w, https:\/\/cuernavaca.gob.mx\/wp-content\/uploads\/2023\/02\/padel-cuernavaca-1-1536x1023.jpeg 1536w, https:\/\/cuernavaca.gob.mx\/wp-content\/uploads\/2023\/02\/padel-cuernavaca-1-600x400.jpeg 600w, https:\/\/cuernavaca.gob.mx\/wp-content\/uploads\/2023\/02\/padel-cuernavaca-1-560x373.jpeg 560w, https:\/\/cuernavaca.gob.mx\/wp-content\/uploads\/2023\/02\/padel-cuernavaca-1.jpeg 1600w\" sizes=\"(max-width: 1024px) 100vw, 1024px\" \/><\/figure>\n\n\n\n<figure class=\"wp-block-image size-large\"><img loading=\"lazy\" width=\"1024\" height=\"682\" data-id=\"24833\"  src=\"https:\/\/cuernavaca.gob.mx\/wp-content\/uploads\/2023\/02\/padel-cuernavaca-2-1024x682.jpeg\" alt=\"\" class=\"wp-image-24833\" srcset=\"https:\/\/cuernavaca.gob.mx\/wp-content\/uploads\/2023\/02\/padel-cuernavaca-2-1024x682.jpeg 1024w, https:\/\/cuernavaca.gob.mx\/wp-content\/uploads\/2023\/02\/padel-cuernavaca-2-300x200.jpeg 300w, https:\/\/cuernavaca.gob.mx\/wp-content\/uploads\/2023\/02\/padel-cuernavaca-2-768x512.jpeg 768w, https:\/\/cuernavaca.gob.mx\/wp-content\/uploads\/2023\/02\/padel-cuernavaca-2-1536x1023.jpeg 1536w, https:\/\/cuernavaca.gob.mx\/wp-content\/uploads\/2023\/02\/padel-cuernavaca-2-600x400.jpeg 600w, https:\/\/cuernavaca.gob.mx\/wp-content\/uploads\/2023\/02\/padel-cuernavaca-2-560x373.jpeg 560w, https:\/\/cuernavaca.gob.mx\/wp-content\/uploads\/2023\/02\/padel-cuernavaca-2.jpeg 1600w\" sizes=\"(max-width: 1024px) 100vw, 1024px\" \/><\/figure>\n\n\n\n<figure class=\"wp-block-image size-large\"><img loading=\"lazy\" width=\"1024\" height=\"682\" data-id=\"24835\"  src=\"https:\/\/cuernavaca.gob.mx\/wp-content\/uploads\/2023\/02\/padel-cuernavaca-3-1024x682.jpeg\" alt=\"\" class=\"wp-image-24835\" srcset=\"https:\/\/cuernavaca.gob.mx\/wp-content\/uploads\/2023\/02\/padel-cuernavaca-3-1024x682.jpeg 1024w, https:\/\/cuernavaca.gob.mx\/wp-content\/uploads\/2023\/02\/padel-cuernavaca-3-300x200.jpeg 300w, https:\/\/cuernavaca.gob.mx\/wp-content\/uploads\/2023\/02\/padel-cuernavaca-3-768x512.jpeg 768w, https:\/\/cuernavaca.gob.mx\/wp-content\/uploads\/2023\/02\/padel-cuernavaca-3-1536x1023.jpeg 1536w, https:\/\/cuernavaca.gob.mx\/wp-content\/uploads\/2023\/02\/padel-cuernavaca-3-600x400.jpeg 600w, https:\/\/cuernavaca.gob.mx\/wp-content\/uploads\/2023\/02\/padel-cuernavaca-3-560x373.jpeg 560w, https:\/\/cuernavaca.gob.mx\/wp-content\/uploads\/2023\/02\/padel-cuernavaca-3.jpeg 1600w\" sizes=\"(max-width: 1024px) 100vw, 1024px\" \/><\/figure>\n\n\n\n<figure class=\"wp-block-image size-large\"><img loading=\"lazy\" width=\"1024\" height=\"682\" data-id=\"24829\"  src=\"https:\/\/cuernavaca.gob.mx\/wp-content\/uploads\/2023\/02\/padel-cuernavaca-4-1024x682.jpeg\" alt=\"\" class=\"wp-image-24829\" srcset=\"https:\/\/cuernavaca.gob.mx\/wp-content\/uploads\/2023\/02\/padel-cuernavaca-4-1024x682.jpeg 1024w, https:\/\/cuernavaca.gob.mx\/wp-content\/uploads\/2023\/02\/padel-cuernavaca-4-300x200.jpeg 300w, https:\/\/cuernavaca.gob.mx\/wp-content\/uploads\/2023\/02\/padel-cuernavaca-4-768x512.jpeg 768w, https:\/\/cuernavaca.gob.mx\/wp-content\/uploads\/2023\/02\/padel-cuernavaca-4-1536x1023.jpeg 1536w, https:\/\/cuernavaca.gob.mx\/wp-content\/uploads\/2023\/02\/padel-cuernavaca-4-600x400.jpeg 600w, https:\/\/cuernavaca.gob.mx\/wp-content\/uploads\/2023\/02\/padel-cuernavaca-4-560x373.jpeg 560w, https:\/\/cuernavaca.gob.mx\/wp-content\/uploads\/2023\/02\/padel-cuernavaca-4.jpeg 1600w\" sizes=\"(max-width: 1024px) 100vw, 1024px\" \/><\/figure>\n\n\n\n<figure class=\"wp-block-image size-large\"><img loading=\"lazy\" width=\"1024\" height=\"682\" data-id=\"24830\"  src=\"https:\/\/cuernavaca.gob.mx\/wp-content\/uploads\/2023\/02\/padel-cuernavaca-5-1024x682.jpeg\" alt=\"\" class=\"wp-image-24830\" srcset=\"https:\/\/cuernavaca.gob.mx\/wp-content\/uploads\/2023\/02\/padel-cuernavaca-5-1024x682.jpeg 1024w, https:\/\/cuernavaca.gob.mx\/wp-content\/uploads\/2023\/02\/padel-cuernavaca-5-300x200.jpeg 300w, https:\/\/cuernavaca.gob.mx\/wp-content\/uploads\/2023\/02\/padel-cuernavaca-5-768x512.jpeg 768w, https:\/\/cuernavaca.gob.mx\/wp-content\/uploads\/2023\/02\/padel-cuernavaca-5-1536x1023.jpeg 1536w, https:\/\/cuernavaca.gob.mx\/wp-content\/uploads\/2023\/02\/padel-cuernavaca-5-600x400.jpeg 600w, https:\/\/cuernavaca.gob.mx\/wp-content\/uploads\/2023\/02\/padel-cuernavaca-5-560x373.jpeg 560w, https:\/\/cuernavaca.gob.mx\/wp-content\/uploads\/2023\/02\/padel-cuernavaca-5.jpeg 1600w\" sizes=\"(max-width: 1024px) 100vw, 1024px\" \/><\/figure>\n\n\n\n<figure class=\"wp-block-image size-large\"><img loading=\"lazy\" width=\"1024\" height=\"682\" data-id=\"24834\"  src=\"https:\/\/cuernavaca.gob.mx\/wp-content\/uploads\/2023\/02\/padel-cuernavaca-6-1024x682.jpeg\" alt=\"\" class=\"wp-image-24834\" srcset=\"https:\/\/cuernavaca.gob.mx\/wp-content\/uploads\/2023\/02\/padel-cuernavaca-6-1024x682.jpeg 1024w, https:\/\/cuernavaca.gob.mx\/wp-content\/uploads\/2023\/02\/padel-cuernavaca-6-300x200.jpeg 300w, https:\/\/cuernavaca.gob.mx\/wp-content\/uploads\/2023\/02\/padel-cuernavaca-6-768x512.jpeg 768w, https:\/\/cuernavaca.gob.mx\/wp-content\/uploads\/2023\/02\/padel-cuernavaca-6-1536x1023.jpeg 1536w, https:\/\/cuernavaca.gob.mx\/wp-content\/uploads\/2023\/02\/padel-cuernavaca-6-600x400.jpeg 600w, https:\/\/cuernavaca.gob.mx\/wp-content\/uploads\/2023\/02\/padel-cuernavaca-6-560x373.jpeg 560w, https:\/\/cuernavaca.gob.mx\/wp-content\/uploads\/2023\/02\/padel-cuernavaca-6.jpeg 1600w\" sizes=\"(max-width: 1024px) 100vw, 1024px\" \/><\/figure>\n\n\n\n<figure class=\"wp-block-image size-large\"><img loading=\"lazy\" width=\"1024\" height=\"682\" data-id=\"24828\"  src=\"https:\/\/cuernavaca.gob.mx\/wp-content\/uploads\/2023\/02\/padel-cuernavaca-7-1024x682.jpeg\" alt=\"\" class=\"wp-image-24828\" srcset=\"https:\/\/cuernavaca.gob.mx\/wp-content\/uploads\/2023\/02\/padel-cuernavaca-7-1024x682.jpeg 1024w, https:\/\/cuernavaca.gob.mx\/wp-content\/uploads\/2023\/02\/padel-cuernavaca-7-300x200.jpeg 300w, https:\/\/cuernavaca.gob.mx\/wp-content\/uploads\/2023\/02\/padel-cuernavaca-7-768x512.jpeg 768w, https:\/\/cuernavaca.gob.mx\/wp-content\/uploads\/2023\/02\/padel-cuernavaca-7-1536x1023.jpeg 1536w, https:\/\/cuernavaca.gob.mx\/wp-content\/uploads\/2023\/02\/padel-cuernavaca-7-600x400.jpeg 600w, https:\/\/cuernavaca.gob.mx\/wp-content\/uploads\/2023\/02\/padel-cuernavaca-7-560x373.jpeg 560w, https:\/\/cuernavaca.gob.mx\/wp-content\/uploads\/2023\/02\/padel-cuernavaca-7.jpeg 1600w\" sizes=\"(max-width: 1024px) 100vw, 1024px\" \/><\/figure>\n\n\n\n<figure class=\"wp-block-image size-large\"><img loading=\"lazy\" width=\"1024\" height=\"682\" data-id=\"24831\"  src=\"https:\/\/cuernavaca.gob.mx\/wp-content\/uploads\/2023\/02\/padel-cuernavaca-8-1024x682.jpeg\" alt=\"\" class=\"wp-image-24831\" srcset=\"https:\/\/cuernavaca.gob.mx\/wp-content\/uploads\/2023\/02\/padel-cuernavaca-8-1024x682.jpeg 1024w, https:\/\/cuernavaca.gob.mx\/wp-content\/uploads\/2023\/02\/padel-cuernavaca-8-300x200.jpeg 300w, https:\/\/cuernavaca.gob.mx\/wp-content\/uploads\/2023\/02\/padel-cuernavaca-8-768x512.jpeg 768w, https:\/\/cuernavaca.gob.mx\/wp-content\/uploads\/2023\/02\/padel-cuernavaca-8-1536x1023.jpeg 1536w, https:\/\/cuernavaca.gob.mx\/wp-content\/uploads\/2023\/02\/padel-cuernavaca-8-600x400.jpeg 600w, https:\/\/cuernavaca.gob.mx\/wp-content\/uploads\/2023\/02\/padel-cuernavaca-8-560x373.jpeg 560w, https:\/\/cuernavaca.gob.mx\/wp-content\/uploads\/2023\/02\/padel-cuernavaca-8.jpeg 1600w\" sizes=\"(max-width: 1024px) 100vw, 1024px\" \/><\/figure>\n<\/figure>\n","protected":false},"excerpt":{"rendered":"<p>\u2022 El presidente municipal de Cuernavaca, Jos\u00e9 Luis Uri\u00f3stegui asisti\u00f3 como invitado especial a la final del 1er. Torneo Estatal de P\u00e1del Morelos 2023 de la Federaci\u00f3n Mexicana de P\u00e1del \u2022 Cuernavaca cuenta con uno de los clubes deportivos de p\u00e1del m\u00e1s bonitos en el mundo, que refleja a la Eterna Primavera con vegetaci\u00f3n y [&hellip;]<\/p>\n","protected":false},"author":1,"featured_media":24833,"comment_status":"closed","ping_status":"open","sticky":false,"template":"","format":"standard","meta":[],"categories":[314],"tags":[121,313,895,2337,120,206,194],"aioseo_notices":[],"_links":{"self":[{"href":"https:\/\/cuernavaca.gob.mx\/index.php?rest_route=\/wp\/v2\/posts\/24827"}],"collection":[{"href":"https:\/\/cuernavaca.gob.mx\/index.php?rest_route=\/wp\/v2\/posts"}],"about":[{"href":"https:\/\/cuernavaca.gob.mx\/index.php?rest_route=\/wp\/v2\/types\/post"}],"author":[{"embeddable":true,"href":"https:\/\/cuernavaca.gob.mx\/index.php?rest_route=\/wp\/v2\/users\/1"}],"replies":[{"embeddable":true,"href":"https:\/\/cuernavaca.gob.mx\/index.php?rest_route=%2Fwp%2Fv2%2Fcomments&post=24827"}],"version-history":[{"count":2,"href":"https:\/\/cuernavaca.gob.mx\/index.php?rest_route=\/wp\/v2\/posts\/24827\/revisions"}],"predecessor-version":[{"id":24853,"href":"https:\/\/cuernavaca.gob.mx\/index.php?rest_route=\/wp\/v2\/posts\/24827\/revisions\/24853"}],"wp:featuredmedia":[{"embeddable":true,"href":"https:\/\/cuernavaca.gob.mx\/index.php?rest_route=\/wp\/v2\/media\/24833"}],"wp:attachment":[{"href":"https:\/\/cuernavaca.gob.mx\/index.php?rest_route=%2Fwp%2Fv2%2Fmedia&parent=24827"}],"wp:term":[{"taxonomy":"category","embeddable":true,"href":"https:\/\/cuernavaca.gob.mx\/index.php?rest_route=%2Fwp%2Fv2%2Fcategories&post=24827"},{"taxonomy":"post_tag","embeddable":true,"href":"https:\/\/cuernavaca.gob.mx\/index.php?rest_route=%2Fwp%2Fv2%2Ftags&post=24827"}],"curies":[{"name":"wp","href":"https:\/\/api.w.org\/{rel}","templated":true}]}}