{"id":24837,"date":"2023-02-04T15:45:00","date_gmt":"2023-02-04T21:45:00","guid":{"rendered":"https:\/\/cuernavaca.gob.mx\/?p=24837"},"modified":"2025-05-06T12:28:04","modified_gmt":"2025-05-06T18:28:04","slug":"b714-04-02-23-analiza-cabildo-de-cuernavaca-adecuaciones-reglamentarias-para-la-activacion-economica-del-municipio","status":"publish","type":"post","link":"https:\/\/cuernavaca.gob.mx\/?p=24837","title":{"rendered":"B714 04\/02\/23 ANALIZA CABILDO DE CUERNAVACA ADECUACIONES REGLAMENTARIAS PARA LA ACTIVACI\u00d3N ECON\u00d3MICA DEL MUNICIPIO"},"content":{"rendered":"\n<ul><li><strong>Se propone la creaci\u00f3n de un instrumento jur\u00eddico, claro y sencillo que simplifique la instalaci\u00f3n de empresas en la ciudad<\/strong><\/li><\/ul>\n\n\n\n<p>Con el objetivo de facilitar la inversi\u00f3n en Cuernavaca, el regidor Adri\u00e1n Mart\u00ednez Terrazas present\u00f3 una iniciativa por la que se expide el Reglamento para las Actividades Econ\u00f3micas del Municipio que prioriza las necesidades particulares sobre las formalidades burocr\u00e1ticas, a fin de que la ciudad renazca con crecimiento econ\u00f3mico y altos \u00edndices de competitividad. &nbsp;<\/p>\n\n\n\n<p>En sesi\u00f3n ordinaria de Cabildo, explic\u00f3 que esta norma contempla reformas y adiciones a diversas disposiciones del Reglamento para Regular la Venta, Distribuci\u00f3n y Consumo de Alcohol, as\u00ed como reformas al art\u00edculo 72 del Reglamento de Mejora Regulatoria de Cuernavaca, buscando ofrecer a los ciudadanos que deseen iniciar sus actividades econ\u00f3micas, un instrumento jur\u00eddico, claro, sencillo y que simplifique la instalaci\u00f3n de empresas con una reingenier\u00eda en los procesos, giros y requisitos.<\/p>\n\n\n\n<p>Indic\u00f3 que de acuerdo con datos del INEGI en Cuernavaca el sector que mayor abunda es el comercio al por menor y de servicios que cuenta con el 85 por ciento de las actividades econ\u00f3micas en gran parte debido a que para obtener una licencia de funcionamiento se les requieren menos requisitos que para los de mayor impacto o industriales, requisitos que, de un an\u00e1lisis jur\u00eddico y hermen\u00e9utico, no tiene por qu\u00e9 influir en la emisi\u00f3n de una licencia de funcionamiento.<\/p>\n\n\n\n<p>Por ello, entre las propuestas que incluye la iniciativa se encuentra la ampliaci\u00f3n de los beneficios del Sistema de Apertura R\u00e1pida de Empresas (SARE) a m\u00e1s actividades econ\u00f3micas de menor y mediano impacto, realizando una divisi\u00f3n de giros que atiendan, no solo a un impacto urbano, sino tambi\u00e9n ambiental y de seguridad para las personas; la reducci\u00f3n del refrendo a un solo aviso de vigencia y que pueda ser realizado totalmente en l\u00ednea.<\/p>\n\n\n\n<p>Asimismo, destinar el actual Centro de Atenci\u00f3n Empresarial Morelense (CAEM) al Centro de Articulaci\u00f3n de Negocios para que ofrezca adem\u00e1s de asesor\u00eda para obtener la licencia de funcionamiento, asesor\u00eda fiscal, financiamiento p\u00fablico, asesor\u00eda en materia de registro de marcas, entre otros rubros mediante convenios con otros sectores, que pueden dar m\u00e1s permanencia a las actividades econ\u00f3micas en la ciudad.<\/p>\n\n\n\n<p>Desde una perspectiva de desarrollo econ\u00f3mico incluyente, Mart\u00ednez Terrazas plante\u00f3 sumar al Reglamento para Regular la Venta, Distribuci\u00f3n y Consumo de Alcohol los giros de boutique de cerveza artesanal, microcervecer\u00eda y sala de degustaci\u00f3n para la venta exclusiva de cerveza artesanal, a fin de darle una mayor competitividad entre las unidades econ\u00f3micas a este sector que ha tenido un mayor realce en el municipio, una especializaci\u00f3n y capacitaci\u00f3n de las personas que estudian a nivel universitario o an\u00e1logas, carreras en materia de bebidas, creando con ello un escenario para facilitar los negocios y un \u00edndice de empleo m\u00e1s alto, que resulte atractivo para la poblaci\u00f3n local y externa, fortaleciendo as\u00ed el turismo.<\/p>\n\n\n\n<p>El presidente municipal, Jos\u00e9 Luis Uri\u00f3stegui Salgado, celebr\u00f3 la iniciativa, resaltando que la disminuci\u00f3n de plazos en el otorgamiento de licencias en giros que no ameritan ni dictamen de Protecci\u00f3n Civil ni una supervisi\u00f3n directa de instalaciones, pueden agilizar la inversi\u00f3n y la aplicaci\u00f3n de recursos para generar ingresos a las familias.<\/p>\n\n\n\n<figure class=\"wp-container-2 wp-block-gallery-1 wp-block-gallery has-nested-images columns-default is-cropped\">\n<figure class=\"wp-block-image size-large\"><img loading=\"lazy\" width=\"1024\" height=\"682\" data-id=\"24841\"  src=\"https:\/\/cuernavaca.gob.mx\/wp-content\/uploads\/2023\/02\/cabildo-de-cuernavaca-1-1024x682.jpeg\" alt=\"\" class=\"wp-image-24841\" srcset=\"https:\/\/cuernavaca.gob.mx\/wp-content\/uploads\/2023\/02\/cabildo-de-cuernavaca-1-1024x682.jpeg 1024w, https:\/\/cuernavaca.gob.mx\/wp-content\/uploads\/2023\/02\/cabildo-de-cuernavaca-1-300x200.jpeg 300w, https:\/\/cuernavaca.gob.mx\/wp-content\/uploads\/2023\/02\/cabildo-de-cuernavaca-1-768x512.jpeg 768w, https:\/\/cuernavaca.gob.mx\/wp-content\/uploads\/2023\/02\/cabildo-de-cuernavaca-1-600x400.jpeg 600w, https:\/\/cuernavaca.gob.mx\/wp-content\/uploads\/2023\/02\/cabildo-de-cuernavaca-1-560x373.jpeg 560w, https:\/\/cuernavaca.gob.mx\/wp-content\/uploads\/2023\/02\/cabildo-de-cuernavaca-1.jpeg 1280w\" sizes=\"(max-width: 1024px) 100vw, 1024px\" \/><\/figure>\n\n\n\n<figure class=\"wp-block-image size-large\"><img loading=\"lazy\" width=\"1024\" height=\"576\" data-id=\"24840\"  src=\"https:\/\/cuernavaca.gob.mx\/wp-content\/uploads\/2023\/02\/cabildo-de-cuernavaca-2-1024x576.jpeg\" alt=\"\" class=\"wp-image-24840\" srcset=\"https:\/\/cuernavaca.gob.mx\/wp-content\/uploads\/2023\/02\/cabildo-de-cuernavaca-2-1024x576.jpeg 1024w, https:\/\/cuernavaca.gob.mx\/wp-content\/uploads\/2023\/02\/cabildo-de-cuernavaca-2-300x169.jpeg 300w, https:\/\/cuernavaca.gob.mx\/wp-content\/uploads\/2023\/02\/cabildo-de-cuernavaca-2-768x432.jpeg 768w, https:\/\/cuernavaca.gob.mx\/wp-content\/uploads\/2023\/02\/cabildo-de-cuernavaca-2-600x338.jpeg 600w, https:\/\/cuernavaca.gob.mx\/wp-content\/uploads\/2023\/02\/cabildo-de-cuernavaca-2-560x315.jpeg 560w, https:\/\/cuernavaca.gob.mx\/wp-content\/uploads\/2023\/02\/cabildo-de-cuernavaca-2.jpeg 1280w\" sizes=\"(max-width: 1024px) 100vw, 1024px\" \/><\/figure>\n\n\n\n<figure class=\"wp-block-image size-large\"><img loading=\"lazy\" width=\"1024\" height=\"683\" data-id=\"24838\"  src=\"https:\/\/cuernavaca.gob.mx\/wp-content\/uploads\/2023\/02\/cabildo-de-cuernavaca-3-1024x683.jpeg\" alt=\"\" class=\"wp-image-24838\" srcset=\"https:\/\/cuernavaca.gob.mx\/wp-content\/uploads\/2023\/02\/cabildo-de-cuernavaca-3-1024x683.jpeg 1024w, https:\/\/cuernavaca.gob.mx\/wp-content\/uploads\/2023\/02\/cabildo-de-cuernavaca-3-300x200.jpeg 300w, https:\/\/cuernavaca.gob.mx\/wp-content\/uploads\/2023\/02\/cabildo-de-cuernavaca-3-768x512.jpeg 768w, https:\/\/cuernavaca.gob.mx\/wp-content\/uploads\/2023\/02\/cabildo-de-cuernavaca-3-600x400.jpeg 600w, https:\/\/cuernavaca.gob.mx\/wp-content\/uploads\/2023\/02\/cabildo-de-cuernavaca-3-560x373.jpeg 560w, https:\/\/cuernavaca.gob.mx\/wp-content\/uploads\/2023\/02\/cabildo-de-cuernavaca-3.jpeg 1080w\" sizes=\"(max-width: 1024px) 100vw, 1024px\" \/><\/figure>\n\n\n\n<figure class=\"wp-block-image size-large\"><img loading=\"lazy\" width=\"1024\" height=\"683\" data-id=\"24839\"  src=\"https:\/\/cuernavaca.gob.mx\/wp-content\/uploads\/2023\/02\/cabildo-de-cuernavaca-4-1024x683.jpeg\" alt=\"\" class=\"wp-image-24839\" srcset=\"https:\/\/cuernavaca.gob.mx\/wp-content\/uploads\/2023\/02\/cabildo-de-cuernavaca-4-1024x683.jpeg 1024w, https:\/\/cuernavaca.gob.mx\/wp-content\/uploads\/2023\/02\/cabildo-de-cuernavaca-4-300x200.jpeg 300w, https:\/\/cuernavaca.gob.mx\/wp-content\/uploads\/2023\/02\/cabildo-de-cuernavaca-4-768x512.jpeg 768w, https:\/\/cuernavaca.gob.mx\/wp-content\/uploads\/2023\/02\/cabildo-de-cuernavaca-4-600x400.jpeg 600w, https:\/\/cuernavaca.gob.mx\/wp-content\/uploads\/2023\/02\/cabildo-de-cuernavaca-4-560x373.jpeg 560w, https:\/\/cuernavaca.gob.mx\/wp-content\/uploads\/2023\/02\/cabildo-de-cuernavaca-4.jpeg 1080w\" sizes=\"(max-width: 1024px) 100vw, 1024px\" \/><\/figure>\n<\/figure>\n","protected":false},"excerpt":{"rendered":"<p>Se propone la creaci\u00f3n de un instrumento jur\u00eddico, claro y sencillo que simplifique la instalaci\u00f3n de empresas en la ciudad Con el objetivo de facilitar la inversi\u00f3n en Cuernavaca, el regidor Adri\u00e1n Mart\u00ednez Terrazas present\u00f3 una iniciativa por la que se expide el Reglamento para las Actividades Econ\u00f3micas del Municipio que prioriza las necesidades particulares [&hellip;]<\/p>\n","protected":false},"author":1,"featured_media":24840,"comment_status":"closed","ping_status":"open","sticky":false,"template":"","format":"standard","meta":[],"categories":[2294],"tags":[158,121,375,895,538,120,206],"aioseo_notices":[],"_links":{"self":[{"href":"https:\/\/cuernavaca.gob.mx\/index.php?rest_route=\/wp\/v2\/posts\/24837"}],"collection":[{"href":"https:\/\/cuernavaca.gob.mx\/index.php?rest_route=\/wp\/v2\/posts"}],"about":[{"href":"https:\/\/cuernavaca.gob.mx\/index.php?rest_route=\/wp\/v2\/types\/post"}],"author":[{"embeddable":true,"href":"https:\/\/cuernavaca.gob.mx\/index.php?rest_route=\/wp\/v2\/users\/1"}],"replies":[{"embeddable":true,"href":"https:\/\/cuernavaca.gob.mx\/index.php?rest_route=%2Fwp%2Fv2%2Fcomments&post=24837"}],"version-history":[{"count":1,"href":"https:\/\/cuernavaca.gob.mx\/index.php?rest_route=\/wp\/v2\/posts\/24837\/revisions"}],"predecessor-version":[{"id":24842,"href":"https:\/\/cuernavaca.gob.mx\/index.php?rest_route=\/wp\/v2\/posts\/24837\/revisions\/24842"}],"wp:featuredmedia":[{"embeddable":true,"href":"https:\/\/cuernavaca.gob.mx\/index.php?rest_route=\/wp\/v2\/media\/24840"}],"wp:attachment":[{"href":"https:\/\/cuernavaca.gob.mx\/index.php?rest_route=%2Fwp%2Fv2%2Fmedia&parent=24837"}],"wp:term":[{"taxonomy":"category","embeddable":true,"href":"https:\/\/cuernavaca.gob.mx\/index.php?rest_route=%2Fwp%2Fv2%2Fcategories&post=24837"},{"taxonomy":"post_tag","embeddable":true,"href":"https:\/\/cuernavaca.gob.mx\/index.php?rest_route=%2Fwp%2Fv2%2Ftags&post=24837"}],"curies":[{"name":"wp","href":"https:\/\/api.w.org\/{rel}","templated":true}]}}