{"id":24854,"date":"2023-02-05T04:00:00","date_gmt":"2023-02-05T10:00:00","guid":{"rendered":"https:\/\/cuernavaca.gob.mx\/?p=24854"},"modified":"2025-05-06T12:28:03","modified_gmt":"2025-05-06T18:28:03","slug":"b716-05-02-23-emprenden-en-cuernavaca-macrojornadas-para-rescatar-la-imagen-e-infraestructura-urbana","status":"publish","type":"post","link":"https:\/\/cuernavaca.gob.mx\/?p=24854","title":{"rendered":"B716 05\/02\/23 EMPRENDEN EN CUERNAVACA MACROJORNADAS PAR\u00c1 RESCATAR LA IMAGEN E INFRAESTRUCTURA URBANA"},"content":{"rendered":"\n<ul><li><strong>El Ayuntamiento a trav\u00e9s de la Secretar\u00eda de Desarrollo Sustentable y Servicios P\u00fablicos realiza estas acciones que se suman al rescate de espacios p\u00fablicos en diversas colonias<\/strong><\/li><\/ul>\n\n\n\n<p>En el proceso de renacimiento de Cuernavaca a partir de la restituci\u00f3n de su imagen e infraestructura urbana, el Ayuntamiento a trav\u00e9s de la Secretar\u00eda de Desarrollo Sustentable y Servicios P\u00fablicos, lleva a cabo en diversas colonias y zonas de la ciudad Jornadas y Macro Jornadas de Limpieza Urbanas (JLU), a fin de seguir brindando servicios de beneficio e impacto positivo a la ciudad.<\/p>\n\n\n\n<p>El secretario de Desarrollo Sustentable y Servicios P\u00fablicos, Israel Albavera V\u00e1zquez, se\u00f1al\u00f3 que por instrucciones del presidente municipal Jos\u00e9 Luis Uri\u00f3stegui Salgado las jornadas involucran todo tipo de servicios, desde luminarias hasta bacheo, trabajos de mantenimiento correctivo de rejillas pluviales, balizamiento de guarniciones y pasos peatonales, poda mayor y menor, entre otros.<\/p>\n\n\n\n<p>Estos trabajos se han realizado en distintas colonias y avenidas principales como Ruiz Cortines, Teopanzolco, Poder Legislativo, Emiliano Zapata y Colegio Militar, en tanto las macro jornadas de limpieza urbanas se han desarrollado en las colonias Lomas de Ahuatl\u00e1n y Antonio Barona, mediante las cuales, la dependencia municipal a logrado la transformaci\u00f3n del espacio y la imagen urbana en unas semanas, implementando servicio de poda, recolecci\u00f3n de basura, descacharrizaci\u00f3n, alumbrado p\u00fablico, bacheo, y balizamiento, de acuerdo con las necesidades de cada zona.<\/p>\n\n\n\n<p>Explic\u00f3 que comienzan la semana haciendo labores de avanzada que constan de podas mayores, algunos retiros de \u00e1rboles secos y descacharizaci\u00f3n, para el \u00faltimo d\u00eda de la semana o el fin de semana con el apoyo de los vecinos concluir los trabajos de limpieza; en esta intervenci\u00f3n se suma el propio presidente municipal, que desde antes de ser autoridad ha encabezado estas acciones de rescate de la imagen urbana de Cuernavaca, as\u00ed como servidores p\u00fablicos que por decisi\u00f3n propia participan, &#8220;es una actividad donde regresamos los recursos del municipio a las comunidades y donde la comunidad se suma a los trabajos del municipio&#8221;.<\/p>\n\n\n\n<p>Tanto las Jornadas como las Macro JLU siguen presentes en la capital morelense y para solicitarlas la ciudadan\u00eda solo debe mandar un mensaje a las redes sociales oficiales de la Secretar\u00eda de Desarrollo Sustentable y Servicios P\u00fablicos; en el caso de las macros jornadas env\u00edan personas de avanzada a conocer c\u00f3mo la problem\u00e1tica y las necesidades que tienen para programar los trabajos y al cabo de un mes efectuarla por completo, logrando que la comunidad se vea beneficiada con los servicios de la dependencia del Gobierno capitalino.<\/p>\n\n\n\n<figure class=\"wp-container-2 wp-block-gallery-1 wp-block-gallery has-nested-images columns-default is-cropped\">\n<figure class=\"wp-block-image size-large\"><img loading=\"lazy\" width=\"768\" height=\"1024\" data-id=\"24860\"  src=\"https:\/\/cuernavaca.gob.mx\/wp-content\/uploads\/2023\/02\/macrojornadas-cuernavaca-1-768x1024.jpeg\" alt=\"\" class=\"wp-image-24860\" srcset=\"https:\/\/cuernavaca.gob.mx\/wp-content\/uploads\/2023\/02\/macrojornadas-cuernavaca-1-768x1024.jpeg 768w, https:\/\/cuernavaca.gob.mx\/wp-content\/uploads\/2023\/02\/macrojornadas-cuernavaca-1-225x300.jpeg 225w, https:\/\/cuernavaca.gob.mx\/wp-content\/uploads\/2023\/02\/macrojornadas-cuernavaca-1-450x600.jpeg 450w, https:\/\/cuernavaca.gob.mx\/wp-content\/uploads\/2023\/02\/macrojornadas-cuernavaca-1-420x560.jpeg 420w, https:\/\/cuernavaca.gob.mx\/wp-content\/uploads\/2023\/02\/macrojornadas-cuernavaca-1.jpeg 960w\" sizes=\"(max-width: 768px) 100vw, 768px\" \/><\/figure>\n\n\n\n<figure class=\"wp-block-image size-large\"><img loading=\"lazy\" width=\"768\" height=\"1024\" data-id=\"24858\"  src=\"https:\/\/cuernavaca.gob.mx\/wp-content\/uploads\/2023\/02\/macrojornadas-cuernavaca-2-768x1024.jpeg\" alt=\"\" class=\"wp-image-24858\" srcset=\"https:\/\/cuernavaca.gob.mx\/wp-content\/uploads\/2023\/02\/macrojornadas-cuernavaca-2-768x1024.jpeg 768w, https:\/\/cuernavaca.gob.mx\/wp-content\/uploads\/2023\/02\/macrojornadas-cuernavaca-2-225x300.jpeg 225w, https:\/\/cuernavaca.gob.mx\/wp-content\/uploads\/2023\/02\/macrojornadas-cuernavaca-2-450x600.jpeg 450w, https:\/\/cuernavaca.gob.mx\/wp-content\/uploads\/2023\/02\/macrojornadas-cuernavaca-2-420x560.jpeg 420w, https:\/\/cuernavaca.gob.mx\/wp-content\/uploads\/2023\/02\/macrojornadas-cuernavaca-2.jpeg 900w\" sizes=\"(max-width: 768px) 100vw, 768px\" \/><\/figure>\n\n\n\n<figure class=\"wp-block-image size-large\"><img loading=\"lazy\" width=\"768\" height=\"1024\" data-id=\"24857\"  src=\"https:\/\/cuernavaca.gob.mx\/wp-content\/uploads\/2023\/02\/macrojornadas-cuernavaca-3-768x1024.jpeg\" alt=\"\" class=\"wp-image-24857\" srcset=\"https:\/\/cuernavaca.gob.mx\/wp-content\/uploads\/2023\/02\/macrojornadas-cuernavaca-3-768x1024.jpeg 768w, https:\/\/cuernavaca.gob.mx\/wp-content\/uploads\/2023\/02\/macrojornadas-cuernavaca-3-225x300.jpeg 225w, https:\/\/cuernavaca.gob.mx\/wp-content\/uploads\/2023\/02\/macrojornadas-cuernavaca-3-450x600.jpeg 450w, https:\/\/cuernavaca.gob.mx\/wp-content\/uploads\/2023\/02\/macrojornadas-cuernavaca-3-420x560.jpeg 420w, https:\/\/cuernavaca.gob.mx\/wp-content\/uploads\/2023\/02\/macrojornadas-cuernavaca-3.jpeg 960w\" sizes=\"(max-width: 768px) 100vw, 768px\" \/><\/figure>\n\n\n\n<figure class=\"wp-block-image size-large\"><img loading=\"lazy\" width=\"720\" height=\"960\" data-id=\"24855\"  src=\"https:\/\/cuernavaca.gob.mx\/wp-content\/uploads\/2023\/02\/macrojornadas-cuernavaca-4.jpeg\" alt=\"\" class=\"wp-image-24855\" srcset=\"https:\/\/cuernavaca.gob.mx\/wp-content\/uploads\/2023\/02\/macrojornadas-cuernavaca-4.jpeg 720w, https:\/\/cuernavaca.gob.mx\/wp-content\/uploads\/2023\/02\/macrojornadas-cuernavaca-4-225x300.jpeg 225w, https:\/\/cuernavaca.gob.mx\/wp-content\/uploads\/2023\/02\/macrojornadas-cuernavaca-4-450x600.jpeg 450w, https:\/\/cuernavaca.gob.mx\/wp-content\/uploads\/2023\/02\/macrojornadas-cuernavaca-4-420x560.jpeg 420w\" sizes=\"(max-width: 720px) 100vw, 720px\" \/><\/figure>\n\n\n\n<figure class=\"wp-block-image size-large\"><img loading=\"lazy\" width=\"960\" height=\"720\" data-id=\"24859\"  src=\"https:\/\/cuernavaca.gob.mx\/wp-content\/uploads\/2023\/02\/macrojornadas-cuernavaca-5.jpeg\" alt=\"\" class=\"wp-image-24859\" srcset=\"https:\/\/cuernavaca.gob.mx\/wp-content\/uploads\/2023\/02\/macrojornadas-cuernavaca-5.jpeg 960w, https:\/\/cuernavaca.gob.mx\/wp-content\/uploads\/2023\/02\/macrojornadas-cuernavaca-5-300x225.jpeg 300w, https:\/\/cuernavaca.gob.mx\/wp-content\/uploads\/2023\/02\/macrojornadas-cuernavaca-5-768x576.jpeg 768w, https:\/\/cuernavaca.gob.mx\/wp-content\/uploads\/2023\/02\/macrojornadas-cuernavaca-5-600x450.jpeg 600w, https:\/\/cuernavaca.gob.mx\/wp-content\/uploads\/2023\/02\/macrojornadas-cuernavaca-5-560x420.jpeg 560w\" sizes=\"(max-width: 960px) 100vw, 960px\" \/><\/figure>\n\n\n\n<figure class=\"wp-block-image size-large\"><img loading=\"lazy\" width=\"765\" height=\"1024\" data-id=\"24856\"  src=\"https:\/\/cuernavaca.gob.mx\/wp-content\/uploads\/2023\/02\/macrojornadas-cuernavaca-6-765x1024.jpeg\" alt=\"\" class=\"wp-image-24856\" srcset=\"https:\/\/cuernavaca.gob.mx\/wp-content\/uploads\/2023\/02\/macrojornadas-cuernavaca-6-765x1024.jpeg 765w, https:\/\/cuernavaca.gob.mx\/wp-content\/uploads\/2023\/02\/macrojornadas-cuernavaca-6-224x300.jpeg 224w, https:\/\/cuernavaca.gob.mx\/wp-content\/uploads\/2023\/02\/macrojornadas-cuernavaca-6-768x1028.jpeg 768w, https:\/\/cuernavaca.gob.mx\/wp-content\/uploads\/2023\/02\/macrojornadas-cuernavaca-6-448x600.jpeg 448w, https:\/\/cuernavaca.gob.mx\/wp-content\/uploads\/2023\/02\/macrojornadas-cuernavaca-6-418x560.jpeg 418w, https:\/\/cuernavaca.gob.mx\/wp-content\/uploads\/2023\/02\/macrojornadas-cuernavaca-6.jpeg 956w\" sizes=\"(max-width: 765px) 100vw, 765px\" \/><\/figure>\n<\/figure>\n","protected":false},"excerpt":{"rendered":"<p>El Ayuntamiento a trav\u00e9s de la Secretar\u00eda de Desarrollo Sustentable y Servicios P\u00fablicos realiza estas acciones que se suman al rescate de espacios p\u00fablicos en diversas colonias En el proceso de renacimiento de Cuernavaca a partir de la restituci\u00f3n de su imagen e infraestructura urbana, el Ayuntamiento a trav\u00e9s de la Secretar\u00eda de Desarrollo Sustentable [&hellip;]<\/p>\n","protected":false},"author":1,"featured_media":24858,"comment_status":"closed","ping_status":"open","sticky":false,"template":"","format":"standard","meta":[],"categories":[208],"tags":[121,2889,2376,983,120,218,206,2505,138],"aioseo_notices":[],"_links":{"self":[{"href":"https:\/\/cuernavaca.gob.mx\/index.php?rest_route=\/wp\/v2\/posts\/24854"}],"collection":[{"href":"https:\/\/cuernavaca.gob.mx\/index.php?rest_route=\/wp\/v2\/posts"}],"about":[{"href":"https:\/\/cuernavaca.gob.mx\/index.php?rest_route=\/wp\/v2\/types\/post"}],"author":[{"embeddable":true,"href":"https:\/\/cuernavaca.gob.mx\/index.php?rest_route=\/wp\/v2\/users\/1"}],"replies":[{"embeddable":true,"href":"https:\/\/cuernavaca.gob.mx\/index.php?rest_route=%2Fwp%2Fv2%2Fcomments&post=24854"}],"version-history":[{"count":1,"href":"https:\/\/cuernavaca.gob.mx\/index.php?rest_route=\/wp\/v2\/posts\/24854\/revisions"}],"predecessor-version":[{"id":24861,"href":"https:\/\/cuernavaca.gob.mx\/index.php?rest_route=\/wp\/v2\/posts\/24854\/revisions\/24861"}],"wp:featuredmedia":[{"embeddable":true,"href":"https:\/\/cuernavaca.gob.mx\/index.php?rest_route=\/wp\/v2\/media\/24858"}],"wp:attachment":[{"href":"https:\/\/cuernavaca.gob.mx\/index.php?rest_route=%2Fwp%2Fv2%2Fmedia&parent=24854"}],"wp:term":[{"taxonomy":"category","embeddable":true,"href":"https:\/\/cuernavaca.gob.mx\/index.php?rest_route=%2Fwp%2Fv2%2Fcategories&post=24854"},{"taxonomy":"post_tag","embeddable":true,"href":"https:\/\/cuernavaca.gob.mx\/index.php?rest_route=%2Fwp%2Fv2%2Ftags&post=24854"}],"curies":[{"name":"wp","href":"https:\/\/api.w.org\/{rel}","templated":true}]}}