{"id":24862,"date":"2023-02-05T16:17:00","date_gmt":"2023-02-05T22:17:00","guid":{"rendered":"https:\/\/cuernavaca.gob.mx\/?p=24862"},"modified":"2025-05-06T12:28:03","modified_gmt":"2025-05-06T18:28:03","slug":"b717-05-02-23valida-cabildo-programa-municipal-de-salud-publica-para-cuernavaca-para-lograr-su-certificacion","status":"publish","type":"post","link":"https:\/\/cuernavaca.gob.mx\/?p=24862","title":{"rendered":"B717 05\/02\/23VALIDA CABILDO PROGRAMA MUNICIPAL DE SALUD P\u00daBLICA PARA CUERNAVACA PARA LOGRAR SU CERTIFICACI\u00d3N"},"content":{"rendered":"\n<ul><li><strong>El presidente municipal, Jos\u00e9 Luis Uri\u00f3stegui puntualiz\u00f3 que este programa marcar\u00e1 una pauta en el tema preventivo al coordinar Cuernavaca la regi\u00f3n centro de la Jurisdicci\u00f3n Sanitaria 1<\/strong><\/li><\/ul>\n\n\n\n<ul><li><strong>Propone l\u00edneas de acci\u00f3n para el fortalecimiento de las diferentes responsabilidades de la salud municipal en el \u00e1mbito de su competencia<\/strong><\/li><\/ul>\n\n\n\n<p>Para obtener la certificaci\u00f3n de Municipio Saludable, integrantes del Cabildo autorizaron la elaboraci\u00f3n e implementaci\u00f3n del Programa Municipal de Salud P\u00fablica de Cuernavaca, el cual propone l\u00edneas de acci\u00f3n para el fortalecimiento de las diferentes responsabilidades de la salud municipal en el \u00e1mbito de su competencia, enfocado principalmente en la prevenci\u00f3n planificada para todo el trienio 2022- 2024.<\/p>\n\n\n\n<p>Al explicar el programa que est\u00e1 en etapa de tr\u00e1mite ante la Federaci\u00f3n y el Estado, la secretaria de Desarrollo Humano y Participaci\u00f3n Social, Laura Hern\u00e1ndez Cruz, se\u00f1al\u00f3 que \u00e9l mismo consta de cinco proyectos y 22 acciones, siendo elaborado en coordinaci\u00f3n con la Jurisdicci\u00f3n Sanitaria n\u00famero 1, con el objetivo de que el Gobierno Municipal tenga un plan definido de salud que sea compatible con las acciones de otros municipios y de las enmarcadas en las responsabilidades del estado y la federaci\u00f3n, pero acorde a las responsabilidades y necesidades del municipio.<\/p>\n\n\n\n<p>Los cinco proyectos, se\u00f1al\u00f3, son diagn\u00f3stico temprano de enfermedades cr\u00f3nico degenerativas como la obesidad, diabetes e hipertensi\u00f3n; Infecciones Respiratorias Agudas (IRAS) y Enfermedades Diarreicas Agudas (EDAS) y COVID-19 que contempla la realizaci\u00f3n de campa\u00f1as de sensibilizaci\u00f3n, sobre todo en la primera infancia, que se pueden prevenir con una buena higiene.<\/p>\n\n\n\n<p>Asimismo, incluye el saneamiento b\u00e1sico para disminuir casos de dengue que tiene que ver con la labor del gobierno municipal con los servicios de salud para la descacharizaci\u00f3n, la fumigaci\u00f3n y la prevenci\u00f3n de casos de dengue, Zika, y chikungunya; el cuarto punto est\u00e1 relacionado con las labores que est\u00e1n efectuando para prevenir el sucidio en t\u00e9rminos de salud mental con foros de discusi\u00f3n y pl\u00e1ticas a la comunidad; y finalmente el \u00faltimo punto busca diminuir accidentes relacionados por consumo de adicciones.<\/p>\n\n\n\n<p>Con el Programa Municipal de Salud P\u00fablica de Cuernavaca la presente administraci\u00f3n podr\u00e1 seguir recibiendo apoyos para continuar con todas estas actividades que se han iniciado desde el a\u00f1o pasado, logrando seguir cumpliendo con la responsabilidad legal en materia de prevenci\u00f3n; la capital morelense es pionera a nivel estatal y nacional al incluir la salud mental y la prevenci\u00f3n de las adicciones por hechos de tr\u00e1nsito vial.<\/p>\n\n\n\n<p>En su mensaje, el presidente municipal, Jos\u00e9 Luis Uri\u00f3stegui, puntualiz\u00f3 que al coordinar Cuernavaca la regi\u00f3n centro de la Jurisdicci\u00f3n Sanitaria 1 les corresponde marcar pautas en el tema de prevenci\u00f3n, como es en el caso de la salud mental para lo cual es fundamental la prevenci\u00f3n del suicidio, alcoholismo, adicciones y el embarazo en personas adolescentes.<\/p>\n\n\n\n<p>A nombre del Cabildo, los regidores Debendrenath Salazar Solorio, Paz Hern\u00e1ndez Pardo, Fernando Carrillo Alvarado, Christian P\u00e9rez Jaimes y Wendi Salinas Ruiz, coincidieron en la importancia de poder participar en el enriquecimiento del programa en aras de abonar a un tema de prevenci\u00f3n, activaci\u00f3n y acci\u00f3n como este que representa a la capital morelense.<\/p>\n\n\n\n<figure class=\"wp-container-2 wp-block-gallery-1 wp-block-gallery has-nested-images columns-default is-cropped\">\n<figure class=\"wp-block-image size-large\"><img loading=\"lazy\" width=\"1024\" height=\"682\" data-id=\"24866\"  src=\"https:\/\/cuernavaca.gob.mx\/wp-content\/uploads\/2023\/02\/salud-publica-cuernavaca-1-1024x682.jpeg\" alt=\"\" class=\"wp-image-24866\" srcset=\"https:\/\/cuernavaca.gob.mx\/wp-content\/uploads\/2023\/02\/salud-publica-cuernavaca-1-1024x682.jpeg 1024w, https:\/\/cuernavaca.gob.mx\/wp-content\/uploads\/2023\/02\/salud-publica-cuernavaca-1-300x200.jpeg 300w, https:\/\/cuernavaca.gob.mx\/wp-content\/uploads\/2023\/02\/salud-publica-cuernavaca-1-768x512.jpeg 768w, https:\/\/cuernavaca.gob.mx\/wp-content\/uploads\/2023\/02\/salud-publica-cuernavaca-1-600x400.jpeg 600w, https:\/\/cuernavaca.gob.mx\/wp-content\/uploads\/2023\/02\/salud-publica-cuernavaca-1-560x373.jpeg 560w, https:\/\/cuernavaca.gob.mx\/wp-content\/uploads\/2023\/02\/salud-publica-cuernavaca-1.jpeg 1280w\" sizes=\"(max-width: 1024px) 100vw, 1024px\" \/><\/figure>\n\n\n\n<figure class=\"wp-block-image size-large\"><img loading=\"lazy\" width=\"1024\" height=\"682\" data-id=\"24865\"  src=\"https:\/\/cuernavaca.gob.mx\/wp-content\/uploads\/2023\/02\/salud-publica-cuernavaca-2-1024x682.jpeg\" alt=\"\" class=\"wp-image-24865\" srcset=\"https:\/\/cuernavaca.gob.mx\/wp-content\/uploads\/2023\/02\/salud-publica-cuernavaca-2-1024x682.jpeg 1024w, https:\/\/cuernavaca.gob.mx\/wp-content\/uploads\/2023\/02\/salud-publica-cuernavaca-2-300x200.jpeg 300w, https:\/\/cuernavaca.gob.mx\/wp-content\/uploads\/2023\/02\/salud-publica-cuernavaca-2-768x512.jpeg 768w, https:\/\/cuernavaca.gob.mx\/wp-content\/uploads\/2023\/02\/salud-publica-cuernavaca-2-600x400.jpeg 600w, https:\/\/cuernavaca.gob.mx\/wp-content\/uploads\/2023\/02\/salud-publica-cuernavaca-2-560x373.jpeg 560w, https:\/\/cuernavaca.gob.mx\/wp-content\/uploads\/2023\/02\/salud-publica-cuernavaca-2.jpeg 1280w\" sizes=\"(max-width: 1024px) 100vw, 1024px\" \/><\/figure>\n\n\n\n<figure class=\"wp-block-image size-large\"><img loading=\"lazy\" width=\"1024\" height=\"682\" data-id=\"24867\"  src=\"https:\/\/cuernavaca.gob.mx\/wp-content\/uploads\/2023\/02\/salud-publica-cuernavaca-3-1024x682.jpeg\" alt=\"\" class=\"wp-image-24867\" srcset=\"https:\/\/cuernavaca.gob.mx\/wp-content\/uploads\/2023\/02\/salud-publica-cuernavaca-3-1024x682.jpeg 1024w, https:\/\/cuernavaca.gob.mx\/wp-content\/uploads\/2023\/02\/salud-publica-cuernavaca-3-300x200.jpeg 300w, https:\/\/cuernavaca.gob.mx\/wp-content\/uploads\/2023\/02\/salud-publica-cuernavaca-3-768x512.jpeg 768w, https:\/\/cuernavaca.gob.mx\/wp-content\/uploads\/2023\/02\/salud-publica-cuernavaca-3-600x400.jpeg 600w, https:\/\/cuernavaca.gob.mx\/wp-content\/uploads\/2023\/02\/salud-publica-cuernavaca-3-560x373.jpeg 560w, https:\/\/cuernavaca.gob.mx\/wp-content\/uploads\/2023\/02\/salud-publica-cuernavaca-3.jpeg 1280w\" sizes=\"(max-width: 1024px) 100vw, 1024px\" \/><\/figure>\n\n\n\n<figure class=\"wp-block-image size-large\"><img loading=\"lazy\" width=\"1024\" height=\"682\" data-id=\"24868\"  src=\"https:\/\/cuernavaca.gob.mx\/wp-content\/uploads\/2023\/02\/salud-publica-cuernavaca-4-1024x682.jpeg\" alt=\"\" class=\"wp-image-24868\" srcset=\"https:\/\/cuernavaca.gob.mx\/wp-content\/uploads\/2023\/02\/salud-publica-cuernavaca-4-1024x682.jpeg 1024w, https:\/\/cuernavaca.gob.mx\/wp-content\/uploads\/2023\/02\/salud-publica-cuernavaca-4-300x200.jpeg 300w, https:\/\/cuernavaca.gob.mx\/wp-content\/uploads\/2023\/02\/salud-publica-cuernavaca-4-768x512.jpeg 768w, https:\/\/cuernavaca.gob.mx\/wp-content\/uploads\/2023\/02\/salud-publica-cuernavaca-4-600x400.jpeg 600w, https:\/\/cuernavaca.gob.mx\/wp-content\/uploads\/2023\/02\/salud-publica-cuernavaca-4-560x373.jpeg 560w, https:\/\/cuernavaca.gob.mx\/wp-content\/uploads\/2023\/02\/salud-publica-cuernavaca-4.jpeg 1280w\" sizes=\"(max-width: 1024px) 100vw, 1024px\" \/><\/figure>\n\n\n\n<figure class=\"wp-block-image size-large\"><img loading=\"lazy\" width=\"1024\" height=\"682\" data-id=\"24863\"  src=\"https:\/\/cuernavaca.gob.mx\/wp-content\/uploads\/2023\/02\/salud-publica-cuernavaca-5-1024x682.jpeg\" alt=\"\" class=\"wp-image-24863\" srcset=\"https:\/\/cuernavaca.gob.mx\/wp-content\/uploads\/2023\/02\/salud-publica-cuernavaca-5-1024x682.jpeg 1024w, https:\/\/cuernavaca.gob.mx\/wp-content\/uploads\/2023\/02\/salud-publica-cuernavaca-5-300x200.jpeg 300w, https:\/\/cuernavaca.gob.mx\/wp-content\/uploads\/2023\/02\/salud-publica-cuernavaca-5-768x512.jpeg 768w, https:\/\/cuernavaca.gob.mx\/wp-content\/uploads\/2023\/02\/salud-publica-cuernavaca-5-600x400.jpeg 600w, https:\/\/cuernavaca.gob.mx\/wp-content\/uploads\/2023\/02\/salud-publica-cuernavaca-5-560x373.jpeg 560w, https:\/\/cuernavaca.gob.mx\/wp-content\/uploads\/2023\/02\/salud-publica-cuernavaca-5.jpeg 1280w\" sizes=\"(max-width: 1024px) 100vw, 1024px\" \/><\/figure>\n\n\n\n<figure class=\"wp-block-image size-large\"><img loading=\"lazy\" width=\"1024\" height=\"682\" data-id=\"24864\"  src=\"https:\/\/cuernavaca.gob.mx\/wp-content\/uploads\/2023\/02\/salud-publica-cuernavaca-6-1024x682.jpeg\" alt=\"\" class=\"wp-image-24864\" srcset=\"https:\/\/cuernavaca.gob.mx\/wp-content\/uploads\/2023\/02\/salud-publica-cuernavaca-6-1024x682.jpeg 1024w, https:\/\/cuernavaca.gob.mx\/wp-content\/uploads\/2023\/02\/salud-publica-cuernavaca-6-300x200.jpeg 300w, https:\/\/cuernavaca.gob.mx\/wp-content\/uploads\/2023\/02\/salud-publica-cuernavaca-6-768x512.jpeg 768w, https:\/\/cuernavaca.gob.mx\/wp-content\/uploads\/2023\/02\/salud-publica-cuernavaca-6-600x400.jpeg 600w, https:\/\/cuernavaca.gob.mx\/wp-content\/uploads\/2023\/02\/salud-publica-cuernavaca-6-560x373.jpeg 560w, https:\/\/cuernavaca.gob.mx\/wp-content\/uploads\/2023\/02\/salud-publica-cuernavaca-6.jpeg 1280w\" sizes=\"(max-width: 1024px) 100vw, 1024px\" \/><\/figure>\n<\/figure>\n","protected":false},"excerpt":{"rendered":"<p>El presidente municipal, Jos\u00e9 Luis Uri\u00f3stegui puntualiz\u00f3 que este programa marcar\u00e1 una pauta en el tema preventivo al coordinar Cuernavaca la regi\u00f3n centro de la Jurisdicci\u00f3n Sanitaria 1 Propone l\u00edneas de acci\u00f3n para el fortalecimiento de las diferentes responsabilidades de la salud municipal en el \u00e1mbito de su competencia Para obtener la certificaci\u00f3n de Municipio [&hellip;]<\/p>\n","protected":false},"author":1,"featured_media":24868,"comment_status":"closed","ping_status":"open","sticky":false,"template":"","format":"standard","meta":[],"categories":[899],"tags":[158,2890,121,120,206,154,421],"aioseo_notices":[],"_links":{"self":[{"href":"https:\/\/cuernavaca.gob.mx\/index.php?rest_route=\/wp\/v2\/posts\/24862"}],"collection":[{"href":"https:\/\/cuernavaca.gob.mx\/index.php?rest_route=\/wp\/v2\/posts"}],"about":[{"href":"https:\/\/cuernavaca.gob.mx\/index.php?rest_route=\/wp\/v2\/types\/post"}],"author":[{"embeddable":true,"href":"https:\/\/cuernavaca.gob.mx\/index.php?rest_route=\/wp\/v2\/users\/1"}],"replies":[{"embeddable":true,"href":"https:\/\/cuernavaca.gob.mx\/index.php?rest_route=%2Fwp%2Fv2%2Fcomments&post=24862"}],"version-history":[{"count":1,"href":"https:\/\/cuernavaca.gob.mx\/index.php?rest_route=\/wp\/v2\/posts\/24862\/revisions"}],"predecessor-version":[{"id":24869,"href":"https:\/\/cuernavaca.gob.mx\/index.php?rest_route=\/wp\/v2\/posts\/24862\/revisions\/24869"}],"wp:featuredmedia":[{"embeddable":true,"href":"https:\/\/cuernavaca.gob.mx\/index.php?rest_route=\/wp\/v2\/media\/24868"}],"wp:attachment":[{"href":"https:\/\/cuernavaca.gob.mx\/index.php?rest_route=%2Fwp%2Fv2%2Fmedia&parent=24862"}],"wp:term":[{"taxonomy":"category","embeddable":true,"href":"https:\/\/cuernavaca.gob.mx\/index.php?rest_route=%2Fwp%2Fv2%2Fcategories&post=24862"},{"taxonomy":"post_tag","embeddable":true,"href":"https:\/\/cuernavaca.gob.mx\/index.php?rest_route=%2Fwp%2Fv2%2Ftags&post=24862"}],"curies":[{"name":"wp","href":"https:\/\/api.w.org\/{rel}","templated":true}]}}