{"id":24909,"date":"2023-02-08T15:00:00","date_gmt":"2023-02-08T21:00:00","guid":{"rendered":"https:\/\/cuernavaca.gob.mx\/?p=24909"},"modified":"2025-05-06T12:28:02","modified_gmt":"2025-05-06T18:28:02","slug":"b723-08-02-23-gobierno-de-cuernavaca-y-la-secretaria-ejecutiva-del-sistema-nacional-de-seguridad-publica-suman-esfuerzos-para-seguir-recuperando-la-paz-en-la-ciudad","status":"publish","type":"post","link":"https:\/\/cuernavaca.gob.mx\/?p=24909","title":{"rendered":"B723 08\/02\/23 GOBIERNO DE CUERNAVACA Y LA SECRETAR\u00cdA EJECUTIVA DEL SISTEMA NACIONAL DE SEGURIDAD P\u00daBLICA SUMAN ESFUERZOS PARA SEGUIR RECUPERANDO LA PAZ EN LA CIUDAD"},"content":{"rendered":"\n<p><strong>\u2022 El presidente municipal, Jos\u00e9 Luis Uri\u00f3stegui se reuni\u00f3 con la titular de la SESNSP, Clara Luz Flores, a fin de garantizar que el C4 sea instalado en coordinaci\u00f3n con la Federaci\u00f3n y el Estado<\/strong><\/p>\n\n\n\n<p>Como parte del trabajo interinstitucional que ha mantenido el Gobierno Municipal para el desarrollo integral de Cuernavaca, el presidente municipal, Jos\u00e9 Luis Uri\u00f3stegui Salgado, se reuni\u00f3 con la titular de la Secretar\u00eda Ejecutiva del Sistema Nacional de Seguridad P\u00fablica (SESNSP), Clara Luz Flores Carrales, con quien acord\u00f3 coordinar esfuerzos y acciones en materia de prevenci\u00f3n del delito y seguridad, todo ello con el objeto de seguir recuperando la paz en la capital morelense.<\/p>\n\n\n\n<p>Explic\u00f3 que en este encuentro se logr\u00f3 el avance en distintos temas, pero principalmente garantizar que la instalaci\u00f3n del Centro de Comando, Control, Comunicaci\u00f3n y C\u00f3mputo (C4) de la ciudad vaya caminando de la mano con la Federaci\u00f3n y el Estado para evitar cualquier deficiencia o reprobaci\u00f3n por suponer que est\u00e1n alej\u00e1ndose del Sistema Nacional de Seguridad P\u00fablica.<\/p>\n\n\n\n<p>Clara Luz Flores destac\u00f3 que la cordial y los acuerdos estuvieron a la orden del d\u00eda, tanto que recibi\u00f3 de la titular del SESNSP algunas sugerencias en materia de prevenci\u00f3n del delito al haber sido alcaldesa en el estado de Nuevo Le\u00f3n, \u201cse trata de sumar esfuerzos, de coordinarnos, de recibir experiencias positivas y entrar de lleno al tema de la justicia c\u00edvica y el tema de construcci\u00f3n de paz que es fundamental porque si no construimos paz entonces la delincuencia va a seguir creciendo y las conductas antisociales de la mano\u201d.<\/p>\n\n\n\n<p>En este sentido, el presidente municipal record\u00f3 que este a\u00f1o el fortalecimiento de la estrategia de seguridad seguir\u00e1 siendo una prioridad, por lo cual la Secretar\u00eda de Protecci\u00f3n y Auxilio Ciudadano (SEPRAC) contin\u00faa trabajando en la capacitaci\u00f3n y mejora de las condiciones labores de los elementos policiacos, quienes el a\u00f1o pasado pudieron acceder a una promoci\u00f3n de grado, hecho sin precedentes en la ciudad.<\/p>\n\n\n\n<p>Adem\u00e1s, la SEPRAC mantiene abierta la convocatoria para sumarse a las filas de la polic\u00eda municipal con un sueldo mensual de 10 mil 224.60 pesos; la ciudadan\u00eda interesada obtener m\u00e1s informaci\u00f3n sobre ella en las redes sociales oficiales de la SEPRAC o del Municipio de Cuernavaca.<\/p>\n\n\n\n<figure class=\"wp-block-image size-large\"><img loading=\"lazy\" width=\"768\" height=\"1024\" src=\"https:\/\/cuernavaca.gob.mx\/wp-content\/uploads\/2023\/02\/Jose-Luis-Urio\u0301stegui-se-reunio\u0301n-con-la-titular-de-la-SESNSP-768x1024.jpg\" alt=\"\" class=\"wp-image-24910\" srcset=\"https:\/\/cuernavaca.gob.mx\/wp-content\/uploads\/2023\/02\/Jose-Luis-Urio\u0301stegui-se-reunio\u0301n-con-la-titular-de-la-SESNSP-768x1024.jpg 768w, https:\/\/cuernavaca.gob.mx\/wp-content\/uploads\/2023\/02\/Jose-Luis-Urio\u0301stegui-se-reunio\u0301n-con-la-titular-de-la-SESNSP-225x300.jpg 225w, https:\/\/cuernavaca.gob.mx\/wp-content\/uploads\/2023\/02\/Jose-Luis-Urio\u0301stegui-se-reunio\u0301n-con-la-titular-de-la-SESNSP-450x600.jpg 450w, https:\/\/cuernavaca.gob.mx\/wp-content\/uploads\/2023\/02\/Jose-Luis-Urio\u0301stegui-se-reunio\u0301n-con-la-titular-de-la-SESNSP-420x560.jpg 420w, https:\/\/cuernavaca.gob.mx\/wp-content\/uploads\/2023\/02\/Jose-Luis-Urio\u0301stegui-se-reunio\u0301n-con-la-titular-de-la-SESNSP.jpg 960w\" sizes=\"(max-width: 768px) 100vw, 768px\" \/><\/figure>\n","protected":false},"excerpt":{"rendered":"<p>\u2022 El presidente municipal, Jos\u00e9 Luis Uri\u00f3stegui se reuni\u00f3 con la titular de la SESNSP, Clara Luz Flores, a fin de garantizar que el C4 sea instalado en coordinaci\u00f3n con la Federaci\u00f3n y el Estado Como parte del trabajo interinstitucional que ha mantenido el Gobierno Municipal para el desarrollo integral de Cuernavaca, el presidente municipal, [&hellip;]<\/p>\n","protected":false},"author":1,"featured_media":24910,"comment_status":"closed","ping_status":"open","sticky":false,"template":"","format":"standard","meta":[],"categories":[17],"tags":[121,2895,120,206,125],"aioseo_notices":[],"_links":{"self":[{"href":"https:\/\/cuernavaca.gob.mx\/index.php?rest_route=\/wp\/v2\/posts\/24909"}],"collection":[{"href":"https:\/\/cuernavaca.gob.mx\/index.php?rest_route=\/wp\/v2\/posts"}],"about":[{"href":"https:\/\/cuernavaca.gob.mx\/index.php?rest_route=\/wp\/v2\/types\/post"}],"author":[{"embeddable":true,"href":"https:\/\/cuernavaca.gob.mx\/index.php?rest_route=\/wp\/v2\/users\/1"}],"replies":[{"embeddable":true,"href":"https:\/\/cuernavaca.gob.mx\/index.php?rest_route=%2Fwp%2Fv2%2Fcomments&post=24909"}],"version-history":[{"count":1,"href":"https:\/\/cuernavaca.gob.mx\/index.php?rest_route=\/wp\/v2\/posts\/24909\/revisions"}],"predecessor-version":[{"id":24911,"href":"https:\/\/cuernavaca.gob.mx\/index.php?rest_route=\/wp\/v2\/posts\/24909\/revisions\/24911"}],"wp:featuredmedia":[{"embeddable":true,"href":"https:\/\/cuernavaca.gob.mx\/index.php?rest_route=\/wp\/v2\/media\/24910"}],"wp:attachment":[{"href":"https:\/\/cuernavaca.gob.mx\/index.php?rest_route=%2Fwp%2Fv2%2Fmedia&parent=24909"}],"wp:term":[{"taxonomy":"category","embeddable":true,"href":"https:\/\/cuernavaca.gob.mx\/index.php?rest_route=%2Fwp%2Fv2%2Fcategories&post=24909"},{"taxonomy":"post_tag","embeddable":true,"href":"https:\/\/cuernavaca.gob.mx\/index.php?rest_route=%2Fwp%2Fv2%2Ftags&post=24909"}],"curies":[{"name":"wp","href":"https:\/\/api.w.org\/{rel}","templated":true}]}}