{"id":24912,"date":"2023-02-08T16:00:00","date_gmt":"2023-02-08T22:00:00","guid":{"rendered":"https:\/\/cuernavaca.gob.mx\/?p=24912"},"modified":"2025-05-06T12:28:02","modified_gmt":"2025-05-06T18:28:02","slug":"b724-08-02-23-proponen-en-cabildo-de-cuernavaca-plan-de-reciclaje-para-los-desechos-solidos-y-fomentar-la-conciencia-ambiental-con","status":"publish","type":"post","link":"https:\/\/cuernavaca.gob.mx\/?p=24912","title":{"rendered":"B724 08\/02\/23 PROPONEN EN CABILDO DE CUERNAVACA PLAN DE RECICLAJE PARA LOS DESECHOS S\u00d3LIDOS Y FOMENTAR LA CONCIENCIA AMBIENTAL CON"},"content":{"rendered":"\n<p><strong> -La regidora presidenta de la Comisi\u00f3n de Protecci\u00f3n Ambiental, Wendi Salinas present\u00f3 el acuerdo por el que se instruye a la Secretar\u00eda de Desarrollo Sustentable contar con esta norma municipal<\/strong><\/p>\n\n\n\n<p><strong>-Se contempla la colocaci\u00f3n de contenedores para la separaci\u00f3n de basura en espacios p\u00fablicos y la realizaci\u00f3n de una campa\u00f1a permanente de concientizaci\u00f3n ambiental y distintas formas de reciclaje<\/strong><\/p>\n\n\n\n<p>Con el objetivo de dar continuidad a las pol\u00edticas ambientales del Ayuntamiento de Cuernavaca que buscan generar una conciencia colectiva por el cuidado del planeta, la regidora presidenta de la Comisi\u00f3n de Protecci\u00f3n Ambiental y Desarrollo Sustentable, Wendi Salinas Ruiz, present\u00f3 el proyecto de acuerdo por el que se instruye a la Secretar\u00eda de Desarrollo Sustentable y Servicios P\u00fablicos para que genere un Plan de Reciclaje para los Desechos S\u00f3lidos del municipio, donde se incluya la colocaci\u00f3n de contenedores para la separaci\u00f3n de basura en espacios p\u00fablicos y se realice una campa\u00f1a permanente de concientizaci\u00f3n ambiental y distintas formas de reciclaje.<\/p>\n\n\n\n<p>En sesi\u00f3n ordinaria de Cabildo, explic\u00f3 que la iniciativa surge a ra\u00edz del numeral 11 de los Objetivos de Desarrollo Sostenible de la ONU que se\u00f1ala que las ciudades y asentamientos humanos deben ser m\u00e1s inclusivos, seguros, resilientes, sostenibles y reducir el impacto ambiental negativo per c\u00e1pita de ciudades, incluso prestando especial atenci\u00f3n a la gesti\u00f3n de los desechos municipales y de otro tipo; haciendo menci\u00f3n especial a los municipios debido a que son el primer contacto que se tiene con los residuos s\u00f3lidos.<\/p>\n\n\n\n<p>Precis\u00f3 que, de acuerdo con datos de la Secretar\u00eda de Desarrollo Sustentable del estado de Morelos, se generan en la entidad alrededor de mil 074 toneladas de residuos s\u00f3lidos al d\u00eda, es decir, de 1.1 a 1.3 kilogramos por persona, el 51 por ciento de estos residuos son org\u00e1nicos y el 29 por ciento inorg\u00e1nicos, el 13 por ciento son pl\u00e1sticos, el 10 por ciento son papel y el cuatro por ciento cart\u00f3n, el metal y otros ocupan el 20 por ciento.<\/p>\n\n\n\n<p>Ante ello, resalt\u00f3 la importancia de contar con un correcto plan de reciclaje que cumpla con lo establecido por la propia ONU H\u00e1bitat, reducir, reutilizar, reciclar y recuperar; cumpliendo adem\u00e1s con los objetivos de la Pol\u00edtica Nacional de Residuos S\u00f3lidos a trav\u00e9s del desarrollo de instrumentos que fomenten la prevenci\u00f3n y valorizaci\u00f3n de los residuos, promoviendo una mayor responsabilidad y participaci\u00f3n en la ciudad de la prevenci\u00f3n y valorizaci\u00f3n de residuos desde todos los espacios donde se desenvuelva la poblaci\u00f3n.<\/p>\n\n\n\n<p>Tras aplaudir este planteamiento, el presidente municipal, Jos\u00e9 Luis Uri\u00f3stegui Salgado, inform\u00f3 que, en d\u00edas pasados en acuerdo con el secretario de Desarrollo Sustentable y Servicios P\u00fablicos, Israel Albavera V\u00e1zquez, le dio instrucciones para que en el Centro Hist\u00f3rico se coloquen contenedores que puedan ser utilizados por la ciudadan\u00eda que pasea o realiza ciertas actividades en esta zona, a fin de disminuir el horario de barrido manual que se registra hasta tres veces al d\u00eda.<\/p>\n\n\n\n<p>Puntualiz\u00f3 que este nuevo programa debe integrarse al proyecto de Escuelas Verdes que est\u00e1 encabezando la Fiscal\u00eda Ambiental, mediante el cual se busca impulsar la educaci\u00f3n ambiental con acciones integrales que contribuyan a la apropiaci\u00f3n del cuidado del medio ambiente entre las ni\u00f1as, ni\u00f1os y adolescentes, para que se obtengan objetivos espec\u00edficos, cuales son las actividades a realizar, a que \u00e1rea les corresponden y echarlo a andar a la brevedad.<\/p>\n\n\n\n<p>El proyecto presentado por la regidora Wendi Salinas fue turnada a comisiones para su an\u00e1lisis y correspondiente votaci\u00f3n.<\/p>\n\n\n\n<figure class=\"wp-container-2 wp-block-gallery-1 wp-block-gallery has-nested-images columns-default is-cropped\">\n<figure class=\"wp-block-image size-large\"><img loading=\"lazy\" width=\"1024\" height=\"682\" data-id=\"24913\"  src=\"https:\/\/cuernavaca.gob.mx\/wp-content\/uploads\/2023\/02\/reciclaje-cuernavaca-1-1024x682.jpg\" alt=\"\" class=\"wp-image-24913\" srcset=\"https:\/\/cuernavaca.gob.mx\/wp-content\/uploads\/2023\/02\/reciclaje-cuernavaca-1-1024x682.jpg 1024w, https:\/\/cuernavaca.gob.mx\/wp-content\/uploads\/2023\/02\/reciclaje-cuernavaca-1-300x200.jpg 300w, https:\/\/cuernavaca.gob.mx\/wp-content\/uploads\/2023\/02\/reciclaje-cuernavaca-1-768x512.jpg 768w, https:\/\/cuernavaca.gob.mx\/wp-content\/uploads\/2023\/02\/reciclaje-cuernavaca-1-600x400.jpg 600w, https:\/\/cuernavaca.gob.mx\/wp-content\/uploads\/2023\/02\/reciclaje-cuernavaca-1-560x373.jpg 560w, https:\/\/cuernavaca.gob.mx\/wp-content\/uploads\/2023\/02\/reciclaje-cuernavaca-1.jpg 1280w\" sizes=\"(max-width: 1024px) 100vw, 1024px\" \/><\/figure>\n\n\n\n<figure class=\"wp-block-image size-large\"><img loading=\"lazy\" width=\"1024\" height=\"682\" data-id=\"24915\"  src=\"https:\/\/cuernavaca.gob.mx\/wp-content\/uploads\/2023\/02\/reciclaje-cuernavaca-2-1024x682.jpg\" alt=\"\" class=\"wp-image-24915\" srcset=\"https:\/\/cuernavaca.gob.mx\/wp-content\/uploads\/2023\/02\/reciclaje-cuernavaca-2-1024x682.jpg 1024w, https:\/\/cuernavaca.gob.mx\/wp-content\/uploads\/2023\/02\/reciclaje-cuernavaca-2-300x200.jpg 300w, https:\/\/cuernavaca.gob.mx\/wp-content\/uploads\/2023\/02\/reciclaje-cuernavaca-2-768x512.jpg 768w, https:\/\/cuernavaca.gob.mx\/wp-content\/uploads\/2023\/02\/reciclaje-cuernavaca-2-1536x1023.jpg 1536w, https:\/\/cuernavaca.gob.mx\/wp-content\/uploads\/2023\/02\/reciclaje-cuernavaca-2-600x400.jpg 600w, https:\/\/cuernavaca.gob.mx\/wp-content\/uploads\/2023\/02\/reciclaje-cuernavaca-2-560x373.jpg 560w, https:\/\/cuernavaca.gob.mx\/wp-content\/uploads\/2023\/02\/reciclaje-cuernavaca-2.jpg 1600w\" sizes=\"(max-width: 1024px) 100vw, 1024px\" \/><\/figure>\n\n\n\n<figure class=\"wp-block-image size-large\"><img loading=\"lazy\" width=\"1024\" height=\"682\" data-id=\"24918\"  src=\"https:\/\/cuernavaca.gob.mx\/wp-content\/uploads\/2023\/02\/reciclaje-cuernavaca-3-1024x682.jpg\" alt=\"\" class=\"wp-image-24918\" srcset=\"https:\/\/cuernavaca.gob.mx\/wp-content\/uploads\/2023\/02\/reciclaje-cuernavaca-3-1024x682.jpg 1024w, https:\/\/cuernavaca.gob.mx\/wp-content\/uploads\/2023\/02\/reciclaje-cuernavaca-3-300x200.jpg 300w, https:\/\/cuernavaca.gob.mx\/wp-content\/uploads\/2023\/02\/reciclaje-cuernavaca-3-768x512.jpg 768w, https:\/\/cuernavaca.gob.mx\/wp-content\/uploads\/2023\/02\/reciclaje-cuernavaca-3-1536x1023.jpg 1536w, https:\/\/cuernavaca.gob.mx\/wp-content\/uploads\/2023\/02\/reciclaje-cuernavaca-3-600x400.jpg 600w, https:\/\/cuernavaca.gob.mx\/wp-content\/uploads\/2023\/02\/reciclaje-cuernavaca-3-560x373.jpg 560w, https:\/\/cuernavaca.gob.mx\/wp-content\/uploads\/2023\/02\/reciclaje-cuernavaca-3.jpg 1600w\" sizes=\"(max-width: 1024px) 100vw, 1024px\" \/><\/figure>\n\n\n\n<figure class=\"wp-block-image size-large\"><img loading=\"lazy\" width=\"1024\" height=\"682\" data-id=\"24914\"  src=\"https:\/\/cuernavaca.gob.mx\/wp-content\/uploads\/2023\/02\/reciclaje-cuernavaca-4-1024x682.jpg\" alt=\"\" class=\"wp-image-24914\" srcset=\"https:\/\/cuernavaca.gob.mx\/wp-content\/uploads\/2023\/02\/reciclaje-cuernavaca-4-1024x682.jpg 1024w, https:\/\/cuernavaca.gob.mx\/wp-content\/uploads\/2023\/02\/reciclaje-cuernavaca-4-300x200.jpg 300w, https:\/\/cuernavaca.gob.mx\/wp-content\/uploads\/2023\/02\/reciclaje-cuernavaca-4-768x512.jpg 768w, https:\/\/cuernavaca.gob.mx\/wp-content\/uploads\/2023\/02\/reciclaje-cuernavaca-4-600x400.jpg 600w, https:\/\/cuernavaca.gob.mx\/wp-content\/uploads\/2023\/02\/reciclaje-cuernavaca-4-560x373.jpg 560w, https:\/\/cuernavaca.gob.mx\/wp-content\/uploads\/2023\/02\/reciclaje-cuernavaca-4.jpg 1280w\" sizes=\"(max-width: 1024px) 100vw, 1024px\" \/><\/figure>\n\n\n\n<figure class=\"wp-block-image size-large\"><img loading=\"lazy\" width=\"1024\" height=\"682\" data-id=\"24917\"  src=\"https:\/\/cuernavaca.gob.mx\/wp-content\/uploads\/2023\/02\/reciclaje-cuernavaca-5-1024x682.jpg\" alt=\"\" class=\"wp-image-24917\" srcset=\"https:\/\/cuernavaca.gob.mx\/wp-content\/uploads\/2023\/02\/reciclaje-cuernavaca-5-1024x682.jpg 1024w, https:\/\/cuernavaca.gob.mx\/wp-content\/uploads\/2023\/02\/reciclaje-cuernavaca-5-300x200.jpg 300w, https:\/\/cuernavaca.gob.mx\/wp-content\/uploads\/2023\/02\/reciclaje-cuernavaca-5-768x512.jpg 768w, https:\/\/cuernavaca.gob.mx\/wp-content\/uploads\/2023\/02\/reciclaje-cuernavaca-5-1536x1023.jpg 1536w, https:\/\/cuernavaca.gob.mx\/wp-content\/uploads\/2023\/02\/reciclaje-cuernavaca-5-600x400.jpg 600w, https:\/\/cuernavaca.gob.mx\/wp-content\/uploads\/2023\/02\/reciclaje-cuernavaca-5-560x373.jpg 560w, https:\/\/cuernavaca.gob.mx\/wp-content\/uploads\/2023\/02\/reciclaje-cuernavaca-5.jpg 1600w\" sizes=\"(max-width: 1024px) 100vw, 1024px\" \/><\/figure>\n\n\n\n<figure class=\"wp-block-image size-large\"><img loading=\"lazy\" width=\"1024\" height=\"682\" data-id=\"24916\"  src=\"https:\/\/cuernavaca.gob.mx\/wp-content\/uploads\/2023\/02\/reciclaje-cuernavaca-7-1024x682.jpg\" alt=\"\" class=\"wp-image-24916\" srcset=\"https:\/\/cuernavaca.gob.mx\/wp-content\/uploads\/2023\/02\/reciclaje-cuernavaca-7-1024x682.jpg 1024w, https:\/\/cuernavaca.gob.mx\/wp-content\/uploads\/2023\/02\/reciclaje-cuernavaca-7-300x200.jpg 300w, https:\/\/cuernavaca.gob.mx\/wp-content\/uploads\/2023\/02\/reciclaje-cuernavaca-7-768x512.jpg 768w, https:\/\/cuernavaca.gob.mx\/wp-content\/uploads\/2023\/02\/reciclaje-cuernavaca-7-1536x1023.jpg 1536w, https:\/\/cuernavaca.gob.mx\/wp-content\/uploads\/2023\/02\/reciclaje-cuernavaca-7-600x400.jpg 600w, https:\/\/cuernavaca.gob.mx\/wp-content\/uploads\/2023\/02\/reciclaje-cuernavaca-7-560x373.jpg 560w, https:\/\/cuernavaca.gob.mx\/wp-content\/uploads\/2023\/02\/reciclaje-cuernavaca-7.jpg 1600w\" sizes=\"(max-width: 1024px) 100vw, 1024px\" \/><\/figure>\n<\/figure>\n","protected":false},"excerpt":{"rendered":"<p>-La regidora presidenta de la Comisi\u00f3n de Protecci\u00f3n Ambiental, Wendi Salinas present\u00f3 el acuerdo por el que se instruye a la Secretar\u00eda de Desarrollo Sustentable contar con esta norma municipal -Se contempla la colocaci\u00f3n de contenedores para la separaci\u00f3n de basura en espacios p\u00fablicos y la realizaci\u00f3n de una campa\u00f1a permanente de concientizaci\u00f3n ambiental y [&hellip;]<\/p>\n","protected":false},"author":1,"featured_media":24914,"comment_status":"closed","ping_status":"open","sticky":false,"template":"","format":"standard","meta":[],"categories":[2271],"tags":[293,158,121,2379,302,120,422,206,626,2896],"aioseo_notices":[],"_links":{"self":[{"href":"https:\/\/cuernavaca.gob.mx\/index.php?rest_route=\/wp\/v2\/posts\/24912"}],"collection":[{"href":"https:\/\/cuernavaca.gob.mx\/index.php?rest_route=\/wp\/v2\/posts"}],"about":[{"href":"https:\/\/cuernavaca.gob.mx\/index.php?rest_route=\/wp\/v2\/types\/post"}],"author":[{"embeddable":true,"href":"https:\/\/cuernavaca.gob.mx\/index.php?rest_route=\/wp\/v2\/users\/1"}],"replies":[{"embeddable":true,"href":"https:\/\/cuernavaca.gob.mx\/index.php?rest_route=%2Fwp%2Fv2%2Fcomments&post=24912"}],"version-history":[{"count":1,"href":"https:\/\/cuernavaca.gob.mx\/index.php?rest_route=\/wp\/v2\/posts\/24912\/revisions"}],"predecessor-version":[{"id":24919,"href":"https:\/\/cuernavaca.gob.mx\/index.php?rest_route=\/wp\/v2\/posts\/24912\/revisions\/24919"}],"wp:featuredmedia":[{"embeddable":true,"href":"https:\/\/cuernavaca.gob.mx\/index.php?rest_route=\/wp\/v2\/media\/24914"}],"wp:attachment":[{"href":"https:\/\/cuernavaca.gob.mx\/index.php?rest_route=%2Fwp%2Fv2%2Fmedia&parent=24912"}],"wp:term":[{"taxonomy":"category","embeddable":true,"href":"https:\/\/cuernavaca.gob.mx\/index.php?rest_route=%2Fwp%2Fv2%2Fcategories&post=24912"},{"taxonomy":"post_tag","embeddable":true,"href":"https:\/\/cuernavaca.gob.mx\/index.php?rest_route=%2Fwp%2Fv2%2Ftags&post=24912"}],"curies":[{"name":"wp","href":"https:\/\/api.w.org\/{rel}","templated":true}]}}